{"id":53114,"date":"2023-06-23T19:10:39","date_gmt":"2023-06-23T19:10:39","guid":{"rendered":"https:\/\/lasprimeras.com.do\/?p=53114"},"modified":"2023-06-23T19:10:41","modified_gmt":"2023-06-23T19:10:41","slug":"los-metodos-modernos-de-la-educacion","status":"publish","type":"post","link":"https:\/\/lasprimeras.com.do\/index.php\/2023\/06\/23\/los-metodos-modernos-de-la-educacion\/","title":{"rendered":"Los m\u00e9todos modernos de la educaci\u00f3n"},"content":{"rendered":"\n<p><strong>Por Wilson P\u00e9rez<\/strong><\/p>\n\n\n\n<p>Hoy he asistido obligado, casi, al acto de graduaci\u00f3n de mi hija al tercer curso de b\u00e1sica. Durante el acto me surgieron estos razonamientos que comparto con ustedes.<\/p>\n\n\n\n<p>Ha terminado el a\u00f1o escolar. Conjuntamente con ello inicia un respiro para los padres por los esfuerzos financieros que esto supone para costear el pago de colegiatura y dem\u00e1s actividades que los nuevos &#8220;negocios&#8221; m\u00e9todos modernos de educaci\u00f3n exigen: excursiones, actividades conjuntas, proyectos, entre otras.<\/p>\n\n\n\n<p>Asimismo descanso por el esfuerzo humano que implica llevar y recoger al colegio, y en el caso de ciertos padres, como quien escribe, tener que involucrarse en las tareas diarias.<\/p>\n\n\n\n<p>Hoy la educaci\u00f3n se supone m\u00e1s integral, m\u00e1s herramientas, m\u00e1s completa, sin embargo los resultados que se obtienen son cada vez, lamentablemente, m\u00e1s pobres.<\/p>\n\n\n\n<p>Cada d\u00eda los productos que salen de nuestro sistema educativo, son un verdadero desastre en todos los \u00edndices de medici\u00f3n: conocimiento, comprensi\u00f3n, razonamiento, menos en ciudadan\u00eda, moral y c\u00edvica.<\/p>\n\n\n\n<p>Cuando fui estudiante, a\u00fan con lo desactualizado y carencias que el sistema del tiempo impon\u00eda, los egresados de nuestro sistema educativo era algo digno, ejemplar.<\/p>\n\n\n\n<p>Los estudiantes que hoy se grad\u00faan son un verdadero desastre, y peores son quienes los han formado. Quiero igualmente reconocer, aquellos estudiantes e igualmente profesores, que haciendo uso de su condici\u00f3n de individuo, han entendido y encontrado una v\u00eda distinta a la del mont\u00f3n.<\/p>\n\n\n\n<p>Han entendido que el ser humano no siempre es formado por las circunstancias, sino que han decidido ser seres excepcionales que se anteponen a esas circunstancias y han querido ser justamente eso &#8220;excepcionales&#8221;.<\/p>\n\n\n\n<p>Cuando curs\u00e9 los estudios de formaci\u00f3n acad\u00e9mica que el sistema impone hasta su culminaci\u00f3n universitaria, las cosas requer\u00edan m\u00e1s esfuerzo humano y hab\u00eda menos recompensa, estudiar era un privilegio y aprobar el curso era una obligaci\u00f3n.<\/p>\n\n\n\n<p>Hoy es todo lo contrario, estudiar supone una obligaci\u00f3n y aprobar el curso un privilegio, que debe ser celebrado con bombos y platillos,&nbsp; en todos los niveles, porque seg\u00fan la nueva corriente sicol\u00f3gica del &#8220;negocio&#8221; hay que incentivar y reconocer el esfuerzo &#8220;extraordinario&#8221; de ir a la escuela, ni siquiera de estudiar.<\/p>\n\n\n\n<p>Agotado el pre\u00e1mbulo de lo que me ha motivado escribir estas letras, voy a referirme al negocio de los centros educativos, privados y p\u00fablicos, con los actos de graduaci\u00f3n en todos o casi todos los niveles, porque m\u00e1s all\u00e1 de &#8220;reconocer&#8221; los &#8220;esfuerzos&#8221;&nbsp; estudiantiles es hacer negocios, con el dinero de por si poco de algunos padres, a trav\u00e9s de la manipulaci\u00f3n de sus hijos. Han descubierto que la cosa da resultado y primero iniciaron con la famosa &#8220;foto escolar&#8221; de cada a\u00f1o, ahora vamos por m\u00e1s, hay que hacer graduaci\u00f3n.<\/p>\n\n\n\n<p>Antes hab\u00eda dos fiestas de graduaci\u00f3n estudiantiles, una al culminar el cuarto de bachiller y otra al finalizar la universidad.<\/p>\n\n\n\n<p>La graduaci\u00f3n del nivel medio, era organizada por un comit\u00e9 de los mismos estudiantes, que acog\u00edan la forma y lugar del acto, en raz\u00f3n de sus recursos y ellos mismos se rend\u00edan cuenta.<\/p>\n\n\n\n<p>Las graduaciones de hoy son organizadas y negociadas por los centros educativos con empresas asociadas, en el caso de los centros p\u00fablicos y en el caso de los privados, con empresas que son parte del mismo oligopolio, como muchas cosas en nuestro pa\u00eds donde la idealizaci\u00f3n del libre mercado como modelo equilibrador de precios, por medio de la oferta y demanda, que impone el sistema capitalista es s\u00f3lo una utop\u00eda.<\/p>\n\n\n\n<p>Los directores de centros educativos y profesores &#8220;vivos&#8221; son los que organizan todas las actividades extraescolares para hacer negocios a trav\u00e9s del descubrimiento de un sistema monop\u00f3lico, sin rendir cuenta a nadie.<\/p>\n\n\n\n<p>Es penoso ver c\u00f3mo a los j\u00f3venes en algunos casos deben pedir en retenes de calles o son obligados a vender una cuota de boletas entre familiares y amigos para favorecer unos &#8220;vivos&#8221; que manipulan la conciencia de incautos que no saben que est\u00e1n siendo explotados.<\/p>\n\n\n\n<p>Manipulan los padres por medio de sus hijos para obligarle a hacer un esfuerzo econ\u00f3mico, ya de por si extraordinario para ellos hacer negocios. Utilizan la inocencia del ni\u00f1o y la supuesta &#8220;felicidad&#8221; que el acto de graduaci\u00f3n supone, debido a que cuando uno es ni\u00f1o, puede prescindir de las explicaciones.<\/p>\n\n\n\n<p>No exige que todo tenga sentido y no hay forma de explicar a un hijo manipulado que su pap\u00e1 no tiene dinero para la &#8220;graduaci\u00f3n&#8221;.<\/p>\n\n\n\n<p>Establecen un sistema de propaganda para crear en el ni\u00f1o un sentimiento de culpa y de rechazo si no se celebra su &#8220;graduaci\u00f3n&#8221;, no sabiendo que el ni\u00f1o siempre es feliz, porque el ni\u00f1o al igual que el adulto, para ser feliz, solo es preciso no saberlo.<\/p>\n\n\n\n<p>Crean conciencia en un ni\u00f1o y siembran en ellos una culpa que no tienen la capacidad de manejar, lo enferman con el materialismo, la fastuosidad, la fantocher\u00eda, lo inmaterial, vago y sin sentido, porque el ni\u00f1o carece de conciencia.<\/p>\n\n\n\n<p>El Ministerio de Educaci\u00f3n deber\u00eda regular estas actividades extraescolares que se han convertido en un jugoso negocio para quienes se involucran. No es cierto que un profesor, por pura filantrop\u00eda se vaya a involucrar en actividades que nada aportan en la formaci\u00f3n sin inter\u00e9s econ\u00f3mico. Yo particularmente no lo creo.<\/p>\n\n\n\n<p><strong>Autor: <\/strong>Wilson P\u00e9rez abogado y comunicador con maestr\u00eda en derecho y relaciones internacionales de la universidad del pa\u00eds vasco San Sebasti\u00e1n Espa\u00f1a.<\/p>\n","protected":false},"excerpt":{"rendered":"<p>Por Wilson P\u00e9rez Hoy he asistido obligado, casi, al acto de graduaci\u00f3n de mi hija al tercer curso de b\u00e1sica. Durante el acto me surgieron estos razonamientos que comparto con&hellip;<\/p>\n","protected":false},"author":2,"featured_media":53115,"comment_status":"open","ping_status":"open","sticky":false,"template":"","format":"standard","meta":{"content-type":"","jetpack_post_was_ever_published":false,"_jetpack_newsletter_access":"","_jetpack_dont_email_post_to_subs":false,"_jetpack_newsletter_tier_id":0,"_jetpack_memberships_contains_paywalled_content":false,"_jetpack_memberships_contains_paid_content":false,"footnotes":""},"categories":[95],"tags":[3784],"class_list":["post-53114","post","type-post","status-publish","format-standard","has-post-thumbnail","hentry","category-opinion","tag-los-metodos-modernos-de-la-educacion"],"jetpack_featured_media_url":"https:\/\/lasprimeras.com.do\/wp-content\/uploads\/2023\/06\/Wilson-Perez.jpg","jetpack-related-posts":[{"id":120656,"url":"https:\/\/lasprimeras.com.do\/index.php\/2026\/01\/26\/honrar-hoy-a-duarte-implica-algo-mas-que-evocarlo\/","url_meta":{"origin":53114,"position":0},"title":"\u201cHonrar hoy a Duarte implica algo m\u00e1s que evocarlo\u201d","author":"Nelson Feliz","date":"26 de enero de 2026","format":false,"excerpt":"Zoraima Cuello","rel":"","context":"En \u00abOPINI\u00d3N\u00bb","block_context":{"text":"OPINI\u00d3N","link":"https:\/\/lasprimeras.com.do\/index.php\/category\/opinion\/"},"img":{"alt_text":"Zoraima Cuello","src":"https:\/\/i0.wp.com\/lasprimeras.com.do\/wp-content\/uploads\/2026\/01\/Zoraima-Cuello.jpg?resize=350%2C200&ssl=1","width":350,"height":200,"srcset":"https:\/\/i0.wp.com\/lasprimeras.com.do\/wp-content\/uploads\/2026\/01\/Zoraima-Cuello.jpg?resize=350%2C200&ssl=1 1x, https:\/\/i0.wp.com\/lasprimeras.com.do\/wp-content\/uploads\/2026\/01\/Zoraima-Cuello.jpg?resize=525%2C300&ssl=1 1.5x, https:\/\/i0.wp.com\/lasprimeras.com.do\/wp-content\/uploads\/2026\/01\/Zoraima-Cuello.jpg?resize=700%2C400&ssl=1 2x"},"classes":[]},{"id":69443,"url":"https:\/\/lasprimeras.com.do\/index.php\/2023\/12\/03\/camara-de-diputados-estudia-ley-para-incorporar-metodo-de-educacion-en-casa-en-rd\/","url_meta":{"origin":53114,"position":1},"title":"C\u00e1mara de Diputados estudia ley para incorporar m\u00e9todo de &#8220;educaci\u00f3n en casa&#8221; en RD","author":"Nelson Feliz","date":"3 de diciembre de 2023","format":false,"excerpt":"La C\u00e1mara de Diputados est\u00e1 apoderada de un proyecto que busca modificar la Ley 66-97 y permitir as\u00ed que se incorpore la \"educaci\u00f3n en casa\" como m\u00e9todo de ense\u00f1anza para los ni\u00f1os y ni\u00f1as en Rep\u00fablica Dominicana. La educaci\u00f3n en casa, popularmente conocida como homeschooling, es un proceso de formaci\u00f3n\u2026","rel":"","context":"En \u00abNACIONALES\u00bb","block_context":{"text":"NACIONALES","link":"https:\/\/lasprimeras.com.do\/index.php\/category\/nacionales\/"},"img":{"alt_text":"C\u00e1mara de Diputados","src":"https:\/\/i0.wp.com\/lasprimeras.com.do\/wp-content\/uploads\/2023\/08\/Camara-de-Diputados.jpg?resize=350%2C200&ssl=1","width":350,"height":200,"srcset":"https:\/\/i0.wp.com\/lasprimeras.com.do\/wp-content\/uploads\/2023\/08\/Camara-de-Diputados.jpg?resize=350%2C200&ssl=1 1x, https:\/\/i0.wp.com\/lasprimeras.com.do\/wp-content\/uploads\/2023\/08\/Camara-de-Diputados.jpg?resize=525%2C300&ssl=1 1.5x, https:\/\/i0.wp.com\/lasprimeras.com.do\/wp-content\/uploads\/2023\/08\/Camara-de-Diputados.jpg?resize=700%2C400&ssl=1 2x"},"classes":[]},{"id":56451,"url":"https:\/\/lasprimeras.com.do\/index.php\/2023\/08\/01\/luis-el-gallo-demanda-educacion-retire-circular-permite-inscribir-a-los-ninos-sin-acta-de-nacimiento\/","url_meta":{"origin":53114,"position":2},"title":"Luis \u201cEl Gallo\u201d demanda Educaci\u00f3n retire circular permite inscribir a los ni\u00f1os sin Acta de Nacimiento","author":"Nelson Feliz","date":"1 de agosto de 2023","format":false,"excerpt":"El presidente de la Uni\u00f3n Dem\u00f3crata Cristiana \u2013UDC-, Luis Acosta Moreta, Luis \u201cEl Gallo\u201d, pidi\u00f3 hoy al ministerio de Educaci\u00f3n que retire una circular mediante la cual ordena que sean inscriptos en las escuelas los ni\u00f1os sin Acta de Nacimiento, lo que hace temer sean matriculados miles de haitianos ilegales.\u2026","rel":"","context":"En \u00abPORTADA\u00bb","block_context":{"text":"PORTADA","link":"https:\/\/lasprimeras.com.do\/index.php\/category\/portada\/"},"img":{"alt_text":"Luis Acosta Moreta","src":"https:\/\/i0.wp.com\/lasprimeras.com.do\/wp-content\/uploads\/2023\/08\/Luis-Acosta-Moreta.jpg?resize=350%2C200&ssl=1","width":350,"height":200,"srcset":"https:\/\/i0.wp.com\/lasprimeras.com.do\/wp-content\/uploads\/2023\/08\/Luis-Acosta-Moreta.jpg?resize=350%2C200&ssl=1 1x, https:\/\/i0.wp.com\/lasprimeras.com.do\/wp-content\/uploads\/2023\/08\/Luis-Acosta-Moreta.jpg?resize=525%2C300&ssl=1 1.5x, https:\/\/i0.wp.com\/lasprimeras.com.do\/wp-content\/uploads\/2023\/08\/Luis-Acosta-Moreta.jpg?resize=700%2C400&ssl=1 2x, https:\/\/i0.wp.com\/lasprimeras.com.do\/wp-content\/uploads\/2023\/08\/Luis-Acosta-Moreta.jpg?resize=1050%2C600&ssl=1 3x"},"classes":[]},{"id":70260,"url":"https:\/\/lasprimeras.com.do\/index.php\/2023\/12\/10\/por-que-son-tan-buenos-en-matematicas-los-ninos-de-singapur-el-pais-con-la-mejor-educacion-del-mundo\/","url_meta":{"origin":53114,"position":3},"title":"Por qu\u00e9 son tan buenos en matem\u00e1ticas los ni\u00f1os de Singapur, el pa\u00eds con la mejor educaci\u00f3n del mundo","author":"Nelson Feliz","date":"10 de diciembre de 2023","format":false,"excerpt":"Las autoridades de Singapur creen que la educaci\u00f3n matem\u00e1tica desempe\u00f1a un papel crucial para ense\u00f1ar a las personas a pensar de manera l\u00f3gica y anal\u00edtica. Por BBC News Mundo Singapur recuper\u00f3 el primer puesto a nivel mundial en rendimiento en matem\u00e1ticas, lectura y ciencias entre los estudiantes de escuela en\u2026","rel":"","context":"En \u00abSin categor\u00eda\u00bb","block_context":{"text":"Sin categor\u00eda","link":"https:\/\/lasprimeras.com.do\/index.php\/category\/sin-categoria\/"},"img":{"alt_text":"pruebas PISA","src":"https:\/\/i0.wp.com\/lasprimeras.com.do\/wp-content\/uploads\/2023\/12\/pisa-1.jpg?resize=350%2C200&ssl=1","width":350,"height":200,"srcset":"https:\/\/i0.wp.com\/lasprimeras.com.do\/wp-content\/uploads\/2023\/12\/pisa-1.jpg?resize=350%2C200&ssl=1 1x, https:\/\/i0.wp.com\/lasprimeras.com.do\/wp-content\/uploads\/2023\/12\/pisa-1.jpg?resize=525%2C300&ssl=1 1.5x, https:\/\/i0.wp.com\/lasprimeras.com.do\/wp-content\/uploads\/2023\/12\/pisa-1.jpg?resize=700%2C400&ssl=1 2x"},"classes":[]},{"id":108099,"url":"https:\/\/lasprimeras.com.do\/index.php\/2025\/09\/03\/la-paralizacion-de-docencia-de-la-adp-contradice-acuerdos-firmados-con-el-ministerio-de-educacion\/","url_meta":{"origin":53114,"position":4},"title":"La paralizaci\u00f3n de docencia de la ADP contradice acuerdos firmados con el Ministerio de Educaci\u00f3n","author":"Nelson Feliz","date":"3 de septiembre de 2025","format":false,"excerpt":"El gremio dice que la huelga es un proceso natural de los sindicatos. Los paros de docencia por parte de la Asociaci\u00f3n Dominicana de Profesores (ADP) han sido una herramienta utilizada con frecuencia por el gremio en sus constantes protestas en busca de beneficios o en reclamos de situaciones que\u2026","rel":"","context":"En \u00abNACIONALES\u00bb","block_context":{"text":"NACIONALES","link":"https:\/\/lasprimeras.com.do\/index.php\/category\/nacionales\/"},"img":{"alt_text":"Estudiantes","src":"https:\/\/i0.wp.com\/lasprimeras.com.do\/wp-content\/uploads\/2023\/07\/Estudiantes.jpg?resize=350%2C200&ssl=1","width":350,"height":200,"srcset":"https:\/\/i0.wp.com\/lasprimeras.com.do\/wp-content\/uploads\/2023\/07\/Estudiantes.jpg?resize=350%2C200&ssl=1 1x, https:\/\/i0.wp.com\/lasprimeras.com.do\/wp-content\/uploads\/2023\/07\/Estudiantes.jpg?resize=525%2C300&ssl=1 1.5x, https:\/\/i0.wp.com\/lasprimeras.com.do\/wp-content\/uploads\/2023\/07\/Estudiantes.jpg?resize=700%2C400&ssl=1 2x"},"classes":[]},{"id":89483,"url":"https:\/\/lasprimeras.com.do\/index.php\/2024\/09\/25\/abinader-afirma-gobierno-invierte-de-manera-sostenida-en-educacion\/","url_meta":{"origin":53114,"position":5},"title":"Abinader afirma gobierno invierte de manera sostenida en educaci\u00f3n","author":"Nelson Feliz","date":"25 de septiembre de 2024","format":false,"excerpt":"Mandatario dominicano dice su gobierno se caracteriza por hacer grandes inversiones, aumentar la cantidad de alumnos, mejorar la cantidad y vida de los docentes New York.- El presidente Luis Abinader afirm\u00f3 este martes que Rep\u00fablica Dominicana ha invertido de manera sostenida en la educaci\u00f3n dominicana, para as\u00ed convertir las escuelas\u2026","rel":"","context":"En \u00abNACIONALES\u00bb","block_context":{"text":"NACIONALES","link":"https:\/\/lasprimeras.com.do\/index.php\/category\/nacionales\/"},"img":{"alt_text":"","src":"https:\/\/i0.wp.com\/lasprimeras.com.do\/wp-content\/uploads\/2024\/09\/Luis-Abinader-ONU.jpg?resize=350%2C200&ssl=1","width":350,"height":200,"srcset":"https:\/\/i0.wp.com\/lasprimeras.com.do\/wp-content\/uploads\/2024\/09\/Luis-Abinader-ONU.jpg?resize=350%2C200&ssl=1 1x, https:\/\/i0.wp.com\/lasprimeras.com.do\/wp-content\/uploads\/2024\/09\/Luis-Abinader-ONU.jpg?resize=525%2C300&ssl=1 1.5x, https:\/\/i0.wp.com\/lasprimeras.com.do\/wp-content\/uploads\/2024\/09\/Luis-Abinader-ONU.jpg?resize=700%2C400&ssl=1 2x"},"classes":[]}],"jetpack_sharing_enabled":true,"_links":{"self":[{"href":"https:\/\/lasprimeras.com.do\/index.php\/wp-json\/wp\/v2\/posts\/53114","targetHints":{"allow":["GET"]}}],"collection":[{"href":"https:\/\/lasprimeras.com.do\/index.php\/wp-json\/wp\/v2\/posts"}],"about":[{"href":"https:\/\/lasprimeras.com.do\/index.php\/wp-json\/wp\/v2\/types\/post"}],"author":[{"embeddable":true,"href":"https:\/\/lasprimeras.com.do\/index.php\/wp-json\/wp\/v2\/users\/2"}],"replies":[{"embeddable":true,"href":"https:\/\/lasprimeras.com.do\/index.php\/wp-json\/wp\/v2\/comments?post=53114"}],"version-history":[{"count":1,"href":"https:\/\/lasprimeras.com.do\/index.php\/wp-json\/wp\/v2\/posts\/53114\/revisions"}],"predecessor-version":[{"id":53116,"href":"https:\/\/lasprimeras.com.do\/index.php\/wp-json\/wp\/v2\/posts\/53114\/revisions\/53116"}],"wp:featuredmedia":[{"embeddable":true,"href":"https:\/\/lasprimeras.com.do\/index.php\/wp-json\/wp\/v2\/media\/53115"}],"wp:attachment":[{"href":"https:\/\/lasprimeras.com.do\/index.php\/wp-json\/wp\/v2\/media?parent=53114"}],"wp:term":[{"taxonomy":"category","embeddable":true,"href":"https:\/\/lasprimeras.com.do\/index.php\/wp-json\/wp\/v2\/categories?post=53114"},{"taxonomy":"post_tag","embeddable":true,"href":"https:\/\/lasprimeras.com.do\/index.php\/wp-json\/wp\/v2\/tags?post=53114"}],"curies":[{"name":"wp","href":"https:\/\/api.w.org\/{rel}","templated":true}]}}