{"id":53123,"date":"2023-06-23T20:03:50","date_gmt":"2023-06-23T20:03:50","guid":{"rendered":"https:\/\/lasprimeras.com.do\/?p=53123"},"modified":"2023-06-23T20:03:52","modified_gmt":"2023-06-23T20:03:52","slug":"la-tormenta-bret-se-mueve-sobre-aguas-del-mar-caribe","status":"publish","type":"post","link":"https:\/\/lasprimeras.com.do\/index.php\/2023\/06\/23\/la-tormenta-bret-se-mueve-sobre-aguas-del-mar-caribe\/","title":{"rendered":"La tormenta Bret se mueve sobre aguas del mar Caribe"},"content":{"rendered":"\n<p class=\"wp-block-paragraph\"><strong>La tormenta Cindy se mueve sobre el Atl\u00e1ntico Oriental. \u00a0<\/strong><\/p>\n\n\n\n<p class=\"wp-block-paragraph\">La Oficina Nacional de Meteorolog\u00eda (ONAMET) informa que la tormenta tropical BRET, se localiza a unos 380 km al oeste de San Vicente, se mueve hacia el oeste a unos 30 km\/h, con vientos m\u00e1ximos sostenidos de 95 km\/h. Sus vientos con fuerza de tormenta se extienden hasta 205 km, de su centro.&nbsp;<\/p>\n\n\n\n<p class=\"wp-block-paragraph\">Se recomienda a las diferentes instituciones de protecci\u00f3n civil y la poblaci\u00f3n en general estar atenta a los pr\u00f3ximos boletines emitidos desde este Centro Nacional de Pron\u00f3sticos. &nbsp;<\/p>\n\n\n\n<p class=\"wp-block-paragraph\">Para la tarde de este viernes prevalecer\u00e1n condiciones atmosf\u00e9ricas de humedad que mantendr\u00e1n las condiciones t\u00e9rmicas calurosas en combinaci\u00f3n a las part\u00edculas de polvo Sahariano y el viento del este\/noreste.<\/p>\n\n\n\n<p class=\"wp-block-paragraph\">En cuanto a las precipitaciones estar\u00e1n concentradas sobre provincias pertenecientes al Sureste, la cordillera Central, el Noroeste fronterizo el Valle del Cibao y el Nordeste donde prevemos que ocurrir\u00e1n nublados con aguaceros o chubascos locales, tronadas y aisladas r\u00e1fagas de viento, por efecto del calentamiento, la brisa marina, orograf\u00eda local, la vaguada y efectos indirectos de la tormenta tropical Bret.<\/p>\n\n\n\n<p class=\"wp-block-paragraph\">Ma\u00f1ana s\u00e1bado, aunque se prev\u00e9 que el centro de la tormenta tropical Bret no incidir\u00e1 directamente sobre nuestro territorio, pasando a cientos de kil\u00f3metros al sur del pa\u00eds por aguas del mar Caribe, el amplio campo nuboso que le acompa\u00f1a influir\u00e1 sobre varias localidades ubicadas sobre todo en el litoral costero Caribe\u00f1o, el Nordeste, Cordillera Central y la zona fronteriza, desde las horas matutinas provocando aguaceros dispersos, siendo fuertes en ocasiones, tormentas el\u00e9ctricas y r\u00e1fagas de viento, especialmente en las provincias: La Altagracia, La Romana, S\u00e1nchez Ram\u00edrez, Monte Plata, San Pedro de Macor\u00eds, El Gran Santo Domingo, San Crist\u00f3bal, Peravia, Barahona, Monse\u00f1or Nouel, La Vega, S\u00e1nchez Ram\u00edrez, entre otras m\u00e1s cercanas a estas.&nbsp;<\/p>\n\n\n\n<p class=\"wp-block-paragraph\">La Oficina Nacional de Meteorolog\u00eda&nbsp;(ONAMET) informa que la tormenta tropical Cindy, se localiza a unos 1,470 kil\u00f3metros al este de las Antillas Menores. Sus vientos m\u00e1ximos sostenidos son de 85 km\/h con r\u00e1fagas superiores, se mueve hacia el oeste\/noroeste a unos 26 km\/h.<\/p>\n\n\n\n<p class=\"wp-block-paragraph\">Debido a oleaje anormal mar adentro en la costa caribe\u00f1a, desde Isla Beata, hasta Cabo Enga\u00f1o (La Altagracia) se recomienda a los operadores de fr\u00e1giles y peque\u00f1as embarcaciones, navegar cerca del per\u00edmetro costero y sin aventurarse mar adentro.<\/p>\n\n\n\n<p class=\"wp-block-paragraph\">Las temperaturas seguir\u00e1n calurosas, por tal raz\u00f3n, recomendamos a la poblaci\u00f3n, tomar suficientes l\u00edquidos, vestir ropas ligeras de colores claros y evitar recibir por tiempo prolongado los rayos solares sin la debida protecci\u00f3n entre las 11:00 a.m. y la 4:00 p.m., les exhortamos prestar atenci\u00f3n a los ni\u00f1os y envejecientes, los cuales, resultan ser m\u00e1s susceptibles a las altas temperaturas.&nbsp;&nbsp;<\/p>\n\n\n\n<p class=\"wp-block-paragraph\">Distrito Nacional:&nbsp;Incrementos nubosos ocasionales con chubascos o aguaceros, posibles tronadas y r\u00e1fagas de viento.<\/p>\n\n\n\n<p class=\"wp-block-paragraph\">Santo Domingo Este: Incrementos nubosos ocasionales con chubascos o aguaceros, posibles tronadas y r\u00e1fagas de viento.<\/p>\n\n\n\n<p class=\"wp-block-paragraph\">Santo Domingo Norte:&nbsp;Incrementos nubosos ocasionales con chubascos o aguaceros, posibles tronadas y r\u00e1fagas de viento.<\/p>\n\n\n\n<p class=\"wp-block-paragraph\">Santo Domingo Oeste: Incrementos nubosos ocasionales con chubascos o aguaceros, posibles tronadas y r\u00e1fagas de viento.<\/p>\n\n\n\n<p class=\"wp-block-paragraph\">El Gran Santo Domingo: Temperaturas m\u00e1xima entre 32 \u00b0C y 34 \u00b0C&nbsp;y&nbsp;m\u00ednima entre 23 \u00b0C y 25\u202f\u00b0C.&nbsp; &nbsp; &nbsp; &nbsp; &nbsp; &nbsp; &nbsp; &nbsp;<\/p>\n\n\n\n<p class=\"wp-block-paragraph\">Resumen: La ONAMET contin\u00faa dando seguimiento a las tormentas tropicales BRET y CYNDY. &nbsp;Esta tarde nublados con aguaceros, tronadas y r\u00e1fagas de viento en varias provincias del interior. Las temperaturas se mantendr\u00e1n calurosas. Recomendaciones marinas en la costa Caribe\u00f1a.&nbsp;<\/p>\n\n\n\n<p class=\"wp-block-paragraph\">El&nbsp;domingo, se pronostica que la tormenta tropical BRET, se debilite sobre el suroeste del mar Caribe, sin embargo, la humedad dejada por la misma se mantendr\u00e1 sobre nuestra \u00e1rea, para que sigan gener\u00e1ndose aguaceros fuertes en ocasiones son tormentas el\u00e9ctricas y frecuentes r\u00e1fagas de viento, hacia provincias de las regiones: Nordeste, el litoral costeo Caribe\u00f1o, la zona fronteriza y la Cordillera Central.<\/p>\n\n\n\n<p class=\"wp-block-paragraph\">Tales como: La Altagracia, El Seibo, Hato Mayor, La Romana, San Pedro de Macor\u00eds, El Gran Santo Domingo, Monte Plata, Peravia, S\u00e1nchez Ram\u00edrez, Monse\u00f1or Nouel, San Jos\u00e9 de Ocoa, Santiago Rodr\u00edguez, San Juan, Santiago, Barahona y Azua.<\/p>\n\n\n\n<p class=\"wp-block-paragraph\">Santo Domingo y sus municipios: Medio nublado con aguaceros, tronadas y aisladas r\u00e1fagas de viento.<\/p>\n","protected":false},"excerpt":{"rendered":"<p>La tormenta Cindy se mueve sobre el Atl\u00e1ntico Oriental. \u00a0 La Oficina Nacional de Meteorolog\u00eda (ONAMET) informa que la tormenta tropical BRET, se localiza a unos 380 km al oeste&hellip;<\/p>\n","protected":false},"author":2,"featured_media":53124,"comment_status":"open","ping_status":"open","sticky":false,"template":"","format":"standard","meta":{"content-type":"","_jetpack_newsletter_access":"","_jetpack_dont_email_post_to_subs":false,"_jetpack_newsletter_tier_id":0,"_jetpack_memberships_contains_paywalled_content":false,"_jetpack_feature_clip_id":0,"_jetpack_memberships_contains_paid_content":false,"footnotes":"","jetpack_post_was_ever_published":false},"categories":[35,25],"tags":[3788,3789],"class_list":["post-53123","post","type-post","status-publish","format-standard","has-post-thumbnail","hentry","category-nacionales","category-portada","tag-aguas","tag-la-tormenta-bret"],"jetpack-related-posts":[{"id":53186,"url":"https:\/\/lasprimeras.com.do\/index.php\/2023\/06\/24\/la-tormenta-tropical-cindy-se-fortalece-rumbo-a-las-antillas-menores\/","url_meta":{"origin":53123,"position":0},"title":"La tormenta tropical Cindy se fortalece rumbo a las Antillas Menores","author":"Nelson Feliz","date":"24 de junio de 2023","format":false,"excerpt":"La tormenta tropical Cindy se fortaleci\u00f3 ligeramente mientras se mueve al oeste\/noroeste sobre el Atl\u00e1ntico, inform\u00f3 hoy la Oficina Nacional de Meteorolog\u00eda. Seg\u00fan el bolet\u00edn de la Onamet, Cindy se localizaba en la latitud 14.9 norte y longitud 51.4 oeste a unos 1050 kil\u00f3metros al este de las Antillas Menores.\u2026","rel":"","context":"En \u00abNACIONALES\u00bb","block_context":{"text":"NACIONALES","link":"https:\/\/lasprimeras.com.do\/index.php\/category\/nacionales\/"},"img":{"alt_text":"","src":"https:\/\/i0.wp.com\/lasprimeras.com.do\/wp-content\/uploads\/2023\/06\/Cindy.jpg?resize=350%2C200&ssl=1","width":350,"height":200,"srcset":"https:\/\/i0.wp.com\/lasprimeras.com.do\/wp-content\/uploads\/2023\/06\/Cindy.jpg?resize=350%2C200&ssl=1 1x, https:\/\/i0.wp.com\/lasprimeras.com.do\/wp-content\/uploads\/2023\/06\/Cindy.jpg?resize=525%2C300&ssl=1 1.5x"},"classes":[]},{"id":58263,"url":"https:\/\/lasprimeras.com.do\/index.php\/2023\/08\/22\/tormenta-franklin-sigue-avanzando-sin-cambios-de-intensidad-hacia-santo-domingo\/","url_meta":{"origin":53123,"position":1},"title":"Tormenta Franklin sigue avanzando sin cambios de intensidad hacia Santo Domingo","author":"Nelson Feliz","date":"22 de agosto de 2023","format":false,"excerpt":"La Oficina Nacional de Meteorolog\u00eda (Onamet) inform\u00f3 este martes que la tormenta tropical Franklin contin\u00faa avanzando hacia el sur de Santo Domingo, sin cambios de intensidad. En su informe del tiempo, el organismo detall\u00f3 que el fen\u00f3meno se localizaba la ma\u00f1ana de este martes a unos 400 kil\u00f3metros al sur\u2026","rel":"","context":"En \u00abNACIONALES\u00bb","block_context":{"text":"NACIONALES","link":"https:\/\/lasprimeras.com.do\/index.php\/category\/nacionales\/"},"img":{"alt_text":"OLAS ANORMALES","src":"https:\/\/i0.wp.com\/lasprimeras.com.do\/wp-content\/uploads\/2023\/08\/OLAS-ANORMALES.jpg?resize=350%2C200&ssl=1","width":350,"height":200,"srcset":"https:\/\/i0.wp.com\/lasprimeras.com.do\/wp-content\/uploads\/2023\/08\/OLAS-ANORMALES.jpg?resize=350%2C200&ssl=1 1x, https:\/\/i0.wp.com\/lasprimeras.com.do\/wp-content\/uploads\/2023\/08\/OLAS-ANORMALES.jpg?resize=525%2C300&ssl=1 1.5x, https:\/\/i0.wp.com\/lasprimeras.com.do\/wp-content\/uploads\/2023\/08\/OLAS-ANORMALES.jpg?resize=700%2C400&ssl=1 2x"},"classes":[]},{"id":61688,"url":"https:\/\/lasprimeras.com.do\/index.php\/2023\/09\/29\/philippe-y-rina-siguen-al-este-de-las-antillas-menores-todavia-no-son-un-riesgo-para-tierra\/","url_meta":{"origin":53123,"position":2},"title":"Philippe y Rina siguen al este de las Antillas Menores; todav\u00eda no son un riesgo para tierra","author":"Nelson Feliz","date":"29 de septiembre de 2023","format":false,"excerpt":"Rina se convertir\u00e1 en depresi\u00f3n el pr\u00f3ximo domingo y no ofrece peligro a territorio alguno, seg\u00fan el pron\u00f3stico del NHC. En la actual temporada de huracanes se han formado 6 fen\u00f3menos. La tormenta tropical Philippe se mantiene casi est\u00e1tica este viernes en aguas abiertas del Atl\u00e1ntico y al este de\u2026","rel":"","context":"En \u00abSin categor\u00eda\u00bb","block_context":{"text":"Sin categor\u00eda","link":"https:\/\/lasprimeras.com.do\/index.php\/category\/sin-categoria\/"},"img":{"alt_text":"","src":"https:\/\/i0.wp.com\/lasprimeras.com.do\/wp-content\/uploads\/2023\/09\/Tormentas-Rina-y-Philippe-NHC.png?resize=350%2C200&ssl=1","width":350,"height":200,"srcset":"https:\/\/i0.wp.com\/lasprimeras.com.do\/wp-content\/uploads\/2023\/09\/Tormentas-Rina-y-Philippe-NHC.png?resize=350%2C200&ssl=1 1x, https:\/\/i0.wp.com\/lasprimeras.com.do\/wp-content\/uploads\/2023\/09\/Tormentas-Rina-y-Philippe-NHC.png?resize=525%2C300&ssl=1 1.5x, https:\/\/i0.wp.com\/lasprimeras.com.do\/wp-content\/uploads\/2023\/09\/Tormentas-Rina-y-Philippe-NHC.png?resize=700%2C400&ssl=1 2x"},"classes":[]},{"id":52852,"url":"https:\/\/lasprimeras.com.do\/index.php\/2023\/06\/21\/bret-amenaza-a-rd-instan-a-prepararse-ante-posible-impacto\/","url_meta":{"origin":53123,"position":3},"title":"Bret amenaza a RD instan a prepararse ante posible impacto","author":"Nelson Feliz","date":"21 de junio de 2023","format":false,"excerpt":"Por PRENSA LATINA Las autoridades dominicanas instaron hoy a la poblaci\u00f3n y a las instituciones de protecci\u00f3n civil a mantenerse alerta y preparar los planes de contingencia ante la posibilidad de que la tormenta tropical Bret afecte al pa\u00eds como hurac\u00e1n. La Oficina Nacional de Meteorolog\u00eda (Onamet) inform\u00f3 que, de\u2026","rel":"","context":"En \u00abNACIONALES\u00bb","block_context":{"text":"NACIONALES","link":"https:\/\/lasprimeras.com.do\/index.php\/category\/nacionales\/"},"img":{"alt_text":"Tormenta Bret","src":"https:\/\/i0.wp.com\/lasprimeras.com.do\/wp-content\/uploads\/2023\/06\/Tormenta-tropical-Brett.-2222.jpg?resize=350%2C200&ssl=1","width":350,"height":200},"classes":[]},{"id":57951,"url":"https:\/\/lasprimeras.com.do\/index.php\/2023\/08\/17\/huracan-hilary-sube-a-categoria-2-y-amenaza-a-baja-california-eeuu\/","url_meta":{"origin":53123,"position":4},"title":"Hurac\u00e1n Hilary sube a categor\u00eda 2 y amenaza a Baja California, EEUU","author":"Nelson Feliz","date":"17 de agosto de 2023","format":false,"excerpt":"Por VOA Noticias El hurac\u00e1n Hilary, que se form\u00f3 el mi\u00e9rcoles en el Oc\u00e9ano Pac\u00edfico cerca de M\u00e9xico, aument\u00f3 su fuerza a Categor\u00eda 2 en la escala Saffir-Simpson el jueves, mientras se mueve rumbo a la pen\u00ednsula de Baja California. Hilary ten\u00eda vientos m\u00e1ximos sostenidos de 165 kil\u00f3metros por hora\u2026","rel":"","context":"En \u00abSin categor\u00eda\u00bb","block_context":{"text":"Sin categor\u00eda","link":"https:\/\/lasprimeras.com.do\/index.php\/category\/sin-categoria\/"},"img":{"alt_text":"Hurac\u00e1n Hilary","src":"https:\/\/i0.wp.com\/lasprimeras.com.do\/wp-content\/uploads\/2023\/08\/Huracan.jpg?resize=350%2C200&ssl=1","width":350,"height":200,"srcset":"https:\/\/i0.wp.com\/lasprimeras.com.do\/wp-content\/uploads\/2023\/08\/Huracan.jpg?resize=350%2C200&ssl=1 1x, https:\/\/i0.wp.com\/lasprimeras.com.do\/wp-content\/uploads\/2023\/08\/Huracan.jpg?resize=525%2C300&ssl=1 1.5x, https:\/\/i0.wp.com\/lasprimeras.com.do\/wp-content\/uploads\/2023\/08\/Huracan.jpg?resize=700%2C400&ssl=1 2x"},"classes":[]},{"id":110062,"url":"https:\/\/lasprimeras.com.do\/index.php\/2025\/09\/25\/activa-onda-tropical-y-una-vaguada-inciden-en-las-condiciones-del-tiempo\/","url_meta":{"origin":53123,"position":5},"title":"Activa onda tropical y una vaguada inciden en las condiciones del tiempo","author":"Nelson Feliz","date":"25 de septiembre de 2025","format":false,"excerpt":"SE MANTIENEN VIGENTES LAS ALERTAS METEOROL\u00d3GICAS POR POSIBLES INUNDACIONES URBANAS. Una activa onda tropical y una vaguada en varios niveles de la troposfera, dominan las condiciones atmosf\u00e9ricas del pa\u00eds, y generan un ambiente cargado de abundante humedad e inestabilidad, originando desde horas matutinas, condiciones muy propicias para que se presenten,\u2026","rel":"","context":"En \u00abNACIONALES\u00bb","block_context":{"text":"NACIONALES","link":"https:\/\/lasprimeras.com.do\/index.php\/category\/nacionales\/"},"img":{"alt_text":"","src":"https:\/\/i0.wp.com\/lasprimeras.com.do\/wp-content\/uploads\/2023\/10\/WhatsApp-Image-2023-10-04-at-5.20.12-PM-2.webp?resize=350%2C200&ssl=1","width":350,"height":200,"srcset":"https:\/\/i0.wp.com\/lasprimeras.com.do\/wp-content\/uploads\/2023\/10\/WhatsApp-Image-2023-10-04-at-5.20.12-PM-2.webp?resize=350%2C200&ssl=1 1x, https:\/\/i0.wp.com\/lasprimeras.com.do\/wp-content\/uploads\/2023\/10\/WhatsApp-Image-2023-10-04-at-5.20.12-PM-2.webp?resize=525%2C300&ssl=1 1.5x, https:\/\/i0.wp.com\/lasprimeras.com.do\/wp-content\/uploads\/2023\/10\/WhatsApp-Image-2023-10-04-at-5.20.12-PM-2.webp?resize=700%2C400&ssl=1 2x, https:\/\/i0.wp.com\/lasprimeras.com.do\/wp-content\/uploads\/2023\/10\/WhatsApp-Image-2023-10-04-at-5.20.12-PM-2.webp?resize=1050%2C600&ssl=1 3x"},"classes":[]}],"jetpack_sharing_enabled":true,"jetpack_featured_media_url":"https:\/\/lasprimeras.com.do\/wp-content\/uploads\/2023\/06\/onamet-1.jpg","_links":{"self":[{"href":"https:\/\/lasprimeras.com.do\/index.php\/wp-json\/wp\/v2\/posts\/53123","targetHints":{"allow":["GET"]}}],"collection":[{"href":"https:\/\/lasprimeras.com.do\/index.php\/wp-json\/wp\/v2\/posts"}],"about":[{"href":"https:\/\/lasprimeras.com.do\/index.php\/wp-json\/wp\/v2\/types\/post"}],"author":[{"embeddable":true,"href":"https:\/\/lasprimeras.com.do\/index.php\/wp-json\/wp\/v2\/users\/2"}],"replies":[{"embeddable":true,"href":"https:\/\/lasprimeras.com.do\/index.php\/wp-json\/wp\/v2\/comments?post=53123"}],"version-history":[{"count":1,"href":"https:\/\/lasprimeras.com.do\/index.php\/wp-json\/wp\/v2\/posts\/53123\/revisions"}],"predecessor-version":[{"id":53125,"href":"https:\/\/lasprimeras.com.do\/index.php\/wp-json\/wp\/v2\/posts\/53123\/revisions\/53125"}],"wp:featuredmedia":[{"embeddable":true,"href":"https:\/\/lasprimeras.com.do\/index.php\/wp-json\/wp\/v2\/media\/53124"}],"wp:attachment":[{"href":"https:\/\/lasprimeras.com.do\/index.php\/wp-json\/wp\/v2\/media?parent=53123"}],"wp:term":[{"taxonomy":"category","embeddable":true,"href":"https:\/\/lasprimeras.com.do\/index.php\/wp-json\/wp\/v2\/categories?post=53123"},{"taxonomy":"post_tag","embeddable":true,"href":"https:\/\/lasprimeras.com.do\/index.php\/wp-json\/wp\/v2\/tags?post=53123"}],"curies":[{"name":"wp","href":"https:\/\/api.w.org\/{rel}","templated":true}]}}