{"id":53439,"date":"2023-06-26T19:49:02","date_gmt":"2023-06-26T23:49:02","guid":{"rendered":"https:\/\/lasprimeras.com.do\/?p=53439"},"modified":"2023-06-26T19:49:03","modified_gmt":"2023-06-26T23:49:03","slug":"utreee-empresa-de-tecnologia-gana-premio-empresa-centroamericana-del-ano-2023","status":"publish","type":"post","link":"https:\/\/lasprimeras.com.do\/index.php\/2023\/06\/26\/utreee-empresa-de-tecnologia-gana-premio-empresa-centroamericana-del-ano-2023\/","title":{"rendered":"UTREEE empresa de tecnolog\u00eda gana \u201cPremio Empresa Centroamericana del A\u00f1o 2023\u201d"},"content":{"rendered":"\n<p>La empresa del sector de tecnolog\u00eda avanzada UTREEE encabezada por dos dominicanos, fue galardonada con el \u201cPremio Empresa Centroamericana del A\u00f1o 2023\u201d, por Lat\u00edn American Quality Institute en Panam\u00e1, la cual mide la calidad de las organizaciones de Latinoam\u00e9rica.<\/p>\n\n\n\n<p>En el reconocimiento se destac\u00f3 la importancia de las gestiones de UTREEE y el compromiso de adaptaci\u00f3n al Modelo de Excelencia LAEM (Latin American Excellence Model) de LAQI.<\/p>\n\n\n\n<p>Al respecto, Bermina Amparo, founder y CEO de UTREEE; y Antonio Reyes, partner, manifestaron que el premio reconoce la calidad de la empresa en todas sus aplicaciones.<\/p>\n\n\n\n<p>\u201cQueremos extender este logro porque sin un equipo de profesionales capacitados y confiables como el que cuenta UTREEE esto no hab\u00eda sido posible, confiamos en que vamos a seguir brindando nuestros servicios y productos con excelencia y calidad. Gracias a todos y a seguir cosechando \u00e9xitos juntos\u201d, indic\u00f3.<\/p>\n\n\n\n<p>UTREEE es una empresa de tecnolog\u00eda con m\u00e1s de 15 a\u00f1os de experiencia profesional en diferentes industrias y tiene tres oficinas localizadas en Santo Domingo, Rep\u00fablica Dominicana, Puerto Rico y Orlando, Florida.<\/p>\n\n\n\n<p>Bermina Amparo y Antonio Reyes indicaron que continuar\u00e1n siendo precursores de nuevas alternativas que garanticen el desarrollo en el sector de la tecnolog\u00eda, ayudando al crecimiento econ\u00f3mico de todas las industrias a nivel global.<\/p>\n\n\n\n<p>\u201cNos sentimos orgullosos de toda la labor realizada durante estos pasados a\u00f1os y estamos seguros de que alcanzaremos m\u00e1s \u00e9xitos en nuestra empresa\u201d, agreg\u00f3.<\/p>\n\n\n\n<p><strong>Premio<\/strong><\/p>\n\n\n\n<p>Latin American Quality Institute (LAQI) es una organizaci\u00f3n privada sin \u00e1nimo de lucro, fundada en Ciudad De Panam\u00e1, cuya finalidad es fomentar y apoyar la competitividad de las empresas y organizaciones latinoamericanas, promoviendo una cultura de Responsabilidad Total a trav\u00e9s de la metodolog\u00eda \u201cLAEM\u201d que forma los conceptos de: Calidad Total, Responsabilidad Social Empresarial, Desarrollo Sostenible, Comercio Justo, y Calidad Educativa.<\/p>\n\n\n\n<p><strong>Servicios<\/strong><\/p>\n\n\n\n<p>UTREEE provee servicios de consultor\u00eda de Tecnolog\u00eda de Informaci\u00f3n, Desarrollo de Aplicaciones a la medida, IoT, Manejo de Datos, Business Intelligence (BI), Inteligencia Artificial (AI), ERP, Integraci\u00f3n de los comprobantes electr\u00f3nicos a la DGII y un porfolio de soluciones creadas para facilitar los procesos en las empresas.<\/p>\n","protected":false},"excerpt":{"rendered":"<p>La empresa del sector de tecnolog\u00eda avanzada UTREEE encabezada por dos dominicanos, fue galardonada con el \u201cPremio Empresa Centroamericana del A\u00f1o 2023\u201d, por Lat\u00edn American Quality Institute en Panam\u00e1, la&hellip;<\/p>\n","protected":false},"author":2,"featured_media":53440,"comment_status":"open","ping_status":"open","sticky":false,"template":"","format":"standard","meta":{"content-type":"","jetpack_post_was_ever_published":false,"_jetpack_newsletter_access":"","_jetpack_dont_email_post_to_subs":false,"_jetpack_newsletter_tier_id":0,"_jetpack_memberships_contains_paywalled_content":false,"_jetpack_memberships_contains_paid_content":false,"footnotes":""},"categories":[1],"tags":[3960],"class_list":["post-53439","post","type-post","status-publish","format-standard","has-post-thumbnail","hentry","category-sin-categoria","tag-utreee"],"jetpack_featured_media_url":"https:\/\/lasprimeras.com.do\/wp-content\/uploads\/2023\/06\/dominicanos.jpg","jetpack-related-posts":[{"id":54271,"url":"https:\/\/lasprimeras.com.do\/index.php\/2023\/07\/09\/panama-reconoce-a-salud-dominicana-como-empresa-lider-en-calidad-y-servicio\/","url_meta":{"origin":53439,"position":0},"title":"Panam\u00e1 reconoce a Salud Dominicana como empresa l\u00edder en calidad y servicio","author":"Nelson Feliz","date":"9 de julio de 2023","format":false,"excerpt":"Salud Dominicana fue reconocida en la ciudad de Panam\u00e1 como empresa comprometida con la calidad total del a\u00f1o 2023, este galard\u00f3n fue entregado por el Latin American Quality una instituci\u00f3n que realiza rankings internacionales de diversas compa\u00f1\u00edas en todo el mundo. Latin American Quality, LAQI 2023, es un evento que\u2026","rel":"","context":"En \u00abSin categor\u00eda\u00bb","block_context":{"text":"Sin categor\u00eda","link":"https:\/\/lasprimeras.com.do\/index.php\/category\/sin-categoria\/"},"img":{"alt_text":"Wilmin Burgos y Johan Rosario","src":"https:\/\/i0.wp.com\/lasprimeras.com.do\/wp-content\/uploads\/2023\/07\/Wilmin-Burgos-y-Johan-Rosario.jpg?resize=350%2C200&ssl=1","width":350,"height":200,"srcset":"https:\/\/i0.wp.com\/lasprimeras.com.do\/wp-content\/uploads\/2023\/07\/Wilmin-Burgos-y-Johan-Rosario.jpg?resize=350%2C200&ssl=1 1x, https:\/\/i0.wp.com\/lasprimeras.com.do\/wp-content\/uploads\/2023\/07\/Wilmin-Burgos-y-Johan-Rosario.jpg?resize=525%2C300&ssl=1 1.5x, https:\/\/i0.wp.com\/lasprimeras.com.do\/wp-content\/uploads\/2023\/07\/Wilmin-Burgos-y-Johan-Rosario.jpg?resize=700%2C400&ssl=1 2x"},"classes":[]},{"id":62688,"url":"https:\/\/lasprimeras.com.do\/index.php\/2023\/10\/06\/reconocen-al-idoppril-como-institucion-embajadora-de-confianza\/","url_meta":{"origin":53439,"position":1},"title":"Reconocen al IDOPPRIL como instituci\u00f3n Embajadora de Confianza","author":"Nelson Feliz","date":"6 de octubre de 2023","format":false,"excerpt":"La prestigiosa empresa Aenor Rep\u00fablica Dominicana entreg\u00f3 un reconocimiento al doctor Fausto L\u00f3pez Sol\u00eds, director ejecutivo del IDOPPRIL por los avances experimentados por ese instituto en los \u00faltimos 10 a\u00f1os, en especial desde su creaci\u00f3n en 2019 a la fecha. Por Mart\u00edn Restituyo El Instituto Dominicano de Prevenci\u00f3n y Protecci\u00f3n\u2026","rel":"","context":"En \u00abNACIONALES\u00bb","block_context":{"text":"NACIONALES","link":"https:\/\/lasprimeras.com.do\/index.php\/category\/nacionales\/"},"img":{"alt_text":"Fausto Lopez Solis","src":"https:\/\/i0.wp.com\/lasprimeras.com.do\/wp-content\/uploads\/2023\/10\/Fausto-Lopez-Solis.jpg?resize=350%2C200&ssl=1","width":350,"height":200,"srcset":"https:\/\/i0.wp.com\/lasprimeras.com.do\/wp-content\/uploads\/2023\/10\/Fausto-Lopez-Solis.jpg?resize=350%2C200&ssl=1 1x, https:\/\/i0.wp.com\/lasprimeras.com.do\/wp-content\/uploads\/2023\/10\/Fausto-Lopez-Solis.jpg?resize=525%2C300&ssl=1 1.5x, https:\/\/i0.wp.com\/lasprimeras.com.do\/wp-content\/uploads\/2023\/10\/Fausto-Lopez-Solis.jpg?resize=700%2C400&ssl=1 2x"},"classes":[]},{"id":62497,"url":"https:\/\/lasprimeras.com.do\/index.php\/2023\/10\/05\/j-balvin-prendera-fuego-al-escenario-durante-el-show-de-los-latin-american-fashion-awards\/","url_meta":{"origin":53439,"position":2},"title":"J Balvin prender\u00e1 fuego al escenario durante el show de los Latin American Fashion Awards","author":"Nelson Feliz","date":"5 de octubre de 2023","format":false,"excerpt":"Las entradas est\u00e1n disponibles a la venta en UEPA Ticket Latin American Fashion Awards, el evento de moda sin precedentes en la regi\u00f3n, fundado por dos legendarias de la moda y expertas creativas, Constanza Etro y Silvia Arg\u00fcello, anuncia a la estrella internacional\u00a0J Balvin como \u201c\u00cdcono Latino de Moda del\u2026","rel":"","context":"En \u00abENTRETENIMIENTO\u00bb","block_context":{"text":"ENTRETENIMIENTO","link":"https:\/\/lasprimeras.com.do\/index.php\/category\/entretenimiento\/"},"img":{"alt_text":"J BALVIN x Latin American Fashion Awards","src":"https:\/\/i0.wp.com\/lasprimeras.com.do\/wp-content\/uploads\/2023\/10\/J-BALVIN-x-Latin-American-Fashion-Awards.jpg?resize=350%2C200&ssl=1","width":350,"height":200,"srcset":"https:\/\/i0.wp.com\/lasprimeras.com.do\/wp-content\/uploads\/2023\/10\/J-BALVIN-x-Latin-American-Fashion-Awards.jpg?resize=350%2C200&ssl=1 1x, https:\/\/i0.wp.com\/lasprimeras.com.do\/wp-content\/uploads\/2023\/10\/J-BALVIN-x-Latin-American-Fashion-Awards.jpg?resize=525%2C300&ssl=1 1.5x, https:\/\/i0.wp.com\/lasprimeras.com.do\/wp-content\/uploads\/2023\/10\/J-BALVIN-x-Latin-American-Fashion-Awards.jpg?resize=700%2C400&ssl=1 2x"},"classes":[]},{"id":85597,"url":"https:\/\/lasprimeras.com.do\/index.php\/2024\/07\/03\/arium-salud-digital-obtiene-primer-lugar-como-mejor-plataforma-de-gestion-de-datos-medicos\/","url_meta":{"origin":53439,"position":3},"title":"Arium Salud Digital obtiene primer lugar como mejor plataforma de gesti\u00f3n de datos m\u00e9dicos","author":"Nelson Feliz","date":"3 de julio de 2024","format":false,"excerpt":"Arium Salud Digital, empresa dominicana, que brinda servicios y herramientas digitales para el sector salud, fue galardonada con el primer lugar como mejor plataforma de gesti\u00f3n de datos m\u00e9dicos en los premios Latam Digital 2024, celebrados en Colombia. Los premios Latam Digital reconocen las mejores campa\u00f1as, proyectos e iniciativas digitales\u2026","rel":"","context":"En \u00abSin categor\u00eda\u00bb","block_context":{"text":"Sin categor\u00eda","link":"https:\/\/lasprimeras.com.do\/index.php\/category\/sin-categoria\/"},"img":{"alt_text":"","src":"https:\/\/i0.wp.com\/lasprimeras.com.do\/wp-content\/uploads\/2024\/07\/Fedor-Vidal-exhibe-placa-de-reconocimiento-premios-Latam-Digital-2024.jpg?resize=350%2C200&ssl=1","width":350,"height":200,"srcset":"https:\/\/i0.wp.com\/lasprimeras.com.do\/wp-content\/uploads\/2024\/07\/Fedor-Vidal-exhibe-placa-de-reconocimiento-premios-Latam-Digital-2024.jpg?resize=350%2C200&ssl=1 1x, https:\/\/i0.wp.com\/lasprimeras.com.do\/wp-content\/uploads\/2024\/07\/Fedor-Vidal-exhibe-placa-de-reconocimiento-premios-Latam-Digital-2024.jpg?resize=525%2C300&ssl=1 1.5x, https:\/\/i0.wp.com\/lasprimeras.com.do\/wp-content\/uploads\/2024\/07\/Fedor-Vidal-exhibe-placa-de-reconocimiento-premios-Latam-Digital-2024.jpg?resize=700%2C400&ssl=1 2x"},"classes":[]},{"id":55329,"url":"https:\/\/lasprimeras.com.do\/index.php\/2023\/07\/20\/presidenta-adoexpo-afirma-exportaciones-a-centroamerica-crecen-6-6\/","url_meta":{"origin":53439,"position":4},"title":"Presidenta Adoexpo afirma exportaciones a Centroam\u00e9rica crecen 6.6%","author":"Nelson Feliz","date":"20 de julio de 2023","format":false,"excerpt":"Elizabeth Mena destac\u00f3 este crecimiento en la cuarta edici\u00f3n del Premio Empresa Exportadora a Centroam\u00e9rica Lafise-Adoexpo 2023, otorgado a la Procesadora San Mart\u00edn de Porres. La presidenta de la Asociaci\u00f3n Dominicana de Exportadores (Adoexpo), Elizabeth Mena, destac\u00f3 que en el primer semestre del 2023 las exportaciones a Centroam\u00e9rica registraron un\u2026","rel":"","context":"En \u00abECONOM\u00cdA\u00bb","block_context":{"text":"ECONOM\u00cdA","link":"https:\/\/lasprimeras.com.do\/index.php\/category\/economia\/"},"img":{"alt_text":"Elizabeth Mena y Edgar del Toro conversan con periodistas","src":"https:\/\/i0.wp.com\/lasprimeras.com.do\/wp-content\/uploads\/2023\/07\/Elizabeth-Mena-y-Edgar-del-Toro-conversan-con-periodistas.jpg?resize=350%2C200&ssl=1","width":350,"height":200,"srcset":"https:\/\/i0.wp.com\/lasprimeras.com.do\/wp-content\/uploads\/2023\/07\/Elizabeth-Mena-y-Edgar-del-Toro-conversan-con-periodistas.jpg?resize=350%2C200&ssl=1 1x, https:\/\/i0.wp.com\/lasprimeras.com.do\/wp-content\/uploads\/2023\/07\/Elizabeth-Mena-y-Edgar-del-Toro-conversan-con-periodistas.jpg?resize=525%2C300&ssl=1 1.5x, https:\/\/i0.wp.com\/lasprimeras.com.do\/wp-content\/uploads\/2023\/07\/Elizabeth-Mena-y-Edgar-del-Toro-conversan-con-periodistas.jpg?resize=700%2C400&ssl=1 2x"},"classes":[]},{"id":62392,"url":"https:\/\/lasprimeras.com.do\/index.php\/2023\/10\/04\/j-balvin-estara-presente-en-los-latin-american-fashion-awards-en-chavon\/","url_meta":{"origin":53439,"position":5},"title":"J Balvin estar\u00e1 presente en los Latin American Fashion Awards en Chav\u00f3n","author":"BIMARY DE JES\u00daS Matos","date":"4 de octubre de 2023","format":false,"excerpt":"La Romana.- Latin American Fashion Awards, el evento de moda sin precedentes en la regi\u00f3n, fundado por dos legendarias de la moda y expertas creativas, Constanza Etro y Silvia Arg\u00fcello, anuncia a la estrella internacional J Balvin como \u201c\u00cdcono Latino de Moda del A\u00f1o\u201d. El reconocido artista internacional prender\u00e1 fuego\u2026","rel":"","context":"En \u00abENTRETENIMIENTO\u00bb","block_context":{"text":"ENTRETENIMIENTO","link":"https:\/\/lasprimeras.com.do\/index.php\/category\/entretenimiento\/"},"img":{"alt_text":"","src":"https:\/\/i0.wp.com\/lasprimeras.com.do\/wp-content\/uploads\/2023\/10\/WhatsApp-Image-2023-10-04-at-5.20.12-PM-1.jpeg?resize=350%2C200&ssl=1","width":350,"height":200,"srcset":"https:\/\/i0.wp.com\/lasprimeras.com.do\/wp-content\/uploads\/2023\/10\/WhatsApp-Image-2023-10-04-at-5.20.12-PM-1.jpeg?resize=350%2C200&ssl=1 1x, https:\/\/i0.wp.com\/lasprimeras.com.do\/wp-content\/uploads\/2023\/10\/WhatsApp-Image-2023-10-04-at-5.20.12-PM-1.jpeg?resize=525%2C300&ssl=1 1.5x"},"classes":[]}],"jetpack_sharing_enabled":true,"_links":{"self":[{"href":"https:\/\/lasprimeras.com.do\/index.php\/wp-json\/wp\/v2\/posts\/53439","targetHints":{"allow":["GET"]}}],"collection":[{"href":"https:\/\/lasprimeras.com.do\/index.php\/wp-json\/wp\/v2\/posts"}],"about":[{"href":"https:\/\/lasprimeras.com.do\/index.php\/wp-json\/wp\/v2\/types\/post"}],"author":[{"embeddable":true,"href":"https:\/\/lasprimeras.com.do\/index.php\/wp-json\/wp\/v2\/users\/2"}],"replies":[{"embeddable":true,"href":"https:\/\/lasprimeras.com.do\/index.php\/wp-json\/wp\/v2\/comments?post=53439"}],"version-history":[{"count":1,"href":"https:\/\/lasprimeras.com.do\/index.php\/wp-json\/wp\/v2\/posts\/53439\/revisions"}],"predecessor-version":[{"id":53441,"href":"https:\/\/lasprimeras.com.do\/index.php\/wp-json\/wp\/v2\/posts\/53439\/revisions\/53441"}],"wp:featuredmedia":[{"embeddable":true,"href":"https:\/\/lasprimeras.com.do\/index.php\/wp-json\/wp\/v2\/media\/53440"}],"wp:attachment":[{"href":"https:\/\/lasprimeras.com.do\/index.php\/wp-json\/wp\/v2\/media?parent=53439"}],"wp:term":[{"taxonomy":"category","embeddable":true,"href":"https:\/\/lasprimeras.com.do\/index.php\/wp-json\/wp\/v2\/categories?post=53439"},{"taxonomy":"post_tag","embeddable":true,"href":"https:\/\/lasprimeras.com.do\/index.php\/wp-json\/wp\/v2\/tags?post=53439"}],"curies":[{"name":"wp","href":"https:\/\/api.w.org\/{rel}","templated":true}]}}