{"id":53448,"date":"2023-06-26T20:31:57","date_gmt":"2023-06-27T00:31:57","guid":{"rendered":"https:\/\/lasprimeras.com.do\/?p=53448"},"modified":"2023-06-26T20:31:58","modified_gmt":"2023-06-27T00:31:58","slug":"hospital-gautier-egresa-adolescente-reimplanta-mano-amputada","status":"publish","type":"post","link":"https:\/\/lasprimeras.com.do\/index.php\/2023\/06\/26\/hospital-gautier-egresa-adolescente-reimplanta-mano-amputada\/","title":{"rendered":"Hospital Gautier egresa adolescente reimplanta mano amputada"},"content":{"rendered":"\n<p><strong>&#8220;Sin su entrega y dedicaci\u00f3n no hubiera sido posible&#8221;, resalt\u00f3 emotiva la madre del menor.<\/strong><\/p>\n\n\n\n<p>Por Mart\u00edn Restituyo<\/p>\n\n\n\n<p>Luego de 19 d\u00edas ingresado, recibi\u00f3 el alta cl\u00ednica el adolescente de 15 a\u00f1os de edad al que le cercenaron la mano izquierda cuando sal\u00eda de un liceo en San Pedro de Macor\u00eds, y que le fue reimplantada de manera exitosa en el Hospital Salvador B. Gautier.<\/p>\n\n\n\n<p>El doctor Severo Mercedes, jefe de Cirug\u00eda Pl\u00e1stica del Gautier, explic\u00f3 que el joven sali\u00f3 del hospital en condiciones generales estables, con resultados satisfactorios, \u201cDando inicio a la otra fase del proceso, con visitas peri\u00f3dicas, para seguir con la rehabilitaci\u00f3n y fisioterapias\u201d.<\/p>\n\n\n\n<p>Mercedes agradeci\u00f3 el apoyo recibido de los medios de comunicaci\u00f3n, la direcci\u00f3n del hospital, del Servicio Nacional de Salud (SNS), en la persona de su director, doctor Mario Lama; del equipo de m\u00e9dicos residentes del Gautier y el cuerpo de ayudantes.<\/p>\n\n\n\n<figure class=\"wp-block-image size-full is-resized\"><img decoding=\"async\" src=\"https:\/\/lasprimeras.com.do\/wp-content\/uploads\/2023\/06\/nino-1.jpg\" alt=\"\" class=\"wp-image-53450\" width=\"835\" height=\"573\" srcset=\"https:\/\/lasprimeras.com.do\/wp-content\/uploads\/2023\/06\/nino-1.jpg 700w, https:\/\/lasprimeras.com.do\/wp-content\/uploads\/2023\/06\/nino-1-300x206.jpg 300w\" sizes=\"(max-width: 835px) 100vw, 835px\" \/><\/figure>\n\n\n\n<p>Sobre la movilidad total o parcial de la mano, reiter\u00f3 que depender\u00e1 del proceso de evoluci\u00f3n del paciente que se lleva meses, \u201cPero las estad\u00edsticas mundiales establecen que, en este tipo de intervenciones quir\u00fargicas, se recupera el 60 o 70 por ciento de los movimientos\u201d.<\/p>\n\n\n\n<p>Asegur\u00f3 que est\u00e1 llegando a la punta de los dedos de la mano intervenida, el 100% del ox\u00edgeno que se requiere, \u201cEso garantiza que, si el paciente cumple con los mandatos y las recomendaciones que le hemos dado a trav\u00e9s del seguimiento y la consulta interna, los resultados ser\u00e1n halagadores\u201d.&nbsp;<\/p>\n\n\n\n<p>En tanto, el doctor Armando Jos\u00e9 Holgu\u00edn N\u00fa\u00f1ez, director del Gautier, resalt\u00f3 la importancia del cuidado de la mano en lo adelante, \u201cmueve algunos dedos, y aseguramos que el adolescente continuar\u00e1 desde el hospital con los controles y el seguimiento pertinente\u201d.<\/p>\n\n\n\n<p>Lament\u00f3 que hechos de la naturaleza&nbsp; en que fue cercenada una mano del menor ocurran en Rep\u00fablica Dominicana, sin embargo, de suceder, destac\u00f3.<\/p>\n\n\n\n<p>&nbsp;\u201cLa poblaci\u00f3n tiene que tener presente que, para conservar el miembro amputado, debe envolverse en un trozo de tela h\u00famedo y limpio e introducirlo en una bolsa sellada, nunca en hielo\u201d.<\/p>\n\n\n\n<p>De su lado, Ana Santana, madre del adolescente, agradeci\u00f3 a la direcci\u00f3n del Hospital Gautier, al Departamento de Cirug\u00eda Pl\u00e1stica, m\u00e9dicos residentes y equipo de ayudantes del Gautier; por sus atenciones y esfuerzos extra, puesto a disposici\u00f3n de su hijo. \u201cSin su entrega y dedicaci\u00f3n no hubiera sido posible\u201d.<\/p>\n","protected":false},"excerpt":{"rendered":"<p>&#8220;Sin su entrega y dedicaci\u00f3n no hubiera sido posible&#8221;, resalt\u00f3 emotiva la madre del menor. Por Mart\u00edn Restituyo Luego de 19 d\u00edas ingresado, recibi\u00f3 el alta cl\u00ednica el adolescente de&hellip;<\/p>\n","protected":false},"author":2,"featured_media":53449,"comment_status":"open","ping_status":"open","sticky":false,"template":"","format":"standard","meta":{"content-type":"","jetpack_post_was_ever_published":false,"_jetpack_newsletter_access":"","_jetpack_dont_email_post_to_subs":false,"_jetpack_newsletter_tier_id":0,"_jetpack_memberships_contains_paywalled_content":false,"_jetpack_memberships_contains_paid_content":false,"footnotes":""},"categories":[1],"tags":[2974,3962,3964,3963],"class_list":["post-53448","post","type-post","status-publish","format-standard","has-post-thumbnail","hentry","category-sin-categoria","tag-adolescente","tag-hospital-gautier","tag-mano-amputada","tag-reimplanta"],"jetpack_featured_media_url":"https:\/\/lasprimeras.com.do\/wp-content\/uploads\/2023\/06\/nino.jpg","jetpack-related-posts":[{"id":114591,"url":"https:\/\/lasprimeras.com.do\/index.php\/2025\/09\/03\/gobierno-anuncia-intervencion-hospital-salvador-b-gautier\/","url_meta":{"origin":53448,"position":0},"title":"Gobierno anuncia intervenci\u00f3n Hospital Salvador B. Gautier","author":"Nelson Feliz","date":"3 de septiembre de 2025","format":false,"excerpt":"El gobierno invertira mas RD$655 millones en el Hospital Salvador B. Gautier, a traves del SNS El director del Servicio Nacional de Salud (SNS), doctor Mario Lama, anunci\u00f3 la ejecuci\u00f3n de un plan de remozamiento en el Hospital Salvador B. Gautier, con el prop\u00f3sito de rehabilitar y modernizar \u00e1reas cr\u00edticas\u2026","rel":"","context":"En \u00abPORTADA\u00bb","block_context":{"text":"PORTADA","link":"https:\/\/lasprimeras.com.do\/index.php\/category\/portada\/"},"img":{"alt_text":"","src":"https:\/\/i0.wp.com\/lasprimeras.com.do\/wp-content\/uploads\/2025\/11\/Mario-Lama-sns-2.jpg?resize=350%2C200&ssl=1","width":350,"height":200,"srcset":"https:\/\/i0.wp.com\/lasprimeras.com.do\/wp-content\/uploads\/2025\/11\/Mario-Lama-sns-2.jpg?resize=350%2C200&ssl=1 1x, https:\/\/i0.wp.com\/lasprimeras.com.do\/wp-content\/uploads\/2025\/11\/Mario-Lama-sns-2.jpg?resize=525%2C300&ssl=1 1.5x, https:\/\/i0.wp.com\/lasprimeras.com.do\/wp-content\/uploads\/2025\/11\/Mario-Lama-sns-2.jpg?resize=700%2C400&ssl=1 2x"},"classes":[]},{"id":121373,"url":"https:\/\/lasprimeras.com.do\/index.php\/2026\/02\/03\/cmd-denuncia-crisis-de-inseguridad-en-el-hospital-salvador-b-gautier-el-centro-se-ha-convertido-en-una-selva\/","url_meta":{"origin":53448,"position":1},"title":"CMD denuncia crisis de inseguridad en el Hospital Salvador B. Gautier &#8220;El Centro se ha convertido en una selva&#8221;","author":"Nelson Feliz","date":"3 de febrero de 2026","format":false,"excerpt":"Dra. Griselda Quezada","rel":"","context":"En \u00abNACIONALES\u00bb","block_context":{"text":"NACIONALES","link":"https:\/\/lasprimeras.com.do\/index.php\/category\/nacionales\/"},"img":{"alt_text":"Dra. Griselda Quezada","src":"https:\/\/i0.wp.com\/lasprimeras.com.do\/wp-content\/uploads\/2026\/02\/Dra.-Griselda-Quezada.jpg?resize=350%2C200&ssl=1","width":350,"height":200,"srcset":"https:\/\/i0.wp.com\/lasprimeras.com.do\/wp-content\/uploads\/2026\/02\/Dra.-Griselda-Quezada.jpg?resize=350%2C200&ssl=1 1x, https:\/\/i0.wp.com\/lasprimeras.com.do\/wp-content\/uploads\/2026\/02\/Dra.-Griselda-Quezada.jpg?resize=525%2C300&ssl=1 1.5x, https:\/\/i0.wp.com\/lasprimeras.com.do\/wp-content\/uploads\/2026\/02\/Dra.-Griselda-Quezada.jpg?resize=700%2C400&ssl=1 2x"},"classes":[]},{"id":57913,"url":"https:\/\/lasprimeras.com.do\/index.php\/2023\/08\/17\/el-hospital-gautier-abre-sus-puertas-para-cirugias-reconstructivas-a-victimas-explosion\/","url_meta":{"origin":53448,"position":2},"title":"El hospital Gautier abre sus puertas para cirug\u00edas reconstructivas a v\u00edctimas explosi\u00f3n","author":"Nelson Feliz","date":"17 de agosto de 2023","format":false,"excerpt":"En este centro est\u00e1 la \u00fanica escuela de cirug\u00eda pl\u00e1stica, reconstructiva y est\u00e9tica del pa\u00eds. La Escuela de Cirug\u00eda Pl\u00e1stica, Reconstructiva y Est\u00e9tica del hospital Salvador B. Gautier puso a disposici\u00f3n sus instalaciones y especialistas para atender a las v\u00edctimas de la tragedia de la explosi\u00f3n ocurrida el pasado lunes\u2026","rel":"","context":"En \u00abSin categor\u00eda\u00bb","block_context":{"text":"Sin categor\u00eda","link":"https:\/\/lasprimeras.com.do\/index.php\/category\/sin-categoria\/"},"img":{"alt_text":"Hospital Salvador B. Gautier","src":"https:\/\/i0.wp.com\/lasprimeras.com.do\/wp-content\/uploads\/2023\/08\/Hospital-Salvador-B.-Gautier.jpeg?resize=350%2C200&ssl=1","width":350,"height":200,"srcset":"https:\/\/i0.wp.com\/lasprimeras.com.do\/wp-content\/uploads\/2023\/08\/Hospital-Salvador-B.-Gautier.jpeg?resize=350%2C200&ssl=1 1x, https:\/\/i0.wp.com\/lasprimeras.com.do\/wp-content\/uploads\/2023\/08\/Hospital-Salvador-B.-Gautier.jpeg?resize=525%2C300&ssl=1 1.5x, https:\/\/i0.wp.com\/lasprimeras.com.do\/wp-content\/uploads\/2023\/08\/Hospital-Salvador-B.-Gautier.jpeg?resize=700%2C400&ssl=1 2x"},"classes":[]},{"id":73843,"url":"https:\/\/lasprimeras.com.do\/index.php\/2024\/01\/17\/hospital-gautier-atendio-mas-de-755-mil-pacientes\/","url_meta":{"origin":53448,"position":3},"title":"Hospital Gautier atendi\u00f3 m\u00e1s de 755 mil pacientes","author":"BIMARY DE JES\u00daS Matos","date":"17 de enero de 2024","format":false,"excerpt":"Santo Domingo.-El hospital Salvador B. Gautier es \u00fanico en servicios y escuela de formaci\u00f3n como la residencia de Cirug\u00eda Pl\u00e1stica Reconstructiva El Hospital Salvador B. Gautier (HSBG) ofreci\u00f3 servicios a 755, 978 pacientes durante el a\u00f1o 2023, lo que estable una cifra r\u00e9cord en las \u00e1reas de laboratorio, consulta externa,\u2026","rel":"","context":"En \u00abPORTADA\u00bb","block_context":{"text":"PORTADA","link":"https:\/\/lasprimeras.com.do\/index.php\/category\/portada\/"},"img":{"alt_text":"","src":"https:\/\/i0.wp.com\/lasprimeras.com.do\/wp-content\/uploads\/2024\/01\/Declaraciones-de-madre-del-nino-ultimado-por-su-tia-en-Veron-5.jpg?resize=350%2C200&ssl=1","width":350,"height":200,"srcset":"https:\/\/i0.wp.com\/lasprimeras.com.do\/wp-content\/uploads\/2024\/01\/Declaraciones-de-madre-del-nino-ultimado-por-su-tia-en-Veron-5.jpg?resize=350%2C200&ssl=1 1x, https:\/\/i0.wp.com\/lasprimeras.com.do\/wp-content\/uploads\/2024\/01\/Declaraciones-de-madre-del-nino-ultimado-por-su-tia-en-Veron-5.jpg?resize=525%2C300&ssl=1 1.5x"},"classes":[]},{"id":95178,"url":"https:\/\/lasprimeras.com.do\/index.php\/2025\/03\/11\/el-gobierno-tiene-planes-un-nuevo-hospital-gautier-segun-mario-lama\/","url_meta":{"origin":53448,"position":4},"title":"El Gobierno tiene planes un nuevo hospital Gautier, segun Mario Lama","author":"Nelson Feliz","date":"11 de marzo de 2025","format":false,"excerpt":"Altagracia Ortiz El Gobierno tiene pautado la construcci\u00f3n de un nuevo hospital Salvador B. Gautier, en Santo Domingo, dado que la estructura data de m\u00e1s de 70 a\u00f1os y ha sido intervenida en varias ocasiones. La informaci\u00f3n la ofreci\u00f3 el doctor Mario Lama, director del Servicio Nacional de Salud, quien\u2026","rel":"","context":"En \u00abSALUD\u00bb","block_context":{"text":"SALUD","link":"https:\/\/lasprimeras.com.do\/index.php\/category\/salud\/"},"img":{"alt_text":"","src":"https:\/\/i0.wp.com\/lasprimeras.com.do\/wp-content\/uploads\/2025\/03\/Mario-Lama.png?resize=350%2C200&ssl=1","width":350,"height":200,"srcset":"https:\/\/i0.wp.com\/lasprimeras.com.do\/wp-content\/uploads\/2025\/03\/Mario-Lama.png?resize=350%2C200&ssl=1 1x, https:\/\/i0.wp.com\/lasprimeras.com.do\/wp-content\/uploads\/2025\/03\/Mario-Lama.png?resize=525%2C300&ssl=1 1.5x"},"classes":[]},{"id":52410,"url":"https:\/\/lasprimeras.com.do\/index.php\/2023\/06\/10\/salud-de-adolescente-operado-de-mano-cercenada-evoluciona-satisfactoriamente\/","url_meta":{"origin":53448,"position":5},"title":"Salud de adolescente operado de mano cercenada evoluciona satisfactoriamente","author":"prenxa100","date":"10 de junio de 2023","format":false,"excerpt":"El adolescente de 15 a\u00f1os perdi\u00f3 la mano izquierda luego de que otro joven de 19 a\u00f1os le atacara mientras este sal\u00eda de una escuela en San Pedro de Macor\u00eds. La recuperaci\u00f3n del adolescente que result\u00f3 con su mano izquierda cercenada contin\u00faa avanzando satisfactoriamente y se ha mantenido en condiciones\u2026","rel":"","context":"En \u00abPORTADA\u00bb","block_context":{"text":"PORTADA","link":"https:\/\/lasprimeras.com.do\/index.php\/category\/portada\/"},"img":{"alt_text":"","src":"","width":0,"height":0},"classes":[]}],"jetpack_sharing_enabled":true,"_links":{"self":[{"href":"https:\/\/lasprimeras.com.do\/index.php\/wp-json\/wp\/v2\/posts\/53448","targetHints":{"allow":["GET"]}}],"collection":[{"href":"https:\/\/lasprimeras.com.do\/index.php\/wp-json\/wp\/v2\/posts"}],"about":[{"href":"https:\/\/lasprimeras.com.do\/index.php\/wp-json\/wp\/v2\/types\/post"}],"author":[{"embeddable":true,"href":"https:\/\/lasprimeras.com.do\/index.php\/wp-json\/wp\/v2\/users\/2"}],"replies":[{"embeddable":true,"href":"https:\/\/lasprimeras.com.do\/index.php\/wp-json\/wp\/v2\/comments?post=53448"}],"version-history":[{"count":1,"href":"https:\/\/lasprimeras.com.do\/index.php\/wp-json\/wp\/v2\/posts\/53448\/revisions"}],"predecessor-version":[{"id":53451,"href":"https:\/\/lasprimeras.com.do\/index.php\/wp-json\/wp\/v2\/posts\/53448\/revisions\/53451"}],"wp:featuredmedia":[{"embeddable":true,"href":"https:\/\/lasprimeras.com.do\/index.php\/wp-json\/wp\/v2\/media\/53449"}],"wp:attachment":[{"href":"https:\/\/lasprimeras.com.do\/index.php\/wp-json\/wp\/v2\/media?parent=53448"}],"wp:term":[{"taxonomy":"category","embeddable":true,"href":"https:\/\/lasprimeras.com.do\/index.php\/wp-json\/wp\/v2\/categories?post=53448"},{"taxonomy":"post_tag","embeddable":true,"href":"https:\/\/lasprimeras.com.do\/index.php\/wp-json\/wp\/v2\/tags?post=53448"}],"curies":[{"name":"wp","href":"https:\/\/api.w.org\/{rel}","templated":true}]}}