{"id":53501,"date":"2023-06-27T18:27:41","date_gmt":"2023-06-27T22:27:41","guid":{"rendered":"https:\/\/lasprimeras.com.do\/?p=53501"},"modified":"2023-06-27T18:28:17","modified_gmt":"2023-06-27T22:28:17","slug":"perez-figuereo-propone-creacion-de-la-mesa-de-trabajo-entre-gobierno-transportistas-y-empresarios","status":"publish","type":"post","link":"https:\/\/lasprimeras.com.do\/index.php\/2023\/06\/27\/perez-figuereo-propone-creacion-de-la-mesa-de-trabajo-entre-gobierno-transportistas-y-empresarios\/","title":{"rendered":"P\u00e9rez Figuereo propone creaci\u00f3n de la Mesa de Trabajo entre Gobierno, Transportistas y empresarios"},"content":{"rendered":"\n<p>El presidente de la Central Nacional de Transportistas Unificados (CNTU), William P\u00e9rez Figuereo, propuso hoy la creaci\u00f3n de una mesa de trabajo y que se involucren autoridades gubernamentales, empresarial y choferil, en contra de los accidentes de tr\u00e1nsitos.<\/p>\n\n\n\n<pre class=\"wp-block-code\"><code>P\u00e9rez Figuereo, dijo que la situaci\u00f3n de los accidentes en la Rep\u00fablica Dominicana es un asunto altamente peligroso y la propuesta que estamos enarbolando; es para que el Gobierno inicie una mesa de trabajo en la que se emita un bolet\u00edn cada semana tipo pandemia. Porque los accidentes son menos que la pandemia.\n\nEl empresario del transporte, entiende que la situaci\u00f3n se est\u00e1 agravando cada momento y hemos planteado en esta mesa de trabajo este compuesta por el Ministro de la Presidencia Joel Santos Echavarr\u00eda, el Ministro de Obras Publicas Deligne Ascensi\u00f3n,  el director del Instituto Nacional de Tr\u00e1nsito y Transporte Terrestre (Intrant) Hugo Beras, el Ministro de Salud Publicas Dr. Daniel Rivera, el Ministro de Defensa Tte. General Carlos Luciano D\u00edaz Morfa, el Director de la Polic\u00eda Nacional general de brigada Eduardo Alberto Then,  el Director de General de Aduanas Eduardo Sanz Lovaton, las alcald\u00edas y el sector transporte de pasajeros, Motoristas y Camioneros.<\/code><\/pre>\n\n\n\n<p>El presidente de la CNTU, enfatiz\u00f3 que con esta mesa de trabajo, pudi\u00e9ramos estar d\u00e1ndole una soluci\u00f3n al pa\u00eds, e informando de lo que ocurre en las diferentes carreteras y avenidas de la Rep\u00fablica Dominicana.<\/p>\n\n\n\n<p>William P\u00e9rez Figuereo, dijo la Mesa de Trabajo que le hemos planteado al director de aduanas Sanz Lovaton; as\u00ed como al director de la PN y al Ministro Defensa, es porque los camioneros y ayudantes mayormente cargan y descargan durante la noche corren cierto peligro y debemos reforzar la seguridad.<\/p>\n\n\n\n<p>\u201cSi logramos que el director de aduanas determine que las cargas funcionen durante la noche, con la idea que la CNTU ha suministrado y que se establezca un horario de 8:00 PM a 6:00 AM, para que los veh\u00edculos pesados transiten por las circunvalaciones y que el Gobierno Dominicano reduzca el precio de los peajes a un 25% por ciento, en ese horario, pudi\u00e9ramos estar motivando a que todos los veh\u00edculos de carga, de los empresarios y transportistas transiten por las circunvalaciones y no sea vean obligados a atravesar la ciudad\u201d, asever\u00f3 P\u00e9rez Figuereo.<\/p>\n\n\n\n<p>Dijo que cuando un cami\u00f3n o una patana atraviesa por la ciudad lo hace entre 20 y 25 kil\u00f3metros y por la circunvalaci\u00f3n en 75 kil\u00f3metros, pero ocurre que si lo hace atravesando la ciudad, estar\u00eda cogiendo calor y se ver\u00eda envuelto en los tapones que se producen en las diferentes intersecciones; pero si lo hacen por las circunvalaciones en horario de la noche, lo hacen en horas frescas, se evitar\u00edan los tapones y adem\u00e1s solo van a pagar\u00e1n el 25 por ciento en los peajes, si el Gobierno acepta esta propuesta que hace la CNTU.<\/p>\n\n\n\n<p>William P\u00e9rez Figuereo, sostuvo que el transporte pesado durante la noche ha dado muchos resultados en los pa\u00edses desarrollados y la mejor\u00eda ha sido bastante, por eso hemos plantados que el Gobierno eval\u00fae esta propuesta de la mesa de trabajo, a ver si podemos avanzar en contra de los accidentes tr\u00e1nsitos.<\/p>\n","protected":false},"excerpt":{"rendered":"<p>El presidente de la Central Nacional de Transportistas Unificados (CNTU), William P\u00e9rez Figuereo, propuso hoy la creaci\u00f3n de una mesa de trabajo y que se involucren autoridades gubernamentales, empresarial y&hellip;<\/p>\n","protected":false},"author":2,"featured_media":53502,"comment_status":"open","ping_status":"open","sticky":false,"template":"","format":"standard","meta":{"content-type":"","jetpack_post_was_ever_published":false,"_jetpack_newsletter_access":"","_jetpack_dont_email_post_to_subs":false,"_jetpack_newsletter_tier_id":0,"_jetpack_memberships_contains_paywalled_content":false,"_jetpack_memberships_contains_paid_content":false,"footnotes":""},"categories":[35,25],"tags":[2908,171,3997,3998,3999],"class_list":["post-53501","post","type-post","status-publish","format-standard","has-post-thumbnail","hentry","category-nacionales","category-portada","tag-empresarios","tag-gobierno","tag-mesa-de-trabajo","tag-transportistas","tag-william-perez-figuereo"],"jetpack_featured_media_url":"https:\/\/lasprimeras.com.do\/wp-content\/uploads\/2023\/06\/William-Perez-Figuereo.jpg","jetpack-related-posts":[{"id":54498,"url":"https:\/\/lasprimeras.com.do\/index.php\/2023\/07\/11\/cntu-pide-al-presidente-abinader-autorizar-mesa-del-transporte-emita-boletin-todas-la-semana\/","url_meta":{"origin":53501,"position":0},"title":"CNTU pide al presidente Abinader autorizar mesa del transporte emita bolet\u00edn todas la semana","author":"Nelson Feliz","date":"11 de julio de 2023","format":false,"excerpt":"El presidente de la Central Nacional de Transportistas Unificados (CNTU), William P\u00e9rez Figuereo, ha propuesto hoy la creaci\u00f3n de una mesa de trabajo para transparentar a trav\u00e9s de los boletines que se deben hacer semanalmente, los accidentes que ocurren en las diferentes v\u00edas del pa\u00eds. P\u00e9rez Figuereo, dijo que as\u00ed\u2026","rel":"","context":"En \u00abNACIONALES\u00bb","block_context":{"text":"NACIONALES","link":"https:\/\/lasprimeras.com.do\/index.php\/category\/nacionales\/"},"img":{"alt_text":"William Perez Figuereo","src":"https:\/\/i0.wp.com\/lasprimeras.com.do\/wp-content\/uploads\/2023\/06\/William-Perez-Figuereo.jpg?resize=350%2C200&ssl=1","width":350,"height":200,"srcset":"https:\/\/i0.wp.com\/lasprimeras.com.do\/wp-content\/uploads\/2023\/06\/William-Perez-Figuereo.jpg?resize=350%2C200&ssl=1 1x, https:\/\/i0.wp.com\/lasprimeras.com.do\/wp-content\/uploads\/2023\/06\/William-Perez-Figuereo.jpg?resize=525%2C300&ssl=1 1.5x, https:\/\/i0.wp.com\/lasprimeras.com.do\/wp-content\/uploads\/2023\/06\/William-Perez-Figuereo.jpg?resize=700%2C400&ssl=1 2x, https:\/\/i0.wp.com\/lasprimeras.com.do\/wp-content\/uploads\/2023\/06\/William-Perez-Figuereo.jpg?resize=1050%2C600&ssl=1 3x, https:\/\/i0.wp.com\/lasprimeras.com.do\/wp-content\/uploads\/2023\/06\/William-Perez-Figuereo.jpg?resize=1400%2C800&ssl=1 4x"},"classes":[]},{"id":57643,"url":"https:\/\/lasprimeras.com.do\/index.php\/2023\/08\/14\/cntu-felicita-al-presidente-luis-abinader-por-aceptar-su-resporulacion-presidencial\/","url_meta":{"origin":53501,"position":1},"title":"CNTU felicita al presidente Luis Abinader por aceptar su resporulaci\u00f3n presidencial","author":"Nelson Feliz","date":"14 de agosto de 2023","format":false,"excerpt":"La Central Nacional de Transportistas Unificados Movimiento\u00a0 \u2013CNTU \u2013, presidida por William P\u00e9rez Figuereo, felicit\u00f3 este lunes al presidente Luis Abinader Corona, por tomar esa valiente decisi\u00f3n de repostularse a la presidencia de la Rep\u00fablica por otro periodo m\u00e1s. \u00a0P\u00e9rez Figuereo, dijo que este anuncio traer\u00e1 equilibrio a la clase\u2026","rel":"","context":"En \u00abNACIONALES\u00bb","block_context":{"text":"NACIONALES","link":"https:\/\/lasprimeras.com.do\/index.php\/category\/nacionales\/"},"img":{"alt_text":"Luis Abinader y William Figuereo","src":"https:\/\/i0.wp.com\/lasprimeras.com.do\/wp-content\/uploads\/2023\/08\/Luis-Abinader-y-William-Figuereo.jpg?resize=350%2C200&ssl=1","width":350,"height":200,"srcset":"https:\/\/i0.wp.com\/lasprimeras.com.do\/wp-content\/uploads\/2023\/08\/Luis-Abinader-y-William-Figuereo.jpg?resize=350%2C200&ssl=1 1x, https:\/\/i0.wp.com\/lasprimeras.com.do\/wp-content\/uploads\/2023\/08\/Luis-Abinader-y-William-Figuereo.jpg?resize=525%2C300&ssl=1 1.5x, https:\/\/i0.wp.com\/lasprimeras.com.do\/wp-content\/uploads\/2023\/08\/Luis-Abinader-y-William-Figuereo.jpg?resize=700%2C400&ssl=1 2x, https:\/\/i0.wp.com\/lasprimeras.com.do\/wp-content\/uploads\/2023\/08\/Luis-Abinader-y-William-Figuereo.jpg?resize=1050%2C600&ssl=1 3x"},"classes":[]},{"id":55705,"url":"https:\/\/lasprimeras.com.do\/index.php\/2023\/07\/24\/william-figuereo-representa-a-rd-en-la-3ra-cumbre-de-transportistas-celebrada-en-ny\/","url_meta":{"origin":53501,"position":2},"title":"William Figuereo representa a RD en la \u201c3ra. Cumbre de Transportistas\u201d celebrada en NY","author":"Nelson Feliz","date":"24 de julio de 2023","format":false,"excerpt":"Washington.-. La Rep\u00fablica Dominicana particip\u00f3 en la \u201cTercera Cumbre de Transportistas 2023\u201d celebrada del 20 al 23 de Julio en los Estados Unidos, donde se debatieron las principales causas sobre los accidentes de tr\u00e1nsito que ocurren en las calles, avenidas y carreteras de todo el mundo. \u00a0Esta cumbre que\u00a0 fue\u2026","rel":"","context":"En \u00abNACIONALES\u00bb","block_context":{"text":"NACIONALES","link":"https:\/\/lasprimeras.com.do\/index.php\/category\/nacionales\/"},"img":{"alt_text":"William Perez Figuereo","src":"https:\/\/i0.wp.com\/lasprimeras.com.do\/wp-content\/uploads\/2023\/07\/William-Perez-Figuereo.jpg?resize=350%2C200&ssl=1","width":350,"height":200,"srcset":"https:\/\/i0.wp.com\/lasprimeras.com.do\/wp-content\/uploads\/2023\/07\/William-Perez-Figuereo.jpg?resize=350%2C200&ssl=1 1x, https:\/\/i0.wp.com\/lasprimeras.com.do\/wp-content\/uploads\/2023\/07\/William-Perez-Figuereo.jpg?resize=525%2C300&ssl=1 1.5x, https:\/\/i0.wp.com\/lasprimeras.com.do\/wp-content\/uploads\/2023\/07\/William-Perez-Figuereo.jpg?resize=700%2C400&ssl=1 2x"},"classes":[]},{"id":51367,"url":"https:\/\/lasprimeras.com.do\/index.php\/2023\/05\/30\/hato-mayor-cntu-atribuye-accidente-al-desorden-que-existe-en-el-transporte-publico\/","url_meta":{"origin":53501,"position":3},"title":"HATO MAYOR: CNTU atribuye accidente al desorden que existe en el transporte p\u00fablico","author":"prenxa100","date":"30 de mayo de 2023","format":false,"excerpt":"Santo Domingo, RD.- El presidente de la Central Nacional de Transportistas Unificados (CNTU), William P\u00e9rez Figuereo, declar\u00f3 este martes que el accidente de tr\u00e1nsito ocurrido en el tramo carretero Sabana de la Mar \u2013 Hato Mayor, donde perdieron la vida al menos\u00a0 cinco estudiantes y otros resultaron heridos, se debe\u2026","rel":"","context":"En \u00abNACIONALES\u00bb","block_context":{"text":"NACIONALES","link":"https:\/\/lasprimeras.com.do\/index.php\/category\/nacionales\/"},"img":{"alt_text":"","src":"","width":0,"height":0},"classes":[]},{"id":58276,"url":"https:\/\/lasprimeras.com.do\/index.php\/2023\/08\/22\/presidente-cntu-exhorta-a-choferes-abstenerse-a-trabajar-durante-la-tormenta-franklin\/","url_meta":{"origin":53501,"position":4},"title":"Presidente CNTU exhorta a ch\u00f3feres abstenerse a trabajar durante la tormenta Franklin","author":"Nelson Feliz","date":"22 de agosto de 2023","format":false,"excerpt":"El presidente de la Central Nacional de Transportistas Unificados (CNTU), William P\u00e9rez Figuereo, exhort\u00f3 a los ch\u00f3feres y conductores que se encuentra afiliados en esa entidad, abstenerse a laborar si sus unidades no est\u00e1n en perfecta condiciones durante el paso de la tormenta tropical Franklin. P\u00e9rez Figuereo, pidi\u00f3 a los\u2026","rel":"","context":"En \u00abNACIONALES\u00bb","block_context":{"text":"NACIONALES","link":"https:\/\/lasprimeras.com.do\/index.php\/category\/nacionales\/"},"img":{"alt_text":"William Perez Figuereo","src":"https:\/\/i0.wp.com\/lasprimeras.com.do\/wp-content\/uploads\/2023\/06\/William-Perez-Figuereo.jpg?resize=350%2C200&ssl=1","width":350,"height":200,"srcset":"https:\/\/i0.wp.com\/lasprimeras.com.do\/wp-content\/uploads\/2023\/06\/William-Perez-Figuereo.jpg?resize=350%2C200&ssl=1 1x, https:\/\/i0.wp.com\/lasprimeras.com.do\/wp-content\/uploads\/2023\/06\/William-Perez-Figuereo.jpg?resize=525%2C300&ssl=1 1.5x, https:\/\/i0.wp.com\/lasprimeras.com.do\/wp-content\/uploads\/2023\/06\/William-Perez-Figuereo.jpg?resize=700%2C400&ssl=1 2x, https:\/\/i0.wp.com\/lasprimeras.com.do\/wp-content\/uploads\/2023\/06\/William-Perez-Figuereo.jpg?resize=1050%2C600&ssl=1 3x, https:\/\/i0.wp.com\/lasprimeras.com.do\/wp-content\/uploads\/2023\/06\/William-Perez-Figuereo.jpg?resize=1400%2C800&ssl=1 4x"},"classes":[]},{"id":59142,"url":"https:\/\/lasprimeras.com.do\/index.php\/2023\/08\/31\/el-presidente-de-la-cntu-pide-ampliar-transporte-escolar-estatal\/","url_meta":{"origin":53501,"position":5},"title":"El presidente de la CNTU pide ampliar transporte escolar estatal","author":"Nelson Feliz","date":"31 de agosto de 2023","format":false,"excerpt":"La Central Nacional de Transportistas Unificados (CNTU) confirm\u00f3 hoy, su disposici\u00f3n de seguir luchando por preservar la vida de los estudiantes a trav\u00e9s de la soluci\u00f3n vehicular que permite el transporte escolar estatal. El presidente de la CNTU, William P\u00e9rez Figuereo, destac\u00f3 que la entidad que dirige tiene muchos a\u00f1os\u2026","rel":"","context":"En \u00abNACIONALES\u00bb","block_context":{"text":"NACIONALES","link":"https:\/\/lasprimeras.com.do\/index.php\/category\/nacionales\/"},"img":{"alt_text":"William P\u00e9rez Figuereo","src":"https:\/\/i0.wp.com\/lasprimeras.com.do\/wp-content\/uploads\/2023\/08\/William-Perez-Figuereo.jpg?resize=350%2C200&ssl=1","width":350,"height":200,"srcset":"https:\/\/i0.wp.com\/lasprimeras.com.do\/wp-content\/uploads\/2023\/08\/William-Perez-Figuereo.jpg?resize=350%2C200&ssl=1 1x, https:\/\/i0.wp.com\/lasprimeras.com.do\/wp-content\/uploads\/2023\/08\/William-Perez-Figuereo.jpg?resize=525%2C300&ssl=1 1.5x, https:\/\/i0.wp.com\/lasprimeras.com.do\/wp-content\/uploads\/2023\/08\/William-Perez-Figuereo.jpg?resize=700%2C400&ssl=1 2x"},"classes":[]}],"jetpack_sharing_enabled":true,"_links":{"self":[{"href":"https:\/\/lasprimeras.com.do\/index.php\/wp-json\/wp\/v2\/posts\/53501","targetHints":{"allow":["GET"]}}],"collection":[{"href":"https:\/\/lasprimeras.com.do\/index.php\/wp-json\/wp\/v2\/posts"}],"about":[{"href":"https:\/\/lasprimeras.com.do\/index.php\/wp-json\/wp\/v2\/types\/post"}],"author":[{"embeddable":true,"href":"https:\/\/lasprimeras.com.do\/index.php\/wp-json\/wp\/v2\/users\/2"}],"replies":[{"embeddable":true,"href":"https:\/\/lasprimeras.com.do\/index.php\/wp-json\/wp\/v2\/comments?post=53501"}],"version-history":[{"count":2,"href":"https:\/\/lasprimeras.com.do\/index.php\/wp-json\/wp\/v2\/posts\/53501\/revisions"}],"predecessor-version":[{"id":53504,"href":"https:\/\/lasprimeras.com.do\/index.php\/wp-json\/wp\/v2\/posts\/53501\/revisions\/53504"}],"wp:featuredmedia":[{"embeddable":true,"href":"https:\/\/lasprimeras.com.do\/index.php\/wp-json\/wp\/v2\/media\/53502"}],"wp:attachment":[{"href":"https:\/\/lasprimeras.com.do\/index.php\/wp-json\/wp\/v2\/media?parent=53501"}],"wp:term":[{"taxonomy":"category","embeddable":true,"href":"https:\/\/lasprimeras.com.do\/index.php\/wp-json\/wp\/v2\/categories?post=53501"},{"taxonomy":"post_tag","embeddable":true,"href":"https:\/\/lasprimeras.com.do\/index.php\/wp-json\/wp\/v2\/tags?post=53501"}],"curies":[{"name":"wp","href":"https:\/\/api.w.org\/{rel}","templated":true}]}}