{"id":53505,"date":"2023-06-27T20:38:16","date_gmt":"2023-06-28T00:38:16","guid":{"rendered":"https:\/\/lasprimeras.com.do\/?p=53505"},"modified":"2023-06-27T20:38:18","modified_gmt":"2023-06-28T00:38:18","slug":"paliza-respondio-en-febrero-2022-a-contraloria-sobre-procesos-internos","status":"publish","type":"post","link":"https:\/\/lasprimeras.com.do\/index.php\/2023\/06\/27\/paliza-respondio-en-febrero-2022-a-contraloria-sobre-procesos-internos\/","title":{"rendered":"Paliza respondi\u00f3 en febrero 2022 a Contralor\u00eda sobre procesos internos"},"content":{"rendered":"\n<p><strong>En carta de remisi\u00f3n, agradeci\u00f3 ser de las primeras entidades auditadas. De todas las instituciones beneficiarias se verificaron los endosos de cada uno de los cheques y se comprob\u00f3 que los fondos fueron recibidos, depositados por el beneficiario final en las cuentas correspondientes.<\/strong><\/p>\n\n\n\n<p>Dando respuesta al proceso de auditor\u00edas que realiza la Contralor\u00eda General de la Rep\u00fablica a las instituciones del Gobierno, el Ministerio Administrativo de la Presidencia inform\u00f3 que desde el d\u00eda 28 de febrero del 2022 aclar\u00f3 a la entidad evaluadora sobre los puntos resaltados por esta en su pol\u00edtica interna (PL-PR-DF-EC-001-17).<\/p>\n\n\n\n<p>El ministro Administrativo de la Presidencia, Jos\u00e9 Ignacio Paliza, dijo que seg\u00fan pol\u00edtica interna, en los casos en que el beneficiario (persona fisica o jur\u00eddica) no pueda presentarse, la persona autorizada para el retiro del cheque deber\u00e1 presentar un documento formal de autorizaci\u00f3n y copia de su c\u00e9dula de identidad o pasaporte vigente.<\/p>\n\n\n\n<p>\u201cVerificamos que, dentro de los cheques citados, el 31% fueron a favor de la Iglesia Cat\u00f3lica y corresponden a una asignaci\u00f3n fija mensual de fondos presidenciales, que desde 2014, son entregados a la oficina de enlace de la Iglesia Cat\u00f3lica, tras solicitud recibida, esta los entrega a los respectivos Obispados y\/o Arzobispados, como se comprueba en la recepci\u00f3n del cheque y en los endosos, igual sucede con iglesias de otras denominaciones\u201d, dijo.<\/p>\n\n\n\n<p>\u201cDe que se trata, de un cheque por ejemplo a nombre de un Obispado, retirado por un tesorero y no por el obispo. Al final se comprob\u00f3 que fue depositado en la cuenta debida, en la cuenta de la entidad, en la cuenta del Obispado. Adem\u00e1s, los cheques no pod\u00edan ser endosados\u201d, puntualiz\u00f3.<\/p>\n\n\n\n<p>\u201cEl 36% de cheques corresponde a fondos entregados a ayuntamientos y juntas municipales, los cuales son representados por el alcalde o director municipal (m\u00e1xima autoridad de esas entidades)\u201d, agreg\u00f3.<\/p>\n\n\n\n<figure class=\"wp-block-image size-full\"><img decoding=\"async\" width=\"858\" height=\"829\" src=\"https:\/\/lasprimeras.com.do\/wp-content\/uploads\/2023\/06\/WhatsApp-Image-2023-06-27-at-4.00.08-PM-1.jpeg\" alt=\"\" class=\"wp-image-53507\" srcset=\"https:\/\/lasprimeras.com.do\/wp-content\/uploads\/2023\/06\/WhatsApp-Image-2023-06-27-at-4.00.08-PM-1.jpeg 858w, https:\/\/lasprimeras.com.do\/wp-content\/uploads\/2023\/06\/WhatsApp-Image-2023-06-27-at-4.00.08-PM-1-300x290.jpeg 300w, https:\/\/lasprimeras.com.do\/wp-content\/uploads\/2023\/06\/WhatsApp-Image-2023-06-27-at-4.00.08-PM-1-768x742.jpeg 768w\" sizes=\"(max-width: 858px) 100vw, 858px\" \/><\/figure>\n\n\n\n<p>Asimismo, inform\u00f3 que para verificar su correcto uso, en conjunto con la Unidad de Control se verific\u00f3 que todos los cheques fueron recibidos, depositados por el beneficiario final en las cuentas oficiales correspondientes y utilizados para los fines que fueron erogados. Por lo tanto, se elimin\u00f3 un posible riesgo en el proceso de entrega de los cheques ajenas a los beneficiarios.<\/p>\n\n\n\n<p>Finalmente, el ministro Paliza expres\u00f3 que se siguen realizando acciones que les permitan reforzar el control en el proceso de entrega de los cheques a los beneficiados jur\u00eddicos, enfocado a que ninguna persona sin una autorizaci\u00f3n pueda retirar cheques.<\/p>\n\n\n\n<p>Los cheques auditados por la Contralor\u00eda General de la Rep\u00fablica y respondidos por el Ministerio Administrativo de la Presidencia son los que aparecen en el anexo a esta nota.<\/p>\n","protected":false},"excerpt":{"rendered":"<p>En carta de remisi\u00f3n, agradeci\u00f3 ser de las primeras entidades auditadas. De todas las instituciones beneficiarias se verificaron los endosos de cada uno de los cheques y se comprob\u00f3 que&hellip;<\/p>\n","protected":false},"author":2,"featured_media":53506,"comment_status":"open","ping_status":"open","sticky":false,"template":"","format":"standard","meta":{"content-type":"","jetpack_post_was_ever_published":false,"_jetpack_newsletter_access":"","_jetpack_dont_email_post_to_subs":false,"_jetpack_newsletter_tier_id":0,"_jetpack_memberships_contains_paywalled_content":false,"_jetpack_memberships_contains_paid_content":false,"footnotes":""},"categories":[39,25],"tags":[730,911,4000,444,94,916],"class_list":["post-53505","post","type-post","status-publish","format-standard","has-post-thumbnail","hentry","category-economia","category-portada","tag-administrativo","tag-contraloria","tag-internos","tag-ministerio","tag-presidencia","tag-procesos"],"jetpack_featured_media_url":"https:\/\/lasprimeras.com.do\/wp-content\/uploads\/2023\/06\/Presidencia-1.jpg","jetpack-related-posts":[{"id":124786,"url":"https:\/\/lasprimeras.com.do\/index.php\/2026\/03\/16\/contraloria-inaugura-unidad-de-auditoria-interna-en-el-ministerio-de-justicia\/","url_meta":{"origin":53505,"position":0},"title":"Contralor\u00eda inaugura Unidad de Auditor\u00eda Interna en el Ministerio de Justicia","author":"Nelson Feliz","date":"16 de marzo de 2026","format":false,"excerpt":"El contralor general de la Rep\u00fablica, Geraldo Espinosa, y el ministro de Justicia, Antoliano Peralta, encabezaron la inauguraci\u00f3n de una Unidad de Auditor\u00eda Interna (UAI) en el Ministerio de Justicia, una iniciativa orientada a fortalecer el control preventivo y el seguimiento a la gesti\u00f3n administrativa de esta nueva instituci\u00f3n del\u2026","rel":"","context":"En \u00abNACIONALES\u00bb","block_context":{"text":"NACIONALES","link":"https:\/\/lasprimeras.com.do\/index.php\/category\/nacionales\/"},"img":{"alt_text":"Geraldo Espinosa","src":"https:\/\/i0.wp.com\/lasprimeras.com.do\/wp-content\/uploads\/2026\/03\/Geraldo-Espinosa.jpg?resize=350%2C200&ssl=1","width":350,"height":200,"srcset":"https:\/\/i0.wp.com\/lasprimeras.com.do\/wp-content\/uploads\/2026\/03\/Geraldo-Espinosa.jpg?resize=350%2C200&ssl=1 1x, https:\/\/i0.wp.com\/lasprimeras.com.do\/wp-content\/uploads\/2026\/03\/Geraldo-Espinosa.jpg?resize=525%2C300&ssl=1 1.5x, https:\/\/i0.wp.com\/lasprimeras.com.do\/wp-content\/uploads\/2026\/03\/Geraldo-Espinosa.jpg?resize=700%2C400&ssl=1 2x"},"classes":[]},{"id":109492,"url":"https:\/\/lasprimeras.com.do\/index.php\/2025\/09\/18\/contraloria-expande-accionar-en-mayor-cantidad-de-instituciones-estatales\/","url_meta":{"origin":53505,"position":1},"title":"Contralor\u00eda expande accionar en mayor cantidad de instituciones estatales","author":"Nelson Feliz","date":"18 de septiembre de 2025","format":false,"excerpt":"El contralor general de la Rep\u00fablica revel\u00f3 que al iniciar la gesti\u00f3n del presidente Luis Abinader el Estado contaba con 206 Unidades de Auditor\u00eda Interna (UAI), y en lo que va de su gobierno las mismas han ascendido a 306, para un aumento de 98 m\u00e1s que en las administraciones\u2026","rel":"","context":"En \u00abECONOM\u00cdA\u00bb","block_context":{"text":"ECONOM\u00cdA","link":"https:\/\/lasprimeras.com.do\/index.php\/category\/economia\/"},"img":{"alt_text":"","src":"https:\/\/i0.wp.com\/lasprimeras.com.do\/wp-content\/uploads\/2025\/09\/Contraloria.jpg?resize=350%2C200&ssl=1","width":350,"height":200,"srcset":"https:\/\/i0.wp.com\/lasprimeras.com.do\/wp-content\/uploads\/2025\/09\/Contraloria.jpg?resize=350%2C200&ssl=1 1x, https:\/\/i0.wp.com\/lasprimeras.com.do\/wp-content\/uploads\/2025\/09\/Contraloria.jpg?resize=525%2C300&ssl=1 1.5x, https:\/\/i0.wp.com\/lasprimeras.com.do\/wp-content\/uploads\/2025\/09\/Contraloria.jpg?resize=700%2C400&ssl=1 2x"},"classes":[]},{"id":101288,"url":"https:\/\/lasprimeras.com.do\/index.php\/2025\/06\/18\/contraloria-refuerza-controles-y-detiene-irregularidades-en-tiempo-real\/","url_meta":{"origin":53505,"position":2},"title":"Contralor\u00eda refuerza controles y detiene irregularidades en tiempo real","author":"Nelson Feliz","date":"18 de junio de 2025","format":false,"excerpt":"Inicia masiva jornada de sensibilizaci\u00f3n sobre control interno a trav\u00e9s de la ENCI. Los estrictos controles establecidos en el Estado dominicano est\u00e1n detectando la m\u00e1s m\u00ednima irregularidad, logrando suspender procesos en tiempo real y tramitarlos a la Procuradur\u00eda Especializada de Persecuci\u00f3n de la Corrupci\u00f3n Administrativa (Pepca), en caso de detecci\u00f3n\u2026","rel":"","context":"En \u00abECONOM\u00cdA\u00bb","block_context":{"text":"ECONOM\u00cdA","link":"https:\/\/lasprimeras.com.do\/index.php\/category\/economia\/"},"img":{"alt_text":"","src":"https:\/\/i0.wp.com\/lasprimeras.com.do\/wp-content\/uploads\/2025\/06\/contraloria.jpg?resize=350%2C200&ssl=1","width":350,"height":200,"srcset":"https:\/\/i0.wp.com\/lasprimeras.com.do\/wp-content\/uploads\/2025\/06\/contraloria.jpg?resize=350%2C200&ssl=1 1x, https:\/\/i0.wp.com\/lasprimeras.com.do\/wp-content\/uploads\/2025\/06\/contraloria.jpg?resize=525%2C300&ssl=1 1.5x, https:\/\/i0.wp.com\/lasprimeras.com.do\/wp-content\/uploads\/2025\/06\/contraloria.jpg?resize=700%2C400&ssl=1 2x"},"classes":[]},{"id":107480,"url":"https:\/\/lasprimeras.com.do\/index.php\/2025\/08\/27\/contraloria-transmite-mensaje-anticorrupcion-e-importancia-del-control-interno-a-estudiantes-de-uteco\/","url_meta":{"origin":53505,"position":3},"title":"Contralor\u00eda transmite mensaje anticorrupci\u00f3n e importancia del control interno a estudiantes de Uteco","author":"Nelson Feliz","date":"27 de agosto de 2025","format":false,"excerpt":"El contralor general de la Rep\u00fablica dict\u00f3 una conferencia a autoridades, docentes y estudiantes de la Universidad Tecnol\u00f3gica del Cibao Oriental (Uteco), a los que se\u00f1al\u00f3 la importancia de consolidar una cultura de control interno y el fomento de la \u00e9tica y la transparencia, como herramientas esenciales para combatir la\u2026","rel":"","context":"En \u00abNACIONALES\u00bb","block_context":{"text":"NACIONALES","link":"https:\/\/lasprimeras.com.do\/index.php\/category\/nacionales\/"},"img":{"alt_text":"","src":"https:\/\/i0.wp.com\/lasprimeras.com.do\/wp-content\/uploads\/2025\/08\/Contralor-Felix-Santana_-rectora-de-Uteco-Marilyn-Diaz-y-director-de-Mineria-Rolando-Munoz.jpg?resize=350%2C200&ssl=1","width":350,"height":200,"srcset":"https:\/\/i0.wp.com\/lasprimeras.com.do\/wp-content\/uploads\/2025\/08\/Contralor-Felix-Santana_-rectora-de-Uteco-Marilyn-Diaz-y-director-de-Mineria-Rolando-Munoz.jpg?resize=350%2C200&ssl=1 1x, https:\/\/i0.wp.com\/lasprimeras.com.do\/wp-content\/uploads\/2025\/08\/Contralor-Felix-Santana_-rectora-de-Uteco-Marilyn-Diaz-y-director-de-Mineria-Rolando-Munoz.jpg?resize=525%2C300&ssl=1 1.5x, https:\/\/i0.wp.com\/lasprimeras.com.do\/wp-content\/uploads\/2025\/08\/Contralor-Felix-Santana_-rectora-de-Uteco-Marilyn-Diaz-y-director-de-Mineria-Rolando-Munoz.jpg?resize=700%2C400&ssl=1 2x"},"classes":[]},{"id":102217,"url":"https:\/\/lasprimeras.com.do\/index.php\/2025\/07\/02\/contraloria-dispone-inventario-de-bienes-para-fortalecer-la-transparencia-publica\/","url_meta":{"origin":53505,"position":4},"title":"Contralor\u00eda dispone inventario de bienes para fortalecer la transparencia p\u00fablica","author":"Nelson Feliz","date":"2 de julio de 2025","format":false,"excerpt":"La Contralor\u00eda General de la Rep\u00fablica emite la circular IN-CGR-CIR-2025-0007, mediante la cual instruye a todas las instituciones p\u00fablicas a realizar un Inventario General de Bienes de Cambio o de Consumo al 30 de junio de 2025. Con esta iniciativa Contralor\u00eda buscar reforzar la eficiencia y el control en la\u2026","rel":"","context":"En \u00abECONOM\u00cdA\u00bb","block_context":{"text":"ECONOM\u00cdA","link":"https:\/\/lasprimeras.com.do\/index.php\/category\/economia\/"},"img":{"alt_text":"","src":"https:\/\/i0.wp.com\/lasprimeras.com.do\/wp-content\/uploads\/2025\/06\/Contralor-Felix-Santana-Garcia.jpg?resize=350%2C200&ssl=1","width":350,"height":200,"srcset":"https:\/\/i0.wp.com\/lasprimeras.com.do\/wp-content\/uploads\/2025\/06\/Contralor-Felix-Santana-Garcia.jpg?resize=350%2C200&ssl=1 1x, https:\/\/i0.wp.com\/lasprimeras.com.do\/wp-content\/uploads\/2025\/06\/Contralor-Felix-Santana-Garcia.jpg?resize=525%2C300&ssl=1 1.5x, https:\/\/i0.wp.com\/lasprimeras.com.do\/wp-content\/uploads\/2025\/06\/Contralor-Felix-Santana-Garcia.jpg?resize=700%2C400&ssl=1 2x"},"classes":[]},{"id":53696,"url":"https:\/\/lasprimeras.com.do\/index.php\/2023\/06\/30\/auditorias-de-la-contraloria-desnuda-realidad-del-inadecuado-manejo-de-muchos-funcionarios\/","url_meta":{"origin":53505,"position":5},"title":"Auditor\u00edas de la Contralor\u00eda desnuda realidad del inadecuado manejo de muchos funcionarios","author":"Nelson Feliz","date":"30 de junio de 2023","format":false,"excerpt":"El aspirante a diputado del Distrito Nacional por la Fuerza del Pueblo, Francisco Guillen, afirm\u00f3 que las irregularidades planteadas en las auditorias de la Contralor\u00eda General de la Rep\u00fablica dejan muy mal parados a quienes dirigen esas instituciones. Guillen, manifest\u00f3 que ya se demostr\u00f3 que esos funcionarios, o no tienen\u2026","rel":"","context":"En \u00abSin categor\u00eda\u00bb","block_context":{"text":"Sin categor\u00eda","link":"https:\/\/lasprimeras.com.do\/index.php\/category\/sin-categoria\/"},"img":{"alt_text":"Francisco Guillen","src":"https:\/\/i0.wp.com\/lasprimeras.com.do\/wp-content\/uploads\/2023\/06\/Francisco-Guillen.jpg?resize=350%2C200&ssl=1","width":350,"height":200,"srcset":"https:\/\/i0.wp.com\/lasprimeras.com.do\/wp-content\/uploads\/2023\/06\/Francisco-Guillen.jpg?resize=350%2C200&ssl=1 1x, https:\/\/i0.wp.com\/lasprimeras.com.do\/wp-content\/uploads\/2023\/06\/Francisco-Guillen.jpg?resize=525%2C300&ssl=1 1.5x, https:\/\/i0.wp.com\/lasprimeras.com.do\/wp-content\/uploads\/2023\/06\/Francisco-Guillen.jpg?resize=700%2C400&ssl=1 2x"},"classes":[]}],"jetpack_sharing_enabled":true,"_links":{"self":[{"href":"https:\/\/lasprimeras.com.do\/index.php\/wp-json\/wp\/v2\/posts\/53505","targetHints":{"allow":["GET"]}}],"collection":[{"href":"https:\/\/lasprimeras.com.do\/index.php\/wp-json\/wp\/v2\/posts"}],"about":[{"href":"https:\/\/lasprimeras.com.do\/index.php\/wp-json\/wp\/v2\/types\/post"}],"author":[{"embeddable":true,"href":"https:\/\/lasprimeras.com.do\/index.php\/wp-json\/wp\/v2\/users\/2"}],"replies":[{"embeddable":true,"href":"https:\/\/lasprimeras.com.do\/index.php\/wp-json\/wp\/v2\/comments?post=53505"}],"version-history":[{"count":1,"href":"https:\/\/lasprimeras.com.do\/index.php\/wp-json\/wp\/v2\/posts\/53505\/revisions"}],"predecessor-version":[{"id":53508,"href":"https:\/\/lasprimeras.com.do\/index.php\/wp-json\/wp\/v2\/posts\/53505\/revisions\/53508"}],"wp:featuredmedia":[{"embeddable":true,"href":"https:\/\/lasprimeras.com.do\/index.php\/wp-json\/wp\/v2\/media\/53506"}],"wp:attachment":[{"href":"https:\/\/lasprimeras.com.do\/index.php\/wp-json\/wp\/v2\/media?parent=53505"}],"wp:term":[{"taxonomy":"category","embeddable":true,"href":"https:\/\/lasprimeras.com.do\/index.php\/wp-json\/wp\/v2\/categories?post=53505"},{"taxonomy":"post_tag","embeddable":true,"href":"https:\/\/lasprimeras.com.do\/index.php\/wp-json\/wp\/v2\/tags?post=53505"}],"curies":[{"name":"wp","href":"https:\/\/api.w.org\/{rel}","templated":true}]}}