{"id":53581,"date":"2023-06-28T20:48:49","date_gmt":"2023-06-29T00:48:49","guid":{"rendered":"https:\/\/lasprimeras.com.do\/?p=53581"},"modified":"2023-06-28T20:48:51","modified_gmt":"2023-06-29T00:48:51","slug":"presidente-abinader-sigue-burlandose-del-pueblo","status":"publish","type":"post","link":"https:\/\/lasprimeras.com.do\/index.php\/2023\/06\/28\/presidente-abinader-sigue-burlandose-del-pueblo\/","title":{"rendered":"Presidente Abinader sigue burl\u00e1ndose del pueblo"},"content":{"rendered":"\n<p><strong>PLD considera indignante y ficticias declaraciones del Presidente de la Rep\u00fablica quien afirma de la reducci\u00f3n de los homicidios.<\/strong><\/p>\n\n\n\n<p>El Partido de la Liberaci\u00f3n Dominicana considera como indignante y ficticias las declaraciones del presidente de la Rep\u00fablica de que los homicidios se han reducido durante el mes de junio en la Rep\u00fablica Dominicana.<\/p>\n\n\n\n<p>La refutaci\u00f3n fue hecha por el Gabinete T\u00e9cnico del Partido de la Liberaci\u00f3n Dominicana en rueda de prensa realizada este martes en la Casa Nacional Reinaldo Pared Pere, teniendo como vocera a Yineuris D\u00edaz subsecretaria de la Comisi\u00f3n de Defensa y Seguridad Nacional<\/p>\n\n\n\n<p>\u201cLa situaci\u00f3n de inseguridad es alarmante en nuestro pa\u00eds, los casos de homicidio y violencia han aumentado desde el inicio de este gobierno, que carece de pol\u00edticas p\u00fablicas para evitar la violencia y por ende disminuir los niveles de inseguridad\u201d, expres\u00f3 D\u00edaz.<\/p>\n\n\n\n<p>La tambi\u00e9n integrante del Comit\u00e9 Central del PLD, quien es experta en el tema, desminti\u00f3 la supuesta disminuci\u00f3n de la tasa de homicidios por 100 habitantes, datos que se apresta a publicar el pr\u00f3ximo lunes 3 de julio.<\/p>\n\n\n\n<p>\u201cCalificamos esta osad\u00eda del presidente y su gabinete de seguridad, como una burla al pueblo dominicano, puesto que es en este mes de junio del corriente a\u00f1o, el mes en que hemos vivido los mayores casos de violencia, homicidios desconocidos y criminalidad en nuestro pa\u00eds\u201d, expres\u00f3.<\/p>\n\n\n\n<p>Tras citar varios hechos de atracos, violencia y muerte ocurridos en el pa\u00eds este mes de junio, D\u00edaz dijo que el propio Centro de An\u00e1lisis del Ministerio de Interior y Polic\u00eda confirma el aumento significativo de la tasa de homicidios por cada 100 mil habitantes, que era de 9.2 a inicios de esta gesti\u00f3n en agosto del 2020 y a la fecha va en 13.7.<\/p>\n\n\n\n<p>\u201cDebemos resaltar, que dicha tasa y por consiguiente los niveles de inseguridad en nuestro pa\u00eds, eran de 26.3 en el a\u00f1o 2011 a inicios de la gesti\u00f3n del presidente Danilo Medina y este porcentaje disminuy\u00f3 cada a\u00f1o, esc\u00fachenlo bien, decreci\u00f3 cada a\u00f1o, hasta el t\u00e9rmino de su gesti\u00f3n en el a\u00f1o 2020, que era de 9.2\u201d, record\u00f3 la subsecretaria de Defensa y Seguridad Nacional del PLD.<\/p>\n\n\n\n<p>Refiri\u00f3 que este gobierno le ha mentido a la poblaci\u00f3n dominicana desde que estaba en la oposici\u00f3n, recordando el famoso \u00a8Plan Giuliani\u00a8, el cual ser\u00eda seg\u00fan el presidente del gobierno del PRM y en ese entonces candidato, la soluci\u00f3n al problema de la seguridad ciudadana.<\/p>\n\n\n\n<p>Resalt\u00f3 que la seguridad ciudadana se le ha salido de las manos, con una supuesta Reforma a la Polic\u00eda Nacional fallida, y que a prop\u00f3sito, en el d\u00eda de ayer el presidente tambi\u00e9n anunci\u00f3, que ha incrementado para este a\u00f1o el presupuesto para la misma a 4 mil millones extras, una Reforma de Polic\u00eda que s\u00f3lo se ha basado en medidas populistas e irreales, con un Fideicomiso que no ha sido presentado, ni estudiado por el Congreso Nacional, y un Comisionado Ejecutivo, que siendo de nacionalidad extranjera, es quien dirige la pol\u00edtica de seguridad interior del Estado.<\/p>\n\n\n\n<p>\u201cEste gobierno desde sus inicios ha puesto en marcha planes y operativos fantasmas, como lo son; el Plan Mi Pa\u00eds Seguro y en Paz, el patrullaje mixto, operaci\u00f3n Halc\u00f3n IV, entre otros, los cuales no han dado al traste con la disminuci\u00f3n de la violencia y la criminalidad en nuestro pa\u00eds\u201d, indic\u00f3 la experta en seguridad ciudadana.<\/p>\n\n\n\n<p>Acompa\u00f1aron a Yineuris D\u00edaz en la rueda de prensa Carlos Segura Foster, Celenia Vidal, V\u00edctor Bax, Winston Santos, Olgo Fern\u00e1ndez, Jevanny Arias y Taurino S\u00e1nchez.<\/p>\n\n\n\n<figure class=\"wp-block-embed is-type-rich is-provider-twitter wp-block-embed-twitter\"><div class=\"wp-block-embed__wrapper\">\n<div class=\"embed-twitter\"><blockquote class=\"twitter-tweet\" data-width=\"500\" data-dnt=\"true\"><p lang=\"es\" dir=\"ltr\">\u201cLa situaci\u00f3n de inseguridad es alarmante en nuestro pa\u00eds, los casos de homicidio y violencia han aumentado desde el inicio de este gobierno, que carece de pol\u00edticas p\u00fablicas para evitar la violencia y por ende disminuir los niveles de inseguridad\u201d, expres\u00f3 D\u00edaz. <a href=\"https:\/\/t.co\/IzO77uqPzZ\">pic.twitter.com\/IzO77uqPzZ<\/a><\/p>&mdash; PLD (@PLDenlinea) <a href=\"https:\/\/twitter.com\/PLDenlinea\/status\/1673751607337537536?ref_src=twsrc%5Etfw\">June 27, 2023<\/a><\/blockquote><script async src=\"https:\/\/platform.twitter.com\/widgets.js\" charset=\"utf-8\"><\/script><\/div>\n<\/div><\/figure>\n","protected":false},"excerpt":{"rendered":"<p>PLD considera indignante y ficticias declaraciones del Presidente de la Rep\u00fablica quien afirma de la reducci\u00f3n de los homicidios. El Partido de la Liberaci\u00f3n Dominicana considera como indignante y ficticias&hellip;<\/p>\n","protected":false},"author":2,"featured_media":53582,"comment_status":"open","ping_status":"open","sticky":false,"template":"","format":"standard","meta":{"content-type":"","jetpack_post_was_ever_published":false,"_jetpack_newsletter_access":"","_jetpack_dont_email_post_to_subs":false,"_jetpack_newsletter_tier_id":0,"_jetpack_memberships_contains_paywalled_content":false,"_jetpack_memberships_contains_paid_content":false,"footnotes":""},"categories":[1],"tags":[269],"class_list":["post-53581","post","type-post","status-publish","format-standard","has-post-thumbnail","hentry","category-sin-categoria","tag-pld"],"jetpack_featured_media_url":"https:\/\/lasprimeras.com.do\/wp-content\/uploads\/2023\/06\/Celenia-Vidal.jpg","jetpack-related-posts":[{"id":92937,"url":"https:\/\/lasprimeras.com.do\/index.php\/2025\/01\/19\/madre-e-hija-victimas-del-feminicidio-en-la-vega-eran-dirigentes-del-pld\/","url_meta":{"origin":53581,"position":0},"title":"Madre e hija v\u00edctimas del feminicidio en La Vega eran dirigentes del PLD","author":"Nelson Feliz","date":"19 de enero de 2025","format":false,"excerpt":"El Partido de la Liberaci\u00f3n Dominicana (PLD) est\u00e1 de luto en La Vega El Partido de la Liberaci\u00f3n Dominicana (PLD) en la Vega se manifest\u00f3 indignado y triste por las muertes inesperadas de dos connotadas dirigentes de la organizaci\u00f3n en un acto t\u00edpico de feminicidio. Se trata del tr\u00e1gico fallecimiento\u2026","rel":"","context":"En \u00abNACIONALES\u00bb","block_context":{"text":"NACIONALES","link":"https:\/\/lasprimeras.com.do\/index.php\/category\/nacionales\/"},"img":{"alt_text":"PLD Luto","src":"https:\/\/i0.wp.com\/lasprimeras.com.do\/wp-content\/uploads\/2025\/01\/PLD-Luto.jpg?resize=350%2C200&ssl=1","width":350,"height":200,"srcset":"https:\/\/i0.wp.com\/lasprimeras.com.do\/wp-content\/uploads\/2025\/01\/PLD-Luto.jpg?resize=350%2C200&ssl=1 1x, https:\/\/i0.wp.com\/lasprimeras.com.do\/wp-content\/uploads\/2025\/01\/PLD-Luto.jpg?resize=525%2C300&ssl=1 1.5x, https:\/\/i0.wp.com\/lasprimeras.com.do\/wp-content\/uploads\/2025\/01\/PLD-Luto.jpg?resize=700%2C400&ssl=1 2x"},"classes":[]},{"id":110204,"url":"https:\/\/lasprimeras.com.do\/index.php\/2025\/09\/26\/temistocles-montas-en-haiti-se-debe-desarrollar-el-estado-porque-no-existe\/","url_meta":{"origin":53581,"position":1},"title":"Tem\u00edstocles Mont\u00e1s : En Hait\u00ed se debe desarrollar el Estado, porque no existe","author":"Nelson Feliz","date":"26 de septiembre de 2025","format":false,"excerpt":"Mont\u00e1s explica que luego del Di\u00e1logo sobre la Crisis Haitiana y su Implicaci\u00f3n en Rep\u00fablica Dominicana, coordinado por el CES, lo importante es que se cumpla lo acordado El Partido de la Liberaci\u00f3n Dominicana asumi\u00f3 el compromiso respecto al tema haitiano en el marco del Di\u00e1logo impulsado por el Consejo\u2026","rel":"","context":"En \u00abPOLITICA\u00bb","block_context":{"text":"POLITICA","link":"https:\/\/lasprimeras.com.do\/index.php\/category\/politica\/"},"img":{"alt_text":"","src":"https:\/\/i0.wp.com\/lasprimeras.com.do\/wp-content\/uploads\/2025\/09\/Temistocles-Montas.jpg?resize=350%2C200&ssl=1","width":350,"height":200,"srcset":"https:\/\/i0.wp.com\/lasprimeras.com.do\/wp-content\/uploads\/2025\/09\/Temistocles-Montas.jpg?resize=350%2C200&ssl=1 1x, https:\/\/i0.wp.com\/lasprimeras.com.do\/wp-content\/uploads\/2025\/09\/Temistocles-Montas.jpg?resize=525%2C300&ssl=1 1.5x, https:\/\/i0.wp.com\/lasprimeras.com.do\/wp-content\/uploads\/2025\/09\/Temistocles-Montas.jpg?resize=700%2C400&ssl=1 2x"},"classes":[]},{"id":103949,"url":"https:\/\/lasprimeras.com.do\/index.php\/2025\/07\/20\/danilo-medina-desde-dajabon-el-pld-tiene-la-fuerza-moral-para-volver-a-prometer-y-cumplir\/","url_meta":{"origin":53581,"position":2},"title":"Danilo Medina desde Dajab\u00f3n: \u201cEl PLD tiene la fuerza moral para volver a prometer y cumplir\u201d","author":"Nelson Feliz","date":"20 de julio de 2025","format":false,"excerpt":"\u201cEl PLD debe volver a gobernar porque conoce el dolor de la gente\u201d El expresidente de la Rep\u00fablica y presidente del Partido de la Liberaci\u00f3n Dominicana (PLD), Danilo Medina, encabez\u00f3 este lunes una multitudinaria asamblea provincial en Dajab\u00f3n, donde, junto al secretario general de la organizaci\u00f3n, Johnny Pujols, exhort\u00f3 a\u2026","rel":"","context":"En \u00abPOLITICA\u00bb","block_context":{"text":"POLITICA","link":"https:\/\/lasprimeras.com.do\/index.php\/category\/politica\/"},"img":{"alt_text":"","src":"https:\/\/i0.wp.com\/lasprimeras.com.do\/wp-content\/uploads\/2025\/07\/Danilo-Medina-2-1.jpg?resize=350%2C200&ssl=1","width":350,"height":200,"srcset":"https:\/\/i0.wp.com\/lasprimeras.com.do\/wp-content\/uploads\/2025\/07\/Danilo-Medina-2-1.jpg?resize=350%2C200&ssl=1 1x, https:\/\/i0.wp.com\/lasprimeras.com.do\/wp-content\/uploads\/2025\/07\/Danilo-Medina-2-1.jpg?resize=525%2C300&ssl=1 1.5x, https:\/\/i0.wp.com\/lasprimeras.com.do\/wp-content\/uploads\/2025\/07\/Danilo-Medina-2-1.jpg?resize=700%2C400&ssl=1 2x"},"classes":[]},{"id":123695,"url":"https:\/\/lasprimeras.com.do\/index.php\/2026\/03\/04\/danilo-medina-juramenta-en-el-pld-dirigentes-renunciantes-del-pcr\/","url_meta":{"origin":53581,"position":3},"title":"Danilo Medina juramenta en el PLD dirigentes renunciantes del PCR","author":"Nelson Feliz","date":"4 de marzo de 2026","format":false,"excerpt":"Estructura nacional del Partido C\u00edvico Renovador se jurament\u00f3 en el PLD. El dirigente pol\u00edtico Nicol\u00e1s Concepci\u00f3n, hasta el pasado martes vicepresidente del Partido C\u00edvico Renovador (PCR), se jurament\u00f3 en el Partido de la Liberaci\u00f3n Dominicana, junto a su estructura de trabajo. El ingreso de Concepci\u00f3n a las filas del PLD\u2026","rel":"","context":"En \u00abPOLITICA\u00bb","block_context":{"text":"POLITICA","link":"https:\/\/lasprimeras.com.do\/index.php\/category\/politica\/"},"img":{"alt_text":"","src":"https:\/\/i0.wp.com\/lasprimeras.com.do\/wp-content\/uploads\/2026\/03\/WhatsApp-Image-2026-03-04-at-12.23.07-PM-1.jpeg?resize=350%2C200&ssl=1","width":350,"height":200,"srcset":"https:\/\/i0.wp.com\/lasprimeras.com.do\/wp-content\/uploads\/2026\/03\/WhatsApp-Image-2026-03-04-at-12.23.07-PM-1.jpeg?resize=350%2C200&ssl=1 1x, https:\/\/i0.wp.com\/lasprimeras.com.do\/wp-content\/uploads\/2026\/03\/WhatsApp-Image-2026-03-04-at-12.23.07-PM-1.jpeg?resize=525%2C300&ssl=1 1.5x, https:\/\/i0.wp.com\/lasprimeras.com.do\/wp-content\/uploads\/2026\/03\/WhatsApp-Image-2026-03-04-at-12.23.07-PM-1.jpeg?resize=700%2C400&ssl=1 2x, https:\/\/i0.wp.com\/lasprimeras.com.do\/wp-content\/uploads\/2026\/03\/WhatsApp-Image-2026-03-04-at-12.23.07-PM-1.jpeg?resize=1050%2C600&ssl=1 3x"},"classes":[]},{"id":76311,"url":"https:\/\/lasprimeras.com.do\/index.php\/2024\/02\/09\/dominguez-brito-se-le-esta-haciendo-un-grave-dano-a-la-democracia\/","url_meta":{"origin":53581,"position":4},"title":"Dom\u00ednguez Brito: Se le est\u00e1 haciendo un grave da\u00f1o a la democracia","author":"Nelson Feliz","date":"9 de febrero de 2024","format":false,"excerpt":"Francisco Dom\u00ednguez Brito considera vergonzoso y asqueante el uso y abuso de los dineros del pueblo para favorecer candidaturas del PRM. El miembro del Comit\u00e9 Pol\u00edtico del Partido de la Liberaci\u00f3n Dominicana (PLD) Francisco Dom\u00ednguez Brito, calific\u00f3 de vergonzoso el uso que se le est\u00e1 dando a los dineros del\u2026","rel":"","context":"En \u00abSin categor\u00eda\u00bb","block_context":{"text":"Sin categor\u00eda","link":"https:\/\/lasprimeras.com.do\/index.php\/category\/sin-categoria\/"},"img":{"alt_text":"","src":"","width":0,"height":0},"classes":[]},{"id":125947,"url":"https:\/\/lasprimeras.com.do\/index.php\/2026\/03\/27\/jaime-david-acusa-a-la-fp-de-sonsacar-a-dirigentes-del-pld\/","url_meta":{"origin":53581,"position":5},"title":"Jaime David acusa a la FP de sonsacar a dirigentes del PLD","author":"Nelson Feliz","date":"27 de marzo de 2026","format":false,"excerpt":"El ex vicepresidente de la Rep\u00fablica y miembro del Comit\u00e9 Pol\u00edtico del Partido de la Liberaci\u00f3n Dominicana (PLD), Jaime David Fern\u00e1ndez Mirabal, calific\u00f3 \u201cactitud de aves de carro\u00f1a\u201d de dirigentes del partido Fuerza del Pueblo de insistir en sonsacar a dirigentes del PLD para llevarlos a sus filas. \u201cEso no\u2026","rel":"","context":"En \u00abPOLITICA\u00bb","block_context":{"text":"POLITICA","link":"https:\/\/lasprimeras.com.do\/index.php\/category\/politica\/"},"img":{"alt_text":"Jaime David Fern\u00e1ndez Mirabal","src":"https:\/\/i0.wp.com\/lasprimeras.com.do\/wp-content\/uploads\/2026\/03\/Jaime-Sanchez-2.jpg?resize=350%2C200&ssl=1","width":350,"height":200,"srcset":"https:\/\/i0.wp.com\/lasprimeras.com.do\/wp-content\/uploads\/2026\/03\/Jaime-Sanchez-2.jpg?resize=350%2C200&ssl=1 1x, https:\/\/i0.wp.com\/lasprimeras.com.do\/wp-content\/uploads\/2026\/03\/Jaime-Sanchez-2.jpg?resize=525%2C300&ssl=1 1.5x, https:\/\/i0.wp.com\/lasprimeras.com.do\/wp-content\/uploads\/2026\/03\/Jaime-Sanchez-2.jpg?resize=700%2C400&ssl=1 2x"},"classes":[]}],"jetpack_sharing_enabled":true,"_links":{"self":[{"href":"https:\/\/lasprimeras.com.do\/index.php\/wp-json\/wp\/v2\/posts\/53581","targetHints":{"allow":["GET"]}}],"collection":[{"href":"https:\/\/lasprimeras.com.do\/index.php\/wp-json\/wp\/v2\/posts"}],"about":[{"href":"https:\/\/lasprimeras.com.do\/index.php\/wp-json\/wp\/v2\/types\/post"}],"author":[{"embeddable":true,"href":"https:\/\/lasprimeras.com.do\/index.php\/wp-json\/wp\/v2\/users\/2"}],"replies":[{"embeddable":true,"href":"https:\/\/lasprimeras.com.do\/index.php\/wp-json\/wp\/v2\/comments?post=53581"}],"version-history":[{"count":1,"href":"https:\/\/lasprimeras.com.do\/index.php\/wp-json\/wp\/v2\/posts\/53581\/revisions"}],"predecessor-version":[{"id":53583,"href":"https:\/\/lasprimeras.com.do\/index.php\/wp-json\/wp\/v2\/posts\/53581\/revisions\/53583"}],"wp:featuredmedia":[{"embeddable":true,"href":"https:\/\/lasprimeras.com.do\/index.php\/wp-json\/wp\/v2\/media\/53582"}],"wp:attachment":[{"href":"https:\/\/lasprimeras.com.do\/index.php\/wp-json\/wp\/v2\/media?parent=53581"}],"wp:term":[{"taxonomy":"category","embeddable":true,"href":"https:\/\/lasprimeras.com.do\/index.php\/wp-json\/wp\/v2\/categories?post=53581"},{"taxonomy":"post_tag","embeddable":true,"href":"https:\/\/lasprimeras.com.do\/index.php\/wp-json\/wp\/v2\/tags?post=53581"}],"curies":[{"name":"wp","href":"https:\/\/api.w.org\/{rel}","templated":true}]}}