{"id":53603,"date":"2023-06-29T00:19:11","date_gmt":"2023-06-29T04:19:11","guid":{"rendered":"https:\/\/lasprimeras.com.do\/?p=53603"},"modified":"2023-06-29T00:19:14","modified_gmt":"2023-06-29T04:19:14","slug":"phd-anuncia-en-julio-presentara-boleta-presidencial-y-candidatos-a-cargos-electivos","status":"publish","type":"post","link":"https:\/\/lasprimeras.com.do\/index.php\/2023\/06\/29\/phd-anuncia-en-julio-presentara-boleta-presidencial-y-candidatos-a-cargos-electivos\/","title":{"rendered":"PHD anuncia en julio presentar\u00e1 boleta presidencial y candidatos a cargos electivos"},"content":{"rendered":"\n<p>El presidente del Partido Humanista Dominicano (PHD), Ram\u00f3n Emilio Goris Taveras, inform\u00f3 que presentara su boleta presidencial y los candidatos a cargos electivos para las elecciones del 2024.<\/p>\n\n\n\n<p>El dirigente pol\u00edtico explic\u00f3 que los organismo de esa organizaci\u00f3n trabajan en lo que ser\u00e1 su propuesta de gobierno, que tendr\u00e1 10 o 12 temas relevantes,&nbsp; que la poblaci\u00f3n urge una soluci\u00f3n inmediata.<\/p>\n\n\n\n<p>Goris Taveras, indic\u00f3 que un equipo multidisciplinario elabora esa propuesta de gobierno que ser\u00e1 pr\u00f3ximamente presentada al electorado nacional.<\/p>\n\n\n\n<p>&#8220;Estamos trabajando arduamente para que a m\u00e1s tardar el pr\u00f3ximo mes compartir nuestro programa de gobierno con el electorado nacional, orientado en nuestra filosof\u00eda del humanismo cristianismo busca el bien com\u00fan. Presentaremos una propuesta de soluci\u00f3n a los problemas de la inseguridad ciudadana, educaci\u00f3n, salud, miner\u00eda y migraci\u00f3n ilegal&#8221;, declar\u00f3, el tambi\u00e9n diputado al PARLACEN.<\/p>\n\n\n\n<p>Inform\u00f3 que el PHD deposit\u00f3 la documentaci\u00f3n requerida por la Junta Central Electoral (JCE) relativa a las alianzas y la reservas de candidaturas como lo establece la Ley 33 -18 de Partidos Pol\u00edticos, Agrupaciones y Movimientos.<\/p>\n\n\n\n<p>Goris Taveras, agreg\u00f3 que &#8220;Cumplimos con lo que establece la normativa jur\u00eddica y nos reservamos 10 diputaciones, 100 regidur\u00edas, 40 vocales y 6 vice alcald\u00edas a nivel nacional&#8221;.<\/p>\n","protected":false},"excerpt":{"rendered":"<p>El presidente del Partido Humanista Dominicano (PHD), Ram\u00f3n Emilio Goris Taveras, inform\u00f3 que presentara su boleta presidencial y los candidatos a cargos electivos para las elecciones del 2024. El dirigente&hellip;<\/p>\n","protected":false},"author":2,"featured_media":52990,"comment_status":"open","ping_status":"open","sticky":false,"template":"","format":"standard","meta":{"content-type":"","jetpack_post_was_ever_published":false,"_jetpack_newsletter_access":"","_jetpack_dont_email_post_to_subs":false,"_jetpack_newsletter_tier_id":0,"_jetpack_memberships_contains_paywalled_content":false,"_jetpack_memberships_contains_paid_content":false,"footnotes":""},"categories":[1],"tags":[4041],"class_list":["post-53603","post","type-post","status-publish","format-standard","has-post-thumbnail","hentry","category-sin-categoria","tag-ramon-emilio-goris-taveras"],"jetpack_featured_media_url":"https:\/\/lasprimeras.com.do\/wp-content\/uploads\/2023\/06\/Ramon-Emilio-Goris-Taveras.jpg","jetpack-related-posts":[{"id":73256,"url":"https:\/\/lasprimeras.com.do\/index.php\/2024\/01\/08\/phd-afirma-que-a-la-politica-hay-que-ponerle-contenido-a-favor-del-electorado\/","url_meta":{"origin":53603,"position":0},"title":"PHD afirma que a la pol\u00edtica hay que ponerle contenido a favor del electorado","author":"Nelson Feliz","date":"8 de enero de 2024","format":false,"excerpt":"El presidente del Partido Humanista Dominicano (PHD), Ram\u00f3n Emilio Goris, sugiri\u00f3 a los candidatos y candidatas a cargos electivos de su organizaci\u00f3n ponerle contenido pol\u00edtico y social a sus planes y propuestas para enriquecer el debate y atraer una mayor participaci\u00f3n de votantes en las pr\u00f3ximas elecciones de febrero y\u2026","rel":"","context":"En \u00abPORTADA\u00bb","block_context":{"text":"PORTADA","link":"https:\/\/lasprimeras.com.do\/index.php\/category\/portada\/"},"img":{"alt_text":"Ram\u00f3n Emilio Goris Taveras","src":"https:\/\/i0.wp.com\/lasprimeras.com.do\/wp-content\/uploads\/2023\/06\/Ramon-Emilio-Goris-Taveras.jpg?resize=350%2C200&ssl=1","width":350,"height":200,"srcset":"https:\/\/i0.wp.com\/lasprimeras.com.do\/wp-content\/uploads\/2023\/06\/Ramon-Emilio-Goris-Taveras.jpg?resize=350%2C200&ssl=1 1x, https:\/\/i0.wp.com\/lasprimeras.com.do\/wp-content\/uploads\/2023\/06\/Ramon-Emilio-Goris-Taveras.jpg?resize=525%2C300&ssl=1 1.5x, https:\/\/i0.wp.com\/lasprimeras.com.do\/wp-content\/uploads\/2023\/06\/Ramon-Emilio-Goris-Taveras.jpg?resize=700%2C400&ssl=1 2x"},"classes":[]},{"id":63772,"url":"https:\/\/lasprimeras.com.do\/index.php\/2023\/10\/15\/otorgan-poderes-al-phd-para-concerta-alianza-con-cualquier-organizacion-politica\/","url_meta":{"origin":53603,"position":1},"title":"Otorgan poderes al PHD para concerta alianza con cualquier organizaci\u00f3n pol\u00edtica","author":"Nelson Feliz","date":"15 de octubre de 2023","format":false,"excerpt":"PHD celebra convenci\u00f3n y escoge candidatos a cargos electivos para 2024 El Partido Humanista Dominicano (PHD) celebr\u00f3 este domingo su VII Convenci\u00f3n Nacional Extraordinaria donde refrend\u00f3 su pol\u00edtica de alianzas y present\u00f3 sus candidatos a cargos electivos para las elecciones municipales y congresionales del pr\u00f3ximo a\u00f1o, seg\u00fan inform\u00f3 su presidente\u2026","rel":"","context":"En \u00abPORTADA\u00bb","block_context":{"text":"PORTADA","link":"https:\/\/lasprimeras.com.do\/index.php\/category\/portada\/"},"img":{"alt_text":"PHD","src":"https:\/\/i0.wp.com\/lasprimeras.com.do\/wp-content\/uploads\/2023\/10\/PHD-1.jpg?resize=350%2C200&ssl=1","width":350,"height":200,"srcset":"https:\/\/i0.wp.com\/lasprimeras.com.do\/wp-content\/uploads\/2023\/10\/PHD-1.jpg?resize=350%2C200&ssl=1 1x, https:\/\/i0.wp.com\/lasprimeras.com.do\/wp-content\/uploads\/2023\/10\/PHD-1.jpg?resize=525%2C300&ssl=1 1.5x, https:\/\/i0.wp.com\/lasprimeras.com.do\/wp-content\/uploads\/2023\/10\/PHD-1.jpg?resize=700%2C400&ssl=1 2x"},"classes":[]},{"id":54377,"url":"https:\/\/lasprimeras.com.do\/index.php\/2023\/07\/10\/phd-pospone-conocimiento-de-alianza-presidencial\/","url_meta":{"origin":53603,"position":2},"title":"PHD pospone conocimiento de alianza presidencial","author":"Nelson Feliz","date":"10 de julio de 2023","format":false,"excerpt":"El Partido Humanista Dominicano ominicano (PHD) posterg\u00f3 la decisi\u00f3n de conocer la propuesta para posible alianza y selecci\u00f3n del candidatos presidencial que llevar\u00e1 esta organizaci\u00f3n pol\u00edtica de caras a participar en el pr\u00f3ximo torneo electoral de la Rep\u00fablica Dominicana. El presidente del PHD, Ram\u00f3n Emilio Goris , explic\u00f3 que la\u2026","rel":"","context":"En \u00abPORTADA\u00bb","block_context":{"text":"PORTADA","link":"https:\/\/lasprimeras.com.do\/index.php\/category\/portada\/"},"img":{"alt_text":"Ram\u00f3n Emilio Goris Taveras","src":"https:\/\/i0.wp.com\/lasprimeras.com.do\/wp-content\/uploads\/2023\/06\/Ramon-Emilio-Goris-Taveras.jpg?resize=350%2C200&ssl=1","width":350,"height":200,"srcset":"https:\/\/i0.wp.com\/lasprimeras.com.do\/wp-content\/uploads\/2023\/06\/Ramon-Emilio-Goris-Taveras.jpg?resize=350%2C200&ssl=1 1x, https:\/\/i0.wp.com\/lasprimeras.com.do\/wp-content\/uploads\/2023\/06\/Ramon-Emilio-Goris-Taveras.jpg?resize=525%2C300&ssl=1 1.5x, https:\/\/i0.wp.com\/lasprimeras.com.do\/wp-content\/uploads\/2023\/06\/Ramon-Emilio-Goris-Taveras.jpg?resize=700%2C400&ssl=1 2x"},"classes":[]},{"id":55698,"url":"https:\/\/lasprimeras.com.do\/index.php\/2023\/07\/24\/phd-juramenta-decenas-de-nuevos-integrantes-a-su-comite-municipal-en-santa-barbara-de-samana\/","url_meta":{"origin":53603,"position":3},"title":"PHD juramenta decenas de nuevos integrantes a su comit\u00e9 municipal en Santa B\u00e1rbara de Saman\u00e1","author":"Nelson Feliz","date":"24 de julio de 2023","format":false,"excerpt":"El Partido Humanista Dominicano (PHD) jurament\u00f3 a m\u00e1s de un centenar de nuevos miembros a esa organizaci\u00f3n pol\u00edtica en el municipio de Santa B\u00e1rbara de la provincia de Saman\u00e1; quienes fueron juramentados por el presidente de la entidad, Ram\u00f3n Emilio Goris Taveras y de inmediato asumieron el compromiso de trabajar\u2026","rel":"","context":"En \u00abPORTADA\u00bb","block_context":{"text":"PORTADA","link":"https:\/\/lasprimeras.com.do\/index.php\/category\/portada\/"},"img":{"alt_text":"Ram\u00f3n Emilio Goris","src":"https:\/\/i0.wp.com\/lasprimeras.com.do\/wp-content\/uploads\/2023\/07\/Ramon-Emilio-Goris.jpg?resize=350%2C200&ssl=1","width":350,"height":200,"srcset":"https:\/\/i0.wp.com\/lasprimeras.com.do\/wp-content\/uploads\/2023\/07\/Ramon-Emilio-Goris.jpg?resize=350%2C200&ssl=1 1x, https:\/\/i0.wp.com\/lasprimeras.com.do\/wp-content\/uploads\/2023\/07\/Ramon-Emilio-Goris.jpg?resize=525%2C300&ssl=1 1.5x, https:\/\/i0.wp.com\/lasprimeras.com.do\/wp-content\/uploads\/2023\/07\/Ramon-Emilio-Goris.jpg?resize=700%2C400&ssl=1 2x"},"classes":[]},{"id":65128,"url":"https:\/\/lasprimeras.com.do\/index.php\/2023\/10\/25\/phd-llega-acuerdo-con-el-prm\/","url_meta":{"origin":53603,"position":4},"title":"PHD llega acuerdo con el PRM","author":"Nelson Feliz","date":"25 de octubre de 2023","format":false,"excerpt":"\"Hemos llegado a una mayor aproximaci\u00f3n para la posibilidad de una alianza pol\u00edtica con el PRM\", asegura, el dirigente pol\u00edtico. Roberto Moncl\u00fas El presidente del Partido Humanista Dominicano, Ram\u00f3n Emilio Goris Taveras, en un comunicado emitido hoy, ha destacado la importancia de que las actuales autoridades contin\u00faen avanzando en la\u2026","rel":"","context":"En \u00abSin categor\u00eda\u00bb","block_context":{"text":"Sin categor\u00eda","link":"https:\/\/lasprimeras.com.do\/index.php\/category\/sin-categoria\/"},"img":{"alt_text":"Ram\u00f3n Emilio Goris","src":"https:\/\/i0.wp.com\/lasprimeras.com.do\/wp-content\/uploads\/2023\/10\/Ramon-Emilio-Goris-Taveras.jpg?resize=350%2C200&ssl=1","width":350,"height":200,"srcset":"https:\/\/i0.wp.com\/lasprimeras.com.do\/wp-content\/uploads\/2023\/10\/Ramon-Emilio-Goris-Taveras.jpg?resize=350%2C200&ssl=1 1x, https:\/\/i0.wp.com\/lasprimeras.com.do\/wp-content\/uploads\/2023\/10\/Ramon-Emilio-Goris-Taveras.jpg?resize=525%2C300&ssl=1 1.5x, https:\/\/i0.wp.com\/lasprimeras.com.do\/wp-content\/uploads\/2023\/10\/Ramon-Emilio-Goris-Taveras.jpg?resize=700%2C400&ssl=1 2x"},"classes":[]},{"id":55911,"url":"https:\/\/lasprimeras.com.do\/index.php\/2023\/07\/26\/phd-imparte-taller-de-formacion-politica-e-induccion-del-humanismo-cristiano\/","url_meta":{"origin":53603,"position":5},"title":"PHD imparte taller de formaci\u00f3n pol\u00edtica e inducci\u00f3n del humanismo cristiano","author":"Nelson Feliz","date":"26 de julio de 2023","format":false,"excerpt":"Ram\u00f3n Emilio Goris Taveras, presidente del PHD, resalta la importancia de la capacitaci\u00f3n pol\u00edtica. El presidente del Partido Humanista Dominicano (PHD), Ram\u00f3n Emilio Goris Taveras, destac\u00f3 la importancia de la formaci\u00f3n pol\u00edtica para tener una nueva generaci\u00f3n rica en valores \u00e9ticos en la Administraci\u00f3n P\u00fablica, en los ayuntamientos y en\u2026","rel":"","context":"En \u00abPORTADA\u00bb","block_context":{"text":"PORTADA","link":"https:\/\/lasprimeras.com.do\/index.php\/category\/portada\/"},"img":{"alt_text":"","src":"https:\/\/i0.wp.com\/lasprimeras.com.do\/wp-content\/uploads\/2023\/07\/PHD-TALLER.jpg?resize=350%2C200&ssl=1","width":350,"height":200,"srcset":"https:\/\/i0.wp.com\/lasprimeras.com.do\/wp-content\/uploads\/2023\/07\/PHD-TALLER.jpg?resize=350%2C200&ssl=1 1x, https:\/\/i0.wp.com\/lasprimeras.com.do\/wp-content\/uploads\/2023\/07\/PHD-TALLER.jpg?resize=525%2C300&ssl=1 1.5x, https:\/\/i0.wp.com\/lasprimeras.com.do\/wp-content\/uploads\/2023\/07\/PHD-TALLER.jpg?resize=700%2C400&ssl=1 2x"},"classes":[]}],"jetpack_sharing_enabled":true,"_links":{"self":[{"href":"https:\/\/lasprimeras.com.do\/index.php\/wp-json\/wp\/v2\/posts\/53603","targetHints":{"allow":["GET"]}}],"collection":[{"href":"https:\/\/lasprimeras.com.do\/index.php\/wp-json\/wp\/v2\/posts"}],"about":[{"href":"https:\/\/lasprimeras.com.do\/index.php\/wp-json\/wp\/v2\/types\/post"}],"author":[{"embeddable":true,"href":"https:\/\/lasprimeras.com.do\/index.php\/wp-json\/wp\/v2\/users\/2"}],"replies":[{"embeddable":true,"href":"https:\/\/lasprimeras.com.do\/index.php\/wp-json\/wp\/v2\/comments?post=53603"}],"version-history":[{"count":1,"href":"https:\/\/lasprimeras.com.do\/index.php\/wp-json\/wp\/v2\/posts\/53603\/revisions"}],"predecessor-version":[{"id":53604,"href":"https:\/\/lasprimeras.com.do\/index.php\/wp-json\/wp\/v2\/posts\/53603\/revisions\/53604"}],"wp:featuredmedia":[{"embeddable":true,"href":"https:\/\/lasprimeras.com.do\/index.php\/wp-json\/wp\/v2\/media\/52990"}],"wp:attachment":[{"href":"https:\/\/lasprimeras.com.do\/index.php\/wp-json\/wp\/v2\/media?parent=53603"}],"wp:term":[{"taxonomy":"category","embeddable":true,"href":"https:\/\/lasprimeras.com.do\/index.php\/wp-json\/wp\/v2\/categories?post=53603"},{"taxonomy":"post_tag","embeddable":true,"href":"https:\/\/lasprimeras.com.do\/index.php\/wp-json\/wp\/v2\/tags?post=53603"}],"curies":[{"name":"wp","href":"https:\/\/api.w.org\/{rel}","templated":true}]}}