{"id":53608,"date":"2023-06-29T00:34:13","date_gmt":"2023-06-29T04:34:13","guid":{"rendered":"https:\/\/lasprimeras.com.do\/?p=53608"},"modified":"2023-06-29T00:34:14","modified_gmt":"2023-06-29T04:34:14","slug":"alexy-de-la-cruz-y-cristian-pinales-ganan-oro-en-boxeo-de-san-salvador-2023","status":"publish","type":"post","link":"https:\/\/lasprimeras.com.do\/index.php\/2023\/06\/29\/alexy-de-la-cruz-y-cristian-pinales-ganan-oro-en-boxeo-de-san-salvador-2023\/","title":{"rendered":"Alexy de la Cruz y Cristian Pinales ganan oro en boxeo de San Salvador 2023"},"content":{"rendered":"\n<p><strong>El boxeo tambi\u00e9n logr\u00f3 cuatro medallas de plata en la jornada para RD.<\/strong><\/p>\n\n\n\n<p>El boxeo masculino otorg\u00f3 a la Rep\u00fablica Dominicana dos medallas de oro al cierre de la jornada del mi\u00e9rcoles de los Juegos Centroamericanos y del Caribe que tienen lugar en la capital salvadore\u00f1a.<\/p>\n\n\n\n<p>En los 63.5 kilos, Alexy de la Cruz se colg\u00f3 el metal dorado al derrotar en la final al cubano Erislandy \u00c1lvarez por 4-1, un resultado que redondea una carrera que incluye medalla de bronce en el Mundial de 2021.<\/p>\n\n\n\n<p>De la Cruz se ha ba\u00f1ado del metal de m\u00e1s valor al dar cuenta de \u00c1lvarez, quien lo hab\u00eda vencido en mayo pasado en cuartos de final del Mundial de Uzbekist\u00e1n.<\/p>\n\n\n\n<p>M\u00e1s adelante en la jornada quien puso a sonar el himno nacional fue Cristian Pinales, en los 80 kilos al imponerse por 5-0 al colombiano Jhojan Caicedo.<\/p>\n\n\n\n<figure class=\"wp-block-image size-large\"><img decoding=\"async\" width=\"683\" height=\"1024\" src=\"https:\/\/lasprimeras.com.do\/wp-content\/uploads\/2023\/06\/Cristian-Pinales-muestra-su-metal-dorado-tras-la-ceremonia-de-premiacion-683x1024.jpeg\" alt=\"\" class=\"wp-image-53610\" srcset=\"https:\/\/lasprimeras.com.do\/wp-content\/uploads\/2023\/06\/Cristian-Pinales-muestra-su-metal-dorado-tras-la-ceremonia-de-premiacion-683x1024.jpeg 683w, https:\/\/lasprimeras.com.do\/wp-content\/uploads\/2023\/06\/Cristian-Pinales-muestra-su-metal-dorado-tras-la-ceremonia-de-premiacion-200x300.jpeg 200w, https:\/\/lasprimeras.com.do\/wp-content\/uploads\/2023\/06\/Cristian-Pinales-muestra-su-metal-dorado-tras-la-ceremonia-de-premiacion-768x1152.jpeg 768w, https:\/\/lasprimeras.com.do\/wp-content\/uploads\/2023\/06\/Cristian-Pinales-muestra-su-metal-dorado-tras-la-ceremonia-de-premiacion-1024x1536.jpeg 1024w, https:\/\/lasprimeras.com.do\/wp-content\/uploads\/2023\/06\/Cristian-Pinales-muestra-su-metal-dorado-tras-la-ceremonia-de-premiacion.jpeg 1066w\" sizes=\"(max-width: 683px) 100vw, 683px\" \/><\/figure>\n\n\n\n<p>Pinales ven\u00eda de dejar en el camino en semifinal al cubano Arlen L\u00f3pez, actual bicampe\u00f3n ol\u00edmpico.<\/p>\n\n\n\n<p>Ante el cafetero, el romanense no dio tregua e hizo la pelea perfecta para entregar el metal dorado al pa\u00eds.<\/p>\n\n\n\n<p>Un cierre de jornada que coron\u00f3 una fecha fruct\u00edfera para los guantes quisqueyanos, que se quedaron con otras cuatro medallas de plata.<\/p>\n\n\n\n<p>Yunior Alc\u00e1ntara se conform\u00f3 con la plata en los 51 kilos al perder en la final por 5-0 del colombiano Yuberjen Mart\u00ednez.<\/p>\n\n\n\n<p>En los 66 kilos femenino, Mar\u00eda Moronta cay\u00f3 en la final ante la puertorrique\u00f1a Stephanie Pinales por 3-2.<\/p>\n\n\n\n<p>En los 60 kilos, Jessica Mu\u00f1oz perdi\u00f3 frente a la colombiana Angie Valdez por 5-0 y antes Estefany Alm\u00e1nzar cedi\u00f3 ante la cafetera Yeni Arias por 3-2, en los 54 kilos.<\/p>\n","protected":false},"excerpt":{"rendered":"<p>El boxeo tambi\u00e9n logr\u00f3 cuatro medallas de plata en la jornada para RD. El boxeo masculino otorg\u00f3 a la Rep\u00fablica Dominicana dos medallas de oro al cierre de la jornada&hellip;<\/p>\n","protected":false},"author":2,"featured_media":53609,"comment_status":"open","ping_status":"open","sticky":false,"template":"","format":"standard","meta":{"content-type":"","jetpack_post_was_ever_published":false,"_jetpack_newsletter_access":"","_jetpack_dont_email_post_to_subs":false,"_jetpack_newsletter_tier_id":0,"_jetpack_memberships_contains_paywalled_content":false,"_jetpack_memberships_contains_paid_content":false,"footnotes":""},"categories":[1],"tags":[4047,4045,4048,4046,4049],"class_list":["post-53608","post","type-post","status-publish","format-standard","has-post-thumbnail","hentry","category-sin-categoria","tag-alexy-de-la-cruz","tag-boxeo","tag-cristian-pinales","tag-ganan-oro","tag-san-salvador-2023"],"jetpack_featured_media_url":"https:\/\/lasprimeras.com.do\/wp-content\/uploads\/2023\/06\/Alexy-de-la-Cruz-exhibe-su-medalla-de-oro-lograda-en-los-63.5-kilos.jpg","jetpack-related-posts":[{"id":90073,"url":"https:\/\/lasprimeras.com.do\/index.php\/2024\/10\/12\/senado-aprueba-resolucion-que-reconoce-a-medallista-cristian-pinales\/","url_meta":{"origin":53608,"position":0},"title":"Senado aprueba resoluci\u00f3n que reconoce a medallista Cristian Pinales","author":"Nelson Feliz","date":"12 de octubre de 2024","format":false,"excerpt":"El Senado de la Rep\u00fablica aprob\u00f3 la resoluci\u00f3n sometida por el senador de la provincia de La Romana, Eduard Espiritusanto, que reconoce al boxeador romanense Cristian Javier Pinales, quien recientemente conquist\u00f3 la medalla de bronce en la categor\u00eda de 80 kilogramos en los Juegos Ol\u00edmpicos de Par\u00eds 2024. Pinales, nativo\u2026","rel":"","context":"En \u00abSin categor\u00eda\u00bb","block_context":{"text":"Sin categor\u00eda","link":"https:\/\/lasprimeras.com.do\/index.php\/category\/sin-categoria\/"},"img":{"alt_text":"Eduard Espiritusanto","src":"https:\/\/i0.wp.com\/lasprimeras.com.do\/wp-content\/uploads\/2024\/10\/Eduard-Espiritusanto-1.jpg?resize=350%2C200&ssl=1","width":350,"height":200,"srcset":"https:\/\/i0.wp.com\/lasprimeras.com.do\/wp-content\/uploads\/2024\/10\/Eduard-Espiritusanto-1.jpg?resize=350%2C200&ssl=1 1x, https:\/\/i0.wp.com\/lasprimeras.com.do\/wp-content\/uploads\/2024\/10\/Eduard-Espiritusanto-1.jpg?resize=525%2C300&ssl=1 1.5x, https:\/\/i0.wp.com\/lasprimeras.com.do\/wp-content\/uploads\/2024\/10\/Eduard-Espiritusanto-1.jpg?resize=700%2C400&ssl=1 2x"},"classes":[]},{"id":54341,"url":"https:\/\/lasprimeras.com.do\/index.php\/2023\/07\/10\/dominicana-retuvo-el-quinto-lugar-y-logro-historico-de-medallas-en-juegos-centroamericanos-pero-freno-el-ritmo\/","url_meta":{"origin":53608,"position":1},"title":"Dominicana retuvo el quinto lugar y logr\u00f3 hist\u00f3rico de medallas en Juegos Centroamericanos, pero fren\u00f3 el ritmo","author":"Nelson Feliz","date":"10 de julio de 2023","format":false,"excerpt":"El pa\u00eds dobl\u00f3 la inversi\u00f3n con relaci\u00f3n a los Juegos de Barranquilla 2018 En San Salvador, que el s\u00e1bado baj\u00f3 el tel\u00f3n a la versi\u00f3n 24 de los Juegos Centroamericanos y del Caribe, el deporte dominicano defendi\u00f3 por los pelos ese quinto lugar que asalt\u00f3 en 2010 y no ha\u2026","rel":"","context":"En \u00abSin categor\u00eda\u00bb","block_context":{"text":"Sin categor\u00eda","link":"https:\/\/lasprimeras.com.do\/index.php\/category\/sin-categoria\/"},"img":{"alt_text":"","src":"https:\/\/i0.wp.com\/lasprimeras.com.do\/wp-content\/uploads\/2023\/07\/El-relevo-4X400-mixto-ratifico-su-condicion-de-campeon-mundial-de-la-especialidad.jpg?resize=350%2C200&ssl=1","width":350,"height":200,"srcset":"https:\/\/i0.wp.com\/lasprimeras.com.do\/wp-content\/uploads\/2023\/07\/El-relevo-4X400-mixto-ratifico-su-condicion-de-campeon-mundial-de-la-especialidad.jpg?resize=350%2C200&ssl=1 1x, https:\/\/i0.wp.com\/lasprimeras.com.do\/wp-content\/uploads\/2023\/07\/El-relevo-4X400-mixto-ratifico-su-condicion-de-campeon-mundial-de-la-especialidad.jpg?resize=525%2C300&ssl=1 1.5x, https:\/\/i0.wp.com\/lasprimeras.com.do\/wp-content\/uploads\/2023\/07\/El-relevo-4X400-mixto-ratifico-su-condicion-de-campeon-mundial-de-la-especialidad.jpg?resize=700%2C400&ssl=1 2x"},"classes":[]},{"id":86938,"url":"https:\/\/lasprimeras.com.do\/index.php\/2024\/08\/04\/dominicanos-alcantara-y-pinales-caen-en-semis-y-se-quedan-con-el-bronce-en-boxeo-olimpico\/","url_meta":{"origin":53608,"position":2},"title":"Dominicanos Alc\u00e1ntara y Pinales caen en semis y se quedan con el bronce en boxeo ol\u00edmpico","author":"Nelson Feliz","date":"4 de agosto de 2024","format":false,"excerpt":"By LE\u00d3N FELIPE GIR\u00d3N VILLEPINTE, Francia (AP) \u2014 El dominicano Yunior Alc\u00e1ntara se mantuvo firme en su plan de pelea, imperturbable ante la presi\u00f3n de toda una arena que ped\u00eda a gritos su victoria. El plan fue el correcto, el resultado no, y ahora Alc\u00e1ntara se queda con una medalla\u2026","rel":"","context":"En \u00abSin categor\u00eda\u00bb","block_context":{"text":"Sin categor\u00eda","link":"https:\/\/lasprimeras.com.do\/index.php\/category\/sin-categoria\/"},"img":{"alt_text":"Yunior Alc\u00e1ntara","src":"https:\/\/i0.wp.com\/lasprimeras.com.do\/wp-content\/uploads\/2024\/08\/Yunior-Alcantara.png?resize=350%2C200&ssl=1","width":350,"height":200,"srcset":"https:\/\/i0.wp.com\/lasprimeras.com.do\/wp-content\/uploads\/2024\/08\/Yunior-Alcantara.png?resize=350%2C200&ssl=1 1x, https:\/\/i0.wp.com\/lasprimeras.com.do\/wp-content\/uploads\/2024\/08\/Yunior-Alcantara.png?resize=525%2C300&ssl=1 1.5x, https:\/\/i0.wp.com\/lasprimeras.com.do\/wp-content\/uploads\/2024\/08\/Yunior-Alcantara.png?resize=700%2C400&ssl=1 2x"},"classes":[]},{"id":99371,"url":"https:\/\/lasprimeras.com.do\/index.php\/2025\/05\/20\/senado-reconoce-al-boxeador-cristian-pinales-medallista-de-bronce-juegos-olimpicos-de-paris-2024\/","url_meta":{"origin":53608,"position":3},"title":"Senado reconoce al boxeador Cristian Pinales, medallista de bronce Juegos Ol\u00edmpicos de Par\u00eds 2024","author":"Nelson Feliz","date":"20 de mayo de 2025","format":false,"excerpt":"Por Elvis Castro Hern\u00e1ndez El Senado de la Rep\u00fablica reconoci\u00f3, este martes, al boxeador Cristian Pinales, por haber obtenido medalla de bronce en los Juegos Ol\u00edmpicos de Par\u00eds 2024, en la categor\u00eda de 80 kilogramos, poniendo en alto el nombre de la Rep\u00fablica Dominicana. El presidente de la Chamara Alta,\u2026","rel":"","context":"En \u00abDEPORTES\u00bb","block_context":{"text":"DEPORTES","link":"https:\/\/lasprimeras.com.do\/index.php\/category\/deportes\/"},"img":{"alt_text":"Ricardo de los Santos","src":"https:\/\/i0.wp.com\/lasprimeras.com.do\/wp-content\/uploads\/2025\/05\/Ricardo-de-los-Santos-3-1.jpg?resize=350%2C200&ssl=1","width":350,"height":200,"srcset":"https:\/\/i0.wp.com\/lasprimeras.com.do\/wp-content\/uploads\/2025\/05\/Ricardo-de-los-Santos-3-1.jpg?resize=350%2C200&ssl=1 1x, https:\/\/i0.wp.com\/lasprimeras.com.do\/wp-content\/uploads\/2025\/05\/Ricardo-de-los-Santos-3-1.jpg?resize=525%2C300&ssl=1 1.5x, https:\/\/i0.wp.com\/lasprimeras.com.do\/wp-content\/uploads\/2025\/05\/Ricardo-de-los-Santos-3-1.jpg?resize=700%2C400&ssl=1 2x"},"classes":[]},{"id":65294,"url":"https:\/\/lasprimeras.com.do\/index.php\/2023\/10\/27\/republica-dominicana-asciende-al-septimo-lugar-en-panamericanos\/","url_meta":{"origin":53608,"position":4},"title":"Rep\u00fablica Dominicana asciende al s\u00e9ptimo lugar en Panamericanos","author":"BIMARY DE JES\u00daS Matos","date":"27 de octubre de 2023","format":false,"excerpt":"SANTIAGO, Chile. Tras la conclusi\u00f3n de la jornada VII de la XIX edici\u00f3n de los Juegos Panamericanos de Chile, la Rep\u00fablica Dominicana ascendi\u00f3 a la s\u00e9ptima posici\u00f3n del medallero general. Con la presea de oro del equipo de voleibol femenino, y las dos preseas de bronce del boxeo, la delegaci\u00f3n\u2026","rel":"","context":"En \u00abSin categor\u00eda\u00bb","block_context":{"text":"Sin categor\u00eda","link":"https:\/\/lasprimeras.com.do\/index.php\/category\/sin-categoria\/"},"img":{"alt_text":"","src":"https:\/\/i0.wp.com\/lasprimeras.com.do\/wp-content\/uploads\/2023\/10\/WhatsApp-Image-2023-10-26-at-6.18.01-PM-4.jpeg?resize=350%2C200&ssl=1","width":350,"height":200,"srcset":"https:\/\/i0.wp.com\/lasprimeras.com.do\/wp-content\/uploads\/2023\/10\/WhatsApp-Image-2023-10-26-at-6.18.01-PM-4.jpeg?resize=350%2C200&ssl=1 1x, https:\/\/i0.wp.com\/lasprimeras.com.do\/wp-content\/uploads\/2023\/10\/WhatsApp-Image-2023-10-26-at-6.18.01-PM-4.jpeg?resize=525%2C300&ssl=1 1.5x"},"classes":[]},{"id":80963,"url":"https:\/\/lasprimeras.com.do\/index.php\/2024\/04\/15\/rd-se-lleva-el-tercer-lugar-en-la-categoria-de-poomsae-del-dominican-open-de-taekwondo\/","url_meta":{"origin":53608,"position":5},"title":"RD se lleva el tercer lugar en la categor\u00eda de poomsae del Dominican Open de Taekwondo","author":"BIMARY DE JES\u00daS Matos","date":"15 de abril de 2024","format":false,"excerpt":"Santo Domingo. \u2013 Rep\u00fablica Dominicana conquist\u00f3 dos medallas de oro y dos de bronce para finalizar en el tercer lugar de la categor\u00eda poomsae (combate simulado), que se celebr\u00f3 este s\u00e1bado dentro del Dominican Open de Taekwondo que finaliza este domingo en el Palacio de Voleibol del Centro Ol\u00edmpico Juan\u2026","rel":"","context":"En \u00abSin categor\u00eda\u00bb","block_context":{"text":"Sin categor\u00eda","link":"https:\/\/lasprimeras.com.do\/index.php\/category\/sin-categoria\/"},"img":{"alt_text":"","src":"https:\/\/i0.wp.com\/lasprimeras.com.do\/wp-content\/uploads\/2024\/04\/7745dfde-456a-4a7d-aae2-970a54c76356-1024x682-1.webp?resize=350%2C200&ssl=1","width":350,"height":200,"srcset":"https:\/\/i0.wp.com\/lasprimeras.com.do\/wp-content\/uploads\/2024\/04\/7745dfde-456a-4a7d-aae2-970a54c76356-1024x682-1.webp?resize=350%2C200&ssl=1 1x, https:\/\/i0.wp.com\/lasprimeras.com.do\/wp-content\/uploads\/2024\/04\/7745dfde-456a-4a7d-aae2-970a54c76356-1024x682-1.webp?resize=525%2C300&ssl=1 1.5x, https:\/\/i0.wp.com\/lasprimeras.com.do\/wp-content\/uploads\/2024\/04\/7745dfde-456a-4a7d-aae2-970a54c76356-1024x682-1.webp?resize=700%2C400&ssl=1 2x, https:\/\/i0.wp.com\/lasprimeras.com.do\/wp-content\/uploads\/2024\/04\/7745dfde-456a-4a7d-aae2-970a54c76356-1024x682-1.webp?resize=1050%2C600&ssl=1 3x, https:\/\/i0.wp.com\/lasprimeras.com.do\/wp-content\/uploads\/2024\/04\/7745dfde-456a-4a7d-aae2-970a54c76356-1024x682-1.webp?resize=1400%2C800&ssl=1 4x"},"classes":[]}],"jetpack_sharing_enabled":true,"_links":{"self":[{"href":"https:\/\/lasprimeras.com.do\/index.php\/wp-json\/wp\/v2\/posts\/53608","targetHints":{"allow":["GET"]}}],"collection":[{"href":"https:\/\/lasprimeras.com.do\/index.php\/wp-json\/wp\/v2\/posts"}],"about":[{"href":"https:\/\/lasprimeras.com.do\/index.php\/wp-json\/wp\/v2\/types\/post"}],"author":[{"embeddable":true,"href":"https:\/\/lasprimeras.com.do\/index.php\/wp-json\/wp\/v2\/users\/2"}],"replies":[{"embeddable":true,"href":"https:\/\/lasprimeras.com.do\/index.php\/wp-json\/wp\/v2\/comments?post=53608"}],"version-history":[{"count":1,"href":"https:\/\/lasprimeras.com.do\/index.php\/wp-json\/wp\/v2\/posts\/53608\/revisions"}],"predecessor-version":[{"id":53611,"href":"https:\/\/lasprimeras.com.do\/index.php\/wp-json\/wp\/v2\/posts\/53608\/revisions\/53611"}],"wp:featuredmedia":[{"embeddable":true,"href":"https:\/\/lasprimeras.com.do\/index.php\/wp-json\/wp\/v2\/media\/53609"}],"wp:attachment":[{"href":"https:\/\/lasprimeras.com.do\/index.php\/wp-json\/wp\/v2\/media?parent=53608"}],"wp:term":[{"taxonomy":"category","embeddable":true,"href":"https:\/\/lasprimeras.com.do\/index.php\/wp-json\/wp\/v2\/categories?post=53608"},{"taxonomy":"post_tag","embeddable":true,"href":"https:\/\/lasprimeras.com.do\/index.php\/wp-json\/wp\/v2\/tags?post=53608"}],"curies":[{"name":"wp","href":"https:\/\/api.w.org\/{rel}","templated":true}]}}