{"id":53623,"date":"2023-06-29T17:06:06","date_gmt":"2023-06-29T21:06:06","guid":{"rendered":"https:\/\/lasprimeras.com.do\/?p=53623"},"modified":"2023-06-29T17:06:08","modified_gmt":"2023-06-29T21:06:08","slug":"lula-critica-la-intervencion-extranjera-en-venezuela-y-vuelve-a-defender-a-maduro","status":"publish","type":"post","link":"https:\/\/lasprimeras.com.do\/index.php\/2023\/06\/29\/lula-critica-la-intervencion-extranjera-en-venezuela-y-vuelve-a-defender-a-maduro\/","title":{"rendered":"Lula critica la intervenci\u00f3n extranjera en Venezuela y vuelve a defender a Maduro"},"content":{"rendered":"\n<p>AGENCIA EFE<\/p>\n\n\n\n<p>El presidente de Brasil, Luiz In\u00e1cio Lula da Silva, critic\u00f3 este jueves la intervenci\u00f3n extranjera en Venezuela y compar\u00f3 la negativa de la oposici\u00f3n venezolana a aceptar la victoria de Nicol\u00e1s Maduro en las urnas con el intento de golpe de Estado del pasado 8 de enero en Brasil.<\/p>\n\n\n\n<p>Ese d\u00eda miles de seguidores del expresidente Jair Bolsonaro que no aceptaron el resultado de los comicios de octubre, en los que Lula venci\u00f3 al ultraderechista, invadieron y destrozaron las tres sedes del poder con el objetivo de derrocar el Gobierno.<\/p>\n\n\n\n<p>&#8220;\u00bfNo tuvimos aqu\u00ed un ciudadano, un expertico que no quiso aceptar el resultado electoral? \u00bfNo tuvimos aqu\u00ed un ciudadanito que quiso dar un golpe de Estado el 8 de enero? Hay gente que no quiere aceptar el resultado de las elecciones&#8221;, dijo Lula en referencia al l\u00edder ultraderechista en una entrevista a la R\u00e1dio Ga\u00facha.<\/p>\n\n\n\n<p>En la entrevista, el presidente brasile\u00f1o critic\u00f3 que se quiera sacar del poder a quien fue elegido por los venezolanos y se\u00f1al\u00f3 que &#8220;no est\u00e1&#8221; bien que alguno pa\u00edses &#8220;interfieran&#8221; para deslegitimizar un Gobierno democr\u00e1ticamente establecido que s\u00f3lo terminar\u00e1 si Maduro es vencido en las urnas.<\/p>\n\n\n\n<p>&#8220;Lo que no est\u00e1 bien es la interferencia de un pa\u00eds en otro pa\u00eds. Y fue lo que hizo el mundo intentando elegir a (Juan) Guaid\u00f3 presidente de Venezuela, un ciudadano que no hab\u00eda sido elegido&#8221;, enfatiz\u00f3 el l\u00edder progresista.<\/p>\n\n\n\n<p>&#8220;Lo que no est\u00e1 bien es la interferencia de un pa\u00eds en otro pa\u00eds. Y fue lo que hizo el mundo intentando elegir a (Juan) Guaid\u00f3 presidente de Venezuela, un ciudadano que no hab\u00eda sido elegido&#8221;.<\/p>\n\n\n\n<p>&#8220;Si esa moda pega, no hay m\u00e1s garant\u00eda de democracia, se acaba la garant\u00eda de la voluntad de los electores&#8221;, puntualiz\u00f3.<\/p>\n","protected":false},"excerpt":{"rendered":"<p>AGENCIA EFE El presidente de Brasil, Luiz In\u00e1cio Lula da Silva, critic\u00f3 este jueves la intervenci\u00f3n extranjera en Venezuela y compar\u00f3 la negativa de la oposici\u00f3n venezolana a aceptar la&hellip;<\/p>\n","protected":false},"author":2,"featured_media":53624,"comment_status":"open","ping_status":"open","sticky":false,"template":"","format":"standard","meta":{"content-type":"","jetpack_post_was_ever_published":false,"_jetpack_newsletter_access":"","_jetpack_dont_email_post_to_subs":false,"_jetpack_newsletter_tier_id":0,"_jetpack_memberships_contains_paywalled_content":false,"_jetpack_memberships_contains_paid_content":false,"footnotes":""},"categories":[1],"tags":[4054,164,2061,1604,420],"class_list":["post-53623","post","type-post","status-publish","format-standard","has-post-thumbnail","hentry","category-sin-categoria","tag-extranjera","tag-intervencion","tag-luiz-inacio-lula-da-silva","tag-nicolas-maduro","tag-venezuela"],"jetpack_featured_media_url":"https:\/\/lasprimeras.com.do\/wp-content\/uploads\/2023\/06\/Luiz-Inacio-Lula-da-Silva-y-Nicolas-Maduro.jpeg","jetpack-related-posts":[{"id":118760,"url":"https:\/\/lasprimeras.com.do\/index.php\/2026\/01\/03\/captura-de-nicolas-maduro-la-respuesta-de-lula-a-la-intervencion-de-ee-uu-en-venezuela-linea-inaceptable\/","url_meta":{"origin":53623,"position":0},"title":"Captura de Nicol\u00e1s Maduro La respuesta de Lula a la intervenci\u00f3n de EE.UU. en Venezuela: &#8216;L\u00ednea inaceptable&#8217;","author":"Nelson Feliz","date":"3 de enero de 2026","format":false,"excerpt":"El presidente brasile\u00f1o a\u00f1adi\u00f3 que la operaci\u00f3n militar de EE.UU. \"recuerda a los peores momentos de la interferencia en la pol\u00edtica de Am\u00e9rica Latina\". S\u00e3o Paulo, (EFE).- El presidente brasile\u00f1o, Luiz In\u00e1cio Lula da Silva, afirm\u00f3 este s\u00e1bado que la captura del mandatario venezolano, Nicol\u00e1s Maduro, as\u00ed como los bombardeos\u2026","rel":"","context":"En \u00abINTERNACIONALES\u00bb","block_context":{"text":"INTERNACIONALES","link":"https:\/\/lasprimeras.com.do\/index.php\/category\/sin-categoria\/internacionales\/"},"img":{"alt_text":"Luiz In\u00e1cio Lula da Silva","src":"https:\/\/i0.wp.com\/lasprimeras.com.do\/wp-content\/uploads\/2026\/01\/Luiz-Inacio-Lula-da-Silva.jpg?resize=350%2C200&ssl=1","width":350,"height":200,"srcset":"https:\/\/i0.wp.com\/lasprimeras.com.do\/wp-content\/uploads\/2026\/01\/Luiz-Inacio-Lula-da-Silva.jpg?resize=350%2C200&ssl=1 1x, https:\/\/i0.wp.com\/lasprimeras.com.do\/wp-content\/uploads\/2026\/01\/Luiz-Inacio-Lula-da-Silva.jpg?resize=525%2C300&ssl=1 1.5x, https:\/\/i0.wp.com\/lasprimeras.com.do\/wp-content\/uploads\/2026\/01\/Luiz-Inacio-Lula-da-Silva.jpg?resize=700%2C400&ssl=1 2x"},"classes":[]},{"id":87662,"url":"https:\/\/lasprimeras.com.do\/index.php\/2024\/08\/15\/lula-sugiere-la-idea-de-formar-un-gobierno-de-coalicion-en-venezuela-o-nuevas-elecciones\/","url_meta":{"origin":53623,"position":1},"title":"Lula sugiere la idea de formar un gobierno de coalici\u00f3n en Venezuela o nuevas elecciones","author":"Nelson Feliz","date":"15 de agosto de 2024","format":false,"excerpt":"S\u00e3o Paulo, (EFE).- El presidente brasile\u00f1o, Luiz In\u00e1cio Lula da Silva, reiter\u00f3 este jueves la necesidad de que las autoridades venezolanas divulguen las actas de las elecciones del pasado 28 de julio y sugiri\u00f3 dos posibles salidas a la crisis: la formaci\u00f3n de un Gobierno de coalici\u00f3n o la celebraci\u00f3n\u2026","rel":"","context":"En \u00abSin categor\u00eda\u00bb","block_context":{"text":"Sin categor\u00eda","link":"https:\/\/lasprimeras.com.do\/index.php\/category\/sin-categoria\/"},"img":{"alt_text":"","src":"https:\/\/i0.wp.com\/lasprimeras.com.do\/wp-content\/uploads\/2024\/08\/LULA.jpg?resize=350%2C200&ssl=1","width":350,"height":200,"srcset":"https:\/\/i0.wp.com\/lasprimeras.com.do\/wp-content\/uploads\/2024\/08\/LULA.jpg?resize=350%2C200&ssl=1 1x, https:\/\/i0.wp.com\/lasprimeras.com.do\/wp-content\/uploads\/2024\/08\/LULA.jpg?resize=525%2C300&ssl=1 1.5x, https:\/\/i0.wp.com\/lasprimeras.com.do\/wp-content\/uploads\/2024\/08\/LULA.jpg?resize=700%2C400&ssl=1 2x"},"classes":[]},{"id":90622,"url":"https:\/\/lasprimeras.com.do\/index.php\/2024\/10\/26\/fiscal-general-de-venezuela-acusa-a-lula-de-usar-accidente-para-mentirle-a-los-brics\/","url_meta":{"origin":53623,"position":2},"title":"Fiscal general de Venezuela acusa a Lula de usar accidente para &#8220;mentirle&#8221; a los BRICS","author":"Nelson Feliz","date":"26 de octubre de 2024","format":false,"excerpt":"Caracas, (EFE).- El fiscal general de Venezuela, Tarek William Saab, acus\u00f3 este s\u00e1bado al presidente de Brasil, Luiz In\u00e1cio Lula da Silva, de usar el accidente que tuvo hace una semana, en el que se golpe\u00f3 la nuca tras caerse en la residencia oficial de la Presidencia, para \"mentirle\" a\u2026","rel":"","context":"En \u00abSin categor\u00eda\u00bb","block_context":{"text":"Sin categor\u00eda","link":"https:\/\/lasprimeras.com.do\/index.php\/category\/sin-categoria\/"},"img":{"alt_text":"Tarek William Saab","src":"https:\/\/i0.wp.com\/lasprimeras.com.do\/wp-content\/uploads\/2024\/10\/Tarek-William-Saab.jpg?resize=350%2C200&ssl=1","width":350,"height":200,"srcset":"https:\/\/i0.wp.com\/lasprimeras.com.do\/wp-content\/uploads\/2024\/10\/Tarek-William-Saab.jpg?resize=350%2C200&ssl=1 1x, https:\/\/i0.wp.com\/lasprimeras.com.do\/wp-content\/uploads\/2024\/10\/Tarek-William-Saab.jpg?resize=525%2C300&ssl=1 1.5x, https:\/\/i0.wp.com\/lasprimeras.com.do\/wp-content\/uploads\/2024\/10\/Tarek-William-Saab.jpg?resize=700%2C400&ssl=1 2x"},"classes":[]},{"id":77313,"url":"https:\/\/lasprimeras.com.do\/index.php\/2024\/02\/20\/blinken-en-su-gira-hablara-con-lula-da-silva-y-milei\/","url_meta":{"origin":53623,"position":3},"title":"Blinken en su gira hablar\u00e1 con Lula da Silva y Milei","author":"BIMARY DE JES\u00daS Matos","date":"20 de febrero de 2024","format":false,"excerpt":"Washington.- El secretario de Estado de Estados Unidos, Antony Blinken, emprende hoy una gira por Suram\u00e9rica para reunirse con el presidente de Brasil, Luiz In\u00e1cio Lula da Silva, y el de Argentina, Javier Milei, con inter\u00e9s en Gaza, Venezuela y Ucrania. El jefe de la diplomacia estadounidense viene a Latinoamerica\u2026","rel":"","context":"En \u00abSin categor\u00eda\u00bb","block_context":{"text":"Sin categor\u00eda","link":"https:\/\/lasprimeras.com.do\/index.php\/category\/sin-categoria\/"},"img":{"alt_text":"","src":"https:\/\/i0.wp.com\/lasprimeras.com.do\/wp-content\/uploads\/2024\/02\/13_G0_3p01.jpg.webp?resize=350%2C200&ssl=1","width":350,"height":200},"classes":[]},{"id":83307,"url":"https:\/\/lasprimeras.com.do\/index.php\/2024\/05\/14\/lula-destituye-al-presidente-de-la-petrolera-estatal-petrobras\/","url_meta":{"origin":53623,"position":4},"title":"Lula destituye al presidente de la petrolera estatal Petrobras","author":"Nelson Feliz","date":"14 de mayo de 2024","format":false,"excerpt":"R\u00edo de Janeiro.- El mandatario brasile\u00f1o, Luiz In\u00e1cio Lula da Silva, destituy\u00f3 este martes al presidente de la petrolera estatal Petrobras (NYSE:PBR), Jean-Paul Prates, despu\u00e9s de meses de roces con algunos ministros del Ejecutivo. Prates estaba en el cargo desde enero de 2023, cuando fue nominado por el propio Lula,\u2026","rel":"","context":"En \u00abECONOM\u00cdA\u00bb","block_context":{"text":"ECONOM\u00cdA","link":"https:\/\/lasprimeras.com.do\/index.php\/category\/economia\/"},"img":{"alt_text":"","src":"https:\/\/i0.wp.com\/lasprimeras.com.do\/wp-content\/uploads\/2024\/05\/Reuters.-Lula-destituye-al-presidente-de-la-petrolera-estatal-Petrobras.jpg?resize=350%2C200&ssl=1","width":350,"height":200,"srcset":"https:\/\/i0.wp.com\/lasprimeras.com.do\/wp-content\/uploads\/2024\/05\/Reuters.-Lula-destituye-al-presidente-de-la-petrolera-estatal-Petrobras.jpg?resize=350%2C200&ssl=1 1x, https:\/\/i0.wp.com\/lasprimeras.com.do\/wp-content\/uploads\/2024\/05\/Reuters.-Lula-destituye-al-presidente-de-la-petrolera-estatal-Petrobras.jpg?resize=525%2C300&ssl=1 1.5x, https:\/\/i0.wp.com\/lasprimeras.com.do\/wp-content\/uploads\/2024\/05\/Reuters.-Lula-destituye-al-presidente-de-la-petrolera-estatal-Petrobras.jpg?resize=700%2C400&ssl=1 2x"},"classes":[]},{"id":77234,"url":"https:\/\/lasprimeras.com.do\/index.php\/2024\/02\/19\/israel-declara-a-persona-non-grata-al-presidente-brasileno-lula-da-silva\/","url_meta":{"origin":53623,"position":5},"title":"Israel declara a &#8220;persona non grata&#8221; al presidente brasile\u00f1o Lula da Silva","author":"BIMARY DE JES\u00daS Matos","date":"19 de febrero de 2024","format":false,"excerpt":"Israel.- Israel declar\u00f3 hoy \"persona non grata\" al presidente de Brasil, Luiz Inacio 'Lula' da Silva, quien ayer calific\u00f3 la ofensiva israel\u00ed en la Franja de Gaza como un genocidio comparable al Holocausto. \"Esta ma\u00f1ana convoqu\u00e9 al embajador de Brasil en Israel en el Museo del Holocausto, el lugar que\u2026","rel":"","context":"En \u00abSin categor\u00eda\u00bb","block_context":{"text":"Sin categor\u00eda","link":"https:\/\/lasprimeras.com.do\/index.php\/category\/sin-categoria\/"},"img":{"alt_text":"","src":"https:\/\/i0.wp.com\/lasprimeras.com.do\/wp-content\/uploads\/2024\/02\/rss-efe7c0e504e6c31ccae1072d8820e470367f35864aaw-768x512-1.jpg?resize=350%2C200&ssl=1","width":350,"height":200,"srcset":"https:\/\/i0.wp.com\/lasprimeras.com.do\/wp-content\/uploads\/2024\/02\/rss-efe7c0e504e6c31ccae1072d8820e470367f35864aaw-768x512-1.jpg?resize=350%2C200&ssl=1 1x, https:\/\/i0.wp.com\/lasprimeras.com.do\/wp-content\/uploads\/2024\/02\/rss-efe7c0e504e6c31ccae1072d8820e470367f35864aaw-768x512-1.jpg?resize=525%2C300&ssl=1 1.5x, https:\/\/i0.wp.com\/lasprimeras.com.do\/wp-content\/uploads\/2024\/02\/rss-efe7c0e504e6c31ccae1072d8820e470367f35864aaw-768x512-1.jpg?resize=700%2C400&ssl=1 2x"},"classes":[]}],"jetpack_sharing_enabled":true,"_links":{"self":[{"href":"https:\/\/lasprimeras.com.do\/index.php\/wp-json\/wp\/v2\/posts\/53623","targetHints":{"allow":["GET"]}}],"collection":[{"href":"https:\/\/lasprimeras.com.do\/index.php\/wp-json\/wp\/v2\/posts"}],"about":[{"href":"https:\/\/lasprimeras.com.do\/index.php\/wp-json\/wp\/v2\/types\/post"}],"author":[{"embeddable":true,"href":"https:\/\/lasprimeras.com.do\/index.php\/wp-json\/wp\/v2\/users\/2"}],"replies":[{"embeddable":true,"href":"https:\/\/lasprimeras.com.do\/index.php\/wp-json\/wp\/v2\/comments?post=53623"}],"version-history":[{"count":1,"href":"https:\/\/lasprimeras.com.do\/index.php\/wp-json\/wp\/v2\/posts\/53623\/revisions"}],"predecessor-version":[{"id":53625,"href":"https:\/\/lasprimeras.com.do\/index.php\/wp-json\/wp\/v2\/posts\/53623\/revisions\/53625"}],"wp:featuredmedia":[{"embeddable":true,"href":"https:\/\/lasprimeras.com.do\/index.php\/wp-json\/wp\/v2\/media\/53624"}],"wp:attachment":[{"href":"https:\/\/lasprimeras.com.do\/index.php\/wp-json\/wp\/v2\/media?parent=53623"}],"wp:term":[{"taxonomy":"category","embeddable":true,"href":"https:\/\/lasprimeras.com.do\/index.php\/wp-json\/wp\/v2\/categories?post=53623"},{"taxonomy":"post_tag","embeddable":true,"href":"https:\/\/lasprimeras.com.do\/index.php\/wp-json\/wp\/v2\/tags?post=53623"}],"curies":[{"name":"wp","href":"https:\/\/api.w.org\/{rel}","templated":true}]}}