{"id":53674,"date":"2023-06-29T23:44:44","date_gmt":"2023-06-30T03:44:44","guid":{"rendered":"https:\/\/lasprimeras.com.do\/?p=53674"},"modified":"2023-06-29T23:44:46","modified_gmt":"2023-06-30T03:44:46","slug":"pacheco-deplora-oposicion-para-hacer-juicio-politico","status":"publish","type":"post","link":"https:\/\/lasprimeras.com.do\/index.php\/2023\/06\/29\/pacheco-deplora-oposicion-para-hacer-juicio-politico\/","title":{"rendered":"Pacheco deplora oposici\u00f3n para hacer juicio pol\u00edtico"},"content":{"rendered":"\n<p>El presidente de la C\u00e1mara de Diputados, Alfredo Pacheco rechaz\u00f3 que ha externado la oposici\u00f3n para aplicar un juicio pol\u00edtico al Pleno de la C\u00e1mara de Cuentas por las faltas encontradas.<\/p>\n\n\n\n<p>Desde que se aprob\u00f3 el informe que sugiere un juicio pol\u00edtico, los principales partidos de oposici\u00f3n representados en la C\u00e1mara de Diputados adelantaron que votar\u00e1n de forma negativa o que someter\u00e1n un informe disidente por entender que la decisi\u00f3n carece de fundamento.<\/p>\n\n\n\n<p>Pacheco sostuvo que los opositores ser\u00edan &#8220;corresponsables&#8221; del desastre en la C\u00e1mara de Cuentas si no respaldan un juicio pol\u00edtico y a\u00f1adi\u00f3 que el pueblo &#8220;los juzgar\u00e1&#8221; por su postura de rechazo.<\/p>\n\n\n\n<p>&#8220;No hay peor ciego que el que no quiere ver y la oposici\u00f3n har\u00eda un flaco servicio si trata de tapar estos hechos&#8221;, resalt\u00f3 al recordar que conflictos anteriores en pasadas gestiones de la C\u00e1mara de Cuentas fueron de menos gravedad, pero igualmente cuestionados desde el Congreso.<\/p>\n\n\n\n<p>De todas formas, el legislador y dirgente perremeista, dijo que, como en otros desacuerdos, conversar\u00e1 con la oposici\u00f3n para intentar cambiar su postura y lograr que voten a favor del juicio pol\u00edtico.<\/p>\n\n\n\n<p>Fuente Diario Libre<\/p>\n","protected":false},"excerpt":{"rendered":"<p>El presidente de la C\u00e1mara de Diputados, Alfredo Pacheco rechaz\u00f3 que ha externado la oposici\u00f3n para aplicar un juicio pol\u00edtico al Pleno de la C\u00e1mara de Cuentas por las faltas&hellip;<\/p>\n","protected":false},"author":2,"featured_media":53675,"comment_status":"open","ping_status":"open","sticky":false,"template":"","format":"standard","meta":{"content-type":"","jetpack_post_was_ever_published":false,"_jetpack_newsletter_access":"","_jetpack_dont_email_post_to_subs":false,"_jetpack_newsletter_tier_id":0,"_jetpack_memberships_contains_paywalled_content":false,"_jetpack_memberships_contains_paid_content":false,"footnotes":""},"categories":[25],"tags":[1827,392,341],"class_list":["post-53674","post","type-post","status-publish","format-standard","has-post-thumbnail","hentry","category-portada","tag-alfredo-pacheco","tag-juicio-politico","tag-oposicion"],"jetpack_featured_media_url":"https:\/\/lasprimeras.com.do\/wp-content\/uploads\/2023\/06\/Alfredo-Pacheco.jpg","jetpack-related-posts":[{"id":53671,"url":"https:\/\/lasprimeras.com.do\/index.php\/2023\/06\/29\/camara-de-cuentas-escondio-auditorias-y-alteraba-actas\/","url_meta":{"origin":53674,"position":0},"title":"C\u00e1mara de Cuentas escondi\u00f3 auditor\u00edas y alteraba actas","author":"Nelson Feliz","date":"29 de junio de 2023","format":false,"excerpt":"Pacheco confirm\u00f3 que el informe acusa a miembros del pleno fiscalizador de usurpar funciones, entregar informes incompletos y nombrar personal de forma irregular. Miembros titulares de la C\u00e1mara de Cuentas cometieron m\u00e1s de cinco faltas graves que pudieran llevarlos a un juicio pol\u00edtico en el Senado, seg\u00fan hizo constar un\u2026","rel":"","context":"En \u00abECONOM\u00cdA\u00bb","block_context":{"text":"ECONOM\u00cdA","link":"https:\/\/lasprimeras.com.do\/index.php\/category\/economia\/"},"img":{"alt_text":"La C\u00e1mara de Diputados investiga desde el 10 de mayo a los cinco funcionarios por supuestas faltas.","src":"https:\/\/i0.wp.com\/lasprimeras.com.do\/wp-content\/uploads\/2023\/06\/cc.jpg?resize=350%2C200&ssl=1","width":350,"height":200,"srcset":"https:\/\/i0.wp.com\/lasprimeras.com.do\/wp-content\/uploads\/2023\/06\/cc.jpg?resize=350%2C200&ssl=1 1x, https:\/\/i0.wp.com\/lasprimeras.com.do\/wp-content\/uploads\/2023\/06\/cc.jpg?resize=525%2C300&ssl=1 1.5x, https:\/\/i0.wp.com\/lasprimeras.com.do\/wp-content\/uploads\/2023\/06\/cc.jpg?resize=700%2C400&ssl=1 2x"},"classes":[]},{"id":51713,"url":"https:\/\/lasprimeras.com.do\/index.php\/2023\/06\/02\/diputados-entrevistan-miembros-camara-cuentas-por-crisis-interna\/","url_meta":{"origin":53674,"position":1},"title":"Diputados entrevistan miembros C\u00e1mara Cuentas por crisis interna","author":"prenxa100","date":"2 de junio de 2023","format":false,"excerpt":"SANTO DOMINGO.- La comisi\u00f3n de la C\u00e1mara de Diputados designada para investigar la crisis interna en la C\u00e1mara de Cuentas comenz\u00f3 este viernes a entrevistar, a puertas cerradas, a los miembros del pleno de la entidad fiscalizadora. Est\u00e1 previsto que a lo largo del d\u00eda sean entrevistados los cinco miembros\u2026","rel":"","context":"En \u00abNACIONALES\u00bb","block_context":{"text":"NACIONALES","link":"https:\/\/lasprimeras.com.do\/index.php\/category\/nacionales\/"},"img":{"alt_text":"","src":"","width":0,"height":0},"classes":[]},{"id":83687,"url":"https:\/\/lasprimeras.com.do\/index.php\/2024\/05\/23\/presidente-de-la-camara-de-diputados-dice-metodo-dhondt-para-escoger-legisladores-esta-obsoleto\/","url_meta":{"origin":53674,"position":2},"title":"Presidente de la C\u00e1mara de Diputados dice m\u00e9todo D&#8217;Hondt para escoger legisladores &#8220;est\u00e1 obsoleto&#8221;","author":"Nelson Feliz","date":"23 de mayo de 2024","format":false,"excerpt":"El presidente de la C\u00e1mara de Diputados, Alfredo Pacheco, consider\u00f3 ayer que el m\u00e9todo D\u00b4Hondt, dispuesto en la ley para escoger a los congresistas por demarcaciones, es un sistema obsoleto que debe ser sustituido por otro m\u00e1s respetuoso. Antes de iniciar las labores de la sesi\u00f3n ordinaria, el presidente de\u2026","rel":"","context":"En \u00abSin categor\u00eda\u00bb","block_context":{"text":"Sin categor\u00eda","link":"https:\/\/lasprimeras.com.do\/index.php\/category\/sin-categoria\/"},"img":{"alt_text":"Alfredo Pacheco","src":"https:\/\/i0.wp.com\/lasprimeras.com.do\/wp-content\/uploads\/2024\/05\/Alfredo-Pacheco.jpeg?resize=350%2C200&ssl=1","width":350,"height":200,"srcset":"https:\/\/i0.wp.com\/lasprimeras.com.do\/wp-content\/uploads\/2024\/05\/Alfredo-Pacheco.jpeg?resize=350%2C200&ssl=1 1x, https:\/\/i0.wp.com\/lasprimeras.com.do\/wp-content\/uploads\/2024\/05\/Alfredo-Pacheco.jpeg?resize=525%2C300&ssl=1 1.5x, https:\/\/i0.wp.com\/lasprimeras.com.do\/wp-content\/uploads\/2024\/05\/Alfredo-Pacheco.jpeg?resize=700%2C400&ssl=1 2x, https:\/\/i0.wp.com\/lasprimeras.com.do\/wp-content\/uploads\/2024\/05\/Alfredo-Pacheco.jpeg?resize=1050%2C600&ssl=1 3x, https:\/\/i0.wp.com\/lasprimeras.com.do\/wp-content\/uploads\/2024\/05\/Alfredo-Pacheco.jpeg?resize=1400%2C800&ssl=1 4x"},"classes":[]},{"id":119290,"url":"https:\/\/lasprimeras.com.do\/index.php\/2026\/01\/10\/alfredo-pacheco-estalla-contra-abinader-por-cancelaciones-en-el-gobierno\/","url_meta":{"origin":53674,"position":3},"title":"Alfredo Pacheco estalla contra Abinader por cancelaciones en el Gobierno","author":"Nelson Feliz","date":"10 de enero de 2026","format":false,"excerpt":"\u201c Usted es mi l\u00edder, pero no lo comprendo, y no lo voy a comprender \u201d. Con esas palabras, cargadas de molestia y frustraci\u00f3n, el presidente de la C\u00e1mara de Diputados, Alfredo Pacheco, expres\u00f3 p\u00fablicamente su rechazo a decisiones adoptadas por el presidente Luis Abinader en el marco de las\u2026","rel":"","context":"En \u00abPOLITICA\u00bb","block_context":{"text":"POLITICA","link":"https:\/\/lasprimeras.com.do\/index.php\/category\/politica\/"},"img":{"alt_text":"","src":"https:\/\/i0.wp.com\/img.youtube.com\/vi\/8bYClX-k51s\/0.jpg?resize=350%2C200","width":350,"height":200},"classes":[]},{"id":55139,"url":"https:\/\/lasprimeras.com.do\/index.php\/2023\/07\/18\/rogelio-genao-se-ha-politizado-al-extremo-el-tema-de-la-camara-de-cuentas\/","url_meta":{"origin":53674,"position":4},"title":"Rogelio Genao: &#8220;Se ha politizado al extremo&#8221; el tema de la C\u00e1mara de Cuentas","author":"Nelson Feliz","date":"18 de julio de 2023","format":false,"excerpt":"El presidente de la comisi\u00f3n investigadora de la C\u00e1mara de Cuentas, Rogelio Alfonso Genao, sostuvo que \"se ha politizado al extremo\" el juicio pol\u00edtico contra ese \u00f3rgano en cuyo informe entienden que hubo \"faltas graves\". Expres\u00f3 que los partidos de oposici\u00f3n han \"politizado el tema al extremo\" porque torpedearon la\u2026","rel":"","context":"En \u00abPORTADA\u00bb","block_context":{"text":"PORTADA","link":"https:\/\/lasprimeras.com.do\/index.php\/category\/portada\/"},"img":{"alt_text":"Rogelio Alfonso Genao","src":"https:\/\/i0.wp.com\/lasprimeras.com.do\/wp-content\/uploads\/2023\/07\/Rogelio-Alfonso-Genao-Lanza.jpg?resize=350%2C200&ssl=1","width":350,"height":200,"srcset":"https:\/\/i0.wp.com\/lasprimeras.com.do\/wp-content\/uploads\/2023\/07\/Rogelio-Alfonso-Genao-Lanza.jpg?resize=350%2C200&ssl=1 1x, https:\/\/i0.wp.com\/lasprimeras.com.do\/wp-content\/uploads\/2023\/07\/Rogelio-Alfonso-Genao-Lanza.jpg?resize=525%2C300&ssl=1 1.5x, https:\/\/i0.wp.com\/lasprimeras.com.do\/wp-content\/uploads\/2023\/07\/Rogelio-Alfonso-Genao-Lanza.jpg?resize=700%2C400&ssl=1 2x"},"classes":[]},{"id":54567,"url":"https:\/\/lasprimeras.com.do\/index.php\/2023\/07\/12\/prm-respalda-juicio-politico-a-los-miembros-de-la-camara-de-cuentas\/","url_meta":{"origin":53674,"position":5},"title":"PRM respalda juicio pol\u00edtico a los miembros de la C\u00e1mara de Cuentas","author":"Nelson Feliz","date":"12 de julio de 2023","format":false,"excerpt":"El Partido Revolucionario Moderno (PRM) respald\u00f3 la decisi\u00f3n de la Comisi\u00f3n Especial de la C\u00e1mara de Diputados de recomendar al Pleno de dicho \u00f3rgano legislativo proceder con la apertura de juicio pol\u00edtico a los miembros de la C\u00e1mara de Cuentas. \u201cNo estamos ajenos a que existen intentos de partidos opositores\u2026","rel":"","context":"En \u00abSin categor\u00eda\u00bb","block_context":{"text":"Sin categor\u00eda","link":"https:\/\/lasprimeras.com.do\/index.php\/category\/sin-categoria\/"},"img":{"alt_text":"Eddy Olivares","src":"https:\/\/i0.wp.com\/lasprimeras.com.do\/wp-content\/uploads\/2023\/07\/Eddy-Olivares.jpg?resize=350%2C200&ssl=1","width":350,"height":200,"srcset":"https:\/\/i0.wp.com\/lasprimeras.com.do\/wp-content\/uploads\/2023\/07\/Eddy-Olivares.jpg?resize=350%2C200&ssl=1 1x, https:\/\/i0.wp.com\/lasprimeras.com.do\/wp-content\/uploads\/2023\/07\/Eddy-Olivares.jpg?resize=525%2C300&ssl=1 1.5x, https:\/\/i0.wp.com\/lasprimeras.com.do\/wp-content\/uploads\/2023\/07\/Eddy-Olivares.jpg?resize=700%2C400&ssl=1 2x"},"classes":[]}],"jetpack_sharing_enabled":true,"_links":{"self":[{"href":"https:\/\/lasprimeras.com.do\/index.php\/wp-json\/wp\/v2\/posts\/53674","targetHints":{"allow":["GET"]}}],"collection":[{"href":"https:\/\/lasprimeras.com.do\/index.php\/wp-json\/wp\/v2\/posts"}],"about":[{"href":"https:\/\/lasprimeras.com.do\/index.php\/wp-json\/wp\/v2\/types\/post"}],"author":[{"embeddable":true,"href":"https:\/\/lasprimeras.com.do\/index.php\/wp-json\/wp\/v2\/users\/2"}],"replies":[{"embeddable":true,"href":"https:\/\/lasprimeras.com.do\/index.php\/wp-json\/wp\/v2\/comments?post=53674"}],"version-history":[{"count":1,"href":"https:\/\/lasprimeras.com.do\/index.php\/wp-json\/wp\/v2\/posts\/53674\/revisions"}],"predecessor-version":[{"id":53676,"href":"https:\/\/lasprimeras.com.do\/index.php\/wp-json\/wp\/v2\/posts\/53674\/revisions\/53676"}],"wp:featuredmedia":[{"embeddable":true,"href":"https:\/\/lasprimeras.com.do\/index.php\/wp-json\/wp\/v2\/media\/53675"}],"wp:attachment":[{"href":"https:\/\/lasprimeras.com.do\/index.php\/wp-json\/wp\/v2\/media?parent=53674"}],"wp:term":[{"taxonomy":"category","embeddable":true,"href":"https:\/\/lasprimeras.com.do\/index.php\/wp-json\/wp\/v2\/categories?post=53674"},{"taxonomy":"post_tag","embeddable":true,"href":"https:\/\/lasprimeras.com.do\/index.php\/wp-json\/wp\/v2\/tags?post=53674"}],"curies":[{"name":"wp","href":"https:\/\/api.w.org\/{rel}","templated":true}]}}