{"id":53677,"date":"2023-06-30T13:51:26","date_gmt":"2023-06-30T17:51:26","guid":{"rendered":"https:\/\/lasprimeras.com.do\/?p=53677"},"modified":"2023-06-30T13:51:28","modified_gmt":"2023-06-30T17:51:28","slug":"ministros-del-gobierno-mantienen-alta-valoracion-en-la-poblacion","status":"publish","type":"post","link":"https:\/\/lasprimeras.com.do\/index.php\/2023\/06\/30\/ministros-del-gobierno-mantienen-alta-valoracion-en-la-poblacion\/","title":{"rendered":"Ministros del gobierno, mantienen alta valoraci\u00f3n en la poblaci\u00f3n"},"content":{"rendered":"\n<p>De acuerdo, a la empresa encuestadora CID Latinoamerica, los ministros del presente gobierno del presidente Luis Abinader, mantienen una alta valoraci\u00f3n, en sentido general, en la poblacion dominicana.<\/p>\n\n\n\n<p>De acuerdo al estudio, realizado del 26 al 29 del presente mes, el ministro de turismo, David Collado, es el mejor valorado de todos con un 91%, seguido por la ministra de cultura Milagros Germ\u00e1n, que cuenta con una valoraci\u00f3n de 77 %.<\/p>\n\n\n\n<p>A Germ\u00e1n le siguen los ministros Jos\u00e9 Paliza, Luis Miguel de Camps, Deligne Asenci\u00f3n y Neney Cabrera, todos con la misma valoraci\u00f3n positiva de un 70%.<\/p>\n\n\n\n<p>A nivel de Directores Generales, el estudio plantea que Wellington Arnaud y Fellito Suberv\u00ed son los directores que obtienen mejor puntuaci\u00f3n en la poblaci\u00f3n.<\/p>\n\n\n\n<figure class=\"wp-block-image size-large\"><img decoding=\"async\" width=\"1024\" height=\"661\" src=\"https:\/\/lasprimeras.com.do\/wp-content\/uploads\/2023\/06\/WhatsApp-Image-2023-06-30-at-1.42.36-PM-1024x661.jpeg\" alt=\"\" class=\"wp-image-53678\" srcset=\"https:\/\/lasprimeras.com.do\/wp-content\/uploads\/2023\/06\/WhatsApp-Image-2023-06-30-at-1.42.36-PM-1024x661.jpeg 1024w, https:\/\/lasprimeras.com.do\/wp-content\/uploads\/2023\/06\/WhatsApp-Image-2023-06-30-at-1.42.36-PM-300x194.jpeg 300w, https:\/\/lasprimeras.com.do\/wp-content\/uploads\/2023\/06\/WhatsApp-Image-2023-06-30-at-1.42.36-PM-768x495.jpeg 768w, https:\/\/lasprimeras.com.do\/wp-content\/uploads\/2023\/06\/WhatsApp-Image-2023-06-30-at-1.42.36-PM-1536x991.jpeg 1536w, https:\/\/lasprimeras.com.do\/wp-content\/uploads\/2023\/06\/WhatsApp-Image-2023-06-30-at-1.42.36-PM.jpeg 1550w\" sizes=\"(max-width: 1024px) 100vw, 1024px\" \/><\/figure>\n\n\n\n<p>Los resultados de la encuesta, realizada por CID Latinoam\u00e9rica se hacen p\u00fablicos, solo un d\u00eda despu\u00e9s de aplicada la encuesta, lo que indica que la percepci\u00f3n de la poblaci\u00f3n sobre los funcionarios p\u00fablicos actuales es muy favorable para la gesti\u00f3n de gobierno del presidente Luis Abinader.<\/p>\n","protected":false},"excerpt":{"rendered":"<p>De acuerdo, a la empresa encuestadora CID Latinoamerica, los ministros del presente gobierno del presidente Luis Abinader, mantienen una alta valoraci\u00f3n, en sentido general, en la poblacion dominicana. De acuerdo&hellip;<\/p>\n","protected":false},"author":2,"featured_media":53506,"comment_status":"open","ping_status":"open","sticky":false,"template":"","format":"standard","meta":{"content-type":"","jetpack_post_was_ever_published":false,"_jetpack_newsletter_access":"","_jetpack_dont_email_post_to_subs":false,"_jetpack_newsletter_tier_id":0,"_jetpack_memberships_contains_paywalled_content":false,"_jetpack_memberships_contains_paid_content":false,"footnotes":""},"categories":[25],"tags":[4091,171,1847,1417],"class_list":["post-53677","post","type-post","status-publish","format-standard","has-post-thumbnail","hentry","category-portada","tag-alta-valoracion","tag-gobierno","tag-ministros","tag-poblacion"],"jetpack_featured_media_url":"https:\/\/lasprimeras.com.do\/wp-content\/uploads\/2023\/06\/Presidencia-1.jpg","jetpack-related-posts":[{"id":118608,"url":"https:\/\/lasprimeras.com.do\/index.php\/2025\/12\/31\/aguilera-alcanza-un-78-entre-los-funcionarios-mejor-valorados-por-honestidad-y-transparencia-en-2025\/","url_meta":{"origin":53677,"position":0},"title":"Aguilera alcanza un 78 % entre los funcionarios mejor valorados por honestidad y transparencia en 2025","author":"Nelson Feliz","date":"31 de diciembre de 2025","format":false,"excerpt":"El presidente ejecutivo del Banco de Reservas, Leonardo Aguilera, figura entre los funcionarios p\u00fablicos con mayores niveles de honestidad, transparencia y valoraci\u00f3n positiva en 2025, de acuerdo con los resultados de una encuesta nacional realizada por la firma Sondeos, levantada entre el 20 y el 23 de diciembre de este\u2026","rel":"","context":"En \u00abNACIONALES\u00bb","block_context":{"text":"NACIONALES","link":"https:\/\/lasprimeras.com.do\/index.php\/category\/nacionales\/"},"img":{"alt_text":"Leonardo Aguilera","src":"https:\/\/i0.wp.com\/lasprimeras.com.do\/wp-content\/uploads\/2025\/12\/Leonardo-Aguilera-1.jpg?resize=350%2C200&ssl=1","width":350,"height":200,"srcset":"https:\/\/i0.wp.com\/lasprimeras.com.do\/wp-content\/uploads\/2025\/12\/Leonardo-Aguilera-1.jpg?resize=350%2C200&ssl=1 1x, https:\/\/i0.wp.com\/lasprimeras.com.do\/wp-content\/uploads\/2025\/12\/Leonardo-Aguilera-1.jpg?resize=525%2C300&ssl=1 1.5x, https:\/\/i0.wp.com\/lasprimeras.com.do\/wp-content\/uploads\/2025\/12\/Leonardo-Aguilera-1.jpg?resize=700%2C400&ssl=1 2x"},"classes":[]},{"id":73380,"url":"https:\/\/lasprimeras.com.do\/index.php\/2024\/01\/09\/carolina-mejia-encabeza-ranking-de-alcaldes-con-alta-aprobacion-segun-firma-encuestadora\/","url_meta":{"origin":53677,"position":1},"title":"Carolina Mej\u00eda encabeza ranking de alcaldes con alta aprobaci\u00f3n, seg\u00fan firma encuestadora","author":"BIMARY DE JES\u00daS Matos","date":"9 de enero de 2024","format":false,"excerpt":"Santo Domingo.- Los consecutivos ranking con la imagen actual de valoraci\u00f3n positiva y rechazo de los alcaldes de las capitales de los pa\u00edses del continente y , en el balance general, que incluy\u00f3 a 19 pa\u00edses y la isla de Puerto Rico, Carolina Mej\u00eda, alcaldesa del Distrito Nacional, capital de\u2026","rel":"","context":"En \u00abSin categor\u00eda\u00bb","block_context":{"text":"Sin categor\u00eda","link":"https:\/\/lasprimeras.com.do\/index.php\/category\/sin-categoria\/"},"img":{"alt_text":"","src":"https:\/\/i0.wp.com\/lasprimeras.com.do\/wp-content\/uploads\/2024\/01\/Noticias-de-energia-2024-01-09T121924.120-2.webp?resize=350%2C200&ssl=1","width":350,"height":200,"srcset":"https:\/\/i0.wp.com\/lasprimeras.com.do\/wp-content\/uploads\/2024\/01\/Noticias-de-energia-2024-01-09T121924.120-2.webp?resize=350%2C200&ssl=1 1x, https:\/\/i0.wp.com\/lasprimeras.com.do\/wp-content\/uploads\/2024\/01\/Noticias-de-energia-2024-01-09T121924.120-2.webp?resize=525%2C300&ssl=1 1.5x"},"classes":[]},{"id":118580,"url":"https:\/\/lasprimeras.com.do\/index.php\/2025\/12\/31\/yayo-sanz-y-aguilera-encabezan-ranking-de-los-funcionarios-mejor-valorados-en-el-2025\/","url_meta":{"origin":53677,"position":2},"title":"Yayo Sanz y Aguilera encabezan ranking de los funcionarios mejor valorados en el 2025","author":"Nelson Feliz","date":"31 de diciembre de 2025","format":false,"excerpt":"La firma encuestadora de origen colombiana Panorama and Marketing Consulting, public\u00f3 su m\u00e1s reciente encuesta de satisfacci\u00f3n pol\u00edtica y opini\u00f3n p\u00fablica en la cual revela que los cinco funcionarios mejor valorados del Gobierno del presidente Luis Abinader son Director General de Aduanas (DGA), Eduardo Sanz Lovaton, el presidente ejecutivo de\u2026","rel":"","context":"En \u00abNACIONALES\u00bb","block_context":{"text":"NACIONALES","link":"https:\/\/lasprimeras.com.do\/index.php\/category\/nacionales\/"},"img":{"alt_text":"Yayo Sanz Lovat\u00f3n","src":"https:\/\/i0.wp.com\/lasprimeras.com.do\/wp-content\/uploads\/2025\/07\/Yayo-Sanz-Lovaton.jpg?resize=350%2C200&ssl=1","width":350,"height":200,"srcset":"https:\/\/i0.wp.com\/lasprimeras.com.do\/wp-content\/uploads\/2025\/07\/Yayo-Sanz-Lovaton.jpg?resize=350%2C200&ssl=1 1x, https:\/\/i0.wp.com\/lasprimeras.com.do\/wp-content\/uploads\/2025\/07\/Yayo-Sanz-Lovaton.jpg?resize=525%2C300&ssl=1 1.5x"},"classes":[]},{"id":128475,"url":"https:\/\/lasprimeras.com.do\/index.php\/2026\/04\/23\/yvan-lorenzo-la-poblacion-esta-altamente-decepcionada-del-gobierno-del-prm\/","url_meta":{"origin":53677,"position":3},"title":"Yvan Lorenzo: La poblaci\u00f3n est\u00e1 \u201caltamente decepcionada\u201d del gobierno del PRM","author":"Nelson Feliz","date":"23 de abril de 2026","format":false,"excerpt":"El vicepresidente del Partido de la Liberaci\u00f3n Dominicana (PLD), Yvan Lorenzo, asegur\u00f3 que la poblaci\u00f3n dominicana atraviesa un momento de \u201calta decepci\u00f3n\u201d debido a lo que calific\u00f3 como una gesti\u00f3n gubernamental sin planificaci\u00f3n ni rumbo claro. Durante su participaci\u00f3n en el programa Ahora por la Ma\u00f1ana, Lorenzo sostuvo que el\u2026","rel":"","context":"En \u00abPOLITICA\u00bb","block_context":{"text":"POLITICA","link":"https:\/\/lasprimeras.com.do\/index.php\/category\/politica\/"},"img":{"alt_text":"","src":"https:\/\/i0.wp.com\/lasprimeras.com.do\/wp-content\/uploads\/2026\/04\/Yvan-Lorenzo.jpg?resize=350%2C200&ssl=1","width":350,"height":200,"srcset":"https:\/\/i0.wp.com\/lasprimeras.com.do\/wp-content\/uploads\/2026\/04\/Yvan-Lorenzo.jpg?resize=350%2C200&ssl=1 1x, https:\/\/i0.wp.com\/lasprimeras.com.do\/wp-content\/uploads\/2026\/04\/Yvan-Lorenzo.jpg?resize=525%2C300&ssl=1 1.5x, https:\/\/i0.wp.com\/lasprimeras.com.do\/wp-content\/uploads\/2026\/04\/Yvan-Lorenzo.jpg?resize=700%2C400&ssl=1 2x"},"classes":[]},{"id":111414,"url":"https:\/\/lasprimeras.com.do\/index.php\/2025\/10\/08\/gerente-general-del-cnss-asegura-trabajara-para-ampliar-cobertura-de-la-seguridad-social\/","url_meta":{"origin":53677,"position":4},"title":"Gerente General del CNSS asegura trabajar\u00e1 para ampliar cobertura de la Seguridad Social","author":"Nelson Feliz","date":"8 de octubre de 2025","format":false,"excerpt":"La Gerente General del Consejo Nacional de Seguridad Social (CNSS), Aura Celeste Fern\u00e1ndez Rodr\u00edguez, asegur\u00f3 que trabajar\u00e1 con dedicaci\u00f3n y apertura para garantizar que el Sistema Dominicano de Seguridad Social (SDSS) contin\u00fae ampliando la cobertura que responda a las necesidades de los afiliados. La funcionaria reiter\u00f3 su agradecimiento al presidente\u2026","rel":"","context":"En \u00abECONOM\u00cdA\u00bb","block_context":{"text":"ECONOM\u00cdA","link":"https:\/\/lasprimeras.com.do\/index.php\/category\/economia\/"},"img":{"alt_text":"","src":"https:\/\/i0.wp.com\/lasprimeras.com.do\/wp-content\/uploads\/2025\/10\/Aura-Celeste-Fernandez-Rodriguez.jpg?resize=350%2C200&ssl=1","width":350,"height":200,"srcset":"https:\/\/i0.wp.com\/lasprimeras.com.do\/wp-content\/uploads\/2025\/10\/Aura-Celeste-Fernandez-Rodriguez.jpg?resize=350%2C200&ssl=1 1x, https:\/\/i0.wp.com\/lasprimeras.com.do\/wp-content\/uploads\/2025\/10\/Aura-Celeste-Fernandez-Rodriguez.jpg?resize=525%2C300&ssl=1 1.5x, https:\/\/i0.wp.com\/lasprimeras.com.do\/wp-content\/uploads\/2025\/10\/Aura-Celeste-Fernandez-Rodriguez.jpg?resize=700%2C400&ssl=1 2x"},"classes":[]},{"id":107669,"url":"https:\/\/lasprimeras.com.do\/index.php\/2025\/08\/29\/omar-agradece-valoracion-de-antonio-marte-quien-lo-ve-como-el-principal-reto-politico-del-prm\/","url_meta":{"origin":53677,"position":5},"title":"Omar agradece valoraci\u00f3n de Antonio Marte, quien lo ve como el principal reto pol\u00edtico del PRM","author":"Nelson Feliz","date":"29 de agosto de 2025","format":false,"excerpt":"El senador del Distrito Nacional, Omar Fern\u00e1ndez, expres\u00f3 este jueves su agradecimiento a su colega Antonio Marte, presidente del Partido Primero la Gente (PPG), quien afirm\u00f3 que el joven congresista ser\u00eda el principal desaf\u00edo para el oficialismo de cara a las elecciones de 2028. \u201cDebo decirles que agradezco profundamente esa\u2026","rel":"","context":"En \u00abPOLITICA\u00bb","block_context":{"text":"POLITICA","link":"https:\/\/lasprimeras.com.do\/index.php\/category\/politica\/"},"img":{"alt_text":"","src":"https:\/\/i0.wp.com\/lasprimeras.com.do\/wp-content\/uploads\/2025\/08\/Omar-Fernandez-1valora.jpg?resize=350%2C200&ssl=1","width":350,"height":200,"srcset":"https:\/\/i0.wp.com\/lasprimeras.com.do\/wp-content\/uploads\/2025\/08\/Omar-Fernandez-1valora.jpg?resize=350%2C200&ssl=1 1x, https:\/\/i0.wp.com\/lasprimeras.com.do\/wp-content\/uploads\/2025\/08\/Omar-Fernandez-1valora.jpg?resize=525%2C300&ssl=1 1.5x, https:\/\/i0.wp.com\/lasprimeras.com.do\/wp-content\/uploads\/2025\/08\/Omar-Fernandez-1valora.jpg?resize=700%2C400&ssl=1 2x"},"classes":[]}],"jetpack_sharing_enabled":true,"_links":{"self":[{"href":"https:\/\/lasprimeras.com.do\/index.php\/wp-json\/wp\/v2\/posts\/53677","targetHints":{"allow":["GET"]}}],"collection":[{"href":"https:\/\/lasprimeras.com.do\/index.php\/wp-json\/wp\/v2\/posts"}],"about":[{"href":"https:\/\/lasprimeras.com.do\/index.php\/wp-json\/wp\/v2\/types\/post"}],"author":[{"embeddable":true,"href":"https:\/\/lasprimeras.com.do\/index.php\/wp-json\/wp\/v2\/users\/2"}],"replies":[{"embeddable":true,"href":"https:\/\/lasprimeras.com.do\/index.php\/wp-json\/wp\/v2\/comments?post=53677"}],"version-history":[{"count":1,"href":"https:\/\/lasprimeras.com.do\/index.php\/wp-json\/wp\/v2\/posts\/53677\/revisions"}],"predecessor-version":[{"id":53679,"href":"https:\/\/lasprimeras.com.do\/index.php\/wp-json\/wp\/v2\/posts\/53677\/revisions\/53679"}],"wp:featuredmedia":[{"embeddable":true,"href":"https:\/\/lasprimeras.com.do\/index.php\/wp-json\/wp\/v2\/media\/53506"}],"wp:attachment":[{"href":"https:\/\/lasprimeras.com.do\/index.php\/wp-json\/wp\/v2\/media?parent=53677"}],"wp:term":[{"taxonomy":"category","embeddable":true,"href":"https:\/\/lasprimeras.com.do\/index.php\/wp-json\/wp\/v2\/categories?post=53677"},{"taxonomy":"post_tag","embeddable":true,"href":"https:\/\/lasprimeras.com.do\/index.php\/wp-json\/wp\/v2\/tags?post=53677"}],"curies":[{"name":"wp","href":"https:\/\/api.w.org\/{rel}","templated":true}]}}