{"id":53680,"date":"2023-06-30T14:19:37","date_gmt":"2023-06-30T18:19:37","guid":{"rendered":"https:\/\/lasprimeras.com.do\/?p=53680"},"modified":"2023-06-30T14:19:38","modified_gmt":"2023-06-30T18:19:38","slug":"alcalde-manuel-jimenez-develiza-busto-y-plazoleta-dedicados-a-juan-bosch-en-sde","status":"publish","type":"post","link":"https:\/\/lasprimeras.com.do\/index.php\/2023\/06\/30\/alcalde-manuel-jimenez-develiza-busto-y-plazoleta-dedicados-a-juan-bosch-en-sde\/","title":{"rendered":"Alcalde Manuel Jim\u00e9nez develiza busto y plazoleta dedicados a Juan Bosch en SDE"},"content":{"rendered":"\n<p>Por Martin Restituyo<\/p>\n\n\n\n<p>El alcalde Manuel Jim\u00e9nez develiz\u00f3 este viernes un busto monumental dedicado por el Ayuntamiento de Santo Domingo Este al profesor Juan Bosch, en el marco de un acto conmemorativo del 114 aniversario del natalicio del insigne literato y l\u00edder pol\u00edtico dominicano.<\/p>\n\n\n\n<p>Acompa\u00f1ado de importantes figuras de la pol\u00edtica, la literatura y familiares del profesor, el alcalde Manuel Jim\u00e9nez tambi\u00e9n dej\u00f3 debidamente identificado el punto de inicio de la Avenida Ecol\u00f3gica Profesor Juan Bosch, la cual permanec\u00eda sin se\u00f1alizar desde que fue designada con este nombre mediante resoluci\u00f3n municipal del 2010 (hace trece a\u00f1os).<\/p>\n\n\n\n<p>El busto y la plazoleta se integran al Paseo de la Historia que la gesti\u00f3n del alcalde Manuel Jim\u00e9nez est\u00e1 construyendo en las inmediaciones de las avenidas Coronel Rafael Fern\u00e1ndez Dom\u00ednguez y Profesor Juan Bosch, y donde ya se levanta una estatua monumental de Pe\u00f1a G\u00f3mez, y se prepara la inauguraci\u00f3n de un monumento a Fern\u00e1ndez Dom\u00ednguez, el Tanque de la Revoluci\u00f3n de Abril del 65, a Manolo Tavares Justo y el presidente paname\u00f1o Omar Torrijos, entre otros.<\/p>\n\n\n\n<p>\u201cEl natalicio de Juan Bosch y el d\u00eda del maestro coinciden el 30 de junio; grata coincidencia, ya que Bosch es el m\u00e1s insigne maestro de literatura y pol\u00edtica del siglo XX en RD; hoy en Santo Domingo Este le rendimos el honor que se merece\u201d, dijo Manuel Jim\u00e9nez.<\/p>\n\n\n\n<figure class=\"wp-block-image size-full is-resized\"><img decoding=\"async\" src=\"https:\/\/lasprimeras.com.do\/wp-content\/uploads\/2023\/06\/Busto-Juan-Bosch.jpg\" alt=\"\" class=\"wp-image-53682\" width=\"837\" height=\"558\" srcset=\"https:\/\/lasprimeras.com.do\/wp-content\/uploads\/2023\/06\/Busto-Juan-Bosch.jpg 700w, https:\/\/lasprimeras.com.do\/wp-content\/uploads\/2023\/06\/Busto-Juan-Bosch-300x200.jpg 300w\" sizes=\"(max-width: 837px) 100vw, 837px\" \/><\/figure>\n\n\n\n<p>El busto se levanta sobre una base cubierta con murales de las obras literarias y pol\u00edticas del profesor Bosch, con un entorno sembrado de flores de trinitaria y otras especies.<\/p>\n\n\n\n<p>La obra y el homenaje a Juan Bosch forman parte de la amplia pol\u00edtica cultural y de construcci\u00f3n de identidad del Ayuntamiento de Santo Domingo Este, adem\u00e1s de los esfuerzos por hacer del municipio una ciudad cimentada en valores, historia y espacios p\u00fablicos de alta calidad.<\/p>\n\n\n\n<p>\u201cEsta gesti\u00f3n est\u00e1 destinada al mayor de los \u00e9xitos, porque donde se trabaja con amor, sin esperar nada a cambio, las cosas tienen que salir bien y as\u00ed las personas lo recordar\u00e1n\u201d, dijo por su parte Mat\u00edas Bosch, nieto de Juan Bosch.<\/p>\n\n\n\n<p>El busto es una obra del destacado artista del municipio Juan Teller\u00eda, quien la trabaj\u00f3 en colaboraci\u00f3n con el escultor Ren\u00e9 Guzm\u00e1n.<\/p>\n","protected":false},"excerpt":{"rendered":"<p>Por Martin Restituyo El alcalde Manuel Jim\u00e9nez develiz\u00f3 este viernes un busto monumental dedicado por el Ayuntamiento de Santo Domingo Este al profesor Juan Bosch, en el marco de un&hellip;<\/p>\n","protected":false},"author":2,"featured_media":53681,"comment_status":"open","ping_status":"open","sticky":false,"template":"","format":"standard","meta":{"content-type":"","jetpack_post_was_ever_published":false,"_jetpack_newsletter_access":"","_jetpack_dont_email_post_to_subs":false,"_jetpack_newsletter_tier_id":0,"_jetpack_memberships_contains_paywalled_content":false,"_jetpack_memberships_contains_paid_content":false,"footnotes":""},"categories":[35,25],"tags":[161,1063,4092,196,4093],"class_list":["post-53680","post","type-post","status-publish","format-standard","has-post-thumbnail","hentry","category-nacionales","category-portada","tag-alcalde","tag-busto","tag-juan-bosch","tag-manuel-jimenez","tag-plazoleta"],"jetpack_featured_media_url":"https:\/\/lasprimeras.com.do\/wp-content\/uploads\/2023\/06\/Manuel-Jimenez.jpg","jetpack-related-posts":[{"id":54904,"url":"https:\/\/lasprimeras.com.do\/index.php\/2023\/07\/16\/alcalde-manuel-jimenez-develiza-busto-y-mural-dedicado-a-juan-luis-duquela-y-la-trinitaria\/","url_meta":{"origin":53680,"position":0},"title":"Alcalde Manuel Jim\u00e9nez develiza busto y mural dedicado a Juan Luis Duquela y La Trinitaria","author":"Nelson Feliz","date":"16 de julio de 2023","format":false,"excerpt":"Por Martin Restituyo En conmemoraci\u00f3n del 185 aniversario de la fundaci\u00f3n de la sociedad secreta La Trinitaria, el alcalde Manuel Jim\u00e9nez develiz\u00f3 este domingo en el Ensanche Ozama un busto y un mural aleg\u00f3rico a Juan Luis Duquela, reconocido colaborador mar\u00edtimo de Juan Pablo Duarte y la causa de la\u2026","rel":"","context":"En \u00abNACIONALES\u00bb","block_context":{"text":"NACIONALES","link":"https:\/\/lasprimeras.com.do\/index.php\/category\/nacionales\/"},"img":{"alt_text":"Mamuel Jimenez","src":"https:\/\/i0.wp.com\/lasprimeras.com.do\/wp-content\/uploads\/2023\/07\/Mamuel-Jimenez.jpg?resize=350%2C200&ssl=1","width":350,"height":200,"srcset":"https:\/\/i0.wp.com\/lasprimeras.com.do\/wp-content\/uploads\/2023\/07\/Mamuel-Jimenez.jpg?resize=350%2C200&ssl=1 1x, https:\/\/i0.wp.com\/lasprimeras.com.do\/wp-content\/uploads\/2023\/07\/Mamuel-Jimenez.jpg?resize=525%2C300&ssl=1 1.5x, https:\/\/i0.wp.com\/lasprimeras.com.do\/wp-content\/uploads\/2023\/07\/Mamuel-Jimenez.jpg?resize=700%2C400&ssl=1 2x"},"classes":[]},{"id":60657,"url":"https:\/\/lasprimeras.com.do\/index.php\/2023\/09\/17\/alcalde-manuel-jimenez-y-fuerza-aerea-inauguran-composicion-monumental-dedicada-a-fernandez-dominguez\/","url_meta":{"origin":53680,"position":1},"title":"Alcalde Manuel Jim\u00e9nez y Fuerza A\u00e9rea inauguran composici\u00f3n monumental dedicada a Fern\u00e1ndez Dom\u00ednguez","author":"Nelson Feliz","date":"17 de septiembre de 2023","format":false,"excerpt":"El Ayuntamiento y la FARD develizaron dos estatuas y un tanque de guerra en el nuevo paseo de la historia de Santo Domingo Este. Por Martin Restituyo El alcalde Manuel Jim\u00e9nez y representantes del alto mando de las Fuerzas Armadas de Rep\u00fablica Dominicana develizaron este domingo una composici\u00f3n monumental dedicada\u2026","rel":"","context":"En \u00abNACIONALES\u00bb","block_context":{"text":"NACIONALES","link":"https:\/\/lasprimeras.com.do\/index.php\/category\/nacionales\/"},"img":{"alt_text":"Manuel Jimenez","src":"https:\/\/i0.wp.com\/lasprimeras.com.do\/wp-content\/uploads\/2023\/09\/MANUEL-JIMENEZ-4.jpg?resize=350%2C200&ssl=1","width":350,"height":200,"srcset":"https:\/\/i0.wp.com\/lasprimeras.com.do\/wp-content\/uploads\/2023\/09\/MANUEL-JIMENEZ-4.jpg?resize=350%2C200&ssl=1 1x, https:\/\/i0.wp.com\/lasprimeras.com.do\/wp-content\/uploads\/2023\/09\/MANUEL-JIMENEZ-4.jpg?resize=525%2C300&ssl=1 1.5x, https:\/\/i0.wp.com\/lasprimeras.com.do\/wp-content\/uploads\/2023\/09\/MANUEL-JIMENEZ-4.jpg?resize=700%2C400&ssl=1 2x"},"classes":[]},{"id":81450,"url":"https:\/\/lasprimeras.com.do\/index.php\/2024\/04\/21\/asde-develiza-un-monumento-en-honor-a-los-restauradores\/","url_meta":{"origin":53680,"position":2},"title":"ASDE develiza un monumento en honor a los Restauradores","author":"Nelson Feliz","date":"21 de abril de 2024","format":false,"excerpt":"EL MONUMENTO SE SUMA A UNA SERIE DE BUSTOS Y ESTATUAS LEVANTADOS DURANTE LA GESTI\u00d3N DEL ALCALDE MANUEL JIM\u00c9NEZ, EN EL PASEO DE LA HISTORIA Por Martin Restituyo El Ayuntamiento de Santo Domingo Este develiz\u00f3 un monumento para honrar a los Restauradores dominicanos, en un acto realizado en el Paseo\u2026","rel":"","context":"En \u00abNACIONALES\u00bb","block_context":{"text":"NACIONALES","link":"https:\/\/lasprimeras.com.do\/index.php\/category\/nacionales\/"},"img":{"alt_text":"ASDE","src":"https:\/\/i0.wp.com\/lasprimeras.com.do\/wp-content\/uploads\/2024\/04\/ASDE-2.jpg?resize=350%2C200&ssl=1","width":350,"height":200,"srcset":"https:\/\/i0.wp.com\/lasprimeras.com.do\/wp-content\/uploads\/2024\/04\/ASDE-2.jpg?resize=350%2C200&ssl=1 1x, https:\/\/i0.wp.com\/lasprimeras.com.do\/wp-content\/uploads\/2024\/04\/ASDE-2.jpg?resize=525%2C300&ssl=1 1.5x"},"classes":[]},{"id":80156,"url":"https:\/\/lasprimeras.com.do\/index.php\/2024\/04\/04\/ayuntamiento-de-santo-domingo-este-develiza-busto-en-honor-a-martin-luther-king\/","url_meta":{"origin":53680,"position":3},"title":"Ayuntamiento de Santo Domingo Este develiza busto en honor a Martin Luther King","author":"BIMARY DE JES\u00daS Matos","date":"4 de abril de 2024","format":false,"excerpt":"SDE.-En un acto que cont\u00f3 con la presencia de la encargada de negocios de la embajada de Estados Unidos en el pa\u00eds, Patricia Aguilera, el alcalde de Santo Domingo Este, Manuel Jim\u00e9nez, develiz\u00f3 un busto en honor al \u00edcono mundial de los derechos civiles, Martin Luther King, al cumplirse este\u2026","rel":"","context":"En \u00abPORTADA\u00bb","block_context":{"text":"PORTADA","link":"https:\/\/lasprimeras.com.do\/index.php\/category\/portada\/"},"img":{"alt_text":"","src":"https:\/\/i0.wp.com\/lasprimeras.com.do\/wp-content\/uploads\/2024\/04\/WhatsApp-Image-2024-04-04-at-1.52.00-PM-scaled.jpeg?resize=350%2C200&ssl=1","width":350,"height":200,"srcset":"https:\/\/i0.wp.com\/lasprimeras.com.do\/wp-content\/uploads\/2024\/04\/WhatsApp-Image-2024-04-04-at-1.52.00-PM-scaled.jpeg?resize=350%2C200&ssl=1 1x, https:\/\/i0.wp.com\/lasprimeras.com.do\/wp-content\/uploads\/2024\/04\/WhatsApp-Image-2024-04-04-at-1.52.00-PM-scaled.jpeg?resize=525%2C300&ssl=1 1.5x, https:\/\/i0.wp.com\/lasprimeras.com.do\/wp-content\/uploads\/2024\/04\/WhatsApp-Image-2024-04-04-at-1.52.00-PM-scaled.jpeg?resize=700%2C400&ssl=1 2x, https:\/\/i0.wp.com\/lasprimeras.com.do\/wp-content\/uploads\/2024\/04\/WhatsApp-Image-2024-04-04-at-1.52.00-PM-scaled.jpeg?resize=1050%2C600&ssl=1 3x, https:\/\/i0.wp.com\/lasprimeras.com.do\/wp-content\/uploads\/2024\/04\/WhatsApp-Image-2024-04-04-at-1.52.00-PM-scaled.jpeg?resize=1400%2C800&ssl=1 4x"},"classes":[]},{"id":49385,"url":"https:\/\/lasprimeras.com.do\/index.php\/2023\/05\/10\/asde-develiza-busto-en-honor-a-pena-gomez-al-cumplirse-25-anos-de-su-fallecimiento\/","url_meta":{"origin":53680,"position":4},"title":"ASDE develiza busto en honor a Pe\u00f1a G\u00f3mez al cumplirse 25 a\u00f1os de su fallecimiento","author":"prenxa100","date":"10 de mayo de 2023","format":false,"excerpt":"Santo Domingo Este .-. El Ayuntamiento de Santo Domingo Este (ASDE) conmemor\u00f3 el 25 aniversario del fallecimiento del doctor Jos\u00e9 Francisco Pe\u00f1a G\u00f3mez, con el develizamiento de un busto en el Palacio Municipal que tambi\u00e9n lleva su nombre. Durante el emotivo acto, el alcalde Manuel Jim\u00e9nez destac\u00f3 la importancia de\u2026","rel":"","context":"En \u00abNACIONALES\u00bb","block_context":{"text":"NACIONALES","link":"https:\/\/lasprimeras.com.do\/index.php\/category\/nacionales\/"},"img":{"alt_text":"","src":"https:\/\/i0.wp.com\/lasprimeras.com.do\/wp-content\/uploads\/2023\/05\/Manuel-Jimenez-1.jpg?resize=350%2C200&ssl=1","width":350,"height":200,"srcset":"https:\/\/i0.wp.com\/lasprimeras.com.do\/wp-content\/uploads\/2023\/05\/Manuel-Jimenez-1.jpg?resize=350%2C200&ssl=1 1x, https:\/\/i0.wp.com\/lasprimeras.com.do\/wp-content\/uploads\/2023\/05\/Manuel-Jimenez-1.jpg?resize=525%2C300&ssl=1 1.5x, https:\/\/i0.wp.com\/lasprimeras.com.do\/wp-content\/uploads\/2023\/05\/Manuel-Jimenez-1.jpg?resize=700%2C400&ssl=1 2x"},"classes":[]},{"id":69261,"url":"https:\/\/lasprimeras.com.do\/index.php\/2023\/11\/30\/efemerides-patrias-reconoce-al-alcalde-manuel-jimenez-por-promover-la-historia-y-el-patriotismo\/","url_meta":{"origin":53680,"position":5},"title":"Efem\u00e9rides Patrias reconoce al alcalde Manuel Jim\u00e9nez por promover la historia y el patriotismo","author":"Nelson Feliz","date":"30 de noviembre de 2023","format":false,"excerpt":"JUAN PABLO URIBE ASEGUR\u00d3 AYUNTAMIENTO SANTO DOMINGO ESTE EST\u00c1 CREANDO IDENTIDAD DUARTIANA Y TRINITARIA El presidente de la Comisi\u00f3n Permanente de Efem\u00e9rides Patrias, Juan Pablo Uribe, entreg\u00f3 al alcalde Manuel Jim\u00e9nez la medalla Enriquillo, en reconocimiento de sus grandes aportes la construcci\u00f3n de una identidad y marca ciudad que vincula\u2026","rel":"","context":"En \u00abNACIONALES\u00bb","block_context":{"text":"NACIONALES","link":"https:\/\/lasprimeras.com.do\/index.php\/category\/nacionales\/"},"img":{"alt_text":"Manuel Jimenez","src":"https:\/\/i0.wp.com\/lasprimeras.com.do\/wp-content\/uploads\/2023\/11\/Manuel-Jimenez-2.jpg?resize=350%2C200&ssl=1","width":350,"height":200,"srcset":"https:\/\/i0.wp.com\/lasprimeras.com.do\/wp-content\/uploads\/2023\/11\/Manuel-Jimenez-2.jpg?resize=350%2C200&ssl=1 1x, https:\/\/i0.wp.com\/lasprimeras.com.do\/wp-content\/uploads\/2023\/11\/Manuel-Jimenez-2.jpg?resize=525%2C300&ssl=1 1.5x, https:\/\/i0.wp.com\/lasprimeras.com.do\/wp-content\/uploads\/2023\/11\/Manuel-Jimenez-2.jpg?resize=700%2C400&ssl=1 2x"},"classes":[]}],"jetpack_sharing_enabled":true,"_links":{"self":[{"href":"https:\/\/lasprimeras.com.do\/index.php\/wp-json\/wp\/v2\/posts\/53680","targetHints":{"allow":["GET"]}}],"collection":[{"href":"https:\/\/lasprimeras.com.do\/index.php\/wp-json\/wp\/v2\/posts"}],"about":[{"href":"https:\/\/lasprimeras.com.do\/index.php\/wp-json\/wp\/v2\/types\/post"}],"author":[{"embeddable":true,"href":"https:\/\/lasprimeras.com.do\/index.php\/wp-json\/wp\/v2\/users\/2"}],"replies":[{"embeddable":true,"href":"https:\/\/lasprimeras.com.do\/index.php\/wp-json\/wp\/v2\/comments?post=53680"}],"version-history":[{"count":1,"href":"https:\/\/lasprimeras.com.do\/index.php\/wp-json\/wp\/v2\/posts\/53680\/revisions"}],"predecessor-version":[{"id":53683,"href":"https:\/\/lasprimeras.com.do\/index.php\/wp-json\/wp\/v2\/posts\/53680\/revisions\/53683"}],"wp:featuredmedia":[{"embeddable":true,"href":"https:\/\/lasprimeras.com.do\/index.php\/wp-json\/wp\/v2\/media\/53681"}],"wp:attachment":[{"href":"https:\/\/lasprimeras.com.do\/index.php\/wp-json\/wp\/v2\/media?parent=53680"}],"wp:term":[{"taxonomy":"category","embeddable":true,"href":"https:\/\/lasprimeras.com.do\/index.php\/wp-json\/wp\/v2\/categories?post=53680"},{"taxonomy":"post_tag","embeddable":true,"href":"https:\/\/lasprimeras.com.do\/index.php\/wp-json\/wp\/v2\/tags?post=53680"}],"curies":[{"name":"wp","href":"https:\/\/api.w.org\/{rel}","templated":true}]}}