{"id":53702,"date":"2023-06-30T16:09:36","date_gmt":"2023-06-30T20:09:36","guid":{"rendered":"https:\/\/lasprimeras.com.do\/?p=53702"},"modified":"2023-06-30T16:09:37","modified_gmt":"2023-06-30T20:09:37","slug":"desantis-promulga-ley-que-permite-construir-nuevas-calles-con-desechos-mineros-radioactivos-vinculados-al-cancer","status":"publish","type":"post","link":"https:\/\/lasprimeras.com.do\/index.php\/2023\/06\/30\/desantis-promulga-ley-que-permite-construir-nuevas-calles-con-desechos-mineros-radioactivos-vinculados-al-cancer\/","title":{"rendered":"DeSantis promulga ley que permite construir nuevas calles con desechos mineros \u2018radioactivos\u2019 vinculados al c\u00e1ncer"},"content":{"rendered":"\n<p>Por Olafimihan Oshin, The Hill<\/p>\n\n\n\n<p>El gobernador de Florida, Ron DeSantis (R), firm\u00f3 un proyecto de ley el jueves que permitir\u00e1 que se construyan nuevas carreteras en el estado con desechos mineros \u201cradiactivos\u201d que se han relacionado con el c\u00e1ncer.<\/p>\n\n\n\n<p>HB 1191 agrega fosfoyeso a una lista de \u201cmateriales reciclables\u201d que se pueden usar para la construcci\u00f3n de carreteras.<\/p>\n\n\n\n<p>La lista tambi\u00e9n incluye caucho molido de neum\u00e1ticos de autom\u00f3viles, residuos de cenizas de subproductos de la combusti\u00f3n del carb\u00f3n, pl\u00e1stico mixto reciclado, vidrio y acero para la construcci\u00f3n.<\/p>\n\n\n\n<p>El fosfoyeso, un producto de desecho de la fabricaci\u00f3n de fertilizantes, emite rad\u00f3n, un gas radiactivo, seg\u00fan la Agencia de Protecci\u00f3n Ambiental (EPA). El material tambi\u00e9n contiene elementos radiactivos como uranio, torio y radio.<\/p>\n\n\n\n<p>El rad\u00f3n ocupa el segundo lugar despu\u00e9s del tabaquismo como causa principal de c\u00e1ncer de pulm\u00f3n. El gas se ha relacionado con 21,000 muertes por c\u00e1ncer de pulm\u00f3n cada a\u00f1o en los Estados Unidos, seg\u00fan la EPA.<\/p>\n\n\n\n<p>La agencia confirm\u00f3 previamente a CBS News que los desechos mineros, material sobrante de la roca de fosfato, son potencialmente cancer\u00edgenos.<\/p>\n\n\n\n<p>El material se almacena en sistemas de pilas de yeso en un esfuerzo por evitar que entre en contacto con las personas y el medio ambiente.<\/p>\n\n\n\n<p>El proyecto de ley tambi\u00e9n se\u00f1al\u00f3 que el Departamento de Transporte del estado deber\u00e1 realizar un estudio para \u201cevaluar la idoneidad\u201d de su uso, y agreg\u00f3 que \u201cpuede considerar cualquier estudio previo o en curso sobre la idoneidad de las carreteras de fosfoyeso en el cumplimiento de este deber\u201d, seg\u00fan a las noticias de la CBS.<\/p>\n","protected":false},"excerpt":{"rendered":"<p>Por Olafimihan Oshin, The Hill El gobernador de Florida, Ron DeSantis (R), firm\u00f3 un proyecto de ley el jueves que permitir\u00e1 que se construyan nuevas carreteras en el estado con&hellip;<\/p>\n","protected":false},"author":2,"featured_media":53703,"comment_status":"open","ping_status":"open","sticky":false,"template":"","format":"standard","meta":{"content-type":"","jetpack_post_was_ever_published":false,"_jetpack_newsletter_access":"","_jetpack_dont_email_post_to_subs":false,"_jetpack_newsletter_tier_id":0,"_jetpack_memberships_contains_paywalled_content":false,"_jetpack_memberships_contains_paid_content":false,"footnotes":""},"categories":[1],"tags":[162,702,1929,4109,411,2939,4108,4107,4110],"class_list":["post-53702","post","type-post","status-publish","format-standard","has-post-thumbnail","hentry","category-sin-categoria","tag-calles","tag-cancer","tag-construir","tag-desechos-mineros","tag-ley","tag-promulga","tag-radioactivos","tag-ron-desantis","tag-vinculados"],"jetpack_featured_media_url":"https:\/\/lasprimeras.com.do\/wp-content\/uploads\/2023\/06\/Ron-DeSantis.jpg","jetpack-related-posts":[{"id":54079,"url":"https:\/\/lasprimeras.com.do\/index.php\/2023\/07\/06\/senadores-estadounidenses-buscan-compensacion-ampliada-para-aquellos-expuestos-a-lluvia-radiactiva\/","url_meta":{"origin":53702,"position":0},"title":"Senadores estadounidenses buscan compensaci\u00f3n ampliada para aquellos expuestos a lluvia radiactiva","author":"Nelson Feliz","date":"6 de julio de 2023","format":false,"excerpt":"POR SUSAN MONTOYA BRYAN ALBUQUERQUE, NM (AP) \u2014 Los senadores estadounidenses de Nuevo M\u00e9xico e Idaho est\u00e1n haciendo otro esfuerzo para expandir el programa de compensaci\u00f3n del gobierno federal para las personas expuestas a la radiaci\u00f3n luego de la extracci\u00f3n de uranio y las pruebas nucleares realizadas durante la Guerra\u2026","rel":"","context":"En \u00abSin categor\u00eda\u00bb","block_context":{"text":"Sin categor\u00eda","link":"https:\/\/lasprimeras.com.do\/index.php\/category\/sin-categoria\/"},"img":{"alt_text":"ARCHIVO - Esta foto del 16 de julio de 1945 muestra una vista a\u00e9rea despu\u00e9s de la primera explosi\u00f3n at\u00f3mica en Trinity Test Site, los senadores de NMUS de Nuevo M\u00e9xico e Idaho est\u00e1n haciendo otro esfuerzo para expandir el programa de compensaci\u00f3n del gobierno federal para las personas expuestas a la radiaci\u00f3n luego de la extracci\u00f3n de uranio y Pruebas nucleares realizadas durante la Guerra Fr\u00eda. Downwinders que viven cerca del sitio donde se prob\u00f3 la primera bomba at\u00f3mica del mundo en 1945 como parte del ultrasecreto Proyecto Manhattan estar\u00edan entre los agregados a la lista. (Foto AP, Archivo)","src":"https:\/\/i0.wp.com\/lasprimeras.com.do\/wp-content\/uploads\/2023\/07\/Compensacion.jpg?resize=350%2C200&ssl=1","width":350,"height":200,"srcset":"https:\/\/i0.wp.com\/lasprimeras.com.do\/wp-content\/uploads\/2023\/07\/Compensacion.jpg?resize=350%2C200&ssl=1 1x, https:\/\/i0.wp.com\/lasprimeras.com.do\/wp-content\/uploads\/2023\/07\/Compensacion.jpg?resize=525%2C300&ssl=1 1.5x, https:\/\/i0.wp.com\/lasprimeras.com.do\/wp-content\/uploads\/2023\/07\/Compensacion.jpg?resize=700%2C400&ssl=1 2x"},"classes":[]},{"id":51822,"url":"https:\/\/lasprimeras.com.do\/index.php\/2023\/06\/04\/biden-promulga-la-ley-del-nuevo-techo-de-endeudamiento\/","url_meta":{"origin":53702,"position":1},"title":"Biden promulga la ley del nuevo techo de endeudamiento","author":"prenxa100","date":"4 de junio de 2023","format":false,"excerpt":"El presidente estadounidense, Joe Biden, ha firmado la promulgaci\u00f3n de la Ley de Responsabilidad Fiscal de 2023, fruto de las negociaciones mantenidas con los republicanos que son mayor\u00eda en la C\u00e1mara de Representantes y que permite elevar el techo de endeudamiento del Estado. Biden ha destacado la \u00abvictoria\u00bb que supone\u2026","rel":"","context":"En \u00abSin categor\u00eda\u00bb","block_context":{"text":"Sin categor\u00eda","link":"https:\/\/lasprimeras.com.do\/index.php\/category\/sin-categoria\/"},"img":{"alt_text":"","src":"","width":0,"height":0},"classes":[]},{"id":53905,"url":"https:\/\/lasprimeras.com.do\/index.php\/2023\/07\/03\/trump-y-desantis-buscan-demostrar-quien-es-mas-duro-con-la-inmigracion\/","url_meta":{"origin":53702,"position":2},"title":"Trump y DeSantis buscan demostrar qui\u00e9n es m\u00e1s duro con la inmigraci\u00f3n","author":"Nelson Feliz","date":"3 de julio de 2023","format":false,"excerpt":"Por Julia Manchester, Rafael Bernal, The Hill El expresidente Donald Trump y el gobernador de Florida, Ron DeSantis (R), est\u00e1n involucrados en una escalada de ida y vuelta sobre sus respectivos planes de inmigraci\u00f3n, compitiendo por qui\u00e9n presenta la visi\u00f3n m\u00e1s agresiva en la frontera. El martes, DeSantis present\u00f3 su\u2026","rel":"","context":"En \u00abSin categor\u00eda\u00bb","block_context":{"text":"Sin categor\u00eda","link":"https:\/\/lasprimeras.com.do\/index.php\/category\/sin-categoria\/"},"img":{"alt_text":"Trump y DeSantis","src":"https:\/\/i0.wp.com\/lasprimeras.com.do\/wp-content\/uploads\/2023\/07\/Trump-y-DeSantis.jpg?resize=350%2C200&ssl=1","width":350,"height":200},"classes":[]},{"id":79287,"url":"https:\/\/lasprimeras.com.do\/index.php\/2024\/03\/25\/desantis-firma-ley-que-prohibe-redes-sociales-a-menores-de-14-anos\/","url_meta":{"origin":53702,"position":3},"title":"DeSantis firma ley que proh\u00edbe redes sociales a menores de 14 a\u00f1os","author":"Nelson Feliz","date":"25 de marzo de 2024","format":false,"excerpt":"FLORIDA- El gobernador de Florida, Ron DeSantis, firm\u00f3 este lunes un proyecto de ley que proh\u00edbe a los ni\u00f1os menores de 14 a\u00f1os tener cuentas en las redes sociales. DeSantis firm\u00f3 la HB 3, tambi\u00e9n conocida como el proyecto de ley de \u201cProtecciones en l\u00ednea para menores\u201d, que fue respaldado\u2026","rel":"","context":"En \u00abSin categor\u00eda\u00bb","block_context":{"text":"Sin categor\u00eda","link":"https:\/\/lasprimeras.com.do\/index.php\/category\/sin-categoria\/"},"img":{"alt_text":"Ron DeSantis","src":"https:\/\/i0.wp.com\/lasprimeras.com.do\/wp-content\/uploads\/2024\/03\/Ron-deSantis.jpg?resize=350%2C200&ssl=1","width":350,"height":200,"srcset":"https:\/\/i0.wp.com\/lasprimeras.com.do\/wp-content\/uploads\/2024\/03\/Ron-deSantis.jpg?resize=350%2C200&ssl=1 1x, https:\/\/i0.wp.com\/lasprimeras.com.do\/wp-content\/uploads\/2024\/03\/Ron-deSantis.jpg?resize=525%2C300&ssl=1 1.5x, https:\/\/i0.wp.com\/lasprimeras.com.do\/wp-content\/uploads\/2024\/03\/Ron-deSantis.jpg?resize=700%2C400&ssl=1 2x"},"classes":[]},{"id":54945,"url":"https:\/\/lasprimeras.com.do\/index.php\/2023\/07\/16\/desantis-esta-recortando-personal-a-medida-que-surge-una-nueva-presion-financiera\/","url_meta":{"origin":53702,"position":4},"title":"DeSantis est\u00e1 recortando personal a medida que surge una nueva presi\u00f3n financiera","author":"Nelson Feliz","date":"16 de julio de 2023","format":false,"excerpt":"POR STEVE GENTE El aspirante republicano a la presidencia, Ron DeSantis, est\u00e1 recortando personal de campa\u00f1a mientras lucha por atrapar al expresidente Donald Trump en las concurridas elecciones primarias del Partido Republicano mientras enfrenta una presi\u00f3n financiera inesperada. El gobernador de Florida, DeSantis, despidi\u00f3 a menos de 10 empleados pagados\u2026","rel":"","context":"En \u00abSin categor\u00eda\u00bb","block_context":{"text":"Sin categor\u00eda","link":"https:\/\/lasprimeras.com.do\/index.php\/category\/sin-categoria\/"},"img":{"alt_text":"Ron DeSantis","src":"https:\/\/i0.wp.com\/lasprimeras.com.do\/wp-content\/uploads\/2023\/07\/Ron-DeSantis-1.jpg?resize=350%2C200&ssl=1","width":350,"height":200,"srcset":"https:\/\/i0.wp.com\/lasprimeras.com.do\/wp-content\/uploads\/2023\/07\/Ron-DeSantis-1.jpg?resize=350%2C200&ssl=1 1x, https:\/\/i0.wp.com\/lasprimeras.com.do\/wp-content\/uploads\/2023\/07\/Ron-DeSantis-1.jpg?resize=525%2C300&ssl=1 1.5x, https:\/\/i0.wp.com\/lasprimeras.com.do\/wp-content\/uploads\/2023\/07\/Ron-DeSantis-1.jpg?resize=700%2C400&ssl=1 2x"},"classes":[]},{"id":67843,"url":"https:\/\/lasprimeras.com.do\/index.php\/2023\/11\/19\/desantis-se-niega-a-condenar-publicacion-de-musk-sobre-antisemitismo\/","url_meta":{"origin":53702,"position":5},"title":"DeSantis se niega a condenar publicaci\u00f3n de Musk sobre antisemitismo","author":"Nelson Feliz","date":"19 de noviembre de 2023","format":false,"excerpt":"El candidato presidencial republicano Ron DeSantis se neg\u00f3 a condenar la publicaci\u00f3n de Elon Musk que respalda una teor\u00eda de conspiraci\u00f3n antisemita y sostuvo el domingo que no estaba familiarizado con la publicaci\u00f3n, que llev\u00f3 a grandes empresas a retirar publicidad de la red social X. \u201cNo vi el comentario\u201d,\u2026","rel":"","context":"En \u00abSin categor\u00eda\u00bb","block_context":{"text":"Sin categor\u00eda","link":"https:\/\/lasprimeras.com.do\/index.php\/category\/sin-categoria\/"},"img":{"alt_text":"Ron DeSantis habla durante el Foro Familiar de Acci\u00f3n de Gracias de L\u00edderes de la Familia, el 17 de noviembre de 2023, en Des Moines, Iowa. (AP\/CHARLIE NEIBERGALL)","src":"https:\/\/i0.wp.com\/lasprimeras.com.do\/wp-content\/uploads\/2023\/11\/Ron-DeSantis.jpg?resize=350%2C200&ssl=1","width":350,"height":200,"srcset":"https:\/\/i0.wp.com\/lasprimeras.com.do\/wp-content\/uploads\/2023\/11\/Ron-DeSantis.jpg?resize=350%2C200&ssl=1 1x, https:\/\/i0.wp.com\/lasprimeras.com.do\/wp-content\/uploads\/2023\/11\/Ron-DeSantis.jpg?resize=525%2C300&ssl=1 1.5x, https:\/\/i0.wp.com\/lasprimeras.com.do\/wp-content\/uploads\/2023\/11\/Ron-DeSantis.jpg?resize=700%2C400&ssl=1 2x"},"classes":[]}],"jetpack_sharing_enabled":true,"_links":{"self":[{"href":"https:\/\/lasprimeras.com.do\/index.php\/wp-json\/wp\/v2\/posts\/53702","targetHints":{"allow":["GET"]}}],"collection":[{"href":"https:\/\/lasprimeras.com.do\/index.php\/wp-json\/wp\/v2\/posts"}],"about":[{"href":"https:\/\/lasprimeras.com.do\/index.php\/wp-json\/wp\/v2\/types\/post"}],"author":[{"embeddable":true,"href":"https:\/\/lasprimeras.com.do\/index.php\/wp-json\/wp\/v2\/users\/2"}],"replies":[{"embeddable":true,"href":"https:\/\/lasprimeras.com.do\/index.php\/wp-json\/wp\/v2\/comments?post=53702"}],"version-history":[{"count":1,"href":"https:\/\/lasprimeras.com.do\/index.php\/wp-json\/wp\/v2\/posts\/53702\/revisions"}],"predecessor-version":[{"id":53704,"href":"https:\/\/lasprimeras.com.do\/index.php\/wp-json\/wp\/v2\/posts\/53702\/revisions\/53704"}],"wp:featuredmedia":[{"embeddable":true,"href":"https:\/\/lasprimeras.com.do\/index.php\/wp-json\/wp\/v2\/media\/53703"}],"wp:attachment":[{"href":"https:\/\/lasprimeras.com.do\/index.php\/wp-json\/wp\/v2\/media?parent=53702"}],"wp:term":[{"taxonomy":"category","embeddable":true,"href":"https:\/\/lasprimeras.com.do\/index.php\/wp-json\/wp\/v2\/categories?post=53702"},{"taxonomy":"post_tag","embeddable":true,"href":"https:\/\/lasprimeras.com.do\/index.php\/wp-json\/wp\/v2\/tags?post=53702"}],"curies":[{"name":"wp","href":"https:\/\/api.w.org\/{rel}","templated":true}]}}