{"id":53705,"date":"2023-06-30T16:19:43","date_gmt":"2023-06-30T20:19:43","guid":{"rendered":"https:\/\/lasprimeras.com.do\/?p=53705"},"modified":"2023-06-30T16:19:46","modified_gmt":"2023-06-30T20:19:46","slug":"investigacion-de-doctorado-lleva-a-estudiante-a-mexico-y-a-una-muerte-violenta","status":"publish","type":"post","link":"https:\/\/lasprimeras.com.do\/index.php\/2023\/06\/30\/investigacion-de-doctorado-lleva-a-estudiante-a-mexico-y-a-una-muerte-violenta\/","title":{"rendered":"Investigaci\u00f3n de doctorado lleva a estudiante a M\u00e9xico y a una muerte violenta"},"content":{"rendered":"\n<p>LOS \u00c1NGELES (AP) \u2014 Durante cuatro a\u00f1os, Gabriel Trujillo recorri\u00f3 todo Estados Unidos y el sur de M\u00e9xico en busca de un arbusto en flor llamado botoncillo com\u00fan.<\/p>\n\n\n\n<p>La planta es originaria de los variados climas de Canad\u00e1, Estados Unidos y M\u00e9xico. Trujillo, un Ph.D. de 31 a\u00f1os. estudiante de la Universidad de California, Berkeley, quer\u00eda saber por qu\u00e9 prosperaba en tal variedad de lugares y si la evoluci\u00f3n de la especie ten\u00eda posibilidades para futuros esfuerzos de conservaci\u00f3n y restauraci\u00f3n del h\u00e1bitat.<\/p>\n\n\n\n<p>La investigaci\u00f3n se interrumpi\u00f3 tr\u00e1gicamente la semana pasada en M\u00e9xico, donde el padre de Trujillo dijo que le dispararon siete veces. Las autoridades descubrieron su cuerpo el 22 de junio en el estado de Sonora, en el noroeste de M\u00e9xico, d\u00edas despu\u00e9s de que su prometida lo reportara como desaparecido.<\/p>\n\n\n\n<p>El asesinato ha dejado a la familia tambale\u00e1ndose y buscando respuestas en un caso que una vez m\u00e1s ha puesto de relieve la violencia desenfrenada que afecta a los lugares de M\u00e9xico controlados por los c\u00e1rteles de la droga.<\/p>\n\n\n\n<p>\u2018EL LUGAR EQUIVOCADO\u2019<\/p>\n\n\n\n<p>Trujillo cruz\u00f3 la frontera de Arizona hacia Nogales el 17 de junio. Habl\u00f3 con su padre al d\u00eda siguiente y \u00e9l y su prometida, Roxanne Cruz-de Hoyos, conversaron en la ma\u00f1ana del d\u00eda siguiente.<\/p>\n\n\n\n<p>\u00c9l le dijo que saldr\u00eda a recolectar plantas y que regresar\u00eda a su Airbnb m\u00e1s tarde.<\/p>\n\n\n\n<p>Cruz-de Hoyos se preocup\u00f3 cuando Trujillo no respondi\u00f3 a sus llamadas telef\u00f3nicas y mensajes de texto (normalmente hablaban varias veces al d\u00eda) y sus anfitriones de Airbnb dijeron que sus pertenencias todav\u00eda estaban all\u00ed pero que no hab\u00eda regresado. Compr\u00f3 un boleto de avi\u00f3n al d\u00eda siguiente y vol\u00f3 a M\u00e9xico para buscar.<\/p>\n\n\n\n<p>El 22 de junio, las autoridades descubrieron su cuerpo a unos 100 kil\u00f3metros (62 millas) del Airbnb. Todav\u00eda estaba dentro de su camioneta, dijo Cruz-de Hoyos.<\/p>\n\n\n\n<p>Ella lo identific\u00f3 ante las autoridades mexicanas cuando su padre se apresur\u00f3 a tomar un vuelo desde Michigan. Ambos han recibido poca informaci\u00f3n sobre la tragedia y piden respuestas a los gobiernos de Estados Unidos y M\u00e9xico.<\/p>\n\n\n\n<p>\u201cEvidentemente, estaba en el lugar equivocado\u201d, dijo Anthony Trujillo a The Associated Press el jueves mientras esperaba abordar un vuelo de regreso a casa, con los restos de su hijo a su lado.<\/p>\n\n\n\n<p>La oficina del fiscal del estado de Sonora dijo en un comunicado el jueves que est\u00e1 analizando evidencia \u201cpara establecer los hechos, condiciones y causas de la muerte\u201d. El comunicado no dio detalles sobre lo ocurrido ni calific\u00f3 la muerte de Trujillo de homicidio.<\/p>\n\n\n\n<p>Su familia le rog\u00f3 que no fuera a un lugar tan peligroso: Sonora registr\u00f3 518 homicidios hasta mayo, seg\u00fan datos del gobierno federal. Pero Trujillo cre\u00eda que el viaje era crucial para su investigaci\u00f3n.<\/p>\n\n\n\n<p>Al compartir una larga frontera con Estados Unidos, Sonora es una ruta clave para el contrabando de drogas, especialmente fentanilo, as\u00ed como de migrantes, dinero en efectivo y armas entre EE. UU. y el estado de Sinaloa, y el infame cartel del mismo nombre, m\u00e1s al sur.<\/p>\n\n\n\n<p>Sonora ha sido durante mucho tiempo un territorio cr\u00edtico para los c\u00e1rteles de la droga de M\u00e9xico y en los \u00faltimos a\u00f1os esas rivalidades han aumentado el nivel de violencia y, en ocasiones, han dejado v\u00edctimas civiles.<\/p>\n","protected":false},"excerpt":{"rendered":"<p>LOS \u00c1NGELES (AP) \u2014 Durante cuatro a\u00f1os, Gabriel Trujillo recorri\u00f3 todo Estados Unidos y el sur de M\u00e9xico en busca de un arbusto en flor llamado botoncillo com\u00fan. La planta&hellip;<\/p>\n","protected":false},"author":2,"featured_media":53706,"comment_status":"open","ping_status":"open","sticky":false,"template":"","format":"standard","meta":{"content-type":"","jetpack_post_was_ever_published":false,"_jetpack_newsletter_access":"","_jetpack_dont_email_post_to_subs":false,"_jetpack_newsletter_tier_id":0,"_jetpack_memberships_contains_paywalled_content":false,"_jetpack_memberships_contains_paid_content":false,"footnotes":""},"categories":[1],"tags":[4111,3350,2388,906,330,4112],"class_list":["post-53705","post","type-post","status-publish","format-standard","has-post-thumbnail","hentry","category-sin-categoria","tag-doctorado","tag-estudiante","tag-investigacion","tag-mexico","tag-muerte","tag-violenta"],"jetpack_featured_media_url":"https:\/\/lasprimeras.com.do\/wp-content\/uploads\/2023\/06\/Gabriel-Trujillo.jpg","jetpack-related-posts":[{"id":84042,"url":"https:\/\/lasprimeras.com.do\/index.php\/2024\/05\/30\/un-mexico-violento-y-polarizado-acude-a-las-urnas-para-elegir-entre-2-candidatas-presidenciales-mujeres\/","url_meta":{"origin":53705,"position":0},"title":"Un M\u00e9xico violento y polarizado acude a las urnas para elegir entre 2 candidatas presidenciales mujeres","author":"Nelson Feliz","date":"30 de mayo de 2024","format":false,"excerpt":"POR MARK STEVENSON Y MAR\u00cdA VERZA CIUDAD DE M\u00c9XICO (AP) \u2014 M\u00e9xico llega a las elecciones del domingo profundamente dividido: amigos y familiares ya no hablan de pol\u00edtica por temor a empeorar divisiones insalvables, mientras que los c\u00e1rteles de la droga han dividido al pa\u00eds en una colcha de feudos\u2026","rel":"","context":"En \u00abSin categor\u00eda\u00bb","block_context":{"text":"Sin categor\u00eda","link":"https:\/\/lasprimeras.com.do\/index.php\/category\/sin-categoria\/"},"img":{"alt_text":"","src":"https:\/\/i0.wp.com\/lasprimeras.com.do\/wp-content\/uploads\/2024\/05\/Candidatas.jpg?resize=350%2C200&ssl=1","width":350,"height":200,"srcset":"https:\/\/i0.wp.com\/lasprimeras.com.do\/wp-content\/uploads\/2024\/05\/Candidatas.jpg?resize=350%2C200&ssl=1 1x, https:\/\/i0.wp.com\/lasprimeras.com.do\/wp-content\/uploads\/2024\/05\/Candidatas.jpg?resize=525%2C300&ssl=1 1.5x, https:\/\/i0.wp.com\/lasprimeras.com.do\/wp-content\/uploads\/2024\/05\/Candidatas.jpg?resize=700%2C400&ssl=1 2x"},"classes":[]},{"id":114089,"url":"https:\/\/lasprimeras.com.do\/index.php\/2025\/11\/10\/trujillo-y-balaguer-dos-actores-de-cine-y-teatro\/","url_meta":{"origin":53705,"position":1},"title":"Trujillo y Balaguer: dos actores de cine y teatro","author":"Nelson Feliz","date":"10 de noviembre de 2025","format":false,"excerpt":"Era como una serie Netflix, Trujillo actuaba y dirig\u00eda, Balaguer actuaba\u2026 y el pueblo aplaud\u00eda sin saber que era parte del teatro. Por: Roberto Valenzuela Antes de que existieran las series de Netflix, el general\u00edsimo Rafael Trujillo y el doctor Balaguer protagonizaron una historia digna de Hollywood. Puedes verla contada\u2026","rel":"","context":"En \u00abOPINI\u00d3N\u00bb","block_context":{"text":"OPINI\u00d3N","link":"https:\/\/lasprimeras.com.do\/index.php\/category\/opinion\/"},"img":{"alt_text":"","src":"https:\/\/i0.wp.com\/lasprimeras.com.do\/wp-content\/uploads\/2025\/11\/Roberto-Valenzuela.jpg?resize=350%2C200&ssl=1","width":350,"height":200,"srcset":"https:\/\/i0.wp.com\/lasprimeras.com.do\/wp-content\/uploads\/2025\/11\/Roberto-Valenzuela.jpg?resize=350%2C200&ssl=1 1x, https:\/\/i0.wp.com\/lasprimeras.com.do\/wp-content\/uploads\/2025\/11\/Roberto-Valenzuela.jpg?resize=525%2C300&ssl=1 1.5x, https:\/\/i0.wp.com\/lasprimeras.com.do\/wp-content\/uploads\/2025\/11\/Roberto-Valenzuela.jpg?resize=700%2C400&ssl=1 2x"},"classes":[]},{"id":57210,"url":"https:\/\/lasprimeras.com.do\/index.php\/2023\/08\/10\/mescyt-envia-a-326-becados-en-programas-de-doctorados-y-maestrias-a-europa-mexico-y-estados-unidos\/","url_meta":{"origin":53705,"position":2},"title":"MESCYT env\u00eda a 326 becados en programas de doctorados y maestr\u00edas a Europa, M\u00e9xico y Estados Unidos","author":"Nelson Feliz","date":"10 de agosto de 2023","format":false,"excerpt":"Ministro Garc\u00eda Ferm\u00edn asegura inter\u00e9s del presidente Luis Abinader es que las becas lleguen a los estudiantes m\u00e1s despose\u00eddos. Por Mart\u00edn Restituyo El Ministerio de Educaci\u00f3n Superior, Ciencia y Tecnolog\u00eda (MESCYT) entreg\u00f3 certificaciones de becas al cuarto grupo de 326 becarios seleccionados durante la Convocatoria a Becas Internacionales 2023, que\u2026","rel":"","context":"En \u00abNACIONALES\u00bb","block_context":{"text":"NACIONALES","link":"https:\/\/lasprimeras.com.do\/index.php\/category\/nacionales\/"},"img":{"alt_text":"Ministro Garc\u00eda Ferm\u00edn","src":"https:\/\/i0.wp.com\/lasprimeras.com.do\/wp-content\/uploads\/2023\/08\/becas-1.jpg?resize=350%2C200&ssl=1","width":350,"height":200,"srcset":"https:\/\/i0.wp.com\/lasprimeras.com.do\/wp-content\/uploads\/2023\/08\/becas-1.jpg?resize=350%2C200&ssl=1 1x, https:\/\/i0.wp.com\/lasprimeras.com.do\/wp-content\/uploads\/2023\/08\/becas-1.jpg?resize=525%2C300&ssl=1 1.5x, https:\/\/i0.wp.com\/lasprimeras.com.do\/wp-content\/uploads\/2023\/08\/becas-1.jpg?resize=700%2C400&ssl=1 2x"},"classes":[]},{"id":56505,"url":"https:\/\/lasprimeras.com.do\/index.php\/2023\/08\/02\/ramfis-dominguez-trujillo-ve-que-el-pueblo-esta-cansado-de-los-partidos-tradicionales\/","url_meta":{"origin":53705,"position":3},"title":"Ramfis Dom\u00ednguez Trujillo ve que el pueblo est\u00e1 cansado de los partidos tradicionales","author":"Nelson Feliz","date":"2 de agosto de 2023","format":false,"excerpt":"El candidato presidencial del Partido Esperanza Democr\u00e1tica, PED, Ramfis Dom\u00ednguez Trujillo, consider\u00f3 que el modelo predominante de partidos pol\u00edticos que ha incidido en la pol\u00edtica dominicana luce agotado y anquilosado, por lo que su partido representa una nueva alternativa diferente para resolver los problemas del pa\u00eds. En este sentido, argument\u00f3\u2026","rel":"","context":"En \u00abPORTADA\u00bb","block_context":{"text":"PORTADA","link":"https:\/\/lasprimeras.com.do\/index.php\/category\/portada\/"},"img":{"alt_text":"Ramfis Dom\u00ednguez Trujillo","src":"https:\/\/i0.wp.com\/lasprimeras.com.do\/wp-content\/uploads\/2023\/08\/ranfis.jpeg?resize=350%2C200&ssl=1","width":350,"height":200,"srcset":"https:\/\/i0.wp.com\/lasprimeras.com.do\/wp-content\/uploads\/2023\/08\/ranfis.jpeg?resize=350%2C200&ssl=1 1x, https:\/\/i0.wp.com\/lasprimeras.com.do\/wp-content\/uploads\/2023\/08\/ranfis.jpeg?resize=525%2C300&ssl=1 1.5x, https:\/\/i0.wp.com\/lasprimeras.com.do\/wp-content\/uploads\/2023\/08\/ranfis.jpeg?resize=700%2C400&ssl=1 2x"},"classes":[]},{"id":79752,"url":"https:\/\/lasprimeras.com.do\/index.php\/2024\/03\/31\/capturan-en-mexico-hombre-condenado-por-matar-a-su-madre-en-california\/","url_meta":{"origin":53705,"position":4},"title":"Capturan en M\u00e9xico hombre condenado por matar a su madre en California","author":"Nelson Feliz","date":"31 de marzo de 2024","format":false,"excerpt":"SANTA ANA, California (AP) \u2014 Un hombre del sur de California condenado por matar a su madre cuando era adolescente fue capturado en M\u00e9xico una semana despu\u00e9s de salir caminando de un centro de rehabilitaci\u00f3n, violando las condiciones de su libertad condicional, dijeron las autoridades. Ike Nicholas Souzer, de 20\u2026","rel":"","context":"En \u00abSin categor\u00eda\u00bb","block_context":{"text":"Sin categor\u00eda","link":"https:\/\/lasprimeras.com.do\/index.php\/category\/sin-categoria\/"},"img":{"alt_text":"Ike Nicholas Souzer","src":"https:\/\/i0.wp.com\/lasprimeras.com.do\/wp-content\/uploads\/2024\/03\/Ike-Nicholas-Souzer.jpg?resize=350%2C200&ssl=1","width":350,"height":200},"classes":[]},{"id":73769,"url":"https:\/\/lasprimeras.com.do\/index.php\/2024\/01\/16\/ola-de-asesinatos-de-personas-transgenero-en-mexico-provoca-ira-y-protestas-de-la-comunidad-lgbtq\/","url_meta":{"origin":53705,"position":5},"title":"Ola de asesinatos de personas transg\u00e9nero en M\u00e9xico provoca ira y protestas de la comunidad LGBTQ+","author":"Nelson Feliz","date":"16 de enero de 2024","format":false,"excerpt":"POR MEGAN JANETSKY CIUDAD DE M\u00c9XICO (AP) \u2014 Las autoridades de M\u00e9xico dijeron que al menos tres personas transg\u00e9nero fueron asesinadas en las dos primeras semanas de 2024, y grupos de derechos humanos estaban investigando dos casos m\u00e1s de ese tipo. Los asesinatos marcaron un comienzo de a\u00f1o violento en\u2026","rel":"","context":"En \u00abSin categor\u00eda\u00bb","block_context":{"text":"Sin categor\u00eda","link":"https:\/\/lasprimeras.com.do\/index.php\/category\/sin-categoria\/"},"img":{"alt_text":"LGBTQ+","src":"https:\/\/i0.wp.com\/lasprimeras.com.do\/wp-content\/uploads\/2024\/01\/LGBTQ.jpg?resize=350%2C200&ssl=1","width":350,"height":200,"srcset":"https:\/\/i0.wp.com\/lasprimeras.com.do\/wp-content\/uploads\/2024\/01\/LGBTQ.jpg?resize=350%2C200&ssl=1 1x, https:\/\/i0.wp.com\/lasprimeras.com.do\/wp-content\/uploads\/2024\/01\/LGBTQ.jpg?resize=525%2C300&ssl=1 1.5x, https:\/\/i0.wp.com\/lasprimeras.com.do\/wp-content\/uploads\/2024\/01\/LGBTQ.jpg?resize=700%2C400&ssl=1 2x"},"classes":[]}],"jetpack_sharing_enabled":true,"_links":{"self":[{"href":"https:\/\/lasprimeras.com.do\/index.php\/wp-json\/wp\/v2\/posts\/53705","targetHints":{"allow":["GET"]}}],"collection":[{"href":"https:\/\/lasprimeras.com.do\/index.php\/wp-json\/wp\/v2\/posts"}],"about":[{"href":"https:\/\/lasprimeras.com.do\/index.php\/wp-json\/wp\/v2\/types\/post"}],"author":[{"embeddable":true,"href":"https:\/\/lasprimeras.com.do\/index.php\/wp-json\/wp\/v2\/users\/2"}],"replies":[{"embeddable":true,"href":"https:\/\/lasprimeras.com.do\/index.php\/wp-json\/wp\/v2\/comments?post=53705"}],"version-history":[{"count":1,"href":"https:\/\/lasprimeras.com.do\/index.php\/wp-json\/wp\/v2\/posts\/53705\/revisions"}],"predecessor-version":[{"id":53707,"href":"https:\/\/lasprimeras.com.do\/index.php\/wp-json\/wp\/v2\/posts\/53705\/revisions\/53707"}],"wp:featuredmedia":[{"embeddable":true,"href":"https:\/\/lasprimeras.com.do\/index.php\/wp-json\/wp\/v2\/media\/53706"}],"wp:attachment":[{"href":"https:\/\/lasprimeras.com.do\/index.php\/wp-json\/wp\/v2\/media?parent=53705"}],"wp:term":[{"taxonomy":"category","embeddable":true,"href":"https:\/\/lasprimeras.com.do\/index.php\/wp-json\/wp\/v2\/categories?post=53705"},{"taxonomy":"post_tag","embeddable":true,"href":"https:\/\/lasprimeras.com.do\/index.php\/wp-json\/wp\/v2\/tags?post=53705"}],"curies":[{"name":"wp","href":"https:\/\/api.w.org\/{rel}","templated":true}]}}