{"id":53708,"date":"2023-06-30T16:38:28","date_gmt":"2023-06-30T20:38:28","guid":{"rendered":"https:\/\/lasprimeras.com.do\/?p=53708"},"modified":"2023-06-30T16:38:29","modified_gmt":"2023-06-30T20:38:29","slug":"nueva-york-index-imparte-curso-sobre-finanzas","status":"publish","type":"post","link":"https:\/\/lasprimeras.com.do\/index.php\/2023\/06\/30\/nueva-york-index-imparte-curso-sobre-finanzas\/","title":{"rendered":"NUEVA YORK: INDEX imparte curso sobre finanzas"},"content":{"rendered":"\n<p>Por Jhonny Trinidad<\/p>\n\n\n\n<p>El Instituto del Dominicano en el Exterior (INDEX) imparti\u00f3 un importante taller sobre finanzas en Nueva York.<\/p>\n\n\n\n<p>El curso te\u00f3rico \/ pr\u00e1ctico \u201cDomina tus Finanzas\u201d fue dictado por la mentora financiera y coach de Negocios Yoxagna Cana\u00e1n en la Direcci\u00f3n de Cultura Dominicana en el Exterior, localizada en el cuarto piso del 2406 de la avenida Amsterdam, en el Alto Manhattan.<\/p>\n\n\n\n<p>Cana\u00e1n instruy\u00f3 a los participantes sobre t\u00e9cnicas y herramientas para crear una mejor relaci\u00f3n con el dinero, perder el miedo a las finanzas y avanzar hacia la libertad financiera so\u00f1ada.<\/p>\n\n\n\n<p>ELIMINACION DE LA POBREZA<\/p>\n\n\n\n<p>Explic\u00f3 que la educaci\u00f3n financiera es la base para eliminar la pobreza. &#8220;Cuando tenemos educaci\u00f3n financiera somos capaces de recibir y entender c\u00f3mo manejar el dinero y otros recursos&#8221;, indic\u00f3 la experta.<\/p>\n\n\n\n<p>&#8220;La educaci\u00f3n financiera debe ser incluida en el programa de educaci\u00f3n b\u00e1sica de las escuelas&#8221;, subray\u00f3.<\/p>\n\n\n\n<p>Dijo que &#8220;con este curso sembramos una buena semilla, ya que estoy segura de que todo el que particip\u00f3 aprendi\u00f3 algo que no sab\u00eda y eso que aprendi\u00f3 le ayudar\u00e1 a ser m\u00e1s organizado con sus finanzas&#8221;.<\/p>\n\n\n\n<p>&#8220;Cuando gastamos el dinero y nos quejamos porque no nos rinde, necesitamos asesor\u00eda. Nosotros trabajamos la finanza buscando qu\u00e9 es lo que te hace gastar de esa manera, para que puedas corregir de ra\u00edz ese problema y puedas gastar con<br>inteligencia&#8221;, expres\u00f3.<\/p>\n\n\n\n<p>DIRECTOR DEL INDEX<\/p>\n\n\n\n<p>De su lado, Jhon S\u00e1nchez, director del Index en Nueva York, dijo que &#8220;organizamos este tipo de actividad para ayudar a los dominicanos a gastar mejor su dinero, a que ahorre y mejore su calidad de vida&#8221;.<\/p>\n\n\n\n<p>&#8220;Por instrucciones de nuestro presidente Luis Abinader, hemos coordinado este tipo de charlas a la comunidad dominicana para que sepa que nuestro gobierno se preocupa por ellos y le interesa su bienestar econ\u00f3mico, donde quiera que vivan&#8221;, abund\u00f3.<\/p>\n\n\n\n<p>De otro lado, asegur\u00f3 que el Index ha logrado todos sus objetivos, entre los cuales mencion\u00f3 el fortalecimiento de los dominicanos que residen en la Ciudad de Nueva York.<\/p>\n\n\n\n<p>&#8220;Cuando la comunidad dominicana de Nueva York se fortalece econ\u00f3micamente, transmite un buen mensaje a los que residen en el terru\u00f1o y el v\u00ednculo entre unos y otros tambi\u00e9n se hace m\u00e1s fuerte&#8221;, declar\u00f3.<\/p>\n\n\n\n<p>PARTICIPANTES<\/p>\n\n\n\n<p>Entre los miembros del Index que asistieron a la charla figuran Awilda Acosta, Shadie Tineo, Antonio Corpor\u00e1n, Olfran Portorreal, Ram\u00f3n Nicasio, Maritza B\u00e1ez, Rafael G\u00f3mez, Daniel Shephar, Rafael N\u00fa\u00f1ez y Leidi Alejo, quien fungi\u00f3 de moderadora.<\/p>\n\n\n\n<p>El evento cont\u00f3, adem\u00e1s, con la presencia del empresario Miguel Santiago; el encargado de los consulados m\u00f3viles, Elvin Tineo, y el activista comunitario Julio Feliz.<\/p>\n","protected":false},"excerpt":{"rendered":"<p>Por Jhonny Trinidad El Instituto del Dominicano en el Exterior (INDEX) imparti\u00f3 un importante taller sobre finanzas en Nueva York. El curso te\u00f3rico \/ pr\u00e1ctico \u201cDomina tus Finanzas\u201d fue dictado&hellip;<\/p>\n","protected":false},"author":2,"featured_media":53709,"comment_status":"open","ping_status":"open","sticky":false,"template":"","format":"standard","meta":{"content-type":"","jetpack_post_was_ever_published":false,"_jetpack_newsletter_access":"","_jetpack_dont_email_post_to_subs":false,"_jetpack_newsletter_tier_id":0,"_jetpack_memberships_contains_paywalled_content":false,"_jetpack_memberships_contains_paid_content":false,"footnotes":""},"categories":[1],"tags":[3153,4113,176,104],"class_list":["post-53708","post","type-post","status-publish","format-standard","has-post-thumbnail","hentry","category-sin-categoria","tag-curso","tag-finanzas","tag-index","tag-nueva-york"],"jetpack_featured_media_url":"https:\/\/lasprimeras.com.do\/wp-content\/uploads\/2023\/06\/Taller.jpg","jetpack-related-posts":[{"id":75321,"url":"https:\/\/lasprimeras.com.do\/index.php\/2024\/01\/31\/emprendedora-dominicana-wendy-sanchez-presento-el-encuentro-como-garantizar-su-futuro-financiero\/","url_meta":{"origin":53708,"position":0},"title":"Emprendedora dominicana Wendy S\u00e1nchez present\u00f3 el encuentro \u201cC\u00f3mo Garantizar su Futuro Financiero\u201d","author":"BIMARY DE JES\u00daS Matos","date":"31 de enero de 2024","format":false,"excerpt":"NUEVA YORK. -La emprendedora dominicana radicada en esta ciudad, Wendy S\u00e1nchez, present\u00f3 la noche de este martes junto Mauricio Garc\u00eda Y Peter O. Est\u00e9vez, la charla conferencia \u201cC\u00f3mo Garantizar su Futuro Financiero\u201d. \u201cHegemon Group Internacional nos brinda esa oportunidad de hacer carrera como asesor patrimonial en Estados Unidos y gracias\u2026","rel":"","context":"En \u00abPORTADA\u00bb","block_context":{"text":"PORTADA","link":"https:\/\/lasprimeras.com.do\/index.php\/category\/portada\/"},"img":{"alt_text":"","src":"https:\/\/i0.wp.com\/lasprimeras.com.do\/wp-content\/uploads\/2024\/01\/WhatsApp-Image-2024-01-26-at-12.10.49-PM.jpeg?resize=350%2C200&ssl=1","width":350,"height":200,"srcset":"https:\/\/i0.wp.com\/lasprimeras.com.do\/wp-content\/uploads\/2024\/01\/WhatsApp-Image-2024-01-26-at-12.10.49-PM.jpeg?resize=350%2C200&ssl=1 1x, https:\/\/i0.wp.com\/lasprimeras.com.do\/wp-content\/uploads\/2024\/01\/WhatsApp-Image-2024-01-26-at-12.10.49-PM.jpeg?resize=525%2C300&ssl=1 1.5x, https:\/\/i0.wp.com\/lasprimeras.com.do\/wp-content\/uploads\/2024\/01\/WhatsApp-Image-2024-01-26-at-12.10.49-PM.jpeg?resize=700%2C400&ssl=1 2x"},"classes":[]},{"id":99796,"url":"https:\/\/lasprimeras.com.do\/index.php\/2025\/05\/27\/bitcoin-mas-que-una-inversion-es-una-ideologia-la-mejor-educacion-financiera-y-abundancia\/","url_meta":{"origin":53708,"position":1},"title":"Bitcoin: M\u00e1s que una Inversi\u00f3n, es una Ideolog\u00eda: La Mejor Educaci\u00f3n Financiera y Abundancia","author":"Nelson Feliz","date":"27 de mayo de 2025","format":false,"excerpt":"Por: Moris Beracha Bitcoin trasciende la idea de una simple inversi\u00f3n o una forma de ganar dinero. Es una revoluci\u00f3n, una ideolog\u00eda audaz que desaf\u00eda las nociones tradicionales de finanzas, libertad y confianza. En su n\u00facleo, Bitcoin es un sistema descentralizado que otorga a las personas el poder de controlar\u2026","rel":"","context":"En \u00abOPINI\u00d3N\u00bb","block_context":{"text":"OPINI\u00d3N","link":"https:\/\/lasprimeras.com.do\/index.php\/category\/opinion\/"},"img":{"alt_text":"","src":"https:\/\/i0.wp.com\/lasprimeras.com.do\/wp-content\/uploads\/2025\/05\/Moris-Beracha.jpg?resize=350%2C200&ssl=1","width":350,"height":200,"srcset":"https:\/\/i0.wp.com\/lasprimeras.com.do\/wp-content\/uploads\/2025\/05\/Moris-Beracha.jpg?resize=350%2C200&ssl=1 1x, https:\/\/i0.wp.com\/lasprimeras.com.do\/wp-content\/uploads\/2025\/05\/Moris-Beracha.jpg?resize=525%2C300&ssl=1 1.5x, https:\/\/i0.wp.com\/lasprimeras.com.do\/wp-content\/uploads\/2025\/05\/Moris-Beracha.jpg?resize=700%2C400&ssl=1 2x"},"classes":[]},{"id":88492,"url":"https:\/\/lasprimeras.com.do\/index.php\/2024\/08\/28\/bid-invest-lanza-la-red-regional-enlaces-para-impulsar-las-finanzas-sostenibles-en-al-y-el-caribe\/","url_meta":{"origin":53708,"position":2},"title":"BID Invest lanza la red regional &#8216;enlaces&#8217; para impulsar las finanzas sostenibles en AL y el Caribe","author":"Nelson Feliz","date":"28 de agosto de 2024","format":false,"excerpt":"BID Invest lanz\u00f3 'enlaces', una red de di\u00e1logo regional de iniciativas que promueven las finanzas sostenibles en Am\u00e9rica Latina y el Caribe (LAC, por sus siglas en ingl\u00e9s). La red 'enlaces', que incluye la participaci\u00f3n de bancos comerciales p\u00fablicos y privados y de entidades financieras, busca sumar esfuerzos, crear sinergias\u2026","rel":"","context":"En \u00abECONOM\u00cdA\u00bb","block_context":{"text":"ECONOM\u00cdA","link":"https:\/\/lasprimeras.com.do\/index.php\/category\/economia\/"},"img":{"alt_text":"","src":"https:\/\/i0.wp.com\/lasprimeras.com.do\/wp-content\/uploads\/2024\/08\/ENLANCES.jpg?resize=350%2C200&ssl=1","width":350,"height":200,"srcset":"https:\/\/i0.wp.com\/lasprimeras.com.do\/wp-content\/uploads\/2024\/08\/ENLANCES.jpg?resize=350%2C200&ssl=1 1x, https:\/\/i0.wp.com\/lasprimeras.com.do\/wp-content\/uploads\/2024\/08\/ENLANCES.jpg?resize=525%2C300&ssl=1 1.5x, https:\/\/i0.wp.com\/lasprimeras.com.do\/wp-content\/uploads\/2024\/08\/ENLANCES.jpg?resize=700%2C400&ssl=1 2x"},"classes":[]},{"id":56047,"url":"https:\/\/lasprimeras.com.do\/index.php\/2023\/07\/27\/estados-unidos-sanciona-al-jefe-de-finanzas-del-estado-islamico-en-somalia\/","url_meta":{"origin":53708,"position":3},"title":"Estados Unidos sanciona al jefe de finanzas del Estado Isl\u00e1mico en Somalia","author":"Nelson Feliz","date":"27 de julio de 2023","format":false,"excerpt":"Estados Unidos sancion\u00f3 este jueves al jefe de finanzas del Estado Isl\u00e1mico (EI) en Somalia, Abdiweli Mohamed Yusuf, por generar ingresos que la organizaci\u00f3n terrorista distribuye por toda \u00c1frica. Seg\u00fan un comunicado del Departamento del Tesoro de EE.UU., Yusuf fue declarado Terrorista Global Especialmente Designado (SDGT, en ingl\u00e9s). EE.UU. destac\u00f3\u2026","rel":"","context":"En \u00abSin categor\u00eda\u00bb","block_context":{"text":"Sin categor\u00eda","link":"https:\/\/lasprimeras.com.do\/index.php\/category\/sin-categoria\/"},"img":{"alt_text":"Abdiweli Mohamed Yusuf,","src":"https:\/\/i0.wp.com\/lasprimeras.com.do\/wp-content\/uploads\/2023\/07\/Abdiweli-Mohamed-Yusuf.jpg?resize=350%2C200&ssl=1","width":350,"height":200,"srcset":"https:\/\/i0.wp.com\/lasprimeras.com.do\/wp-content\/uploads\/2023\/07\/Abdiweli-Mohamed-Yusuf.jpg?resize=350%2C200&ssl=1 1x, https:\/\/i0.wp.com\/lasprimeras.com.do\/wp-content\/uploads\/2023\/07\/Abdiweli-Mohamed-Yusuf.jpg?resize=525%2C300&ssl=1 1.5x, https:\/\/i0.wp.com\/lasprimeras.com.do\/wp-content\/uploads\/2023\/07\/Abdiweli-Mohamed-Yusuf.jpg?resize=700%2C400&ssl=1 2x"},"classes":[]},{"id":90493,"url":"https:\/\/lasprimeras.com.do\/index.php\/2024\/10\/22\/carmen-blanc-cierra-con-exito-la-feria-de-la-semana-financiera\/","url_meta":{"origin":53708,"position":4},"title":"Carmen Blanc cierra con \u00e9xito la Feria de la Semana Financiera","author":"Nelson Feliz","date":"22 de octubre de 2024","format":false,"excerpt":"La destacada conferencista, especialista en finanzas personales, Carmen Blanc, clausur\u00f3 con \u00e9xito la Feria de la Semana Financiera organizada por AFP Reservas, celebrada en la Universidad Federico Henr\u00edquez y Carvajal, UNPHU el pasado 27 de septiembre. Blanc ofreci\u00f3 una conferencia inspiradora, centrada en el bienestar financiero, donde abord\u00f3 la importancia\u2026","rel":"","context":"En \u00abECONOM\u00cdA\u00bb","block_context":{"text":"ECONOM\u00cdA","link":"https:\/\/lasprimeras.com.do\/index.php\/category\/economia\/"},"img":{"alt_text":"","src":"https:\/\/i0.wp.com\/lasprimeras.com.do\/wp-content\/uploads\/2024\/10\/Carmen-Blanc.jpg?resize=350%2C200&ssl=1","width":350,"height":200,"srcset":"https:\/\/i0.wp.com\/lasprimeras.com.do\/wp-content\/uploads\/2024\/10\/Carmen-Blanc.jpg?resize=350%2C200&ssl=1 1x, https:\/\/i0.wp.com\/lasprimeras.com.do\/wp-content\/uploads\/2024\/10\/Carmen-Blanc.jpg?resize=525%2C300&ssl=1 1.5x, https:\/\/i0.wp.com\/lasprimeras.com.do\/wp-content\/uploads\/2024\/10\/Carmen-Blanc.jpg?resize=700%2C400&ssl=1 2x"},"classes":[]},{"id":79174,"url":"https:\/\/lasprimeras.com.do\/index.php\/2024\/03\/24\/feria-inmobiliaria-banreservas-en-ny-y-lawrence-genera-solicitudes-por-mas-de-rd8500-millones\/","url_meta":{"origin":53708,"position":5},"title":"Feria Inmobiliaria Banreservas en NY y Lawrence genera solicitudes por m\u00e1s de RD$8,500 millones","author":"Nelson Feliz","date":"24 de marzo de 2024","format":false,"excerpt":"Samuel Pereyra dice que la primera Feria Internacional Inmobiliaria de Banreservas en NY y Lawrence, celebrada el fin de semana, fortalece el v\u00ednculo con los dominicanos residentes en el exterior. Nueva York. - La primera Feria Inmobiliaria celebrada por el Banco de Reservas en esta ciudad y Lawrence gener\u00f3 un\u2026","rel":"","context":"En \u00abECONOM\u00cdA\u00bb","block_context":{"text":"ECONOM\u00cdA","link":"https:\/\/lasprimeras.com.do\/index.php\/category\/economia\/"},"img":{"alt_text":"Feria Inmobiliaria Banreservas en NY","src":"https:\/\/i0.wp.com\/lasprimeras.com.do\/wp-content\/uploads\/2024\/03\/Feria-Inmobiliaria-Banreservas-en-NY-1.jpg?resize=350%2C200&ssl=1","width":350,"height":200,"srcset":"https:\/\/i0.wp.com\/lasprimeras.com.do\/wp-content\/uploads\/2024\/03\/Feria-Inmobiliaria-Banreservas-en-NY-1.jpg?resize=350%2C200&ssl=1 1x, https:\/\/i0.wp.com\/lasprimeras.com.do\/wp-content\/uploads\/2024\/03\/Feria-Inmobiliaria-Banreservas-en-NY-1.jpg?resize=525%2C300&ssl=1 1.5x, https:\/\/i0.wp.com\/lasprimeras.com.do\/wp-content\/uploads\/2024\/03\/Feria-Inmobiliaria-Banreservas-en-NY-1.jpg?resize=700%2C400&ssl=1 2x"},"classes":[]}],"jetpack_sharing_enabled":true,"_links":{"self":[{"href":"https:\/\/lasprimeras.com.do\/index.php\/wp-json\/wp\/v2\/posts\/53708","targetHints":{"allow":["GET"]}}],"collection":[{"href":"https:\/\/lasprimeras.com.do\/index.php\/wp-json\/wp\/v2\/posts"}],"about":[{"href":"https:\/\/lasprimeras.com.do\/index.php\/wp-json\/wp\/v2\/types\/post"}],"author":[{"embeddable":true,"href":"https:\/\/lasprimeras.com.do\/index.php\/wp-json\/wp\/v2\/users\/2"}],"replies":[{"embeddable":true,"href":"https:\/\/lasprimeras.com.do\/index.php\/wp-json\/wp\/v2\/comments?post=53708"}],"version-history":[{"count":1,"href":"https:\/\/lasprimeras.com.do\/index.php\/wp-json\/wp\/v2\/posts\/53708\/revisions"}],"predecessor-version":[{"id":53710,"href":"https:\/\/lasprimeras.com.do\/index.php\/wp-json\/wp\/v2\/posts\/53708\/revisions\/53710"}],"wp:featuredmedia":[{"embeddable":true,"href":"https:\/\/lasprimeras.com.do\/index.php\/wp-json\/wp\/v2\/media\/53709"}],"wp:attachment":[{"href":"https:\/\/lasprimeras.com.do\/index.php\/wp-json\/wp\/v2\/media?parent=53708"}],"wp:term":[{"taxonomy":"category","embeddable":true,"href":"https:\/\/lasprimeras.com.do\/index.php\/wp-json\/wp\/v2\/categories?post=53708"},{"taxonomy":"post_tag","embeddable":true,"href":"https:\/\/lasprimeras.com.do\/index.php\/wp-json\/wp\/v2\/tags?post=53708"}],"curies":[{"name":"wp","href":"https:\/\/api.w.org\/{rel}","templated":true}]}}