{"id":53720,"date":"2023-06-30T18:12:31","date_gmt":"2023-06-30T22:12:31","guid":{"rendered":"https:\/\/lasprimeras.com.do\/?p=53720"},"modified":"2023-06-30T18:12:33","modified_gmt":"2023-06-30T22:12:33","slug":"tildan-de-atropello-cancelacion-roberto-felix-en-el-consulado-de-new-jersey","status":"publish","type":"post","link":"https:\/\/lasprimeras.com.do\/index.php\/2023\/06\/30\/tildan-de-atropello-cancelacion-roberto-felix-en-el-consulado-de-new-jersey\/","title":{"rendered":"Tildan de atropello cancelaci\u00f3n Roberto F\u00e9lix en el Consulado de New Jersey"},"content":{"rendered":"\n<p>Por Vicente Balbuena<\/p>\n\n\n\n<p>Dirigentes y miembros del Partido Revolucionario Moderno, PRM, de Paterson, tildan c\u00f3mo un atropello la cancelaci\u00f3n del doctor Roberto F\u00e9lix, quien laboraba en el Consulado Dominicano de New Jersey.<\/p>\n\n\n\n<p>El destacado dirigente de la Seccional del PRM, fue cancelado, tras negarse a darle su apoyo a la diputada de Ultramar, Kenia Bid\u00f3 de la circunscripci\u00f3n n\u00famero uno.<\/p>\n\n\n\n<p>Seg\u00fan el dirigente pol\u00edtico, su cancelaci\u00f3n fue orquestada por \u00c1ngel Pichardo, c\u00f3nsul general dominicano en New Jersey y Lucilo Santos, presidente de la seccional del partido oficialista.<\/p>\n\n\n\n<p>F\u00e9lix, dijo que su suspensi\u00f3n ha provocado airadas reacciones en la ciudad de los rascacielos, ya que es considerado uno de los hombres m\u00e1s leales al presidente Luis Abinader.<\/p>\n\n\n\n<p>Dirigentes de la zona, pidieron al mandatario ordenar una investigaci\u00f3n en torno al hecho, tras considerar que no cometi\u00f3 ning\u00fan error en el desempe\u00f1o de sus funciones, que amerita su despido.<\/p>\n","protected":false},"excerpt":{"rendered":"<p>Por Vicente Balbuena Dirigentes y miembros del Partido Revolucionario Moderno, PRM, de Paterson, tildan c\u00f3mo un atropello la cancelaci\u00f3n del doctor Roberto F\u00e9lix, quien laboraba en el Consulado Dominicano de&hellip;<\/p>\n","protected":false},"author":2,"featured_media":53721,"comment_status":"open","ping_status":"open","sticky":false,"template":"","format":"standard","meta":{"content-type":"","jetpack_post_was_ever_published":false,"_jetpack_newsletter_access":"","_jetpack_dont_email_post_to_subs":false,"_jetpack_newsletter_tier_id":0,"_jetpack_memberships_contains_paywalled_content":false,"_jetpack_memberships_contains_paid_content":false,"footnotes":""},"categories":[1],"tags":[4119,4121,4120,4123,4122,4118],"class_list":["post-53720","post","type-post","status-publish","format-standard","has-post-thumbnail","hentry","category-sin-categoria","tag-atropello","tag-cancelacion","tag-consulado-dominicano","tag-new-jersey","tag-roberto-felix","tag-tildan"],"jetpack_featured_media_url":"https:\/\/lasprimeras.com.do\/wp-content\/uploads\/2023\/06\/Roberto-Felix.jpg","jetpack-related-posts":[{"id":74370,"url":"https:\/\/lasprimeras.com.do\/index.php\/2024\/01\/22\/juramentan-direccion-sector-externo-de-new-jersey-con-abinader\/","url_meta":{"origin":53720,"position":0},"title":"Juramentan direcci\u00f3n sector externo de New Jersey con Abinader","author":"Nelson Feliz","date":"22 de enero de 2024","format":false,"excerpt":"Por Vicente Balbuena Paterson, New Jersey.- Desafiando las g\u00e9lidas temperaturas, con una masiva asistencia, se llev\u00f3 a cabo el juramento de los integrantes de la directiva del sector externo con el presidente Luis Abinader en el estado de New Jersey. La actividad fue encabezada por el c\u00f3nsul dominicano en Colombia,\u2026","rel":"","context":"En \u00abSin categor\u00eda\u00bb","block_context":{"text":"Sin categor\u00eda","link":"https:\/\/lasprimeras.com.do\/index.php\/category\/sin-categoria\/"},"img":{"alt_text":"Juan Pe\u00f1a","src":"https:\/\/i0.wp.com\/lasprimeras.com.do\/wp-content\/uploads\/2024\/01\/Juan-Pena.jpg?resize=350%2C200&ssl=1","width":350,"height":200,"srcset":"https:\/\/i0.wp.com\/lasprimeras.com.do\/wp-content\/uploads\/2024\/01\/Juan-Pena.jpg?resize=350%2C200&ssl=1 1x, https:\/\/i0.wp.com\/lasprimeras.com.do\/wp-content\/uploads\/2024\/01\/Juan-Pena.jpg?resize=525%2C300&ssl=1 1.5x, https:\/\/i0.wp.com\/lasprimeras.com.do\/wp-content\/uploads\/2024\/01\/Juan-Pena.jpg?resize=700%2C400&ssl=1 2x"},"classes":[]},{"id":60128,"url":"https:\/\/lasprimeras.com.do\/index.php\/2023\/09\/11\/coordinador-sector-externo-el-problema-de-haiti-es-de-las-grandes-potencias\/","url_meta":{"origin":53720,"position":1},"title":"Coordinador Sector Externo: &#8220;El problema de Hait\u00ed es de las grandes potencias&#8221;","author":"Nelson Feliz","date":"11 de septiembre de 2023","format":false,"excerpt":"El coordinador nacional del Sector Externo de Luis Abinader, doctor Santiago Hazim dijo que el problema de Hait\u00ed no es de la Rep\u00fablica Dominicana; \"es un problema de las grandes potencias del mundo quienes han abandonado a esa naci\u00f3n y no es responsabilidad de nosotros por compartir una isla\". El\u2026","rel":"","context":"En \u00abSin categor\u00eda\u00bb","block_context":{"text":"Sin categor\u00eda","link":"https:\/\/lasprimeras.com.do\/index.php\/category\/sin-categoria\/"},"img":{"alt_text":"Sector Externo","src":"https:\/\/i0.wp.com\/lasprimeras.com.do\/wp-content\/uploads\/2023\/09\/Sector-Externo.jpg?resize=350%2C200&ssl=1","width":350,"height":200,"srcset":"https:\/\/i0.wp.com\/lasprimeras.com.do\/wp-content\/uploads\/2023\/09\/Sector-Externo.jpg?resize=350%2C200&ssl=1 1x, https:\/\/i0.wp.com\/lasprimeras.com.do\/wp-content\/uploads\/2023\/09\/Sector-Externo.jpg?resize=525%2C300&ssl=1 1.5x, https:\/\/i0.wp.com\/lasprimeras.com.do\/wp-content\/uploads\/2023\/09\/Sector-Externo.jpg?resize=700%2C400&ssl=1 2x"},"classes":[]},{"id":61909,"url":"https:\/\/lasprimeras.com.do\/index.php\/2023\/10\/01\/abel-gobierno-perdio-el-norte-tambien-perdera-las-elecciones\/","url_meta":{"origin":53720,"position":2},"title":"Abel: &#8220;Gobierno perdi\u00f3 el norte; tambi\u00e9n perder\u00e1 las elecciones&#8221;","author":"Nelson Feliz","date":"1 de octubre de 2023","format":false,"excerpt":"El candidato presidencial del Partido de la Liberaci\u00f3n Dominicana (PLD), Abel Mart\u00ednez, declar\u00f3 ante una multitud de dominicanos que lo esper\u00f3 en New Jersey, que el Gobierno del PRM perdi\u00f3 el rumbo y el norte. El l\u00edder de la oposici\u00f3n a\u00f1adi\u00f3 que, a consecuencia de esa realidad, perder\u00e1 tambi\u00e9n las\u2026","rel":"","context":"En \u00abPORTADA\u00bb","block_context":{"text":"PORTADA","link":"https:\/\/lasprimeras.com.do\/index.php\/category\/portada\/"},"img":{"alt_text":"","src":"https:\/\/i0.wp.com\/lasprimeras.com.do\/wp-content\/uploads\/2023\/10\/Abel-Martinez.jpg?resize=350%2C200&ssl=1","width":350,"height":200,"srcset":"https:\/\/i0.wp.com\/lasprimeras.com.do\/wp-content\/uploads\/2023\/10\/Abel-Martinez.jpg?resize=350%2C200&ssl=1 1x, https:\/\/i0.wp.com\/lasprimeras.com.do\/wp-content\/uploads\/2023\/10\/Abel-Martinez.jpg?resize=525%2C300&ssl=1 1.5x, https:\/\/i0.wp.com\/lasprimeras.com.do\/wp-content\/uploads\/2023\/10\/Abel-Martinez.jpg?resize=700%2C400&ssl=1 2x"},"classes":[]},{"id":51394,"url":"https:\/\/lasprimeras.com.do\/index.php\/2023\/05\/30\/direccion-de-cultura-y-el-consulado-dominicano-de-nueva-jersey-apoyaran-la-feria-internacional-del-libro\/","url_meta":{"origin":53720,"position":3},"title":"Cultura y el Consulado de Nueva Jersey apoyar\u00e1n Feria Internacional del Libro","author":"prenxa100","date":"30 de mayo de 2023","format":false,"excerpt":"NUEVA YORK.-. La Direcci\u00f3n de Cultura Dominicana en Estados Unidos, bajo el enlace del Dr. Rey And\u00fajar y el C\u00f3nsul General de la Rep\u00fablica Dominicana en New Jersey, Ing. \u00c1ngel Pichardo, pactaron acuerdos para respaldar la 7ma Edici\u00f3n de la Feria Internacional del Libro en el Estado de Nueva Jersey.\u2026","rel":"","context":"En \u00abSin categor\u00eda\u00bb","block_context":{"text":"Sin categor\u00eda","link":"https:\/\/lasprimeras.com.do\/index.php\/category\/sin-categoria\/"},"img":{"alt_text":"","src":"","width":0,"height":0},"classes":[]},{"id":53191,"url":"https:\/\/lasprimeras.com.do\/index.php\/2023\/06\/24\/roberto-angel-anuncia-gobierno-establecera-red-de-centros-culturales-en-el-exterior\/","url_meta":{"origin":53720,"position":4},"title":"Roberto \u00c1ngel anuncia Gobierno establecer\u00e1 Red de Centros Culturales en el Exterior","author":"Nelson Feliz","date":"24 de junio de 2023","format":false,"excerpt":"El director de Propeep dijo que el punto de partida de estos centros son los m\u00e1s de 2 millones de dominicanos que residen fuera del pa\u00eds y una manera del Gobierno llevar acciones e impactar la di\u00e1spora Nueva York, EE.UU.- El Gobierno dominicano dio los pasos iniciales en esta ciudad\u2026","rel":"","context":"En \u00abECONOM\u00cdA\u00bb","block_context":{"text":"ECONOM\u00cdA","link":"https:\/\/lasprimeras.com.do\/index.php\/category\/economia\/"},"img":{"alt_text":"Roberto \u00c1ngel Salcedo","src":"https:\/\/i0.wp.com\/lasprimeras.com.do\/wp-content\/uploads\/2023\/06\/Robertico-en-NY.jpg?resize=350%2C200&ssl=1","width":350,"height":200,"srcset":"https:\/\/i0.wp.com\/lasprimeras.com.do\/wp-content\/uploads\/2023\/06\/Robertico-en-NY.jpg?resize=350%2C200&ssl=1 1x, https:\/\/i0.wp.com\/lasprimeras.com.do\/wp-content\/uploads\/2023\/06\/Robertico-en-NY.jpg?resize=525%2C300&ssl=1 1.5x, https:\/\/i0.wp.com\/lasprimeras.com.do\/wp-content\/uploads\/2023\/06\/Robertico-en-NY.jpg?resize=700%2C400&ssl=1 2x"},"classes":[]},{"id":80371,"url":"https:\/\/lasprimeras.com.do\/index.php\/2024\/04\/08\/roberto-angel-asegura-tsunami-electoral-de-mayo-del-prm-y-luis-abinader-iniciara-en-el-exterior\/","url_meta":{"origin":53720,"position":5},"title":"Roberto \u00c1ngel asegura tsunami electoral de mayo, del PRM y Luis Abinader, iniciar\u00e1 en el exterior","author":"BIMARY DE JES\u00daS Matos","date":"8 de abril de 2024","format":false,"excerpt":"Puerto Rico.- El destacado dirigente pol\u00edtico Roberto \u00c1ngel Salcedo pronostic\u00f3 este domingo que las votaciones que obtendr\u00e1n Luis Abinader, el Partido Revolucionario Moderno (PRM) y la coalici\u00f3n de partidos aliados el 19 de mayo pr\u00f3ximo ser\u00e1n un tsunami electoral que iniciar\u00e1 por las circunscripciones del exterior. Roberto \u00c1ngel, miembro de\u2026","rel":"","context":"En \u00abSin categor\u00eda\u00bb","block_context":{"text":"Sin categor\u00eda","link":"https:\/\/lasprimeras.com.do\/index.php\/category\/sin-categoria\/"},"img":{"alt_text":"","src":"https:\/\/i0.wp.com\/lasprimeras.com.do\/wp-content\/uploads\/2024\/04\/WhatsApp-Image-2024-04-08-at-7.12.11-AM.jpeg?resize=350%2C200&ssl=1","width":350,"height":200,"srcset":"https:\/\/i0.wp.com\/lasprimeras.com.do\/wp-content\/uploads\/2024\/04\/WhatsApp-Image-2024-04-08-at-7.12.11-AM.jpeg?resize=350%2C200&ssl=1 1x, https:\/\/i0.wp.com\/lasprimeras.com.do\/wp-content\/uploads\/2024\/04\/WhatsApp-Image-2024-04-08-at-7.12.11-AM.jpeg?resize=525%2C300&ssl=1 1.5x, https:\/\/i0.wp.com\/lasprimeras.com.do\/wp-content\/uploads\/2024\/04\/WhatsApp-Image-2024-04-08-at-7.12.11-AM.jpeg?resize=700%2C400&ssl=1 2x, https:\/\/i0.wp.com\/lasprimeras.com.do\/wp-content\/uploads\/2024\/04\/WhatsApp-Image-2024-04-08-at-7.12.11-AM.jpeg?resize=1050%2C600&ssl=1 3x"},"classes":[]}],"jetpack_sharing_enabled":true,"_links":{"self":[{"href":"https:\/\/lasprimeras.com.do\/index.php\/wp-json\/wp\/v2\/posts\/53720","targetHints":{"allow":["GET"]}}],"collection":[{"href":"https:\/\/lasprimeras.com.do\/index.php\/wp-json\/wp\/v2\/posts"}],"about":[{"href":"https:\/\/lasprimeras.com.do\/index.php\/wp-json\/wp\/v2\/types\/post"}],"author":[{"embeddable":true,"href":"https:\/\/lasprimeras.com.do\/index.php\/wp-json\/wp\/v2\/users\/2"}],"replies":[{"embeddable":true,"href":"https:\/\/lasprimeras.com.do\/index.php\/wp-json\/wp\/v2\/comments?post=53720"}],"version-history":[{"count":1,"href":"https:\/\/lasprimeras.com.do\/index.php\/wp-json\/wp\/v2\/posts\/53720\/revisions"}],"predecessor-version":[{"id":53722,"href":"https:\/\/lasprimeras.com.do\/index.php\/wp-json\/wp\/v2\/posts\/53720\/revisions\/53722"}],"wp:featuredmedia":[{"embeddable":true,"href":"https:\/\/lasprimeras.com.do\/index.php\/wp-json\/wp\/v2\/media\/53721"}],"wp:attachment":[{"href":"https:\/\/lasprimeras.com.do\/index.php\/wp-json\/wp\/v2\/media?parent=53720"}],"wp:term":[{"taxonomy":"category","embeddable":true,"href":"https:\/\/lasprimeras.com.do\/index.php\/wp-json\/wp\/v2\/categories?post=53720"},{"taxonomy":"post_tag","embeddable":true,"href":"https:\/\/lasprimeras.com.do\/index.php\/wp-json\/wp\/v2\/tags?post=53720"}],"curies":[{"name":"wp","href":"https:\/\/api.w.org\/{rel}","templated":true}]}}