{"id":53888,"date":"2023-07-03T11:00:43","date_gmt":"2023-07-03T15:00:43","guid":{"rendered":"https:\/\/lasprimeras.com.do\/?p=53888"},"modified":"2023-07-03T11:00:45","modified_gmt":"2023-07-03T15:00:45","slug":"los-numeros-de-manuel-jimenez","status":"publish","type":"post","link":"https:\/\/lasprimeras.com.do\/index.php\/2023\/07\/03\/los-numeros-de-manuel-jimenez\/","title":{"rendered":"Los n\u00fameros de Manuel Jim\u00e9nez"},"content":{"rendered":"\n<p>Por Jhonatan Liriano<\/p>\n\n\n\n<p>Opini\u00f3n p\u00fablica no es lo mismo que opini\u00f3n publicada.<\/p>\n\n\n\n<p>Tampoco son la misma cosa los sondeos, los comentarios, los art\u00edculos, los chats de grupos pol\u00edticos y las encuestas.<\/p>\n\n\n\n<p>Las encuestas, las de verdad, son instrumentos cient\u00edficos, y miden lo que no se puede medir entre dimes y diretes de sectores pol\u00edticos en disputa ni con formularios puestos a circular por Whatsapp o portales web.<\/p>\n\n\n\n<p>En Santo Domingo Este la realidad de todos los aspirantes a dirigir la alcald\u00eda es, a la fecha, la siguiente.<\/p>\n\n\n\n<p>1.Manuel Jim\u00e9nez es conocido por casi la totalidad de los electores del municipio m\u00e1s poblado del pa\u00eds (y creciendo).<\/p>\n\n\n\n<p>2.Ning\u00fan otro aspirante en el PRM est\u00e1 cerca ni con posibilidades de alcanzar ese nivel en lo que queda de a\u00f1o.<\/p>\n\n\n\n<p>3.En preferencia o intenci\u00f3n del voto, Manuel Jim\u00e9nez le lleva ventaja de dos d\u00edgitos a todos los precandidatos oficialistas. Y frente a la oposici\u00f3n ning\u00fan otro aspirante tiene una solidez como la del alcalde.<\/p>\n\n\n\n<p>4.\u00bfLa tasa de rechazo? Propia de todo funcionario electo que promueve cambios reales en su comunidad. Se va reduciendo cada semana en la medida en que esos cambios se sienten y los ataques pol\u00edticos quedan limitados por el peso ineludible de los hechos.<\/p>\n\n\n\n<p>Esa es la situaci\u00f3n a inicio de julio. Y a Manuel a\u00fan le queda una larga lista de inauguraciones y conquistas para la ciudad.<\/p>\n\n\n\n<p>Quien tenga duda solo debe preguntar al expresidente Hip\u00f3lito Mej\u00eda, quien maneja los n\u00fameros y estuvo hace poco en Santo Domingo Este promoviendo la unidad del partido, reconociendo los avances de la gesti\u00f3n municipal del alcalde Manuel Jim\u00e9nez e invitando al liderazgo local a deponer las aspiraciones personales que no est\u00e1n sustentadas en la realidad num\u00e9rica del momento.<\/p>\n\n\n\n<p>Como m\u00e1s o menos dijo Hip\u00f3lito en el famoso encuentro, la ruta ahora es de Unidad, Lealtad y Victoria.<\/p>\n","protected":false},"excerpt":{"rendered":"<p>Por Jhonatan Liriano Opini\u00f3n p\u00fablica no es lo mismo que opini\u00f3n publicada. Tampoco son la misma cosa los sondeos, los comentarios, los art\u00edculos, los chats de grupos pol\u00edticos y las&hellip;<\/p>\n","protected":false},"author":2,"featured_media":53889,"comment_status":"open","ping_status":"open","sticky":false,"template":"","format":"standard","meta":{"content-type":"","jetpack_post_was_ever_published":false,"_jetpack_newsletter_access":"","_jetpack_dont_email_post_to_subs":false,"_jetpack_newsletter_tier_id":0,"_jetpack_memberships_contains_paywalled_content":false,"_jetpack_memberships_contains_paid_content":false,"footnotes":""},"categories":[95],"tags":[4240],"class_list":["post-53888","post","type-post","status-publish","format-standard","has-post-thumbnail","hentry","category-opinion","tag-los-numeros-de-manuel-jimenez"],"jetpack_featured_media_url":"https:\/\/lasprimeras.com.do\/wp-content\/uploads\/2023\/07\/Manuel-Jimenez.jpg","jetpack-related-posts":[{"id":62010,"url":"https:\/\/lasprimeras.com.do\/index.php\/2023\/10\/02\/jhonatan-liriano-sobre-derrota-de-manuel-jimenez-en-altos-niveles-decidieron-que-no-va\/","url_meta":{"origin":53888,"position":0},"title":"Jhonatan Liriano sobre derrota de Manuel Jim\u00e9nez: \u201cEn altos niveles decidieron que no va\u201d","author":"Nelson Feliz","date":"2 de octubre de 2023","format":false,"excerpt":"El alcalde Manuel Jim\u00e9nez qued\u00f3 en \u00faltimo lugar en los votos para la alcad\u00eda de SDE en las primarias del PRM celebradas ayer. El director de comunicaciones de la alcald\u00eda de Santo Domingo Este, Jhonatan Liriano, expuso las razones que, a su parecer, provocaron la derrota de Manuel Jim\u00e9nez como\u2026","rel":"","context":"En \u00abPORTADA\u00bb","block_context":{"text":"PORTADA","link":"https:\/\/lasprimeras.com.do\/index.php\/category\/portada\/"},"img":{"alt_text":"Manuel Jim\u00e9nez","src":"https:\/\/i0.wp.com\/lasprimeras.com.do\/wp-content\/uploads\/2023\/10\/Manuel-Jimenez-3.jpg?resize=350%2C200&ssl=1","width":350,"height":200,"srcset":"https:\/\/i0.wp.com\/lasprimeras.com.do\/wp-content\/uploads\/2023\/10\/Manuel-Jimenez-3.jpg?resize=350%2C200&ssl=1 1x, https:\/\/i0.wp.com\/lasprimeras.com.do\/wp-content\/uploads\/2023\/10\/Manuel-Jimenez-3.jpg?resize=525%2C300&ssl=1 1.5x"},"classes":[]},{"id":57104,"url":"https:\/\/lasprimeras.com.do\/index.php\/2023\/08\/09\/adan-peguero-encabeza-sde-con-un-43-4-ratifica-solucionara-problemas-de-basura-y-ruido\/","url_meta":{"origin":53888,"position":1},"title":"Ad\u00e1n Peguero encabeza SDE con un 43.4%; ratifica solucionar\u00e1 problemas de basura y ruido","author":"Nelson Feliz","date":"9 de agosto de 2023","format":false,"excerpt":"El aspirante a la alcald\u00eda del municipio Santo Domingo Este (SDE), por el Partido Revolucionario Moderno (PRM), Ad\u00e1n Peguero, encabeza la preferencia del electorado con un 43. 4%, seguido del actual alcalde Manuel Jim\u00e9nez con un 27.1%, Dio Astacio con un 20.8% y Jos\u00e9 Bertico Santana con un 8.7%, seg\u00fan\u2026","rel":"","context":"En \u00abPORTADA\u00bb","block_context":{"text":"PORTADA","link":"https:\/\/lasprimeras.com.do\/index.php\/category\/portada\/"},"img":{"alt_text":"Adan Peguero","src":"https:\/\/i0.wp.com\/lasprimeras.com.do\/wp-content\/uploads\/2023\/08\/Adan-Peguero.jpeg?resize=350%2C200&ssl=1","width":350,"height":200,"srcset":"https:\/\/i0.wp.com\/lasprimeras.com.do\/wp-content\/uploads\/2023\/08\/Adan-Peguero.jpeg?resize=350%2C200&ssl=1 1x, https:\/\/i0.wp.com\/lasprimeras.com.do\/wp-content\/uploads\/2023\/08\/Adan-Peguero.jpeg?resize=525%2C300&ssl=1 1.5x, https:\/\/i0.wp.com\/lasprimeras.com.do\/wp-content\/uploads\/2023\/08\/Adan-Peguero.jpeg?resize=700%2C400&ssl=1 2x"},"classes":[]},{"id":120697,"url":"https:\/\/lasprimeras.com.do\/index.php\/2026\/01\/27\/manuel-jimenez-recomienda-funcionarios-y-politicos-tengan-a-duarte-como-guia\/","url_meta":{"origin":53888,"position":2},"title":"Manuel Jim\u00e9nez recomienda funcionarios y pol\u00edticos tengan a Duarte como gu\u00eda","author":"Nelson Feliz","date":"27 de enero de 2026","format":false,"excerpt":"El dirigente pol\u00edtico asegur\u00f3 que Duarte es el ejemplo de eficiencia y honestidad que todo gobierno necesita segu\u00edr. En el marco de un acto conmemorativo de los 213 a\u00f1os del natalicio de Juan Pablo Duarte, el dirigente pol\u00edtico y gestor cultural Manuel Jim\u00e9nez exhort\u00f3 a todos los servidores p\u00fablicos del\u2026","rel":"","context":"En \u00abNACIONALES\u00bb","block_context":{"text":"NACIONALES","link":"https:\/\/lasprimeras.com.do\/index.php\/category\/nacionales\/"},"img":{"alt_text":"","src":"https:\/\/i0.wp.com\/lasprimeras.com.do\/wp-content\/uploads\/2026\/01\/IMG-20260126-WA0727.jpg?resize=350%2C200&ssl=1","width":350,"height":200,"srcset":"https:\/\/i0.wp.com\/lasprimeras.com.do\/wp-content\/uploads\/2026\/01\/IMG-20260126-WA0727.jpg?resize=350%2C200&ssl=1 1x, https:\/\/i0.wp.com\/lasprimeras.com.do\/wp-content\/uploads\/2026\/01\/IMG-20260126-WA0727.jpg?resize=525%2C300&ssl=1 1.5x, https:\/\/i0.wp.com\/lasprimeras.com.do\/wp-content\/uploads\/2026\/01\/IMG-20260126-WA0727.jpg?resize=700%2C400&ssl=1 2x, https:\/\/i0.wp.com\/lasprimeras.com.do\/wp-content\/uploads\/2026\/01\/IMG-20260126-WA0727.jpg?resize=1050%2C600&ssl=1 3x, https:\/\/i0.wp.com\/lasprimeras.com.do\/wp-content\/uploads\/2026\/01\/IMG-20260126-WA0727.jpg?resize=1400%2C800&ssl=1 4x"},"classes":[]},{"id":78322,"url":"https:\/\/lasprimeras.com.do\/index.php\/2024\/03\/14\/asistente-de-alcalde-manuel-jimenez-presenta-su-renuncia\/","url_meta":{"origin":53888,"position":3},"title":"Asistente de Alcalde Manuel Jim\u00e9nez presenta su renuncia","author":"Nelson Feliz","date":"14 de marzo de 2024","format":false,"excerpt":"Yancarlos Simanca asegura que lo hace para dar cumplimiento a la ley electoral y concentrarse en sus aspiraciones a Diputado. El dirigente perreme\u00edsta Yancarlos Simanca renunci\u00f3 a su cargo como asistente personal del alcalde Manuel Jim\u00e9nez y jefe de gabinete de la alcald\u00eda Santo Domingo Este y miembro del Comit\u00e9\u2026","rel":"","context":"En \u00abSin categor\u00eda\u00bb","block_context":{"text":"Sin categor\u00eda","link":"https:\/\/lasprimeras.com.do\/index.php\/category\/sin-categoria\/"},"img":{"alt_text":"Yancarlos Simanca","src":"https:\/\/i0.wp.com\/lasprimeras.com.do\/wp-content\/uploads\/2024\/03\/Yancarlos-Simanca.jpg?resize=350%2C200&ssl=1","width":350,"height":200},"classes":[]},{"id":57110,"url":"https:\/\/lasprimeras.com.do\/index.php\/2023\/08\/09\/solo-dos-aspirantes-alcalde-con-posibilidad-de-triunfo-en-el-prm-dio-astacio-y-manuel-jimenez\/","url_meta":{"origin":53888,"position":4},"title":"Solo dos aspirantes Alcalde con posibilidad de triunfo en el PRM, Dio Astacio y Manuel Jim\u00e9nez","author":"Nelson Feliz","date":"9 de agosto de 2023","format":false,"excerpt":"El pr\u00f3ximo mes de octubre se sepultar\u00e1 el estado de agon\u00eda que vive el Municipio Santo Domingo Este, por la obtenci\u00f3n de candidaturas a regidores, diputados y senadores.- En lo relacionado con las candidaturas a la Alcald\u00eda de Santo Domingo Este, la correlaci\u00f3n de fuerza por las candidaturas a la\u2026","rel":"","context":"En \u00abSin categor\u00eda\u00bb","block_context":{"text":"Sin categor\u00eda","link":"https:\/\/lasprimeras.com.do\/index.php\/category\/sin-categoria\/"},"img":{"alt_text":"PRM","src":"https:\/\/i0.wp.com\/lasprimeras.com.do\/wp-content\/uploads\/2023\/08\/PRM-1.jpg?resize=350%2C200&ssl=1","width":350,"height":200,"srcset":"https:\/\/i0.wp.com\/lasprimeras.com.do\/wp-content\/uploads\/2023\/08\/PRM-1.jpg?resize=350%2C200&ssl=1 1x, https:\/\/i0.wp.com\/lasprimeras.com.do\/wp-content\/uploads\/2023\/08\/PRM-1.jpg?resize=525%2C300&ssl=1 1.5x, https:\/\/i0.wp.com\/lasprimeras.com.do\/wp-content\/uploads\/2023\/08\/PRM-1.jpg?resize=700%2C400&ssl=1 2x"},"classes":[]},{"id":103652,"url":"https:\/\/lasprimeras.com.do\/index.php\/2025\/07\/17\/manuel-jimenez-exhorta-a-diputados-aprobar-ley-que-asigna-nombre-la-trinitaria-a-santo-domingo-este\/","url_meta":{"origin":53888,"position":5},"title":"Manuel Jim\u00e9nez exhorta a diputados aprobar Ley que asigna nombre &#8220;La Trinitaria&#8221; a Santo Domingo Este","author":"Nelson Feliz","date":"17 de julio de 2025","format":false,"excerpt":"El dirigente pol\u00edtico del Partido Revolucionario Moderno (PRM) Manuel Jim\u00e9nez, exhort\u00f3 a la C\u00e1mara de Diputados a avanzar en la discusi\u00f3n del proyecto que asigna el nombre de La Trinitaria al municipio Santo Domingo Este. El ex alcalde record\u00f3 que cientos de dirigentes comunitarios, pol\u00edticos y empresarios han celebrado vistas\u2026","rel":"","context":"En \u00abNACIONALES\u00bb","block_context":{"text":"NACIONALES","link":"https:\/\/lasprimeras.com.do\/index.php\/category\/nacionales\/"},"img":{"alt_text":"Manuel Jim\u00e9nez","src":"https:\/\/i0.wp.com\/lasprimeras.com.do\/wp-content\/uploads\/2025\/07\/Manuel-Jimenez-1.jpg?resize=350%2C200&ssl=1","width":350,"height":200,"srcset":"https:\/\/i0.wp.com\/lasprimeras.com.do\/wp-content\/uploads\/2025\/07\/Manuel-Jimenez-1.jpg?resize=350%2C200&ssl=1 1x, https:\/\/i0.wp.com\/lasprimeras.com.do\/wp-content\/uploads\/2025\/07\/Manuel-Jimenez-1.jpg?resize=525%2C300&ssl=1 1.5x, https:\/\/i0.wp.com\/lasprimeras.com.do\/wp-content\/uploads\/2025\/07\/Manuel-Jimenez-1.jpg?resize=700%2C400&ssl=1 2x"},"classes":[]}],"jetpack_sharing_enabled":true,"_links":{"self":[{"href":"https:\/\/lasprimeras.com.do\/index.php\/wp-json\/wp\/v2\/posts\/53888","targetHints":{"allow":["GET"]}}],"collection":[{"href":"https:\/\/lasprimeras.com.do\/index.php\/wp-json\/wp\/v2\/posts"}],"about":[{"href":"https:\/\/lasprimeras.com.do\/index.php\/wp-json\/wp\/v2\/types\/post"}],"author":[{"embeddable":true,"href":"https:\/\/lasprimeras.com.do\/index.php\/wp-json\/wp\/v2\/users\/2"}],"replies":[{"embeddable":true,"href":"https:\/\/lasprimeras.com.do\/index.php\/wp-json\/wp\/v2\/comments?post=53888"}],"version-history":[{"count":1,"href":"https:\/\/lasprimeras.com.do\/index.php\/wp-json\/wp\/v2\/posts\/53888\/revisions"}],"predecessor-version":[{"id":53890,"href":"https:\/\/lasprimeras.com.do\/index.php\/wp-json\/wp\/v2\/posts\/53888\/revisions\/53890"}],"wp:featuredmedia":[{"embeddable":true,"href":"https:\/\/lasprimeras.com.do\/index.php\/wp-json\/wp\/v2\/media\/53889"}],"wp:attachment":[{"href":"https:\/\/lasprimeras.com.do\/index.php\/wp-json\/wp\/v2\/media?parent=53888"}],"wp:term":[{"taxonomy":"category","embeddable":true,"href":"https:\/\/lasprimeras.com.do\/index.php\/wp-json\/wp\/v2\/categories?post=53888"},{"taxonomy":"post_tag","embeddable":true,"href":"https:\/\/lasprimeras.com.do\/index.php\/wp-json\/wp\/v2\/tags?post=53888"}],"curies":[{"name":"wp","href":"https:\/\/api.w.org\/{rel}","templated":true}]}}