{"id":53902,"date":"2023-07-03T12:18:40","date_gmt":"2023-07-03T16:18:40","guid":{"rendered":"https:\/\/lasprimeras.com.do\/?p=53902"},"modified":"2023-07-03T12:18:42","modified_gmt":"2023-07-03T16:18:42","slug":"ney-arias-lora-apertura-unidad-de-terapia-hiperbarica","status":"publish","type":"post","link":"https:\/\/lasprimeras.com.do\/index.php\/2023\/07\/03\/ney-arias-lora-apertura-unidad-de-terapia-hiperbarica\/","title":{"rendered":"Ney Arias Lora apertura Unidad de Terapia\u00a0 Hiperb\u00e1rica"},"content":{"rendered":"\n<p><strong>El uso de la c\u00e1mara hiperb\u00e1rica, ayuda a la recuperaci\u00f3n de los tejidos da\u00f1ados, mejorando el edema, la inflamaci\u00f3n y el proceso de cicatrizaci\u00f3n, tanto en lesiones de ligamentos, tendones, m\u00fasculos, en fracturas, entre otros.<\/strong><\/p>\n\n\n\n<p>La Direcci\u00f3n del Hospital Universitario Docente Traumatol\u00f3gico Dr. Ney Arias Lora junto al titular del Servicio Nacional de Salud, &nbsp;doctor Mario Lama, el director del Servicio Regional de Salud Metropolitana, doctor Edisson F\u00e9liz y el doctor Carol Newman y el doctor Tito Suero, dejaron aperturada esta importante unidad.<\/p>\n\n\n\n<p>El director del centro hospitalario, doctor Julio Landr\u00f3n, al dar apertura a la Unidad Hiperb\u00e1rica, &nbsp;dijo que el paciente estar\u00e1 acompa\u00f1ado durante toda la sesi\u00f3n por un &nbsp;personal especializado.<\/p>\n\n\n\n<p>\u201cLa terapia hiperb\u00e1rica durante varias d\u00e9cadas ha venido hacer uno de los protocolos obligados&nbsp; de manejo en paciente con dif\u00edcil lesiones y pacientes que presentan importantes infecciones cr\u00f3nicas, renuente al tratamiento convencional. Es de gran satisfacci\u00f3n para nosotros contar con esa Unidad Hiperb\u00e1rica ya que un paciente que se entre en el moderno equipo garantiza que en menos de 48 horas se elimine todo el trombo-embolismo que anda circulando en el cuerpo\u201d dijo Landr\u00f3n.<\/p>\n\n\n\n<p>En tanto, el doctor Mario Lama, indic\u00f3 que el gobierno sigue fortaleciendo los hospitales y el Ney Arias Lora se ha convertido en un hospital de Vanguardia.<\/p>\n\n\n\n<p>\u201cUn hospital completamente tecnificado, con un personal humano motivado y entregado a brindar servicio. Una de las primeras cartas que recib\u00ed siendo director del SNS fue del doctor Tito Suero fue expresando su preocupaci\u00f3n por tener una c\u00e1mara hiperb\u00e1rica.&nbsp;<\/p>\n\n\n\n<p>Hay un compromiso pa\u00eds que la poblaci\u00f3n pueda recibir las mejores atenciones en toda nuestra red, felicitamos al doctor Landr\u00f3n, al doctor Edison F\u00e9liz y este hospital est\u00e1 tan bien manejado que este equipo surge con fondos el mismo hospital como seguir\u00e1n incorpor\u00e1ndose nuevas tecnolog\u00edas con fondos de este centro porque este es uno de los hospitales que no tiene un centavo de deuda en la red p\u00fablica.<\/p>\n\n\n\n<p>Adem\u00e1s de que es un hospital que ya la cantidad de servicios le permite ir haciendo mejoras continuas con la misma sostenibilidad que genera el hospital\u201d indic\u00f3 Lama.<\/p>\n\n\n\n<p>Asimismo, el doctor Edison F\u00e9liz, resalt\u00f3 que con el moderno equipo se garantiza la calidad de los servicios en el centro de salud.<\/p>\n\n\n\n<p>Con el moderno equipo, que podr\u00e1 ser utilizado con los pacientes que reciban asistencia de manera ambulatoria y los que sean hospitalizados por presentar lesiones de trauma, usuarios que hayan sido sometidos alg\u00fan proceso quir\u00fargico, cirug\u00eda pl\u00e1stica, deportista que presenten alguna lesi\u00f3n, pacientes que presentan \u00falceras varicosa o pie diab\u00e9tico, entre otros, recibir\u00e1n un tratamiento de calidad y a tiempo, mejorando la circulaci\u00f3n, lo que ayudar\u00e1 a estimular la cicatrizaci\u00f3n, ya que reduce el edema, la inflamaci\u00f3n y el dolor.<\/p>\n\n\n\n<p>Adem\u00e1s se podr\u00e1 tratar a los pacientes que presentan Embolia grasa, quemaduras t\u00e9rmicas, osteomilitis, heridas que no cicatrizan, heridas por aplastamiento, postquir\u00fargico de cirug\u00edas pl\u00e1sticas e isquemia cerebral.<\/p>\n\n\n\n<p>El doctor Jos\u00e9 Ricardo Newman, quien estar\u00e1 a cargo de la Unidad y el moderno equipo se\u00f1al\u00f3 otros beneficios a favor de la poblaci\u00f3n.<\/p>\n\n\n\n<p>\u201cLa medicina hiperb\u00e1rica, es una nueva alternativa de tratamiento para patolog\u00edas infecciosas y trastornos que comprometen la circulaci\u00f3n y la hipoxia. Esto va hacer que la sangre se ponga m\u00e1s liquida, que las neuronas se despierten, se regenera la mielina, en las heridas va a estimular a la fibra muscular para que se desarrollen m\u00e1s el col\u00e1geno y hacen que se reproduzcan y la herida va a cicatrizar\u201d, expres\u00f3 el especialista.<\/p>\n\n\n\n<p>De igual forma, se beneficiar\u00e1n los pacientes que se hallan sometidos a procedimientos quir\u00fargicos como Liposucci\u00f3n y lipoescultura, cirug\u00eda reconstructiva, implante de senos, enfermedad de Crohn y cuci, colitis ulcerativa, infecciones necrotizantes de tejido blando, injertos y colgajos de dif\u00edcil viabilidad, s\u00edndrome compartimentar y fracturas \u00f3seas que no consolidan.<\/p>\n\n\n\n<p>Dentro de los beneficios del uso de la c\u00e1mara hiperb\u00e1rica, se destacan adem\u00e1s que permite curar lesiones \u00f3seas, mejora la cicatrizaci\u00f3n de heridas, \u00falceras y pie diab\u00e9tico.<\/p>\n\n\n\n<p>Para recibir la asistencia en el centro de salud deber\u00e1 ser referido por un m\u00e9dico del Hospital Traumatol\u00f3gico Universitario Docente Dr. Ney Arias Lora, &nbsp;u otra instituci\u00f3n p\u00fablica o privada.<\/p>\n\n\n\n<p>Previa cita con el especialista, &nbsp;este le har\u00e1 un programa de sesiones acorde a sus necesidades individuales y la disponibilidad de espacios en la c\u00e1mara, durante los horarios &nbsp;de&nbsp;8:00 a.m. a 5:00 p.m.<\/p>\n\n\n\n<p>En la actividad estuvieron presentes el doctor Tito Suero, ex director del hospital Dar\u00edo Contreras, los doctores Rudolf Ferm\u00edn, subdirector m\u00e9dico, David Cuevas, subdirector Acad\u00e9mico; Juliana Fajardo, Subdirectora de Planificaci\u00f3n; &nbsp;Stephanie Solano, Gerente de Cirug\u00eda General; Jos\u00e9 Lu\u00eds D\u00edaz, Gerente de Ortopedia, as\u00ed como la licenciada Roxanne Medina, Subdirectora Financiera y gerentes, encargados de \u00e1reas y colaboradores del centro de salud.<\/p>\n","protected":false},"excerpt":{"rendered":"<p>El uso de la c\u00e1mara hiperb\u00e1rica, ayuda a la recuperaci\u00f3n de los tejidos da\u00f1ados, mejorando el edema, la inflamaci\u00f3n y el proceso de cicatrizaci\u00f3n, tanto en lesiones de ligamentos, tendones,&hellip;<\/p>\n","protected":false},"author":2,"featured_media":53903,"comment_status":"open","ping_status":"open","sticky":false,"template":"","format":"standard","meta":{"content-type":"","jetpack_post_was_ever_published":false,"_jetpack_newsletter_access":"","_jetpack_dont_email_post_to_subs":false,"_jetpack_newsletter_tier_id":0,"_jetpack_memberships_contains_paywalled_content":false,"_jetpack_memberships_contains_paid_content":false,"footnotes":""},"categories":[25],"tags":[1782,4248,993,4247],"class_list":["post-53902","post","type-post","status-publish","format-standard","has-post-thumbnail","hentry","category-portada","tag-apertura","tag-hiperbarica","tag-ney-arias-lora","tag-unidad-de-terapia"],"jetpack_featured_media_url":"https:\/\/lasprimeras.com.do\/wp-content\/uploads\/2023\/07\/Julio-Landron-1.jpg","jetpack-related-posts":[{"id":113991,"url":"https:\/\/lasprimeras.com.do\/index.php\/2025\/11\/09\/hospital-ney-arias-lora-instala-moderna-unidad-de-onda-de-choque-primera-de-la-red-publica\/","url_meta":{"origin":53902,"position":0},"title":"Hospital Ney Arias Lora instala moderna Unidad de Onda de Choque, primera de la red p\u00fablica","author":"Nelson Feliz","date":"9 de noviembre de 2025","format":false,"excerpt":"El Hospital Universitario Docente Traumatol\u00f3gico Doctor Ney Arias Lora se convierte en el primer centro de salud del pa\u00eds en contar con una moderna unidad de terapia de onda de choque, una tecnolog\u00eda de vanguardia destinada a acelerar la recuperaci\u00f3n f\u00edsica de los pacientes, especialmente aquellos con secuelas de cirug\u00edas\u2026","rel":"","context":"En \u00abSALUD\u00bb","block_context":{"text":"SALUD","link":"https:\/\/lasprimeras.com.do\/index.php\/category\/salud\/"},"img":{"alt_text":"","src":"https:\/\/i0.wp.com\/lasprimeras.com.do\/wp-content\/uploads\/2025\/11\/ney-arias-equipo-2.jpg?resize=350%2C200&ssl=1","width":350,"height":200,"srcset":"https:\/\/i0.wp.com\/lasprimeras.com.do\/wp-content\/uploads\/2025\/11\/ney-arias-equipo-2.jpg?resize=350%2C200&ssl=1 1x, https:\/\/i0.wp.com\/lasprimeras.com.do\/wp-content\/uploads\/2025\/11\/ney-arias-equipo-2.jpg?resize=525%2C300&ssl=1 1.5x, https:\/\/i0.wp.com\/lasprimeras.com.do\/wp-content\/uploads\/2025\/11\/ney-arias-equipo-2.jpg?resize=700%2C400&ssl=1 2x"},"classes":[]},{"id":126113,"url":"https:\/\/lasprimeras.com.do\/index.php\/2026\/03\/29\/hospital-ney-arias-lora-inaugura%c2%a8unidad-de-psicotrauma%c2%a8para-atencion-integral-de-pacientes\/","url_meta":{"origin":53902,"position":1},"title":"Hospital Ney Arias Lora inaugura\u00a8Unidad de Psicotrauma\u00a8para atenci\u00f3n integral de pacientes","author":"Nelson Feliz","date":"29 de marzo de 2026","format":false,"excerpt":"Titular del SNS destaca importancia de dicha unidad. La Direcci\u00f3n del Hospital Universitario Docente Traumatol\u00f3gico Dr. Ney Arias Lora inaugur\u00f3 la Unidad de Psicotrauma, un espacio dise\u00f1ado para atender a pacientes con traumas f\u00edsicos y psicol\u00f3gicos de manera integral, fortaleciendo la atenci\u00f3n en salud mental en Santo Domingo Norte y\u2026","rel":"","context":"En \u00abSALUD\u00bb","block_context":{"text":"SALUD","link":"https:\/\/lasprimeras.com.do\/index.php\/category\/salud\/"},"img":{"alt_text":"","src":"https:\/\/i0.wp.com\/lasprimeras.com.do\/wp-content\/uploads\/2026\/03\/ney-arias-doctor-landron.jpg?resize=350%2C200&ssl=1","width":350,"height":200,"srcset":"https:\/\/i0.wp.com\/lasprimeras.com.do\/wp-content\/uploads\/2026\/03\/ney-arias-doctor-landron.jpg?resize=350%2C200&ssl=1 1x, https:\/\/i0.wp.com\/lasprimeras.com.do\/wp-content\/uploads\/2026\/03\/ney-arias-doctor-landron.jpg?resize=525%2C300&ssl=1 1.5x, https:\/\/i0.wp.com\/lasprimeras.com.do\/wp-content\/uploads\/2026\/03\/ney-arias-doctor-landron.jpg?resize=700%2C400&ssl=1 2x"},"classes":[]},{"id":100048,"url":"https:\/\/lasprimeras.com.do\/index.php\/2025\/05\/30\/hospital-ney-arias-lora-amplia-especialidades-y-subespecialidades-unicas-en-latinoamerica\/","url_meta":{"origin":53902,"position":2},"title":"Hospital Ney Arias Lora ampl\u00eda especialidades y subespecialidades \u00fanicas en Latinoam\u00e9rica","author":"Nelson Feliz","date":"30 de mayo de 2025","format":false,"excerpt":"El Hospital Universitario Docente Traumatol\u00f3gico Dr. Ney Arias Lora, inform\u00f3 sobre la disponibilidad de un amplio cat\u00e1logo de especialidades y subespecialidades m\u00e9dicas, consolidando su posici\u00f3n como centro de referencia en el \u00e1rea de ortopedia y traumatolog\u00eda. El director del centro hospitalario doctor Julio Landr\u00f3n, destac\u00f3 el compromiso del hospital con\u2026","rel":"","context":"En \u00abSALUD\u00bb","block_context":{"text":"SALUD","link":"https:\/\/lasprimeras.com.do\/index.php\/category\/salud\/"},"img":{"alt_text":"Hospital Universitario Docente Traumatol\u00f3gico Dr. Ney Arias Lora","src":"https:\/\/i0.wp.com\/lasprimeras.com.do\/wp-content\/uploads\/2024\/01\/Hospital-Universitario-Dr.-Ney-Arias-Lora.jpg?resize=350%2C200&ssl=1","width":350,"height":200,"srcset":"https:\/\/i0.wp.com\/lasprimeras.com.do\/wp-content\/uploads\/2024\/01\/Hospital-Universitario-Dr.-Ney-Arias-Lora.jpg?resize=350%2C200&ssl=1 1x, https:\/\/i0.wp.com\/lasprimeras.com.do\/wp-content\/uploads\/2024\/01\/Hospital-Universitario-Dr.-Ney-Arias-Lora.jpg?resize=525%2C300&ssl=1 1.5x, https:\/\/i0.wp.com\/lasprimeras.com.do\/wp-content\/uploads\/2024\/01\/Hospital-Universitario-Dr.-Ney-Arias-Lora.jpg?resize=700%2C400&ssl=1 2x"},"classes":[]},{"id":126426,"url":"https:\/\/lasprimeras.com.do\/index.php\/2026\/04\/01\/ney-arias-lora-activa-comite-de-emergencia-refuerza-areas-para-semana-santa\/","url_meta":{"origin":53902,"position":3},"title":"Ney Arias Lora activa Comit\u00e9 de Emergencia, refuerza \u00e1reas para Semana Santa","author":"Nelson Feliz","date":"1 de abril de 2026","format":false,"excerpt":"La Direcci\u00f3n del Hospital Universitario Docente Traumatol\u00f3gico Dr. Ney Arias Lora inform\u00f3 que activ\u00f3 su Comit\u00e9 de Emergencia, reforz\u00f3 sus \u00e1reas y se encuentra preparada para ofrecer atenci\u00f3n oportuna durante el asueto de la Semana Santa 2026, como parte del operativo nacional. El director del centro, V\u00edctor Rosario, explic\u00f3 que\u2026","rel":"","context":"En \u00abSALUD\u00bb","block_context":{"text":"SALUD","link":"https:\/\/lasprimeras.com.do\/index.php\/category\/salud\/"},"img":{"alt_text":"Ney Arias Lora","src":"https:\/\/i0.wp.com\/lasprimeras.com.do\/wp-content\/uploads\/2026\/04\/ney-arias-lora-semana-santa-2026.jpg?resize=350%2C200&ssl=1","width":350,"height":200,"srcset":"https:\/\/i0.wp.com\/lasprimeras.com.do\/wp-content\/uploads\/2026\/04\/ney-arias-lora-semana-santa-2026.jpg?resize=350%2C200&ssl=1 1x, https:\/\/i0.wp.com\/lasprimeras.com.do\/wp-content\/uploads\/2026\/04\/ney-arias-lora-semana-santa-2026.jpg?resize=525%2C300&ssl=1 1.5x, https:\/\/i0.wp.com\/lasprimeras.com.do\/wp-content\/uploads\/2026\/04\/ney-arias-lora-semana-santa-2026.jpg?resize=700%2C400&ssl=1 2x"},"classes":[]},{"id":76163,"url":"https:\/\/lasprimeras.com.do\/index.php\/2024\/02\/07\/ney-arias-lora-entrega-remozada-area-de-reanimacion\/","url_meta":{"origin":53902,"position":4},"title":"Ney Arias Lora entrega remozada \u00e1rea de Reanimaci\u00f3n","author":"Nelson Feliz","date":"7 de febrero de 2024","format":false,"excerpt":"El Hospital Universitario Docente Traumatol\u00f3gico Dr. Ney Arias Lora, entreg\u00f3 este mi\u00e9rcoles remozada la Sala de Reanimaci\u00f3n que funciona en el \u00e1rea de emergencia del centro de salud. El doctor Julio Landr\u00f3n, director general, dijo que la nueva Sala de Reanimaci\u00f3n del servicio de urgencia, fue optimizado el espacio disponible,\u2026","rel":"","context":"En \u00abSin categor\u00eda\u00bb","block_context":{"text":"Sin categor\u00eda","link":"https:\/\/lasprimeras.com.do\/index.php\/category\/sin-categoria\/"},"img":{"alt_text":"Hospital Universitario Docente Traumatol\u00f3gico Dr. Ney Arias Lora","src":"https:\/\/i0.wp.com\/lasprimeras.com.do\/wp-content\/uploads\/2024\/02\/emergencia-1.jpg?resize=350%2C200&ssl=1","width":350,"height":200,"srcset":"https:\/\/i0.wp.com\/lasprimeras.com.do\/wp-content\/uploads\/2024\/02\/emergencia-1.jpg?resize=350%2C200&ssl=1 1x, https:\/\/i0.wp.com\/lasprimeras.com.do\/wp-content\/uploads\/2024\/02\/emergencia-1.jpg?resize=525%2C300&ssl=1 1.5x, https:\/\/i0.wp.com\/lasprimeras.com.do\/wp-content\/uploads\/2024\/02\/emergencia-1.jpg?resize=700%2C400&ssl=1 2x, https:\/\/i0.wp.com\/lasprimeras.com.do\/wp-content\/uploads\/2024\/02\/emergencia-1.jpg?resize=1050%2C600&ssl=1 3x, https:\/\/i0.wp.com\/lasprimeras.com.do\/wp-content\/uploads\/2024\/02\/emergencia-1.jpg?resize=1400%2C800&ssl=1 4x"},"classes":[]},{"id":49312,"url":"https:\/\/lasprimeras.com.do\/index.php\/2023\/05\/10\/ney-arias-lora-ofrecio-mas-de-402-mil-servicios-medicos-este-ano\/","url_meta":{"origin":53902,"position":5},"title":"Ney Arias Lora ofreci\u00f3 m\u00e1s de 402 mil servicios m\u00e9dicos este a\u00f1o","author":"prenxa100","date":"10 de mayo de 2023","format":false,"excerpt":"SANTO DOMINGO.-La Direcci\u00f3n del Hospital Traumatol\u00f3gico Dr. Ney Arias Lora}, informa que en los primeros cuatro meses del a\u00f1o se han ofrecido unos 402 mil 714 atenciones a los usuarios. El doctor Julio Landr\u00f3n, director general del centro de salud, dijo que al realizar una activad de informe con el\u2026","rel":"","context":"En \u00abSin categor\u00eda\u00bb","block_context":{"text":"Sin categor\u00eda","link":"https:\/\/lasprimeras.com.do\/index.php\/category\/sin-categoria\/"},"img":{"alt_text":"","src":"","width":0,"height":0},"classes":[]}],"jetpack_sharing_enabled":true,"_links":{"self":[{"href":"https:\/\/lasprimeras.com.do\/index.php\/wp-json\/wp\/v2\/posts\/53902","targetHints":{"allow":["GET"]}}],"collection":[{"href":"https:\/\/lasprimeras.com.do\/index.php\/wp-json\/wp\/v2\/posts"}],"about":[{"href":"https:\/\/lasprimeras.com.do\/index.php\/wp-json\/wp\/v2\/types\/post"}],"author":[{"embeddable":true,"href":"https:\/\/lasprimeras.com.do\/index.php\/wp-json\/wp\/v2\/users\/2"}],"replies":[{"embeddable":true,"href":"https:\/\/lasprimeras.com.do\/index.php\/wp-json\/wp\/v2\/comments?post=53902"}],"version-history":[{"count":1,"href":"https:\/\/lasprimeras.com.do\/index.php\/wp-json\/wp\/v2\/posts\/53902\/revisions"}],"predecessor-version":[{"id":53904,"href":"https:\/\/lasprimeras.com.do\/index.php\/wp-json\/wp\/v2\/posts\/53902\/revisions\/53904"}],"wp:featuredmedia":[{"embeddable":true,"href":"https:\/\/lasprimeras.com.do\/index.php\/wp-json\/wp\/v2\/media\/53903"}],"wp:attachment":[{"href":"https:\/\/lasprimeras.com.do\/index.php\/wp-json\/wp\/v2\/media?parent=53902"}],"wp:term":[{"taxonomy":"category","embeddable":true,"href":"https:\/\/lasprimeras.com.do\/index.php\/wp-json\/wp\/v2\/categories?post=53902"},{"taxonomy":"post_tag","embeddable":true,"href":"https:\/\/lasprimeras.com.do\/index.php\/wp-json\/wp\/v2\/tags?post=53902"}],"curies":[{"name":"wp","href":"https:\/\/api.w.org\/{rel}","templated":true}]}}