{"id":53918,"date":"2023-07-03T13:19:02","date_gmt":"2023-07-03T17:19:02","guid":{"rendered":"https:\/\/lasprimeras.com.do\/?p=53918"},"modified":"2023-07-03T13:19:04","modified_gmt":"2023-07-03T17:19:04","slug":"acuerdo-entre-scotiabank-y-aderes-fortalecera-la-industria-gastronomica-nacional","status":"publish","type":"post","link":"https:\/\/lasprimeras.com.do\/index.php\/2023\/07\/03\/acuerdo-entre-scotiabank-y-aderes-fortalecera-la-industria-gastronomica-nacional\/","title":{"rendered":"Acuerdo entre Scotiabank y ADERES fortalecer\u00e1 la industria gastron\u00f3mica nacional"},"content":{"rendered":"\n<p>Scotiabank y la Asociaci\u00f3n Dominicana de Restaurantes (ADERES) formalizaron una alianza por los pr\u00f3ximos tres a\u00f1os, con el fin de promover y reconocer la industria gastron\u00f3mica dominicana mediante una serie de actividades a realizarse en el SDQ Gastron\u00f3mico, que abarca m\u00e1s de 160 restaurantes de Santo Domingo, Santiago y Punta Cana.<\/p>\n\n\n\n<p>El presidente ejecutivo de Scotiabank Rep\u00fablica Dominicana, Gonzalo Gil, afirm\u00f3 que el convenio busca brindar a sus clientes el mejor portafolio de beneficios y experiencias.<\/p>\n\n\n\n<p>\u201cNos satisface convertirnos en patrocinador oficial de la cartelera de eventos del SDQ Gastron\u00f3mico, con el fin de apoyar los m\u00e1s altos est\u00e1ndares culinarios y fomentar el uso de las tarjetas de Cr\u00e9dito American Express como la primera opci\u00f3n de pago en el pa\u00eds\u201d, resalt\u00f3 Gil.<\/p>\n\n\n\n<p>De su lado, el presidente de ADERES, Omar Cepeda Darauche, indic\u00f3 que \u201cen Rep\u00fablica Dominicana poseemos una gran diversidad culinaria que nos permite ofrecer propuestas de sabor \u00fanicas y asequibles para disfrutar de una ruta que combina destrezas, presentaci\u00f3n, ingredientes de calidad e identidad cultural\u201d.<\/p>\n\n\n\n<p>\u201cLa continuidad de esta alianza estrat\u00e9gica, que cuenta con el respaldo de la Asociaci\u00f3n Nacional de Hoteles y Restaurantes (ASONAHORES), permite robustecer nuestra industria gastron\u00f3mica y a la vez fortalecer una relaci\u00f3n que aporta al desarrollo del turismo gastron\u00f3mico del pa\u00eds\u201d, puntualiz\u00f3 Cepeda.<\/p>\n\n\n\n<p>Mientras, que el presidente de ASONAHORES, David Llibre, expres\u00f3 \u201cesta alianza viene a respaldar el apoyo recibido a trav\u00e9s de los a\u00f1os a los distintos eventos presentados en el marco del SDQ Gastron\u00f3mico, mediante su Restaurant Week, Tapas Night, Las Maridaje y The Awards como noche de cierre, lo que nos permite dar continuidad a nuestra agenda para promover la calidad y alta cocina ofrecida por la industria gastron\u00f3mica local\u201d.<\/p>\n\n\n\n<p>En la formalizaci\u00f3n del acuerdo estuvieron presentes tambi\u00e9n Filipo Ciccone y Sarah Pe\u00f1a David, vicepresidente y directora ejecutiva de ADERES,Andr\u00e9s Marranzini, vicepresidente ejecutivo de ASONAHORES; Gervasio Guareschi, vicepresidente de Tarjetas &amp; Medios de Pago de Scotiabank; y Michael Estrella, gerente de alianzas estrat\u00e9gicas y promociones del Banco.<\/p>\n","protected":false},"excerpt":{"rendered":"<p>Scotiabank y la Asociaci\u00f3n Dominicana de Restaurantes (ADERES) formalizaron una alianza por los pr\u00f3ximos tres a\u00f1os, con el fin de promover y reconocer la industria gastron\u00f3mica dominicana mediante una serie&hellip;<\/p>\n","protected":false},"author":2,"featured_media":53919,"comment_status":"open","ping_status":"open","sticky":false,"template":"","format":"standard","meta":{"content-type":"","jetpack_post_was_ever_published":false,"_jetpack_newsletter_access":"","_jetpack_dont_email_post_to_subs":false,"_jetpack_newsletter_tier_id":0,"_jetpack_memberships_contains_paywalled_content":false,"_jetpack_memberships_contains_paid_content":false,"footnotes":""},"categories":[39,25],"tags":[521,4261,4260,926,4262,327],"class_list":["post-53918","post","type-post","status-publish","format-standard","has-post-thumbnail","hentry","category-economia","category-portada","tag-acuerdo","tag-aderes","tag-gastronomica","tag-industria","tag-restaurantes","tag-scotiabank"],"jetpack_featured_media_url":"https:\/\/lasprimeras.com.do\/wp-content\/uploads\/2023\/07\/De-izquierda-a-derecha_-Omar-Cepeda-Gonzalo-Gil-y-David-Llibre.jpg","jetpack-related-posts":[{"id":120222,"url":"https:\/\/lasprimeras.com.do\/index.php\/2026\/01\/21\/gastronomia-dominicana-se-posiciona-como-referente-del-caribe-en-fitur-2026\/","url_meta":{"origin":53918,"position":0},"title":"Gastronom\u00eda dominicana se posiciona como referente del Caribe en FITUR 2026","author":"Nelson Feliz","date":"21 de enero de 2026","format":false,"excerpt":"Omar Cepeda, pasado presidente de ADERES, dijo que \u201ceste esfuerzo, desarrollado en colaboraci\u00f3n p\u00fablico-privada junto a MITUR, ASONAHORES y otros aliados, ha permitido transformar el dise\u00f1o inicial en acciones concretas, fortaleciendo la gastronom\u00eda como eje fundamental del turismo dominicano.\u201d En el marco de FITUR 2026, la Asociaci\u00f3n Dominicana de Restaurantes\u2026","rel":"","context":"En \u00abPORTADA\u00bb","block_context":{"text":"PORTADA","link":"https:\/\/lasprimeras.com.do\/index.php\/category\/portada\/"},"img":{"alt_text":"ADERES presenta avances del turismo gastron\u00f3mico sostenible de la Rep\u00fablica Dominicana en FITUR 2026","src":"https:\/\/i0.wp.com\/lasprimeras.com.do\/wp-content\/uploads\/2026\/01\/ADERES-presenta-avances-del-turismo-gastronomico-sostenible-de-la-Republica-Dominicana-en-FITUR-2026.jpg?resize=350%2C200&ssl=1","width":350,"height":200,"srcset":"https:\/\/i0.wp.com\/lasprimeras.com.do\/wp-content\/uploads\/2026\/01\/ADERES-presenta-avances-del-turismo-gastronomico-sostenible-de-la-Republica-Dominicana-en-FITUR-2026.jpg?resize=350%2C200&ssl=1 1x, https:\/\/i0.wp.com\/lasprimeras.com.do\/wp-content\/uploads\/2026\/01\/ADERES-presenta-avances-del-turismo-gastronomico-sostenible-de-la-Republica-Dominicana-en-FITUR-2026.jpg?resize=525%2C300&ssl=1 1.5x, https:\/\/i0.wp.com\/lasprimeras.com.do\/wp-content\/uploads\/2026\/01\/ADERES-presenta-avances-del-turismo-gastronomico-sostenible-de-la-Republica-Dominicana-en-FITUR-2026.jpg?resize=700%2C400&ssl=1 2x"},"classes":[]},{"id":58710,"url":"https:\/\/lasprimeras.com.do\/index.php\/2023\/08\/27\/aderes-reconoce-a-andres-marranzini-por-sus-aportes-al-sector-gastronomico-de-la-rd\/","url_meta":{"origin":53918,"position":1},"title":"Aderes reconoce a Andr\u00e9s Marranzini por sus aportes al sector gastron\u00f3mico de la RD","author":"Nelson Feliz","date":"27 de agosto de 2023","format":false,"excerpt":"La Asociaci\u00f3n Dominicana de Restaurantes, Aderes, resalt\u00f3 los aportes de Andr\u00e9s Marranzini Grull\u00f3n, vicepresidente ejecutivo de la Asociaci\u00f3n de Hoteles y Turismo de la Rep\u00fablica Dominicana, Asonahores, por sus invaluables aportes al posicionamiento de la gastronom\u00eda como un elemento de promoci\u00f3n tur\u00edstica de la amplia y variada experiencia culinaria. Omar\u2026","rel":"","context":"En \u00abTURISMO\u00bb","block_context":{"text":"TURISMO","link":"https:\/\/lasprimeras.com.do\/index.php\/category\/turismo\/"},"img":{"alt_text":"Andr\u00e9s Marranzini Grull\u00f3n","src":"https:\/\/i0.wp.com\/lasprimeras.com.do\/wp-content\/uploads\/2023\/08\/Andres-Marranzini-Grullon-1.jpg?resize=350%2C200&ssl=1","width":350,"height":200,"srcset":"https:\/\/i0.wp.com\/lasprimeras.com.do\/wp-content\/uploads\/2023\/08\/Andres-Marranzini-Grullon-1.jpg?resize=350%2C200&ssl=1 1x, https:\/\/i0.wp.com\/lasprimeras.com.do\/wp-content\/uploads\/2023\/08\/Andres-Marranzini-Grullon-1.jpg?resize=525%2C300&ssl=1 1.5x, https:\/\/i0.wp.com\/lasprimeras.com.do\/wp-content\/uploads\/2023\/08\/Andres-Marranzini-Grullon-1.jpg?resize=700%2C400&ssl=1 2x"},"classes":[]},{"id":49656,"url":"https:\/\/lasprimeras.com.do\/index.php\/2023\/05\/13\/scotiabank-anuncia-propuestas-de-2023-en-la-celebracion-del-dia-de-la-tierra\/","url_meta":{"origin":53918,"position":2},"title":"Scotiabank anuncia \u00a0propuestas de 2023 en la celebraci\u00f3n del \u201cD\u00eda de la Tierra\u201d","author":"prenxa100","date":"13 de mayo de 2023","format":false,"excerpt":"Los postulantes deben estar registrados como organismos ben\u00e9ficos o sin fines de lucro para poder recibir subvenciones. Santo Domingo, DN- The Bank of Nova Scotia, casa matriz de Scotiabank Rep\u00fablica Dominicana, S.A., Banco M\u00faltiple, anunci\u00f3 que ha abierto la convocatoria de subvenciones del fondo Net Zero Research Fund. Las organizaciones\u2026","rel":"","context":"En \u00abNACIONALES\u00bb","block_context":{"text":"NACIONALES","link":"https:\/\/lasprimeras.com.do\/index.php\/category\/nacionales\/"},"img":{"alt_text":"","src":"","width":0,"height":0},"classes":[]},{"id":48675,"url":"https:\/\/lasprimeras.com.do\/index.php\/2023\/05\/03\/scotiabank-fue-incluido-en-el-indice-de-igualdad-de-genero-2023-de-bloomberg-por-sexto-ano-consecutivo\/","url_meta":{"origin":53918,"position":3},"title":"Scotiabank fue incluido en el \u00cdndice de Igualdad de G\u00e9nero 2023 de Bloomberg por sexto a\u00f1o consecutivo","author":"prenxa100","date":"3 de mayo de 2023","format":false,"excerpt":"El compromiso de Scotiabank para dar prioridad a la igualdad e inclusi\u00f3n de las mujeres incluye la identificaci\u00f3n, desarrollo y avance del talento femenino en todas las \u00e1reas y niveles de la organizaci\u00f3n, as\u00ed como el aumento de la representaci\u00f3n de las mujeres en altos cargos directivos. Santo Domingo, DN.-\u2026","rel":"","context":"En \u00abECONOM\u00cdA\u00bb","block_context":{"text":"ECONOM\u00cdA","link":"https:\/\/lasprimeras.com.do\/index.php\/category\/economia\/"},"img":{"alt_text":"","src":"","width":0,"height":0},"classes":[]},{"id":116950,"url":"https:\/\/lasprimeras.com.do\/index.php\/2025\/12\/05\/madrid-festival-gastronomico-rd-exquisita-2026-sera-dedicado-a-chef-tita\/","url_meta":{"origin":53918,"position":4},"title":"Madrid: Festival Gastron\u00f3mico RD Exquisita 2026 ser\u00e1 dedicado a Chef Tita","author":"Nelson Feliz","date":"5 de diciembre de 2025","format":false,"excerpt":"Madrid.- La segunda edici\u00f3n del Festival Gastron\u00f3mico RD Exquisita, que se celebrar\u00e1 del 17 al 20 de enero de 2026 en Madrid, dedicar\u00e1 su programaci\u00f3n a la chef dominicana In\u00e9s P\u00e1ez Nin, conocida como Chef Tita, en reconocimiento a su destacada trayectoria como embajadora de la gastronom\u00eda dominicana. El festival\u2026","rel":"","context":"En \u00abTURISMO\u00bb","block_context":{"text":"TURISMO","link":"https:\/\/lasprimeras.com.do\/index.php\/category\/turismo\/"},"img":{"alt_text":"","src":"https:\/\/i0.wp.com\/lasprimeras.com.do\/wp-content\/uploads\/2025\/12\/Festival-Gastronomico-RD-Exquisita-2026.jpg?resize=350%2C200&ssl=1","width":350,"height":200,"srcset":"https:\/\/i0.wp.com\/lasprimeras.com.do\/wp-content\/uploads\/2025\/12\/Festival-Gastronomico-RD-Exquisita-2026.jpg?resize=350%2C200&ssl=1 1x, https:\/\/i0.wp.com\/lasprimeras.com.do\/wp-content\/uploads\/2025\/12\/Festival-Gastronomico-RD-Exquisita-2026.jpg?resize=525%2C300&ssl=1 1.5x, https:\/\/i0.wp.com\/lasprimeras.com.do\/wp-content\/uploads\/2025\/12\/Festival-Gastronomico-RD-Exquisita-2026.jpg?resize=700%2C400&ssl=1 2x"},"classes":[]},{"id":55412,"url":"https:\/\/lasprimeras.com.do\/index.php\/2023\/07\/21\/prodominicana-realiza-exhibicion-de-productos-agroindustriales-con-una-exposicion-gastronomica\/","url_meta":{"origin":53918,"position":5},"title":"ProDominicana realiza exhibici\u00f3n de productos agroindustriales con una exposici\u00f3n gastron\u00f3mica","author":"Nelson Feliz","date":"21 de julio de 2023","format":false,"excerpt":"La actividad cont\u00f3 con 3 shows culinarios en vivo. Con un show gastron\u00f3mico cargado de la cultura culinaria y los sabores de productos dominicanos, el Centro de Exportaci\u00f3n e Inversi\u00f3n de la Rep\u00fablica Dominicana celebr\u00f3 la clausura de la exposici\u00f3n de productos de la oferta exportable del sector agroindustrial, a\u2026","rel":"","context":"En \u00abECONOM\u00cdA\u00bb","block_context":{"text":"ECONOM\u00cdA","link":"https:\/\/lasprimeras.com.do\/index.php\/category\/economia\/"},"img":{"alt_text":"Antonio G\u00f3mez Pe\u00f1a, Edwin Arias Chinchilla, Sang Ryul Lee, Lidia D\u00edaz, Biviana Riveiro Disla, Chef Tita, Chaveli Osoria, Axel Cabrera, Jos\u00e9 Rafael Compr\u00e9s","src":"https:\/\/i0.wp.com\/lasprimeras.com.do\/wp-content\/uploads\/2023\/07\/Antonio-Gomez-Pena-Edwin-Arias-Chinchilla-Sang-Ryul-Lee-Lidia-Diaz-Biviana-Riveiro-Disla-Chef-Tita-Chaveli-Osoria-Axel-Cabrera-Jose-Rafael-Compres.jpg?resize=350%2C200&ssl=1","width":350,"height":200,"srcset":"https:\/\/i0.wp.com\/lasprimeras.com.do\/wp-content\/uploads\/2023\/07\/Antonio-Gomez-Pena-Edwin-Arias-Chinchilla-Sang-Ryul-Lee-Lidia-Diaz-Biviana-Riveiro-Disla-Chef-Tita-Chaveli-Osoria-Axel-Cabrera-Jose-Rafael-Compres.jpg?resize=350%2C200&ssl=1 1x, https:\/\/i0.wp.com\/lasprimeras.com.do\/wp-content\/uploads\/2023\/07\/Antonio-Gomez-Pena-Edwin-Arias-Chinchilla-Sang-Ryul-Lee-Lidia-Diaz-Biviana-Riveiro-Disla-Chef-Tita-Chaveli-Osoria-Axel-Cabrera-Jose-Rafael-Compres.jpg?resize=525%2C300&ssl=1 1.5x, https:\/\/i0.wp.com\/lasprimeras.com.do\/wp-content\/uploads\/2023\/07\/Antonio-Gomez-Pena-Edwin-Arias-Chinchilla-Sang-Ryul-Lee-Lidia-Diaz-Biviana-Riveiro-Disla-Chef-Tita-Chaveli-Osoria-Axel-Cabrera-Jose-Rafael-Compres.jpg?resize=700%2C400&ssl=1 2x"},"classes":[]}],"jetpack_sharing_enabled":true,"_links":{"self":[{"href":"https:\/\/lasprimeras.com.do\/index.php\/wp-json\/wp\/v2\/posts\/53918","targetHints":{"allow":["GET"]}}],"collection":[{"href":"https:\/\/lasprimeras.com.do\/index.php\/wp-json\/wp\/v2\/posts"}],"about":[{"href":"https:\/\/lasprimeras.com.do\/index.php\/wp-json\/wp\/v2\/types\/post"}],"author":[{"embeddable":true,"href":"https:\/\/lasprimeras.com.do\/index.php\/wp-json\/wp\/v2\/users\/2"}],"replies":[{"embeddable":true,"href":"https:\/\/lasprimeras.com.do\/index.php\/wp-json\/wp\/v2\/comments?post=53918"}],"version-history":[{"count":1,"href":"https:\/\/lasprimeras.com.do\/index.php\/wp-json\/wp\/v2\/posts\/53918\/revisions"}],"predecessor-version":[{"id":53920,"href":"https:\/\/lasprimeras.com.do\/index.php\/wp-json\/wp\/v2\/posts\/53918\/revisions\/53920"}],"wp:featuredmedia":[{"embeddable":true,"href":"https:\/\/lasprimeras.com.do\/index.php\/wp-json\/wp\/v2\/media\/53919"}],"wp:attachment":[{"href":"https:\/\/lasprimeras.com.do\/index.php\/wp-json\/wp\/v2\/media?parent=53918"}],"wp:term":[{"taxonomy":"category","embeddable":true,"href":"https:\/\/lasprimeras.com.do\/index.php\/wp-json\/wp\/v2\/categories?post=53918"},{"taxonomy":"post_tag","embeddable":true,"href":"https:\/\/lasprimeras.com.do\/index.php\/wp-json\/wp\/v2\/tags?post=53918"}],"curies":[{"name":"wp","href":"https:\/\/api.w.org\/{rel}","templated":true}]}}