{"id":53929,"date":"2023-07-03T14:10:28","date_gmt":"2023-07-03T18:10:28","guid":{"rendered":"https:\/\/lasprimeras.com.do\/?p=53929"},"modified":"2023-07-03T14:12:28","modified_gmt":"2023-07-03T18:12:28","slug":"luisa-feliz-recibe-reconocimiento-por-sus-aportes-al-sector-turistico","status":"publish","type":"post","link":"https:\/\/lasprimeras.com.do\/index.php\/2023\/07\/03\/luisa-feliz-recibe-reconocimiento-por-sus-aportes-al-sector-turistico\/","title":{"rendered":"Luisa Feliz recibe reconocimiento por sus aportes al sector tur\u00edstico"},"content":{"rendered":"\n<p>Dentro del marco de la celebraci\u00f3n del evento de belleza y bienestar Vest International, fue reconocida la comunicadora Luisa Feliz por su trayectoria de m\u00e1s de 25 a\u00f1os en los medios de comunicaci\u00f3n aportando al sector tur\u00edstico.<\/p>\n\n\n\n<p>En un emotivo acto, la se\u00f1ora Luisa de Aquino, directora general y Alexandra Tabar, directora de Mercadeo y Relaciones P\u00fablicas de Vest International hicieron entrega de este reconocimiento donde resaltaron la labor incansable de esta comunicadora por promocionar los atractivos tur\u00edsticos y las riquezas gastron\u00f3micas del pa\u00eds.<\/p>\n\n\n\n<p>Un aporte invaluable que contribuye al desarrollo del sector tur\u00edstico y al posicionamiento de la Rep\u00fablica Dominicana en el mapa culinario mundial.<\/p>\n\n\n\n<figure class=\"wp-block-image size-full is-resized\"><img decoding=\"async\" src=\"https:\/\/lasprimeras.com.do\/wp-content\/uploads\/2023\/07\/Luisa-Feliz.jpg\" alt=\"\" class=\"wp-image-53932\" width=\"836\" height=\"1137\" srcset=\"https:\/\/lasprimeras.com.do\/wp-content\/uploads\/2023\/07\/Luisa-Feliz.jpg 700w, https:\/\/lasprimeras.com.do\/wp-content\/uploads\/2023\/07\/Luisa-Feliz-221x300.jpg 221w\" sizes=\"(max-width: 836px) 100vw, 836px\" \/><\/figure>\n\n\n\n<p>Durante el reconocimiento, Feliz resalt\u00f3 la importancia de la mujer en el mundo laboral dominicano y los grandes resultados que trae el trabajar con enfoque, profesionalismo y visi\u00f3n.<\/p>\n\n\n\n<p>Al mismo tiempo, le dedic\u00f3 a su madre Leonarda Juli\u00e1n el reconocimiento, por ense\u00f1arle que el trabajo dignifica y por ser su gran ejemplo que le ha inspirado a ser mejor cada d\u00eda para luchar por sus sue\u00f1os.<\/p>\n\n\n\n<p>En el acto, estuvieron presentes: Margarita Mendoza, Magnolia Landestoy, Dra. Celin\u00e9s Madera, Nieves Colombani, Sul\u00edn Lantigua, Daisy Castillo de Rond\u00f3n, Amarilis Dur\u00e1n, entre otras personalidades.<\/p>\n\n\n\n<p>Vest International, es una iniciativa que fomenta el desarrollo y el liderazgo de la mujer, mostrando espacios dedicados a la salud, belleza, energ\u00eda y transformaci\u00f3n.<\/p>\n\n\n\n<p>Este evento celebr\u00f3 su XII edici\u00f3n con la presencia de invitados internacionales y el respaldo de importantes instituciones privadas y gubernamentales.<\/p>\n","protected":false},"excerpt":{"rendered":"<p>Dentro del marco de la celebraci\u00f3n del evento de belleza y bienestar Vest International, fue reconocida la comunicadora Luisa Feliz por su trayectoria de m\u00e1s de 25 a\u00f1os en los&hellip;<\/p>\n","protected":false},"author":2,"featured_media":53930,"comment_status":"open","ping_status":"open","sticky":false,"template":"","format":"standard","meta":{"content-type":"","jetpack_post_was_ever_published":false,"_jetpack_newsletter_access":"","_jetpack_dont_email_post_to_subs":false,"_jetpack_newsletter_tier_id":0,"_jetpack_memberships_contains_paywalled_content":false,"_jetpack_memberships_contains_paid_content":false,"footnotes":""},"categories":[25,376],"tags":[1244,4267,1563,4268],"class_list":["post-53929","post","type-post","status-publish","format-standard","has-post-thumbnail","hentry","category-portada","category-turismo","tag-aportes","tag-luisa-feliz","tag-reconocimiento","tag-turistico"],"jetpack_featured_media_url":"https:\/\/lasprimeras.com.do\/wp-content\/uploads\/2023\/07\/Luisa-de-Aquino-dirigiendose-a-los-presentes.jpg","jetpack-related-posts":[{"id":115831,"url":"https:\/\/lasprimeras.com.do\/index.php\/2025\/11\/25\/asonahores-reconoce-a-banreservas-por-sus-aportes-al-desarrollo-del-turismo-dominicano\/","url_meta":{"origin":53929,"position":0},"title":"Asonahores reconoce a Banreservas por sus aportes al desarrollo del turismo dominicano","author":"Nelson Feliz","date":"25 de noviembre de 2025","format":false,"excerpt":"Henry Fuentes, vicepresidente ejecutivo de AFP Reservas, recibe el reconocimiento de Juan Bancalari, presidente de Asonahores; en presencia del doctor Leonardo Aguilera, presidente ejecutivo de Banreservas; David Collado, ministro de Turismo; y Aguie Lendor, vicepresidente de esa asociaci\u00f3n en el Foro de Inversi\u00f3n Tur\u00edstica 2025.","rel":"","context":"En \u00abPORTADA\u00bb","block_context":{"text":"PORTADA","link":"https:\/\/lasprimeras.com.do\/index.php\/category\/portada\/"},"img":{"alt_text":"","src":"https:\/\/i0.wp.com\/lasprimeras.com.do\/wp-content\/uploads\/2025\/11\/reservas-1.jpg?resize=350%2C200&ssl=1","width":350,"height":200,"srcset":"https:\/\/i0.wp.com\/lasprimeras.com.do\/wp-content\/uploads\/2025\/11\/reservas-1.jpg?resize=350%2C200&ssl=1 1x, https:\/\/i0.wp.com\/lasprimeras.com.do\/wp-content\/uploads\/2025\/11\/reservas-1.jpg?resize=525%2C300&ssl=1 1.5x, https:\/\/i0.wp.com\/lasprimeras.com.do\/wp-content\/uploads\/2025\/11\/reservas-1.jpg?resize=700%2C400&ssl=1 2x"},"classes":[]},{"id":116306,"url":"https:\/\/lasprimeras.com.do\/index.php\/2025\/11\/27\/senado-reconoce-a-ernesto-veloz-por-aportes-al-turismo-nacional\/","url_meta":{"origin":53929,"position":1},"title":"Senado reconoce a Ernesto Veloz por aportes al turismo nacional","author":"Nelson Feliz","date":"27 de noviembre de 2025","format":false,"excerpt":"El Senado de la Rep\u00fablica entreg\u00f3 un reconocimiento al presidente de la Asociaci\u00f3n de Hoteles y Proyectos Tur\u00edsticos del Este (ASOLESTE), Ernesto Veloz, por su destacada trayectoria, liderazgo gremial y valiosos aportes al fortalecimiento y desarrollo del turismo en la Rep\u00fablica Dominicana. La distinci\u00f3n fue otorgada mediante una resoluci\u00f3n aprobada\u2026","rel":"","context":"En \u00abSin categor\u00eda\u00bb","block_context":{"text":"Sin categor\u00eda","link":"https:\/\/lasprimeras.com.do\/index.php\/category\/sin-categoria\/"},"img":{"alt_text":"","src":"https:\/\/i0.wp.com\/lasprimeras.com.do\/wp-content\/uploads\/2025\/11\/Senado-reconoce-a-Ernesto-Veloz.jpg?resize=350%2C200&ssl=1","width":350,"height":200,"srcset":"https:\/\/i0.wp.com\/lasprimeras.com.do\/wp-content\/uploads\/2025\/11\/Senado-reconoce-a-Ernesto-Veloz.jpg?resize=350%2C200&ssl=1 1x, https:\/\/i0.wp.com\/lasprimeras.com.do\/wp-content\/uploads\/2025\/11\/Senado-reconoce-a-Ernesto-Veloz.jpg?resize=525%2C300&ssl=1 1.5x, https:\/\/i0.wp.com\/lasprimeras.com.do\/wp-content\/uploads\/2025\/11\/Senado-reconoce-a-Ernesto-Veloz.jpg?resize=700%2C400&ssl=1 2x"},"classes":[]},{"id":128877,"url":"https:\/\/lasprimeras.com.do\/index.php\/2026\/04\/27\/la-asociacion-de-playa-sosua-entrega-reconocimiento-al-presidente-abinader\/","url_meta":{"origin":53929,"position":2},"title":"La Asociaci\u00f3n de Playa Sos\u00faa entrega reconocimiento al presidente Abinader","author":"Nelson Feliz","date":"27 de abril de 2026","format":false,"excerpt":"La Asociaci\u00f3n de Playa Sos\u00faa otorg\u00f3 un reconocimiento al presidente Luis Abinader, destacando su compromiso y visi\u00f3n para el desarrollo del destino tur\u00edstico. Seg\u00fan el texto de la placa, la distinci\u00f3n resalta el impulso a la construcci\u00f3n de una nueva plaza destinada a los trabajadores playeros, as\u00ed como las acciones\u2026","rel":"","context":"En \u00abTURISMO\u00bb","block_context":{"text":"TURISMO","link":"https:\/\/lasprimeras.com.do\/index.php\/category\/turismo\/"},"img":{"alt_text":"","src":"https:\/\/i0.wp.com\/lasprimeras.com.do\/wp-content\/uploads\/2026\/04\/asocia.jpg?resize=350%2C200&ssl=1","width":350,"height":200,"srcset":"https:\/\/i0.wp.com\/lasprimeras.com.do\/wp-content\/uploads\/2026\/04\/asocia.jpg?resize=350%2C200&ssl=1 1x, https:\/\/i0.wp.com\/lasprimeras.com.do\/wp-content\/uploads\/2026\/04\/asocia.jpg?resize=525%2C300&ssl=1 1.5x, https:\/\/i0.wp.com\/lasprimeras.com.do\/wp-content\/uploads\/2026\/04\/asocia.jpg?resize=700%2C400&ssl=1 2x"},"classes":[]},{"id":125532,"url":"https:\/\/lasprimeras.com.do\/index.php\/2026\/03\/24\/adompretur-reconocera-aportes-de-cinco-mujeres-al-desarrollo-del-turismo\/","url_meta":{"origin":53929,"position":3},"title":"Adompretur reconocer\u00e1 aportes de cinco mujeres al desarrollo del turismo","author":"Nelson Feliz","date":"24 de marzo de 2026","format":false,"excerpt":"Su presidenta Sarah Hern\u00e1ndez anuncia que la gala \u201cMujeres del Turismo 2026\u201d se celebrar\u00e1 el martes 24 de marzo en el Hotel Marriott Aloft Piantini. La Asociaci\u00f3n Dominicana de Prensa Tur\u00edstica (Adompretur) anunci\u00f3 oficialmente la gala \u201cMujeres del Turismo 2026\u201d, un reconocimiento que tiene como objetivo destacar el trabajo, la\u2026","rel":"","context":"En \u00abTURISMO\u00bb","block_context":{"text":"TURISMO","link":"https:\/\/lasprimeras.com.do\/index.php\/category\/turismo\/"},"img":{"alt_text":"Adompretur celebrar\u00e1 gala para reconocer aportes de cinco mujeres al desarrollo del turismo","src":"https:\/\/i0.wp.com\/lasprimeras.com.do\/wp-content\/uploads\/2026\/03\/Adompretur-celebrara-gala-para-reconocer-aportes-de-cinco-mujeres-al-desarrollo-del-turismo.png?resize=350%2C200&ssl=1","width":350,"height":200,"srcset":"https:\/\/i0.wp.com\/lasprimeras.com.do\/wp-content\/uploads\/2026\/03\/Adompretur-celebrara-gala-para-reconocer-aportes-de-cinco-mujeres-al-desarrollo-del-turismo.png?resize=350%2C200&ssl=1 1x, https:\/\/i0.wp.com\/lasprimeras.com.do\/wp-content\/uploads\/2026\/03\/Adompretur-celebrara-gala-para-reconocer-aportes-de-cinco-mujeres-al-desarrollo-del-turismo.png?resize=525%2C300&ssl=1 1.5x, https:\/\/i0.wp.com\/lasprimeras.com.do\/wp-content\/uploads\/2026\/03\/Adompretur-celebrara-gala-para-reconocer-aportes-de-cinco-mujeres-al-desarrollo-del-turismo.png?resize=700%2C400&ssl=1 2x"},"classes":[]},{"id":112734,"url":"https:\/\/lasprimeras.com.do\/index.php\/2025\/10\/27\/premio-pel-2025-celebrara-el-martes-el-periodismo-turistico-dominicano\/","url_meta":{"origin":53929,"position":4},"title":"Premio PEL 2025 celebrar\u00e1 el martes el periodismo tur\u00edstico dominicano","author":"Nelson Feliz","date":"27 de octubre de 2025","format":false,"excerpt":"M\u00e1s de 50 periodistas y comunicadores compiten en las diferentes categor\u00edas de este galard\u00f3n de Adompretur, que ser\u00e1 entregado el martes 28 de octubre. Todo est\u00e1 preparado para la entrega del Premio Nacional de Periodismo Tur\u00edstico Epifanio Lantigua (PEL) 2025, el reconocimiento m\u00e1s importante del periodismo tur\u00edstico dominicano. La gala\u2026","rel":"","context":"En \u00abTURISMO\u00bb","block_context":{"text":"TURISMO","link":"https:\/\/lasprimeras.com.do\/index.php\/category\/turismo\/"},"img":{"alt_text":"","src":"https:\/\/i0.wp.com\/lasprimeras.com.do\/wp-content\/uploads\/2025\/08\/Sarah-Hernandez.jpg?resize=350%2C200&ssl=1","width":350,"height":200,"srcset":"https:\/\/i0.wp.com\/lasprimeras.com.do\/wp-content\/uploads\/2025\/08\/Sarah-Hernandez.jpg?resize=350%2C200&ssl=1 1x, https:\/\/i0.wp.com\/lasprimeras.com.do\/wp-content\/uploads\/2025\/08\/Sarah-Hernandez.jpg?resize=525%2C300&ssl=1 1.5x, https:\/\/i0.wp.com\/lasprimeras.com.do\/wp-content\/uploads\/2025\/08\/Sarah-Hernandez.jpg?resize=700%2C400&ssl=1 2x"},"classes":[]},{"id":116155,"url":"https:\/\/lasprimeras.com.do\/index.php\/2025\/11\/27\/el-senado-reconoce-a-ernesto-veloz-por-sus-30-anos-de-aportes-al-turismo\/","url_meta":{"origin":53929,"position":5},"title":"El Senado reconoce a Ernesto Veloz por sus 30 a\u00f1os de aportes al turismo","author":"Nelson Feliz","date":"27 de noviembre de 2025","format":false,"excerpt":"Ernesto Veloz agradeci\u00f3 a los Rainieri por abrirle las puertas para cumplir su sue\u00f1o. El Senado de la Rep\u00fablica hizo este jueves un reconocimiento a Manuel Ernesto Veloz Valdez, por su destacada trayectoria y sus aportes al desarrollo y fortalecimiento del turismo en la Rep\u00fablica Dominicana en sus m\u00e1s de\u2026","rel":"","context":"En \u00abNACIONALES\u00bb","block_context":{"text":"NACIONALES","link":"https:\/\/lasprimeras.com.do\/index.php\/category\/nacionales\/"},"img":{"alt_text":"","src":"https:\/\/i0.wp.com\/lasprimeras.com.do\/wp-content\/uploads\/2025\/11\/Ernesto-Veloz.jpg?resize=350%2C200&ssl=1","width":350,"height":200,"srcset":"https:\/\/i0.wp.com\/lasprimeras.com.do\/wp-content\/uploads\/2025\/11\/Ernesto-Veloz.jpg?resize=350%2C200&ssl=1 1x, https:\/\/i0.wp.com\/lasprimeras.com.do\/wp-content\/uploads\/2025\/11\/Ernesto-Veloz.jpg?resize=525%2C300&ssl=1 1.5x, https:\/\/i0.wp.com\/lasprimeras.com.do\/wp-content\/uploads\/2025\/11\/Ernesto-Veloz.jpg?resize=700%2C400&ssl=1 2x"},"classes":[]}],"jetpack_sharing_enabled":true,"_links":{"self":[{"href":"https:\/\/lasprimeras.com.do\/index.php\/wp-json\/wp\/v2\/posts\/53929","targetHints":{"allow":["GET"]}}],"collection":[{"href":"https:\/\/lasprimeras.com.do\/index.php\/wp-json\/wp\/v2\/posts"}],"about":[{"href":"https:\/\/lasprimeras.com.do\/index.php\/wp-json\/wp\/v2\/types\/post"}],"author":[{"embeddable":true,"href":"https:\/\/lasprimeras.com.do\/index.php\/wp-json\/wp\/v2\/users\/2"}],"replies":[{"embeddable":true,"href":"https:\/\/lasprimeras.com.do\/index.php\/wp-json\/wp\/v2\/comments?post=53929"}],"version-history":[{"count":2,"href":"https:\/\/lasprimeras.com.do\/index.php\/wp-json\/wp\/v2\/posts\/53929\/revisions"}],"predecessor-version":[{"id":53933,"href":"https:\/\/lasprimeras.com.do\/index.php\/wp-json\/wp\/v2\/posts\/53929\/revisions\/53933"}],"wp:featuredmedia":[{"embeddable":true,"href":"https:\/\/lasprimeras.com.do\/index.php\/wp-json\/wp\/v2\/media\/53930"}],"wp:attachment":[{"href":"https:\/\/lasprimeras.com.do\/index.php\/wp-json\/wp\/v2\/media?parent=53929"}],"wp:term":[{"taxonomy":"category","embeddable":true,"href":"https:\/\/lasprimeras.com.do\/index.php\/wp-json\/wp\/v2\/categories?post=53929"},{"taxonomy":"post_tag","embeddable":true,"href":"https:\/\/lasprimeras.com.do\/index.php\/wp-json\/wp\/v2\/tags?post=53929"}],"curies":[{"name":"wp","href":"https:\/\/api.w.org\/{rel}","templated":true}]}}