{"id":53934,"date":"2023-07-03T14:46:23","date_gmt":"2023-07-03T18:46:23","guid":{"rendered":"https:\/\/lasprimeras.com.do\/?p=53934"},"modified":"2023-07-03T14:47:19","modified_gmt":"2023-07-03T18:47:19","slug":"alcalde-manuel-jimenez-anuncia-compra-de-tercera-flotilla-de-50-camiones","status":"publish","type":"post","link":"https:\/\/lasprimeras.com.do\/index.php\/2023\/07\/03\/alcalde-manuel-jimenez-anuncia-compra-de-tercera-flotilla-de-50-camiones\/","title":{"rendered":"Alcalde Manuel Jim\u00e9nez anuncia compra de tercera flotilla de 50 camiones"},"content":{"rendered":"\n<p><strong>Con la nueva flotilla el ayuntamiento de Santo Domingo terminar\u00e1 de desprivatizar el servicio de recogida de desechos.<\/strong><\/p>\n\n\n\n<p>Por Martin Restituyo<\/p>\n\n\n\n<p>El alcalde de Santo&nbsp; Domingo Este, Manuel Jim\u00e9nez, anunci\u00f3 este lunes el proceso de licitaci\u00f3n para la compra de la tercera flotilla de 50 camiones recolectores de desechos s\u00f3lidos que dar\u00e1n el servicio en la circunscripci\u00f3n 3 del municipio a un costo de de RD$380 millones, con recursos propios y sin pr\u00e9stamos.<\/p>\n\n\n\n<p>Con la nueva flotilla, la actual gesti\u00f3n del Ayuntamiento de Santo Domingo Este concluir\u00e1 el proceso desprivatizaci\u00f3n del servicio, y tendr\u00e1, por primera vez en la historia del municipio, la capacidad de dar una respuesta directa a las comunidades.<\/p>\n\n\n\n<p>Sostuvo que El Almirante, Hainamosa, Los Frailes, El Tamarindo, Cancino Adentro, Mendoza, La Ure\u00f1a, Villa Esfuerzo, la Autopista de San Isidro,&nbsp; Brisas del Este, Invivienda, y los dem\u00e1s sectores que conforman la circunscripci\u00f3n m\u00e1s grande, compleja y poblada de Rep\u00fablica Dominicana.<\/p>\n\n\n\n<p>La nueva flotilla incluye 25 camiones de 25 toneladas, 10 de 20 toneladas, 5 de seis toneladas, 10 camiones volteos de 4.5 toneladas, y 10 trimotores.<\/p>\n\n\n\n<figure class=\"wp-block-image size-full is-resized\"><img decoding=\"async\" src=\"https:\/\/lasprimeras.com.do\/wp-content\/uploads\/2023\/07\/Manuel-Jimenez-5.jpg\" alt=\"\" class=\"wp-image-53936\" width=\"828\" height=\"479\" srcset=\"https:\/\/lasprimeras.com.do\/wp-content\/uploads\/2023\/07\/Manuel-Jimenez-5.jpg 700w, https:\/\/lasprimeras.com.do\/wp-content\/uploads\/2023\/07\/Manuel-Jimenez-5-300x174.jpg 300w\" sizes=\"(max-width: 828px) 100vw, 828px\" \/><\/figure>\n\n\n\n<p>Seg\u00fan explic\u00f3 el alcalde Manuel Jim\u00e9nez junto a los presidentes de juntas de vecinos, \u201clos camiones deber\u00e1n ser todos nuevos, del a\u00f1o, fabricados con tecnolog\u00eda avanzada, como lo necesita la ciudad, que hoy da un paso hist\u00f3rico, ya que es el primer municipio del pa\u00eds, que cuenta con una flotilla de camiones comprados todos de f\u00e1brica para la recogida de basura en tan solo tres a\u00f1os y con presupuesto propio, como resultado del saneamiento de las finanzas, la transparencia del uso de los recursos y la buena gesti\u00f3n administrativa\u201d.<\/p>\n\n\n\n<p>Desde que asumi\u00f3 la alcald\u00eda en 2020, Jim\u00e9nez se propuso cambiar el esquema para la recolecci\u00f3n de los desechos, por lo que anunci\u00f3 la compra de la primera flotilla de 35 camiones que fueron integrados a la circunscripci\u00f3n 2 en noviembre de 2021.<\/p>\n\n\n\n<p>Mientras que la segunda flotilla, de 29 veh\u00edculos similares, fue puesta en funcionamiento a principio del pasado mes de junio en la circunscripci\u00f3n n\u00famero 1, asumiendo la alcald\u00eda el control total en esas dos demarcaciones, solo quedando pendiente la circunscripci\u00f3n 3.<\/p>\n\n\n\n<p><strong>Un nuevo modelo<\/strong><\/p>\n\n\n\n<p>Cuando el Ayuntamiento de Santo Domingo Este integre la tercera flotilla de camiones el municipio pasar\u00e1 a tener por primera vez en su historia un servicio p\u00fablico y de calidad, pues hasta el 2021 todas las gestiones hab\u00edan preferido mantener contratos caros que no resolv\u00edan ni daban respuesta seria al problema de los desechos.<\/p>\n\n\n\n<p>Para tener la capacidad de respuesta la gesti\u00f3n del alcalde Manuel Jim\u00e9nez se vio obligada a poner fin a la relaci\u00f3n contractual heredada con empresas que ni siquiera contaban con camiones para cumplir sus responsabilidades.<\/p>\n\n\n\n<p>Hasta el momento en las circunscripciones donde el Ayuntamiento ofrece el servicio de manera directa el ahorro econ\u00f3mico es cercano al 50%, y ha permitido que, sumando el aumento de las recaudaciones de arbitrios, el cabildo pueda ir comprando los equipos nuevos, del a\u00f1o, y con recursos propios.<\/p>\n\n\n\n<p>\u201cTrabajamos con transparencia y en serio para darle a la gente el servicio que exige y merece\u201d, indic\u00f3 Jim\u00e9nez.<\/p>\n","protected":false},"excerpt":{"rendered":"<p>Con la nueva flotilla el ayuntamiento de Santo Domingo terminar\u00e1 de desprivatizar el servicio de recogida de desechos. Por Martin Restituyo El alcalde de Santo&nbsp; Domingo Este, Manuel Jim\u00e9nez, anunci\u00f3&hellip;<\/p>\n","protected":false},"author":2,"featured_media":53935,"comment_status":"open","ping_status":"open","sticky":false,"template":"","format":"standard","meta":{"content-type":"","jetpack_post_was_ever_published":false,"_jetpack_newsletter_access":"","_jetpack_dont_email_post_to_subs":false,"_jetpack_newsletter_tier_id":0,"_jetpack_memberships_contains_paywalled_content":false,"_jetpack_memberships_contains_paid_content":false,"footnotes":""},"categories":[39,25],"tags":[161,3046,4269,3047,196,1570],"class_list":["post-53934","post","type-post","status-publish","format-standard","has-post-thumbnail","hentry","category-economia","category-portada","tag-alcalde","tag-camiones","tag-compra","tag-flotilla","tag-manuel-jimenez","tag-santo-domingo-este"],"jetpack_featured_media_url":"https:\/\/lasprimeras.com.do\/wp-content\/uploads\/2023\/07\/Manuel-Jimenez-4.jpg","jetpack-related-posts":[{"id":60810,"url":"https:\/\/lasprimeras.com.do\/index.php\/2023\/09\/19\/asde-compra-flotilla-de-camiones-de-recogida-de-basura\/","url_meta":{"origin":53934,"position":0},"title":"ASDE compra flotilla de camiones de recogida de basura","author":"Nelson Feliz","date":"19 de septiembre de 2023","format":false,"excerpt":"LA NUEVA FLOTILLA DE 50 CAMIONES SE ADQUIRI\u00d3 MEDIANTE LICITACI\u00d3N P\u00daBLICA PARA DAR SERVICIO EN LA ZONA M\u00c1S GRANDE Y COMPLEJA DEL MUNICIPIO Por Mart\u00edn Restituyo El Ayuntamiento de Santo Domingo Este anunci\u00f3 este lunes la adjudicaci\u00f3n de la compra de una tercera flotilla de 40 camiones compactadores, 10 volteos\u2026","rel":"","context":"En \u00abECONOM\u00cdA\u00bb","block_context":{"text":"ECONOM\u00cdA","link":"https:\/\/lasprimeras.com.do\/index.php\/category\/economia\/"},"img":{"alt_text":"Manuel Jim\u00e9nez","src":"https:\/\/i0.wp.com\/lasprimeras.com.do\/wp-content\/uploads\/2023\/09\/Manuel-Jimenez-5.jpg?resize=350%2C200&ssl=1","width":350,"height":200,"srcset":"https:\/\/i0.wp.com\/lasprimeras.com.do\/wp-content\/uploads\/2023\/09\/Manuel-Jimenez-5.jpg?resize=350%2C200&ssl=1 1x, https:\/\/i0.wp.com\/lasprimeras.com.do\/wp-content\/uploads\/2023\/09\/Manuel-Jimenez-5.jpg?resize=525%2C300&ssl=1 1.5x, https:\/\/i0.wp.com\/lasprimeras.com.do\/wp-content\/uploads\/2023\/09\/Manuel-Jimenez-5.jpg?resize=700%2C400&ssl=1 2x"},"classes":[]},{"id":70270,"url":"https:\/\/lasprimeras.com.do\/index.php\/2023\/12\/10\/asde-entrego-una-nueva-flotilla-de-camiones-a-circunscripcion-3\/","url_meta":{"origin":53934,"position":1},"title":"ASDE entreg\u00f3 hoy una nueva flotilla de camiones a circunscripci\u00f3n 3","author":"Nelson Feliz","date":"10 de diciembre de 2023","format":false,"excerpt":"Por Martin Restituyo El Ayuntamiento de Santo Domingo Este presentar\u00e1 este domingo una nueva flotilla de camiones compactadores y volteos adquirida mediante licitaci\u00f3n p\u00fablica para dar el servicio de aseo en la circunscripci\u00f3n 3 del municipio, la cual ha sido administrada por empresas privadas por m\u00e1s de 20 a\u00f1os. Con\u2026","rel":"","context":"En \u00abNACIONALES\u00bb","block_context":{"text":"NACIONALES","link":"https:\/\/lasprimeras.com.do\/index.php\/category\/nacionales\/"},"img":{"alt_text":"Flotilla Camiones","src":"https:\/\/i0.wp.com\/lasprimeras.com.do\/wp-content\/uploads\/2023\/12\/Flotilla-Camiones.jpg?resize=350%2C200&ssl=1","width":350,"height":200,"srcset":"https:\/\/i0.wp.com\/lasprimeras.com.do\/wp-content\/uploads\/2023\/12\/Flotilla-Camiones.jpg?resize=350%2C200&ssl=1 1x, https:\/\/i0.wp.com\/lasprimeras.com.do\/wp-content\/uploads\/2023\/12\/Flotilla-Camiones.jpg?resize=525%2C300&ssl=1 1.5x, https:\/\/i0.wp.com\/lasprimeras.com.do\/wp-content\/uploads\/2023\/12\/Flotilla-Camiones.jpg?resize=700%2C400&ssl=1 2x"},"classes":[]},{"id":51989,"url":"https:\/\/lasprimeras.com.do\/index.php\/2023\/06\/06\/asde-presenta-segunda-flotilla-de-modernos-camiones-recolectores-de-basura\/","url_meta":{"origin":53934,"position":2},"title":"ASDE presenta segunda flotilla de modernos camiones recolectores de basura","author":"prenxa100","date":"6 de junio de 2023","format":false,"excerpt":"La gesti\u00f3n del alcalde Manuel Jim\u00e9nez pasa a dar servicio enla c\u00e9ntrica circunscripci\u00f3n 1 y termina contrato de privatizaci\u00f3n. El alcalde Manuel Jim\u00e9nez present\u00f3 a la comunidad la flotilla de 29 camiones nuevos de f\u00e1brica que desde ya se integran a las labores de recogida de basura en la circunscripci\u00f3n\u2026","rel":"","context":"En \u00abECONOM\u00cdA\u00bb","block_context":{"text":"ECONOM\u00cdA","link":"https:\/\/lasprimeras.com.do\/index.php\/category\/economia\/"},"img":{"alt_text":"Ayuntamiento Santo Domingo Este","src":"https:\/\/i0.wp.com\/lasprimeras.com.do\/wp-content\/uploads\/2023\/06\/Camiones-ASDE-1.jpg?resize=350%2C200&ssl=1","width":350,"height":200,"srcset":"https:\/\/i0.wp.com\/lasprimeras.com.do\/wp-content\/uploads\/2023\/06\/Camiones-ASDE-1.jpg?resize=350%2C200&ssl=1 1x, https:\/\/i0.wp.com\/lasprimeras.com.do\/wp-content\/uploads\/2023\/06\/Camiones-ASDE-1.jpg?resize=525%2C300&ssl=1 1.5x, https:\/\/i0.wp.com\/lasprimeras.com.do\/wp-content\/uploads\/2023\/06\/Camiones-ASDE-1.jpg?resize=700%2C400&ssl=1 2x"},"classes":[]},{"id":55377,"url":"https:\/\/lasprimeras.com.do\/index.php\/2023\/07\/17\/regidores-del-pld-y-fp-cuestionan-a-manuel-de-jimenez-de-cometer-un-sin-numeros-de-irregularidades-en-el-ayuntamiento\/","url_meta":{"origin":53934,"position":3},"title":"Regidores del PLD y FP cuestionan a Manuel de Jim\u00e9nez de cometer un sin n\u00fameros de irregularidades en el ayuntamiento","author":"Nelson Feliz","date":"17 de julio de 2023","format":false,"excerpt":"Los bloques de regidores del Partido de la Liberaci\u00f3n Dominicana (PLD) y la Fuerza del Pueblo (FP) en el municipio Santo Domingo Este, expresaron su preocupaci\u00f3n y cuestionaron al alcalde Manuel Jim\u00e9nez por la falta de transparencia y malas pr\u00e1cticas municipales en relaci\u00f3n al manejo de los recursos y la\u2026","rel":"","context":"En \u00abECONOM\u00cdA\u00bb","block_context":{"text":"ECONOM\u00cdA","link":"https:\/\/lasprimeras.com.do\/index.php\/category\/economia\/"},"img":{"alt_text":"Regidores SDE","src":"https:\/\/i0.wp.com\/lasprimeras.com.do\/wp-content\/uploads\/2023\/07\/Regidores-SDE.jpg?resize=350%2C200&ssl=1","width":350,"height":200,"srcset":"https:\/\/i0.wp.com\/lasprimeras.com.do\/wp-content\/uploads\/2023\/07\/Regidores-SDE.jpg?resize=350%2C200&ssl=1 1x, https:\/\/i0.wp.com\/lasprimeras.com.do\/wp-content\/uploads\/2023\/07\/Regidores-SDE.jpg?resize=525%2C300&ssl=1 1.5x, https:\/\/i0.wp.com\/lasprimeras.com.do\/wp-content\/uploads\/2023\/07\/Regidores-SDE.jpg?resize=700%2C400&ssl=1 2x"},"classes":[]},{"id":53560,"url":"https:\/\/lasprimeras.com.do\/index.php\/2023\/06\/28\/el-ayuntamiento-de-santo-domingo-este-anuncia-ruta-y-frecuencia-de-la-nueva-flotilla-de-camiones\/","url_meta":{"origin":53934,"position":4},"title":"El Ayuntamiento de Santo Domingo Este anuncia ruta y frecuencia de la nueva flotilla de camiones","author":"Nelson Feliz","date":"28 de junio de 2023","format":false,"excerpt":"El PROGRAMA GARANTIZAR\u00c1 A LOS MUNICIPES QUE PODR\u00c1N SACAR LOS DESPERDICIOS EN LOS D\u00cdAS ESTABLECIDOS PARA DE INMEDIATO SER RECOGIDOS. Por Martin Restituyo A partir del pr\u00f3ximo lunes la recogida de desechos s\u00f3lidos en la Circunscripci\u00f3n 1 de Santo Domingo Este se realizar\u00e1 mediante la aplicaci\u00f3n del programa de ruta\u2026","rel":"","context":"En \u00abNACIONALES\u00bb","block_context":{"text":"NACIONALES","link":"https:\/\/lasprimeras.com.do\/index.php\/category\/nacionales\/"},"img":{"alt_text":"Ayuntamiento Santo Domingo Este","src":"https:\/\/i0.wp.com\/lasprimeras.com.do\/wp-content\/uploads\/2023\/06\/Camiones-ASDE-1.jpg?resize=350%2C200&ssl=1","width":350,"height":200,"srcset":"https:\/\/i0.wp.com\/lasprimeras.com.do\/wp-content\/uploads\/2023\/06\/Camiones-ASDE-1.jpg?resize=350%2C200&ssl=1 1x, https:\/\/i0.wp.com\/lasprimeras.com.do\/wp-content\/uploads\/2023\/06\/Camiones-ASDE-1.jpg?resize=525%2C300&ssl=1 1.5x, https:\/\/i0.wp.com\/lasprimeras.com.do\/wp-content\/uploads\/2023\/06\/Camiones-ASDE-1.jpg?resize=700%2C400&ssl=1 2x"},"classes":[]},{"id":77388,"url":"https:\/\/lasprimeras.com.do\/index.php\/2024\/02\/20\/el-alcalde-manuel-jimenez-presenta-nuevos-camiones-colectores-de-desechos-solidos\/","url_meta":{"origin":53934,"position":5},"title":"El alcalde Manuel Jim\u00e9nez presenta nuevos camiones colectores de desechos s\u00f3lidos","author":"BIMARY DE JES\u00daS Matos","date":"20 de febrero de 2024","format":false,"excerpt":"SDE.-El alcalde de Santo Domingo Este, Manuel Jim\u00e9nez, present\u00f3 cinco nuevos camiones compactadores modelo 2024 que ser\u00e1n integrados a las mejoraras de la recogida de desechos en las comunidades de la Circunscripci\u00f3n 3 del municipio de Santo Domingo Este. Los nuevos veh\u00edculos fueron presentados durante un acto que se desarroll\u00f3\u2026","rel":"","context":"En \u00abPORTADA\u00bb","block_context":{"text":"PORTADA","link":"https:\/\/lasprimeras.com.do\/index.php\/category\/portada\/"},"img":{"alt_text":"","src":"https:\/\/i0.wp.com\/lasprimeras.com.do\/wp-content\/uploads\/2024\/02\/IMG-20240220-WA0106.jpg?resize=350%2C200&ssl=1","width":350,"height":200,"srcset":"https:\/\/i0.wp.com\/lasprimeras.com.do\/wp-content\/uploads\/2024\/02\/IMG-20240220-WA0106.jpg?resize=350%2C200&ssl=1 1x, https:\/\/i0.wp.com\/lasprimeras.com.do\/wp-content\/uploads\/2024\/02\/IMG-20240220-WA0106.jpg?resize=525%2C300&ssl=1 1.5x, https:\/\/i0.wp.com\/lasprimeras.com.do\/wp-content\/uploads\/2024\/02\/IMG-20240220-WA0106.jpg?resize=700%2C400&ssl=1 2x, https:\/\/i0.wp.com\/lasprimeras.com.do\/wp-content\/uploads\/2024\/02\/IMG-20240220-WA0106.jpg?resize=1050%2C600&ssl=1 3x, https:\/\/i0.wp.com\/lasprimeras.com.do\/wp-content\/uploads\/2024\/02\/IMG-20240220-WA0106.jpg?resize=1400%2C800&ssl=1 4x"},"classes":[]}],"jetpack_sharing_enabled":true,"_links":{"self":[{"href":"https:\/\/lasprimeras.com.do\/index.php\/wp-json\/wp\/v2\/posts\/53934","targetHints":{"allow":["GET"]}}],"collection":[{"href":"https:\/\/lasprimeras.com.do\/index.php\/wp-json\/wp\/v2\/posts"}],"about":[{"href":"https:\/\/lasprimeras.com.do\/index.php\/wp-json\/wp\/v2\/types\/post"}],"author":[{"embeddable":true,"href":"https:\/\/lasprimeras.com.do\/index.php\/wp-json\/wp\/v2\/users\/2"}],"replies":[{"embeddable":true,"href":"https:\/\/lasprimeras.com.do\/index.php\/wp-json\/wp\/v2\/comments?post=53934"}],"version-history":[{"count":2,"href":"https:\/\/lasprimeras.com.do\/index.php\/wp-json\/wp\/v2\/posts\/53934\/revisions"}],"predecessor-version":[{"id":53938,"href":"https:\/\/lasprimeras.com.do\/index.php\/wp-json\/wp\/v2\/posts\/53934\/revisions\/53938"}],"wp:featuredmedia":[{"embeddable":true,"href":"https:\/\/lasprimeras.com.do\/index.php\/wp-json\/wp\/v2\/media\/53935"}],"wp:attachment":[{"href":"https:\/\/lasprimeras.com.do\/index.php\/wp-json\/wp\/v2\/media?parent=53934"}],"wp:term":[{"taxonomy":"category","embeddable":true,"href":"https:\/\/lasprimeras.com.do\/index.php\/wp-json\/wp\/v2\/categories?post=53934"},{"taxonomy":"post_tag","embeddable":true,"href":"https:\/\/lasprimeras.com.do\/index.php\/wp-json\/wp\/v2\/tags?post=53934"}],"curies":[{"name":"wp","href":"https:\/\/api.w.org\/{rel}","templated":true}]}}