{"id":53939,"date":"2023-07-03T14:59:03","date_gmt":"2023-07-03T18:59:03","guid":{"rendered":"https:\/\/lasprimeras.com.do\/?p=53939"},"modified":"2023-07-03T14:59:05","modified_gmt":"2023-07-03T18:59:05","slug":"fuerza-del-pueblo-inicia-oficialmente-el-periodo-de-precampana-y-registro-de-candidatos","status":"publish","type":"post","link":"https:\/\/lasprimeras.com.do\/index.php\/2023\/07\/03\/fuerza-del-pueblo-inicia-oficialmente-el-periodo-de-precampana-y-registro-de-candidatos\/","title":{"rendered":"Fuerza del Pueblo inicia oficialmente el per\u00edodo de precampa\u00f1a y registro de candidatos"},"content":{"rendered":"\n<p><strong>Unos 4,203 miembros de la Fuerza del Pueblo se han preinscritos en todos los niveles de elecci\u00f3n y demarcaciones del pa\u00eds.<\/strong><\/p>\n\n\n\n<p>La Comisi\u00f3n Nacional Electoral del partido Fuerza del Pueblo anuncia el inicio oficial del per\u00edodo de precampa\u00f1a electoral y el proceso de registro formal para los aspirantes a cargos de elecci\u00f3n popular para el per\u00edodo 2024-2028.<\/p>\n\n\n\n<p>El presidente de la&nbsp;Comisi\u00f3n Nacional Electoral, Henry Mer\u00e1n, dijo que &#8220;de acuerdo con lo establecido en la Ley de Partidos, Agrupaciones y Movimientos Pol\u00edticos, a partir del pasado 2 de julio se ha dado inicio al per\u00edodo de precampa\u00f1a electoral.<\/p>\n\n\n\n<p>En este sentido, la Comisi\u00f3n Nacional Electoral (CNE) de la Fuerza del Pueblo declara oficialmente abierto el per\u00edodo de precampa\u00f1a en todo el territorio nacional y en las circunscripciones del exterior&#8221;.<\/p>\n\n\n\n<p>Mer\u00e1n&nbsp;explic\u00f3 que la&nbsp;CNE ha publicado el instructivo sobre la metodolog\u00eda de elecci\u00f3n y el proceso de registro f\u00edsico y validaci\u00f3n de las aspiraciones a cargos de elecci\u00f3n popular por parte de los compa\u00f1eros y compa\u00f1eras del Partido.<\/p>\n\n\n\n<p>&#8220;Este instructivo detalla los requisitos y documentos necesarios para formalizar el registro como aspirante a precandidato o precandidata de la Fuerza del Pueblo&#8221;, afirm\u00f3.<\/p>\n\n\n\n<p>Detall\u00f3 que para registrarse formalmente como aspirante a precandidato o precandidata de la Fuerza del Pueblo, se deben cumplir los siguientes requisitos y presentar los documentos correspondientes:<\/p>\n\n\n\n<p>a) Revisar y confirmar sus datos personales, completos y exactos, incluidos apodos, correo electr\u00f3nico, direcci\u00f3n de d\u00f3nde reside, etc., mediante el llenado y entrega de un formulario creado para tales fines.<\/p>\n\n\n\n<p>b) Copia de C\u00e9dula de Identidad y Electoral, de ambos lados.<\/p>\n\n\n\n<p>c) Una certificaci\u00f3n de No Antecedentes Penales, con fecha de expedici\u00f3n posterior al d\u00eda 2 de julio del 2023.<\/p>\n\n\n\n<p>d) Una certificaci\u00f3n de No Presencia de Sustancias Psicotr\u00f3picas en la Sangre u Orina (Prueba Antidoping), realizada por un laboratorio reconocido, con fecha de expedici\u00f3n posterior al d\u00eda 2 de julio del 2023.<\/p>\n\n\n\n<p>e) Fotograf\u00eda digital, en alta resoluci\u00f3n, con fondo blanco.<\/p>\n\n\n\n<p>Mer\u00e1n inform\u00f3 que las inscripciones y el dep\u00f3sito de documentos de los compa\u00f1eros aspirantes se llevar\u00e1n a cabo en la Casa Nacional de la Avenida Bol\u00edvar, esquina Dr. B\u00e1ez, en Gascue, Distrito Nacional; en horarios de 9 de la ma\u00f1ana a 5 de la tarde, durante toda la semana.&nbsp;<\/p>\n\n\n\n<figure class=\"wp-block-embed is-type-video is-provider-youtube wp-block-embed-youtube wp-embed-aspect-16-9 wp-has-aspect-ratio\"><div class=\"wp-block-embed__wrapper\">\n<iframe title=\"Fuerza del Pueblo anuncia inicio oficial de per\u00edodo de precampa\u00f1a electoral y registro de candidatos\" width=\"500\" height=\"281\" src=\"https:\/\/www.youtube.com\/embed\/HvHoqDh4tts?feature=oembed\" frameborder=\"0\" allow=\"accelerometer; autoplay; clipboard-write; encrypted-media; gyroscope; picture-in-picture; web-share\" referrerpolicy=\"strict-origin-when-cross-origin\" allowfullscreen><\/iframe>\n<\/div><\/figure>\n","protected":false},"excerpt":{"rendered":"<p>Unos 4,203 miembros de la Fuerza del Pueblo se han preinscritos en todos los niveles de elecci\u00f3n y demarcaciones del pa\u00eds. La Comisi\u00f3n Nacional Electoral del partido Fuerza del Pueblo&hellip;<\/p>\n","protected":false},"author":2,"featured_media":53940,"comment_status":"open","ping_status":"open","sticky":false,"template":"","format":"standard","meta":{"content-type":"","jetpack_post_was_ever_published":false,"_jetpack_newsletter_access":"","_jetpack_dont_email_post_to_subs":false,"_jetpack_newsletter_tier_id":0,"_jetpack_memberships_contains_paywalled_content":false,"_jetpack_memberships_contains_paid_content":false,"footnotes":""},"categories":[25],"tags":[2621,731,158,4271,4270,4272],"class_list":["post-53939","post","type-post","status-publish","format-standard","has-post-thumbnail","hentry","category-portada","tag-candidatos","tag-electoral","tag-fuerza-del-pueblo","tag-oficialmente","tag-precampana","tag-registro"],"jetpack_featured_media_url":"https:\/\/lasprimeras.com.do\/wp-content\/uploads\/2023\/07\/Henry-Meran.jpg","jetpack-related-posts":[{"id":54021,"url":"https:\/\/lasprimeras.com.do\/index.php\/2023\/07\/06\/todo-listo-para-inscripcion-de-precandidaturas-en-la-fuerza-del-pueblo\/","url_meta":{"origin":53939,"position":0},"title":"Todo listo para inscripci\u00f3n de precandidaturas en la Fuerza del Pueblo","author":"Nelson Feliz","date":"6 de julio de 2023","format":false,"excerpt":"El presidente de la Comisi\u00f3n Nacional Electoral (CNE) del partido Fuerza del Pueblo (FP), Henry Mer\u00e1n, inform\u00f3 que ya est\u00e1 lista toda la log\u00edstica para el proceso de registro formal y dep\u00f3sito de documentos de los precandidatos y precandidatas a cargos de elecci\u00f3n popular de esa organizaci\u00f3n pol\u00edtica. Mer\u00e1n precis\u00f3\u2026","rel":"","context":"En \u00abPORTADA\u00bb","block_context":{"text":"PORTADA","link":"https:\/\/lasprimeras.com.do\/index.php\/category\/portada\/"},"img":{"alt_text":"Henry Mer\u00e1n","src":"https:\/\/i0.wp.com\/lasprimeras.com.do\/wp-content\/uploads\/2023\/07\/Henry-Meran-1.jpg?resize=350%2C200&ssl=1","width":350,"height":200,"srcset":"https:\/\/i0.wp.com\/lasprimeras.com.do\/wp-content\/uploads\/2023\/07\/Henry-Meran-1.jpg?resize=350%2C200&ssl=1 1x, https:\/\/i0.wp.com\/lasprimeras.com.do\/wp-content\/uploads\/2023\/07\/Henry-Meran-1.jpg?resize=525%2C300&ssl=1 1.5x, https:\/\/i0.wp.com\/lasprimeras.com.do\/wp-content\/uploads\/2023\/07\/Henry-Meran-1.jpg?resize=700%2C400&ssl=1 2x"},"classes":[]},{"id":54120,"url":"https:\/\/lasprimeras.com.do\/index.php\/2023\/07\/07\/pc-inicia-observacion-electoral-para-las-elecciones-de-febrero-y-mayo-2024\/","url_meta":{"origin":53939,"position":1},"title":"PC inicia observaci\u00f3n electoral para las elecciones de febrero y mayo 2024","author":"Nelson Feliz","date":"7 de julio de 2023","format":false,"excerpt":"El movimiento c\u00edvico no partidista, Participaci\u00f3n Ciudadana informa al pa\u00eds que da inicio a la observaci\u00f3n electoral n\u00famero doce en sus treinta a\u00f1os dedicados a los temas electorales. Los trabajos de observaci\u00f3n electoral de Participaci\u00f3n Ciudadana constituyen un esfuerzo dirigido al fortalecimiento de la democracia a trav\u00e9s de las diversas\u2026","rel":"","context":"En \u00abNACIONALES\u00bb","block_context":{"text":"NACIONALES","link":"https:\/\/lasprimeras.com.do\/index.php\/category\/nacionales\/"},"img":{"alt_text":"Stalin Montero, Joseph Abreu, Leidy Blanco, Lizzie Sanchez, Francisco \u00a8Pancho\u00a8\u00c1lvarez, Melba Barnett, Isidoro Santana","src":"https:\/\/i0.wp.com\/lasprimeras.com.do\/wp-content\/uploads\/2023\/07\/Stalin-Montero-Joseph-Abreu-Leidy-Blanco-Lizzie-Sanchez-Francisco-%C2%A8Pancho%C2%A8Alvarez-Melba-Barnett-Isidoro-Santana.jpg?resize=350%2C200&ssl=1","width":350,"height":200,"srcset":"https:\/\/i0.wp.com\/lasprimeras.com.do\/wp-content\/uploads\/2023\/07\/Stalin-Montero-Joseph-Abreu-Leidy-Blanco-Lizzie-Sanchez-Francisco-%C2%A8Pancho%C2%A8Alvarez-Melba-Barnett-Isidoro-Santana.jpg?resize=350%2C200&ssl=1 1x, https:\/\/i0.wp.com\/lasprimeras.com.do\/wp-content\/uploads\/2023\/07\/Stalin-Montero-Joseph-Abreu-Leidy-Blanco-Lizzie-Sanchez-Francisco-%C2%A8Pancho%C2%A8Alvarez-Melba-Barnett-Isidoro-Santana.jpg?resize=525%2C300&ssl=1 1.5x, https:\/\/i0.wp.com\/lasprimeras.com.do\/wp-content\/uploads\/2023\/07\/Stalin-Montero-Joseph-Abreu-Leidy-Blanco-Lizzie-Sanchez-Francisco-%C2%A8Pancho%C2%A8Alvarez-Melba-Barnett-Isidoro-Santana.jpg?resize=700%2C400&ssl=1 2x"},"classes":[]},{"id":53955,"url":"https:\/\/lasprimeras.com.do\/index.php\/2023\/07\/03\/neney-cabrera-solicita-licencia-como-ministro-sin-disfrute-de-sueldo-durante-precampana-electoral\/","url_meta":{"origin":53939,"position":2},"title":"Neney Cabrera, solicita licencia como ministro, sin disfrute de sueldo, durante precampa\u00f1a electoral","author":"Nelson Feliz","date":"3 de julio de 2023","format":false,"excerpt":"El ministro encargado de los Objetivos de las Pol\u00edticas P\u00fablicas de la Presidencia de la Rep\u00fablica, Neney Cabrera, inform\u00f3 la tarde de este lunes que deposit\u00f3 una solicitud de licencia sin disfrute de sueldo, con vigencia mientras dure la precampa\u00f1a electoral. Cabrera, quien es precandidato a alcalde del Partido Revolucionario\u2026","rel":"","context":"En \u00abPORTADA\u00bb","block_context":{"text":"PORTADA","link":"https:\/\/lasprimeras.com.do\/index.php\/category\/portada\/"},"img":{"alt_text":"Neney Cabrera","src":"https:\/\/i0.wp.com\/lasprimeras.com.do\/wp-content\/uploads\/2023\/07\/Neney-Cabrera.jpg?resize=350%2C200&ssl=1","width":350,"height":200,"srcset":"https:\/\/i0.wp.com\/lasprimeras.com.do\/wp-content\/uploads\/2023\/07\/Neney-Cabrera.jpg?resize=350%2C200&ssl=1 1x, https:\/\/i0.wp.com\/lasprimeras.com.do\/wp-content\/uploads\/2023\/07\/Neney-Cabrera.jpg?resize=525%2C300&ssl=1 1.5x"},"classes":[]},{"id":58866,"url":"https:\/\/lasprimeras.com.do\/index.php\/2023\/08\/29\/jce-ratifica-medida-que-prohibe-mitines-y-marchas-en-precampana\/","url_meta":{"origin":53939,"position":3},"title":"JCE ratifica medida que proh\u00edbe m\u00edtines y marchas en precampa\u00f1a","author":"Nelson Feliz","date":"29 de agosto de 2023","format":false,"excerpt":"La Junta Central Electoral (JCE) ratific\u00f3 su comunicado de admonici\u00f3n que proh\u00edbe a los partidos la realizaci\u00f3n de m\u00edtines, marchas y vallas publicitarias durante la precampa\u00f1a. Advirti\u00f3 que aplicar\u00e1 sanciones administrativas de uno a 200 salarios m\u00ednimos a las organizaciones pol\u00edticas, candidatos y candidatas, sus representantes o jefes de campa\u00f1a\u2026","rel":"","context":"En \u00abNACIONALES\u00bb","block_context":{"text":"NACIONALES","link":"https:\/\/lasprimeras.com.do\/index.php\/category\/nacionales\/"},"img":{"alt_text":"JCE","src":"https:\/\/i0.wp.com\/lasprimeras.com.do\/wp-content\/uploads\/2023\/07\/JCE.jpg?resize=350%2C200&ssl=1","width":350,"height":200,"srcset":"https:\/\/i0.wp.com\/lasprimeras.com.do\/wp-content\/uploads\/2023\/07\/JCE.jpg?resize=350%2C200&ssl=1 1x, https:\/\/i0.wp.com\/lasprimeras.com.do\/wp-content\/uploads\/2023\/07\/JCE.jpg?resize=525%2C300&ssl=1 1.5x, https:\/\/i0.wp.com\/lasprimeras.com.do\/wp-content\/uploads\/2023\/07\/JCE.jpg?resize=700%2C400&ssl=1 2x"},"classes":[]},{"id":73297,"url":"https:\/\/lasprimeras.com.do\/index.php\/2024\/01\/08\/se-reactiva-la-campana-electoral\/","url_meta":{"origin":53939,"position":4},"title":"Se reactiva la campa\u00f1a electoral","author":"BIMARY DE JES\u00daS Matos","date":"8 de enero de 2024","format":false,"excerpt":"SANTO DOMINGO.\u2013 El inicio de la campa\u00f1a pol\u00edtica comienza a enfrentar a legisladores oficialistas y opositores con relaci\u00f3n al posicionamiento de sus organizaciones pol\u00edticas de cara a la contienda electoral. Los perreme\u00edstas vaticinan que el presidente Luis Abinader ganar\u00e1 los comicios de mayo con un 60 por ciento de los\u2026","rel":"","context":"En \u00abSin categor\u00eda\u00bb","block_context":{"text":"Sin categor\u00eda","link":"https:\/\/lasprimeras.com.do\/index.php\/category\/sin-categoria\/"},"img":{"alt_text":"","src":"https:\/\/i0.wp.com\/lasprimeras.com.do\/wp-content\/uploads\/2024\/01\/Noticias-de-energia-2024-01-08T102410.429.webp?resize=350%2C200&ssl=1","width":350,"height":200,"srcset":"https:\/\/i0.wp.com\/lasprimeras.com.do\/wp-content\/uploads\/2024\/01\/Noticias-de-energia-2024-01-08T102410.429.webp?resize=350%2C200&ssl=1 1x, https:\/\/i0.wp.com\/lasprimeras.com.do\/wp-content\/uploads\/2024\/01\/Noticias-de-energia-2024-01-08T102410.429.webp?resize=525%2C300&ssl=1 1.5x"},"classes":[]},{"id":59034,"url":"https:\/\/lasprimeras.com.do\/index.php\/2023\/08\/30\/jce-ratifica-sancionara-partidos-y-a-candidatos-violen-medida-legal\/","url_meta":{"origin":53939,"position":5},"title":"JCE ratifica sancionar\u00e1 partidos y a candidatos violen medida legal","author":"Nelson Feliz","date":"30 de agosto de 2023","format":false,"excerpt":"La Junta Central Electoral (JCE) ratific\u00f3 su comunicado que proh\u00edbe a los partidos la realizaci\u00f3n de m\u00edtines, marchas y vallas publicitarias durante la precampa\u00f1a. Advirti\u00f3 que aplicar\u00e1 sanciones administrativas de uno a 200 salarios m\u00ednimos a las organizaciones pol\u00edticas, candidatos y candidatas, sus representantes o jefes de campa\u00f1a que organicen\u2026","rel":"","context":"En \u00abPORTADA\u00bb","block_context":{"text":"PORTADA","link":"https:\/\/lasprimeras.com.do\/index.php\/category\/portada\/"},"img":{"alt_text":"JCE","src":"https:\/\/i0.wp.com\/lasprimeras.com.do\/wp-content\/uploads\/2023\/07\/JCE.jpg?resize=350%2C200&ssl=1","width":350,"height":200,"srcset":"https:\/\/i0.wp.com\/lasprimeras.com.do\/wp-content\/uploads\/2023\/07\/JCE.jpg?resize=350%2C200&ssl=1 1x, https:\/\/i0.wp.com\/lasprimeras.com.do\/wp-content\/uploads\/2023\/07\/JCE.jpg?resize=525%2C300&ssl=1 1.5x, https:\/\/i0.wp.com\/lasprimeras.com.do\/wp-content\/uploads\/2023\/07\/JCE.jpg?resize=700%2C400&ssl=1 2x"},"classes":[]}],"jetpack_sharing_enabled":true,"_links":{"self":[{"href":"https:\/\/lasprimeras.com.do\/index.php\/wp-json\/wp\/v2\/posts\/53939","targetHints":{"allow":["GET"]}}],"collection":[{"href":"https:\/\/lasprimeras.com.do\/index.php\/wp-json\/wp\/v2\/posts"}],"about":[{"href":"https:\/\/lasprimeras.com.do\/index.php\/wp-json\/wp\/v2\/types\/post"}],"author":[{"embeddable":true,"href":"https:\/\/lasprimeras.com.do\/index.php\/wp-json\/wp\/v2\/users\/2"}],"replies":[{"embeddable":true,"href":"https:\/\/lasprimeras.com.do\/index.php\/wp-json\/wp\/v2\/comments?post=53939"}],"version-history":[{"count":1,"href":"https:\/\/lasprimeras.com.do\/index.php\/wp-json\/wp\/v2\/posts\/53939\/revisions"}],"predecessor-version":[{"id":53941,"href":"https:\/\/lasprimeras.com.do\/index.php\/wp-json\/wp\/v2\/posts\/53939\/revisions\/53941"}],"wp:featuredmedia":[{"embeddable":true,"href":"https:\/\/lasprimeras.com.do\/index.php\/wp-json\/wp\/v2\/media\/53940"}],"wp:attachment":[{"href":"https:\/\/lasprimeras.com.do\/index.php\/wp-json\/wp\/v2\/media?parent=53939"}],"wp:term":[{"taxonomy":"category","embeddable":true,"href":"https:\/\/lasprimeras.com.do\/index.php\/wp-json\/wp\/v2\/categories?post=53939"},{"taxonomy":"post_tag","embeddable":true,"href":"https:\/\/lasprimeras.com.do\/index.php\/wp-json\/wp\/v2\/tags?post=53939"}],"curies":[{"name":"wp","href":"https:\/\/api.w.org\/{rel}","templated":true}]}}