{"id":53942,"date":"2023-07-03T15:25:08","date_gmt":"2023-07-03T19:25:08","guid":{"rendered":"https:\/\/lasprimeras.com.do\/?p=53942"},"modified":"2023-07-03T15:25:12","modified_gmt":"2023-07-03T19:25:12","slug":"defensora-de-los-ddhh-denuncia-gobierno-y-autoridades-abandonan-mujeres-maltratadas-a-su-suerte","status":"publish","type":"post","link":"https:\/\/lasprimeras.com.do\/index.php\/2023\/07\/03\/defensora-de-los-ddhh-denuncia-gobierno-y-autoridades-abandonan-mujeres-maltratadas-a-su-suerte\/","title":{"rendered":"Defensora de los DDHH denuncia Gobierno y autoridades abandonan mujeres maltratadas a su suerte"},"content":{"rendered":"\n<p><strong>El\u00a0 Estado debe proteger a la mujer y llamar a cap\u00edtulo las autoridades que deben velar por la protecci\u00f3n de sus derechos.<\/strong><\/p>\n\n\n\n<p>La vocera y Defensora de Derechos Humanos, Rebeca Henr\u00edquez, denunci\u00f3 hoy que el Gobierno y las autoridades han abandonado a su suerte a las mujeres que han sido v\u00edctimas de violencia, sobre todo a la de escasos recursos econ\u00f3micos, si su agresor es una persona pudiente apadrinado por pol\u00edticos y empresarios; los casos tardan en resolverse o los engavetan.<\/p>\n\n\n\n<p>Henr\u00edquez, dijo que no est\u00e1 garantizando que las mujeres, adolescentes y ni\u00f1as que han sido v\u00edctimas de violencia, las autoridades competentes den seguimiento continuo a los casos.<\/p>\n\n\n\n<p>Afirm\u00f3 que las v\u00edctimas, sin importar su estatus social, color, religi\u00f3n o bandera pol\u00edtica deben de ser representadas en los tribunales y se le debe dar seguimiento a los casos de violencia, ya que en la mayor\u00eda de los casos, los maltratadores las amenazan sintiendo estas un terror tan fuerte, que las llevan a callar y hasta defenderlos.<\/p>\n\n\n\n<p>\u201cEs de mucha preocupaci\u00f3n para nuestra organizaci\u00f3n defensora de derechos humanos, ver c\u00f3mo a diario aumentan las violencias contra la mujer y los feminicidios. Rep\u00fablica Dominicana carece de estrategias para brindar cuidado, seguridad e integridad a las personas involucradas\u201d, adujo Rebeca Henr\u00edquez.<\/p>\n\n\n\n<p>Dijo, que por culpa de las relaciones pol\u00edticas, en ocasiones no se les hace justicia a las v\u00edctimas, y las mujeres pierden la vida, de manos de sus verdugos.<\/p>\n\n\n\n<p>Henr\u00edquez, se\u00f1ala que en gobiernos anteriores y del actual, existen hijos de papi y mami que son maltratadores y estos se sienten protegidos por el poder pol\u00edtico de sus padres. La sociedad espera desesperadamente ver al estado dominicano tomar medidas dr\u00e1sticas&nbsp; para proteger los derechos de la mujer y vivir sin violencia.&nbsp;<\/p>\n","protected":false},"excerpt":{"rendered":"<p>El\u00a0 Estado debe proteger a la mujer y llamar a cap\u00edtulo las autoridades que deben velar por la protecci\u00f3n de sus derechos. La vocera y Defensora de Derechos Humanos, Rebeca&hellip;<\/p>\n","protected":false},"author":2,"featured_media":53943,"comment_status":"open","ping_status":"open","sticky":false,"template":"","format":"standard","meta":{"content-type":"","jetpack_post_was_ever_published":false,"_jetpack_newsletter_access":"","_jetpack_dont_email_post_to_subs":false,"_jetpack_newsletter_tier_id":0,"_jetpack_memberships_contains_paywalled_content":false,"_jetpack_memberships_contains_paid_content":false,"footnotes":""},"categories":[35,25],"tags":[4274,949,4276,4273,171,4275,836,4277],"class_list":["post-53942","post","type-post","status-publish","format-standard","has-post-thumbnail","hentry","category-nacionales","category-portada","tag-abandonan","tag-autoridades","tag-ddhh","tag-defensora","tag-gobierno","tag-maltratadas","tag-mujeres","tag-suerte"],"jetpack_featured_media_url":"https:\/\/lasprimeras.com.do\/wp-content\/uploads\/2023\/07\/Rebeca-Henriquez.jpg","jetpack-related-posts":[{"id":59718,"url":"https:\/\/lasprimeras.com.do\/index.php\/2023\/09\/06\/vocera-de-los-ddhh-pide-autoridades-fortalecer-prevencion-del-dengue\/","url_meta":{"origin":53942,"position":0},"title":"Vocera de los DDHH pide autoridades fortalecer prevenci\u00f3n del dengue","author":"Nelson Feliz","date":"6 de septiembre de 2023","format":false,"excerpt":"La vocera nacional del Consejo Dominicano de los Derechos Humanos, Rebeca Henriquez, declar\u00f3 hoy que en la Rep\u00fablica Dominicana se debe fortalecer la prevenci\u00f3n y control del brote de dengue. Henriquez, hizo un llamado a la sociedad civil y a las autoridades competentes para recordarles la importancia de posicionar, atender,\u2026","rel":"","context":"En \u00abNACIONALES\u00bb","block_context":{"text":"NACIONALES","link":"https:\/\/lasprimeras.com.do\/index.php\/category\/nacionales\/"},"img":{"alt_text":"brote de dengue","src":"https:\/\/i0.wp.com\/lasprimeras.com.do\/wp-content\/uploads\/2023\/09\/Dengue.jpg?resize=350%2C200&ssl=1","width":350,"height":200,"srcset":"https:\/\/i0.wp.com\/lasprimeras.com.do\/wp-content\/uploads\/2023\/09\/Dengue.jpg?resize=350%2C200&ssl=1 1x, https:\/\/i0.wp.com\/lasprimeras.com.do\/wp-content\/uploads\/2023\/09\/Dengue.jpg?resize=525%2C300&ssl=1 1.5x, https:\/\/i0.wp.com\/lasprimeras.com.do\/wp-content\/uploads\/2023\/09\/Dengue.jpg?resize=700%2C400&ssl=1 2x"},"classes":[]},{"id":117378,"url":"https:\/\/lasprimeras.com.do\/index.php\/2025\/12\/10\/colombia-registra-69-homicidios-de-defensores-de-ddhh-en-lo-que-va-del-ano-dice-la-onu\/","url_meta":{"origin":53942,"position":1},"title":"Colombia registra 69 homicidios de defensores de DDHH en lo que va del a\u00f1o, dice la ONU","author":"Nelson Feliz","date":"10 de diciembre de 2025","format":false,"excerpt":"BOGOT\u00c1 (AP) \u2014 Colombia registr\u00f3 el asesinato de al menos 69 defensores de derechos humanos entre enero y noviembre de este a\u00f1o, continuando con una tendencia de alto riesgo para esos liderazgos que se ha mantenido en los \u00faltimos ocho a\u00f1os, inform\u00f3 el mi\u00e9rcoles la Oficina del Alto Comisionado de\u2026","rel":"","context":"En \u00abINTERNACIONALES\u00bb","block_context":{"text":"INTERNACIONALES","link":"https:\/\/lasprimeras.com.do\/index.php\/category\/sin-categoria\/internacionales\/"},"img":{"alt_text":"Colombia registra 69 homicidios de defensores de DDHH en lo que va del a\u00f1o, dice la ONU","src":"https:\/\/i0.wp.com\/lasprimeras.com.do\/wp-content\/uploads\/2025\/12\/Colombia-registra-69-homicidios-de-defensores-de-DDHH-en-lo-que-va-del-ano-dice-la-ONU.jpg?resize=350%2C200&ssl=1","width":350,"height":200,"srcset":"https:\/\/i0.wp.com\/lasprimeras.com.do\/wp-content\/uploads\/2025\/12\/Colombia-registra-69-homicidios-de-defensores-de-DDHH-en-lo-que-va-del-ano-dice-la-ONU.jpg?resize=350%2C200&ssl=1 1x, https:\/\/i0.wp.com\/lasprimeras.com.do\/wp-content\/uploads\/2025\/12\/Colombia-registra-69-homicidios-de-defensores-de-DDHH-en-lo-que-va-del-ano-dice-la-ONU.jpg?resize=525%2C300&ssl=1 1.5x"},"classes":[]},{"id":71067,"url":"https:\/\/lasprimeras.com.do\/index.php\/2023\/12\/16\/vocera-de-los-ddhh-reclama-instalacion-de-una-unidad-de-salud-mental-en-mao\/","url_meta":{"origin":53942,"position":2},"title":"Vocera de los DDHH reclama instalaci\u00f3n de una \u00a0Unidad de Salud Mental en Mao","author":"Nelson Feliz","date":"16 de diciembre de 2023","format":false,"excerpt":"La vocera Nacional de la Comisi\u00f3n Dominicana de los Derechos Humanos, Rebeca Henr\u00edquez solicit\u00f3 hoy al presidente Luis Abinader y a las autoridades del Ministerio de Salud P\u00fablica, para que busquen un lugar donde se instale Unidad de Salud Mental y as\u00ed poder dar asistencia a personas con discapacidad mental\u2026","rel":"","context":"En \u00abNACIONALES\u00bb","block_context":{"text":"NACIONALES","link":"https:\/\/lasprimeras.com.do\/index.php\/category\/nacionales\/"},"img":{"alt_text":"Rebeca Henr\u00edquez","src":"https:\/\/i0.wp.com\/lasprimeras.com.do\/wp-content\/uploads\/2023\/12\/REBECA-HENRIQUEZ.jpg?resize=350%2C200&ssl=1","width":350,"height":200,"srcset":"https:\/\/i0.wp.com\/lasprimeras.com.do\/wp-content\/uploads\/2023\/12\/REBECA-HENRIQUEZ.jpg?resize=350%2C200&ssl=1 1x, https:\/\/i0.wp.com\/lasprimeras.com.do\/wp-content\/uploads\/2023\/12\/REBECA-HENRIQUEZ.jpg?resize=525%2C300&ssl=1 1.5x"},"classes":[]},{"id":79855,"url":"https:\/\/lasprimeras.com.do\/index.php\/2024\/03\/31\/rebeca-henriquez-pide-autoridades-aplique-todo-el-peso-de-la-ley-a-la-asesina-de-andreina-duarte\/","url_meta":{"origin":53942,"position":3},"title":"Rebeca Henr\u00edquez pide autoridades aplique todo el peso de la Ley a la asesina de Andreina Duarte","author":"Nelson Feliz","date":"31 de marzo de 2024","format":false,"excerpt":"La presidenta de los Derechos Humanos y de la Nacional de la Red Internacional de Mujeres L\u00edderes en Acci\u00f3n (RIMLA), Rebeca Henr\u00edquez, solicit\u00f3 hoy a las autoridades competentes para que aplique la pena m\u00e1xima a la asesina Anmy Hiraldo Pe\u00f1a por est\u00e1\u00a0 haber admitido haberle propinado m\u00faltiples pu\u00f1aladas a Yennely\u2026","rel":"","context":"En \u00abNACIONALES\u00bb","block_context":{"text":"NACIONALES","link":"https:\/\/lasprimeras.com.do\/index.php\/category\/nacionales\/"},"img":{"alt_text":"","src":"https:\/\/i0.wp.com\/lasprimeras.com.do\/wp-content\/uploads\/2024\/03\/Yennely-Andreina-Duarte-Hidalgo.jpg?resize=350%2C200&ssl=1","width":350,"height":200},"classes":[]},{"id":117115,"url":"https:\/\/lasprimeras.com.do\/index.php\/2025\/12\/07\/familiares-y-organismos-defensores-de-ddhh-reclaman-tras-muerte-de-opositor-en-prision-de-venezuela\/","url_meta":{"origin":53942,"position":4},"title":"Familiares y organismos defensores de DDHH reclaman tras muerte de opositor en prisi\u00f3n de Venezuela","author":"Nelson Feliz","date":"7 de diciembre de 2025","format":false,"excerpt":"CARACAS (AP) \u2014 Familiares y defensores de derechos humanos responsabilizaron el domingo al gobierno venezolano de la muerte en prisi\u00f3n de un exgobernador opositor que, seg\u00fan las autoridades, falleci\u00f3 de un infarto. Alfredo D\u00edaz, exgobernador del estado de Nueva Esparta, muri\u00f3 en la prisi\u00f3n en la que permanec\u00eda recluido en\u2026","rel":"","context":"En \u00abINTERNACIONALES\u00bb","block_context":{"text":"INTERNACIONALES","link":"https:\/\/lasprimeras.com.do\/index.php\/category\/sin-categoria\/internacionales\/"},"img":{"alt_text":"","src":"https:\/\/i0.wp.com\/lasprimeras.com.do\/wp-content\/uploads\/2025\/09\/Venezuela.jpg?resize=350%2C200&ssl=1","width":350,"height":200,"srcset":"https:\/\/i0.wp.com\/lasprimeras.com.do\/wp-content\/uploads\/2025\/09\/Venezuela.jpg?resize=350%2C200&ssl=1 1x, https:\/\/i0.wp.com\/lasprimeras.com.do\/wp-content\/uploads\/2025\/09\/Venezuela.jpg?resize=525%2C300&ssl=1 1.5x"},"classes":[]},{"id":122938,"url":"https:\/\/lasprimeras.com.do\/index.php\/2026\/02\/23\/corte-idh-declara-a-colombia-responsable-por-el-asesinato-de-un-defensor-de-ddhh-en-2000\/","url_meta":{"origin":53942,"position":5},"title":"Corte IDH declara a Colombia responsable por el asesinato de un defensor de DDHH en 2000","author":"Nelson Feliz","date":"23 de febrero de 2026","format":false,"excerpt":"POR ASTRID SU\u00c1REZ BOGOT\u00c1 (AP) \u2014 La Corte Interamericana de Derechos Humanos declar\u00f3 el lunes a Colombia responsable por el asesinato y otras agresiones cometidas en 2000 contra Jes\u00fas Ramiro Zapata, un defensor de derechos humanos y sindicalista a quien no le fue garantizada su seguridad pese a denunciar amenazas.\u2026","rel":"","context":"En \u00abINTERNACIONALES\u00bb","block_context":{"text":"INTERNACIONALES","link":"https:\/\/lasprimeras.com.do\/index.php\/category\/sin-categoria\/internacionales\/"},"img":{"alt_text":"Corte IDH","src":"https:\/\/i0.wp.com\/lasprimeras.com.do\/wp-content\/uploads\/2026\/02\/Corte-IDH.png?resize=350%2C200&ssl=1","width":350,"height":200},"classes":[]}],"jetpack_sharing_enabled":true,"_links":{"self":[{"href":"https:\/\/lasprimeras.com.do\/index.php\/wp-json\/wp\/v2\/posts\/53942","targetHints":{"allow":["GET"]}}],"collection":[{"href":"https:\/\/lasprimeras.com.do\/index.php\/wp-json\/wp\/v2\/posts"}],"about":[{"href":"https:\/\/lasprimeras.com.do\/index.php\/wp-json\/wp\/v2\/types\/post"}],"author":[{"embeddable":true,"href":"https:\/\/lasprimeras.com.do\/index.php\/wp-json\/wp\/v2\/users\/2"}],"replies":[{"embeddable":true,"href":"https:\/\/lasprimeras.com.do\/index.php\/wp-json\/wp\/v2\/comments?post=53942"}],"version-history":[{"count":1,"href":"https:\/\/lasprimeras.com.do\/index.php\/wp-json\/wp\/v2\/posts\/53942\/revisions"}],"predecessor-version":[{"id":53944,"href":"https:\/\/lasprimeras.com.do\/index.php\/wp-json\/wp\/v2\/posts\/53942\/revisions\/53944"}],"wp:featuredmedia":[{"embeddable":true,"href":"https:\/\/lasprimeras.com.do\/index.php\/wp-json\/wp\/v2\/media\/53943"}],"wp:attachment":[{"href":"https:\/\/lasprimeras.com.do\/index.php\/wp-json\/wp\/v2\/media?parent=53942"}],"wp:term":[{"taxonomy":"category","embeddable":true,"href":"https:\/\/lasprimeras.com.do\/index.php\/wp-json\/wp\/v2\/categories?post=53942"},{"taxonomy":"post_tag","embeddable":true,"href":"https:\/\/lasprimeras.com.do\/index.php\/wp-json\/wp\/v2\/tags?post=53942"}],"curies":[{"name":"wp","href":"https:\/\/api.w.org\/{rel}","templated":true}]}}