{"id":54463,"date":"2023-07-11T08:32:25","date_gmt":"2023-07-11T12:32:25","guid":{"rendered":"https:\/\/lasprimeras.com.do\/?p=54463"},"modified":"2023-07-11T08:32:26","modified_gmt":"2023-07-11T12:32:26","slug":"fiba-promociona-en-republica-dominicana-copa-mundial-basket","status":"publish","type":"post","link":"https:\/\/lasprimeras.com.do\/index.php\/2023\/07\/11\/fiba-promociona-en-republica-dominicana-copa-mundial-basket\/","title":{"rendered":"FIBA promociona en Rep\u00fablica Dominicana Copa Mundial Basket"},"content":{"rendered":"\n<p>La Copa del Mundial de Baloncesto est\u00e1 en la Rep\u00fablica Dominicana. Como parte de la promoci\u00f3n organizada por la Federaci\u00f3n Internacional de Baloncesto (FIBA), el evento que ser\u00e1 disputado por los 32 pa\u00edses que alcanzaron la clasificaci\u00f3n, ha iniciado una gira por esas nacionales y ahora le ha tocado al suelo patrio.<\/p>\n\n\n\n<p>\u201cEs la primera vez que llega al pa\u00eds bajo todas las reglamentaciones y el protocolo debido\u201d, dijo el presidente de la Federaci\u00f3n Dominicana de Baloncesto (Fedombal), Rafael Uribe, al mostrar la Copa en el programa La Hora del Deporte producido por el periodista H\u00e9ctor J. Cruz y que conduce junto a Melvin Jos\u00e9 Bejar\u00e1n y Alex Luna.<\/p>\n\n\n\n<p>Posteriormente fue exhibida en la Fedombal, el Palacio de los Deportes Virgilio Travieso Soto, el Parque Independencia, la Catedral Primada de Am\u00e9rica y el Faro a Col\u00f3n.<\/p>\n\n\n\n<p>Uribe dio a conocer el cronograma de actividades que incluye fogueos ante la Universidad de Memphis (2 de agosto en Santo Domingo), la selecci\u00f3n de Puerto Rico (4 de agosto en San Juan), Letonia (12 de agosto), Espa\u00f1a y Canad\u00e1 (en Granada) y Egipto (21 de agosto en Filipinas).<\/p>\n\n\n\n<p>PRESENCIA<\/p>\n\n\n\n<p>El presidente de la Fedombal agreg\u00f3 que Chris Duarte, Lester Qui\u00f1ones y Justin Minaya est\u00e1n programados para participar en el fogueo frente a la Universidad de Memphis, el 2 de agosto en el Virgilio Travieso Soto.<\/p>\n\n\n\n<p>KARL-ANTHONY TOWNS<\/p>\n\n\n\n<p>En el caso de Karl-Anthony Towns dijo que es el propio jugador quien ha dicho que va a estar jugando.<\/p>\n\n\n\n<p>A\u00f1adi\u00f3 que el cambio de equipo de Duarte (de Indiana a Sacramento) no debe impedirle unirse al equipo dominicano y que tanto Qui\u00f1ones como Minaya han completado los tr\u00e1mites para adquirir sus pasaportes dominicanos. Dominicana comparte el Grupo A con Italia, Angola y el local Filipinas.<\/p>\n","protected":false},"excerpt":{"rendered":"<p>La Copa del Mundial de Baloncesto est\u00e1 en la Rep\u00fablica Dominicana. Como parte de la promoci\u00f3n organizada por la Federaci\u00f3n Internacional de Baloncesto (FIBA), el evento que ser\u00e1 disputado por&hellip;<\/p>\n","protected":false},"author":2,"featured_media":54464,"comment_status":"open","ping_status":"open","sticky":false,"template":"","format":"standard","meta":{"content-type":"","jetpack_post_was_ever_published":false,"_jetpack_newsletter_access":"","_jetpack_dont_email_post_to_subs":false,"_jetpack_newsletter_tier_id":0,"_jetpack_memberships_contains_paywalled_content":false,"_jetpack_memberships_contains_paid_content":false,"footnotes":""},"categories":[1],"tags":[4558,4556,4557,1226],"class_list":["post-54463","post","type-post","status-publish","format-standard","has-post-thumbnail","hentry","category-sin-categoria","tag-copa-mundial-basket","tag-fiba","tag-promociona","tag-republica-dominicana"],"jetpack_featured_media_url":"https:\/\/lasprimeras.com.do\/wp-content\/uploads\/2023\/07\/copafiba.jpeg","jetpack-related-posts":[{"id":98073,"url":"https:\/\/lasprimeras.com.do\/index.php\/2025\/05\/01\/dagoberto-pena-es-arrestado-por-presunta-agresion-sexual-a-una-menor-en-estados-unidos\/","url_meta":{"origin":54463,"position":0},"title":"Dagoberto Pe\u00f1a es arrestado por presunta agresi\u00f3n sexual a una menor en Estados Unidos","author":"Nelson Feliz","date":"1 de mayo de 2025","format":false,"excerpt":"Es profesor de la Escuela Intermedia Punta Gorda. El exjugador de baloncesto dominicano y profesor de secundaria Dagoberto Miguel Pe\u00f1a, de 36 a\u00f1os de edad, fue arrestado el martes en Estados Unidos por supuestamente haber tenido relaciones sexuales con una menor en m\u00faltiples ocasiones y haberlo grabado en video. Seg\u00fan\u2026","rel":"","context":"En \u00abDEPORTES\u00bb","block_context":{"text":"DEPORTES","link":"https:\/\/lasprimeras.com.do\/index.php\/category\/deportes\/"},"img":{"alt_text":"Dagoberto Miguel Pe\u00f1a","src":"https:\/\/i0.wp.com\/lasprimeras.com.do\/wp-content\/uploads\/2025\/05\/Dagoberto-Miguel-Pena.jpg?resize=350%2C200&ssl=1","width":350,"height":200,"srcset":"https:\/\/i0.wp.com\/lasprimeras.com.do\/wp-content\/uploads\/2025\/05\/Dagoberto-Miguel-Pena.jpg?resize=350%2C200&ssl=1 1x, https:\/\/i0.wp.com\/lasprimeras.com.do\/wp-content\/uploads\/2025\/05\/Dagoberto-Miguel-Pena.jpg?resize=525%2C300&ssl=1 1.5x, https:\/\/i0.wp.com\/lasprimeras.com.do\/wp-content\/uploads\/2025\/05\/Dagoberto-Miguel-Pena.jpg?resize=700%2C400&ssl=1 2x"},"classes":[]},{"id":59664,"url":"https:\/\/lasprimeras.com.do\/index.php\/2023\/09\/06\/muere-el-fisioterapeuta-de-la-seleccion-dominicana-de-baloncesto\/","url_meta":{"origin":54463,"position":1},"title":"Muere el fisioterapeuta de la Selecci\u00f3n Dominicana de Baloncesto","author":"Nelson Feliz","date":"6 de septiembre de 2023","format":false,"excerpt":"Falleci\u00f3 este martes Bladimir Regalado, fisioterapeuta de la Selecci\u00f3n Dominicana de Baloncesto. Regalado muri\u00f3 producto de un infarto durante un vuelo a\u00e9reo en el que regresaba a Rep\u00fablica Dominicana. \"Con profunda tristeza, informamos el fallecimiento de Bladimir Regalado, fisioterapeuta de nuestra Selecci\u00f3n Nacional, quien sufri\u00f3 un infarto en el avi\u00f3n\u2026","rel":"","context":"En \u00abSin categor\u00eda\u00bb","block_context":{"text":"Sin categor\u00eda","link":"https:\/\/lasprimeras.com.do\/index.php\/category\/sin-categoria\/"},"img":{"alt_text":"Bladimir Regalado","src":"https:\/\/i0.wp.com\/lasprimeras.com.do\/wp-content\/uploads\/2023\/09\/Bladimir-Regalado.jpg?resize=350%2C200&ssl=1","width":350,"height":200,"srcset":"https:\/\/i0.wp.com\/lasprimeras.com.do\/wp-content\/uploads\/2023\/09\/Bladimir-Regalado.jpg?resize=350%2C200&ssl=1 1x, https:\/\/i0.wp.com\/lasprimeras.com.do\/wp-content\/uploads\/2023\/09\/Bladimir-Regalado.jpg?resize=525%2C300&ssl=1 1.5x, https:\/\/i0.wp.com\/lasprimeras.com.do\/wp-content\/uploads\/2023\/09\/Bladimir-Regalado.jpg?resize=700%2C400&ssl=1 2x"},"classes":[]},{"id":50376,"url":"https:\/\/lasprimeras.com.do\/index.php\/2023\/05\/19\/nba-basketball-school-republica-dominicana-abre-inscripciones-a-los-summer-camp-2023\/","url_meta":{"origin":54463,"position":2},"title":"NBA Basketball School Rep\u00fablica Dominicana abre\u00a0 inscripciones a los Summer Camp 2023\u00a0\u00a0","author":"prenxa100","date":"19 de mayo de 2023","format":false,"excerpt":"Santo Domingo, R.D. \u00a0La NBA Basketball School (NBA BS) y Mamsa Sports Performance, organizaci\u00f3n centrada en ofrecer un rendimiento deportivo de alto nivel,\u00a0anunciaron, para los amantes del baloncesto de todo el pa\u00eds, los Summer Camp 2023, que estar\u00e1n dirigidos a jugadores y jugadoras desde los 6 a los 18 a\u00f1os\u2026","rel":"","context":"En \u00abSin categor\u00eda\u00bb","block_context":{"text":"Sin categor\u00eda","link":"https:\/\/lasprimeras.com.do\/index.php\/category\/sin-categoria\/"},"img":{"alt_text":"","src":"https:\/\/i0.wp.com\/atento.com.do\/wp-content\/uploads\/2023\/05\/WhatsApp-Image-2023-05-19-at-10.38.21-AM-2-1024x682.jpeg?resize=350%2C200&ssl=1","width":350,"height":200,"srcset":"https:\/\/i0.wp.com\/atento.com.do\/wp-content\/uploads\/2023\/05\/WhatsApp-Image-2023-05-19-at-10.38.21-AM-2-1024x682.jpeg?resize=350%2C200&ssl=1 1x, https:\/\/i0.wp.com\/atento.com.do\/wp-content\/uploads\/2023\/05\/WhatsApp-Image-2023-05-19-at-10.38.21-AM-2-1024x682.jpeg?resize=525%2C300&ssl=1 1.5x, https:\/\/i0.wp.com\/atento.com.do\/wp-content\/uploads\/2023\/05\/WhatsApp-Image-2023-05-19-at-10.38.21-AM-2-1024x682.jpeg?resize=700%2C400&ssl=1 2x"},"classes":[]},{"id":89960,"url":"https:\/\/lasprimeras.com.do\/index.php\/2024\/10\/10\/vicepresidenta-augura-exitos-a-seleccion-nacional-dominicana-de-futbol-femenino-sub-17-para-la-copa-mundial-2024\/","url_meta":{"origin":54463,"position":3},"title":"Vicepresidenta augura \u00e9xitos a selecci\u00f3n nacional dominicana de f\u00fatbol femenino Sub-17 para la Copa Mundial 2024","author":"Nelson Feliz","date":"10 de octubre de 2024","format":false,"excerpt":"La vicepresidenta de la Rep\u00fablica, Raquel Pe\u00f1a, entreg\u00f3 este mi\u00e9rcoles la bandera a la selecci\u00f3n dominicana para la Copa Mundial Femenina de F\u00fatbol Sub-17 FIFA, cuyas j\u00f3venes representar\u00e1n al pa\u00eds en este torneo que por primera vez se efect\u00faa en Rep\u00fablica. Dominicana. La vicemandataria expreso que la celebraci\u00f3n en nuestro\u2026","rel":"","context":"En \u00abSin categor\u00eda\u00bb","block_context":{"text":"Sin categor\u00eda","link":"https:\/\/lasprimeras.com.do\/index.php\/category\/sin-categoria\/"},"img":{"alt_text":"Raquel Pe\u00f1a","src":"https:\/\/i0.wp.com\/lasprimeras.com.do\/wp-content\/uploads\/2024\/07\/Raquel-Pena-1.jpg?resize=350%2C200&ssl=1","width":350,"height":200,"srcset":"https:\/\/i0.wp.com\/lasprimeras.com.do\/wp-content\/uploads\/2024\/07\/Raquel-Pena-1.jpg?resize=350%2C200&ssl=1 1x, https:\/\/i0.wp.com\/lasprimeras.com.do\/wp-content\/uploads\/2024\/07\/Raquel-Pena-1.jpg?resize=525%2C300&ssl=1 1.5x, https:\/\/i0.wp.com\/lasprimeras.com.do\/wp-content\/uploads\/2024\/07\/Raquel-Pena-1.jpg?resize=700%2C400&ssl=1 2x"},"classes":[]},{"id":73987,"url":"https:\/\/lasprimeras.com.do\/index.php\/2024\/01\/18\/la-fedombal-honra-pereyra-con-asamblea-asociaciones\/","url_meta":{"origin":54463,"position":4},"title":"La Fedombal honra Pereyra con asamblea Asociaciones","author":"BIMARY DE JES\u00daS Matos","date":"18 de enero de 2024","format":false,"excerpt":"Santo Domingo .\u2013 La Federaci\u00f3n Dominicana de Baloncesto (Fedombal) dedic\u00f3 su Asamblea General Ordinaria Anual, con la presencia de las 32 Asociaciones que la conforman, al Administrador General de BanReservas, Samuel Pereyra Rojas. El c\u00f3nclave federado est\u00e1 programado a celebrarse este s\u00e1bado 20 de enero, a partir de las 11:30\u2026","rel":"","context":"En \u00abSin categor\u00eda\u00bb","block_context":{"text":"Sin categor\u00eda","link":"https:\/\/lasprimeras.com.do\/index.php\/category\/sin-categoria\/"},"img":{"alt_text":"","src":"https:\/\/i0.wp.com\/lasprimeras.com.do\/wp-content\/uploads\/2024\/01\/Mujer-bonita-el-merengue-que-posiciona-a-Rafely-Rosario-numero-uno-en-radio-nacional-6.webp?resize=350%2C200&ssl=1","width":350,"height":200,"srcset":"https:\/\/i0.wp.com\/lasprimeras.com.do\/wp-content\/uploads\/2024\/01\/Mujer-bonita-el-merengue-que-posiciona-a-Rafely-Rosario-numero-uno-en-radio-nacional-6.webp?resize=350%2C200&ssl=1 1x, https:\/\/i0.wp.com\/lasprimeras.com.do\/wp-content\/uploads\/2024\/01\/Mujer-bonita-el-merengue-que-posiciona-a-Rafely-Rosario-numero-uno-en-radio-nacional-6.webp?resize=525%2C300&ssl=1 1.5x"},"classes":[]},{"id":55351,"url":"https:\/\/lasprimeras.com.do\/index.php\/2023\/07\/20\/visa-lanza-campana-para-copa-mundial-femenina-de-la-fifa\/","url_meta":{"origin":54463,"position":5},"title":"VISA lanza campa\u00f1a para Copa Mundial Femenina de la FIFA","author":"Nelson Feliz","date":"20 de julio de 2023","format":false,"excerpt":"A solo unos d\u00edas para el inicio de la Copa Mundial Femenina de la FIFA Australia y Nueva Zelanda 2023, Visa, el Socio Global del F\u00fatbol Femenino de la FIFA, reafirma su compromiso con promover el empoderamiento de las mujeres con su campa\u00f1a de marketing m\u00e1s extensa hasta la fecha\u2026","rel":"","context":"En \u00abSin categor\u00eda\u00bb","block_context":{"text":"Sin categor\u00eda","link":"https:\/\/lasprimeras.com.do\/index.php\/category\/sin-categoria\/"},"img":{"alt_text":"","src":"https:\/\/i0.wp.com\/lasprimeras.com.do\/wp-content\/uploads\/2023\/07\/fifa.jpg?resize=350%2C200&ssl=1","width":350,"height":200,"srcset":"https:\/\/i0.wp.com\/lasprimeras.com.do\/wp-content\/uploads\/2023\/07\/fifa.jpg?resize=350%2C200&ssl=1 1x, https:\/\/i0.wp.com\/lasprimeras.com.do\/wp-content\/uploads\/2023\/07\/fifa.jpg?resize=525%2C300&ssl=1 1.5x, https:\/\/i0.wp.com\/lasprimeras.com.do\/wp-content\/uploads\/2023\/07\/fifa.jpg?resize=700%2C400&ssl=1 2x"},"classes":[]}],"jetpack_sharing_enabled":true,"_links":{"self":[{"href":"https:\/\/lasprimeras.com.do\/index.php\/wp-json\/wp\/v2\/posts\/54463","targetHints":{"allow":["GET"]}}],"collection":[{"href":"https:\/\/lasprimeras.com.do\/index.php\/wp-json\/wp\/v2\/posts"}],"about":[{"href":"https:\/\/lasprimeras.com.do\/index.php\/wp-json\/wp\/v2\/types\/post"}],"author":[{"embeddable":true,"href":"https:\/\/lasprimeras.com.do\/index.php\/wp-json\/wp\/v2\/users\/2"}],"replies":[{"embeddable":true,"href":"https:\/\/lasprimeras.com.do\/index.php\/wp-json\/wp\/v2\/comments?post=54463"}],"version-history":[{"count":1,"href":"https:\/\/lasprimeras.com.do\/index.php\/wp-json\/wp\/v2\/posts\/54463\/revisions"}],"predecessor-version":[{"id":54465,"href":"https:\/\/lasprimeras.com.do\/index.php\/wp-json\/wp\/v2\/posts\/54463\/revisions\/54465"}],"wp:featuredmedia":[{"embeddable":true,"href":"https:\/\/lasprimeras.com.do\/index.php\/wp-json\/wp\/v2\/media\/54464"}],"wp:attachment":[{"href":"https:\/\/lasprimeras.com.do\/index.php\/wp-json\/wp\/v2\/media?parent=54463"}],"wp:term":[{"taxonomy":"category","embeddable":true,"href":"https:\/\/lasprimeras.com.do\/index.php\/wp-json\/wp\/v2\/categories?post=54463"},{"taxonomy":"post_tag","embeddable":true,"href":"https:\/\/lasprimeras.com.do\/index.php\/wp-json\/wp\/v2\/tags?post=54463"}],"curies":[{"name":"wp","href":"https:\/\/api.w.org\/{rel}","templated":true}]}}