{"id":54466,"date":"2023-07-11T08:41:20","date_gmt":"2023-07-11T12:41:20","guid":{"rendered":"https:\/\/lasprimeras.com.do\/?p=54466"},"modified":"2023-07-11T08:41:22","modified_gmt":"2023-07-11T12:41:22","slug":"alcalde-de-moca-se-juramenta-en-prm-y-afirma-el-pld-esta-desorientado-de-sus-ideales","status":"publish","type":"post","link":"https:\/\/lasprimeras.com.do\/index.php\/2023\/07\/11\/alcalde-de-moca-se-juramenta-en-prm-y-afirma-el-pld-esta-desorientado-de-sus-ideales\/","title":{"rendered":"Alcalde de Moca se juramenta en PRM y afirma el PLD est\u00e1 desorientado de sus ideales"},"content":{"rendered":"\n<p>La secretaria general del Partido Revolucionario Moderno (PRM), Carolina Mej\u00eda, jurament\u00f3 al alcalde de Moca, Guarocuya Cabral, a Daysi Hilario, presidenta de la sala y Billy Almanzar, vicepresidente de la sala municipal junto a cientos de dirigentes del Partido de la Liberaci\u00f3n Dominicana (PLD).<\/p>\n\n\n\n<p>En su discurso, en Guarocuya Cabral se\u00f1al\u00f3 que se fue de \u201cun partido desorientado de su norte y de sus ideales, de sus principios y de su visi\u00f3n\u201d.<\/p>\n\n\n\n<p>Consider\u00f3 que el PRM es el partido de optimismo y la esperanza con un presidente eficiente, probo y trabajador.<\/p>\n\n\n\n<p>Cabral destac\u00f3 que se sum\u00f3 al PRM convencido de que \u201cMoca est\u00e1 primero\u201d y porque el presidente Luis Abinader le ha dado un gran apoyo a su gesti\u00f3n con obras de inversiones que el ayuntamiento no puede hacerlas solo, y por las que est\u00e1n agenda para realizarse pr\u00f3ximamente entre ayuntamiento municipal y Gobierno nacional.<\/p>\n\n\n\n<p>\u201cEse es el motivo de llegar al PRM, trabajar de la mano con pol\u00edticos dedicados a servir al pueblo con transparencia, honestidad y sin rencores como lo es Luis Abinader y los perremeistas, Moca est\u00e1 primero para seguir avanzando y realizando obras que impacten a todos los mun\u00edcipes\u201d, expres\u00f3 Cabral.<\/p>\n\n\n\n<p>En la actividad tambi\u00e9n estuvieron Andr\u00e9s Bautista presidente ad vitam del PRM y Eddy Olivares, vicepresidente.<\/p>\n\n\n\n<p>Los pasados dirigentes opositores se dieron cita en la cancha municipal de Moca, donde anunciaron apoyo al presidente Abinader para cuatro a\u00f1os m\u00e1s de Gobierno.<\/p>\n","protected":false},"excerpt":{"rendered":"<p>La secretaria general del Partido Revolucionario Moderno (PRM), Carolina Mej\u00eda, jurament\u00f3 al alcalde de Moca, Guarocuya Cabral, a Daysi Hilario, presidenta de la sala y Billy Almanzar, vicepresidente de la&hellip;<\/p>\n","protected":false},"author":2,"featured_media":54467,"comment_status":"open","ping_status":"open","sticky":false,"template":"","format":"standard","meta":{"content-type":"","jetpack_post_was_ever_published":false,"_jetpack_newsletter_access":"","_jetpack_dont_email_post_to_subs":false,"_jetpack_newsletter_tier_id":0,"_jetpack_memberships_contains_paywalled_content":false,"_jetpack_memberships_contains_paid_content":false,"footnotes":""},"categories":[1],"tags":[161,4559,4560,2030,269,31],"class_list":["post-54466","post","type-post","status-publish","format-standard","has-post-thumbnail","hentry","category-sin-categoria","tag-alcalde","tag-desorientado","tag-ideales","tag-moca","tag-pld","tag-prm"],"jetpack_featured_media_url":"https:\/\/lasprimeras.com.do\/wp-content\/uploads\/2023\/07\/Guarocuya-Cabral.jpeg","jetpack-related-posts":[{"id":125336,"url":"https:\/\/lasprimeras.com.do\/index.php\/2026\/03\/22\/gobierno-inicia-construccion-del-parque-lineal-zoobotanico-municipal-de-moca\/","url_meta":{"origin":54466,"position":0},"title":"Gobierno inicia construcci\u00f3n del Parque Lineal ZooBot\u00e1nico Municipal de Moca","author":"Nelson Feliz","date":"22 de marzo de 2026","format":false,"excerpt":"\u00a0Este ambicioso proyecto contempla una inversi\u00f3n de RD$90 millones e integrar\u00e1 \u00e1reas de esparcimiento, recreaci\u00f3n, deportivas y culturales En un acto encabezado por el ministro administrativo de la Presidencia (MAPRE), Andr\u00e9s Bautista Garc\u00eda y alcalde del municipio Moca, Miguel Guarocuya Cabral, se dejaron iniciados ayer viernes, por disposici\u00f3n del presidente\u2026","rel":"","context":"En \u00abNACIONALES\u00bb","block_context":{"text":"NACIONALES","link":"https:\/\/lasprimeras.com.do\/index.php\/category\/nacionales\/"},"img":{"alt_text":"","src":"https:\/\/i0.wp.com\/lasprimeras.com.do\/wp-content\/uploads\/2026\/03\/Parque.jpg?resize=350%2C200&ssl=1","width":350,"height":200,"srcset":"https:\/\/i0.wp.com\/lasprimeras.com.do\/wp-content\/uploads\/2026\/03\/Parque.jpg?resize=350%2C200&ssl=1 1x, https:\/\/i0.wp.com\/lasprimeras.com.do\/wp-content\/uploads\/2026\/03\/Parque.jpg?resize=525%2C300&ssl=1 1.5x, https:\/\/i0.wp.com\/lasprimeras.com.do\/wp-content\/uploads\/2026\/03\/Parque.jpg?resize=700%2C400&ssl=1 2x"},"classes":[]},{"id":51466,"url":"https:\/\/lasprimeras.com.do\/index.php\/2023\/05\/31\/charlie-mariotti-no-creo-que-haya-alianza-con-la-fuerza-del-pueblo\/","url_meta":{"origin":54466,"position":1},"title":"Charlie Mariotti: \u201cNo creo que haya alianza con la Fuerza del Pueblo\u201d","author":"prenxa100","date":"31 de mayo de 2023","format":false,"excerpt":"Santo Domingo, RD.El secretario general del Partido de la Liberaci\u00f3n Dominicana (PLD), Charlie Mariotti, se refiri\u00f3 este mi\u00e9rcoles al tema de los pactos o acuerdos pol\u00edticos con otras organizaciones de cara a las elecciones del 2024, declarando de manera muy espec\u00edfica que no cree \"que vaya a haber alianza con\u2026","rel":"","context":"En \u00abPORTADA\u00bb","block_context":{"text":"PORTADA","link":"https:\/\/lasprimeras.com.do\/index.php\/category\/portada\/"},"img":{"alt_text":"","src":"","width":0,"height":0},"classes":[]},{"id":106550,"url":"https:\/\/lasprimeras.com.do\/index.php\/2025\/08\/16\/pld-cuestiona-apagones-en-el-quinto-aniversario-del-gobierno-del-prm\/","url_meta":{"origin":54466,"position":2},"title":"PLD cuestiona apagones en el quinto aniversario del Gobierno del PRM","author":"Nelson Feliz","date":"16 de agosto de 2025","format":false,"excerpt":"La Secretar\u00eda de Participaci\u00f3n Comunitaria del Partido de la Liberaci\u00f3n Dominicana (PLD) hizo suyo el reclamo, que se ha convertido en un clamor nacional, en protesta por los prolongados apagones, que intranquilizan a la poblaci\u00f3n y generan p\u00e9rdidas en los diferentes sectores de la econom\u00eda. \u201cLas tediosas y largas tandas\u2026","rel":"","context":"En \u00abPOLITICA\u00bb","block_context":{"text":"POLITICA","link":"https:\/\/lasprimeras.com.do\/index.php\/category\/politica\/"},"img":{"alt_text":"","src":"https:\/\/i0.wp.com\/lasprimeras.com.do\/wp-content\/uploads\/2025\/08\/HATO-MAYOR.jpg?resize=350%2C200&ssl=1","width":350,"height":200,"srcset":"https:\/\/i0.wp.com\/lasprimeras.com.do\/wp-content\/uploads\/2025\/08\/HATO-MAYOR.jpg?resize=350%2C200&ssl=1 1x, https:\/\/i0.wp.com\/lasprimeras.com.do\/wp-content\/uploads\/2025\/08\/HATO-MAYOR.jpg?resize=525%2C300&ssl=1 1.5x, https:\/\/i0.wp.com\/lasprimeras.com.do\/wp-content\/uploads\/2025\/08\/HATO-MAYOR.jpg?resize=700%2C400&ssl=1 2x"},"classes":[]},{"id":107178,"url":"https:\/\/lasprimeras.com.do\/index.php\/2025\/08\/24\/danilo-medina-advierte-sobre-descontento-social-y-reivindicacion-de-su-obra-de-gobierno\/","url_meta":{"origin":54466,"position":3},"title":"Danilo Medina advierte sobre descontento social y reivindicaci\u00f3n de su obra de gobierno","author":"Nelson Feliz","date":"24 de agosto de 2025","format":false,"excerpt":"\u201cEsa es una de las pol\u00edticas m\u00e1s nobles y de m\u00e1s amor que ejecut\u00e9. Yo lo dej\u00e9 en cerca de un 85%\u201d, expres\u00f3 Medina al referirse a la Jornada Escolar Extendida. El expresidente de la Rep\u00fablica y presidente del Partido de la Liberaci\u00f3n Dominicana (PLD), Danilo Medina, afirm\u00f3 que la\u2026","rel":"","context":"En \u00abPOLITICA\u00bb","block_context":{"text":"POLITICA","link":"https:\/\/lasprimeras.com.do\/index.php\/category\/politica\/"},"img":{"alt_text":"","src":"https:\/\/i0.wp.com\/lasprimeras.com.do\/wp-content\/uploads\/2025\/08\/DM-en-Moca.jpg?resize=350%2C200&ssl=1","width":350,"height":200,"srcset":"https:\/\/i0.wp.com\/lasprimeras.com.do\/wp-content\/uploads\/2025\/08\/DM-en-Moca.jpg?resize=350%2C200&ssl=1 1x, https:\/\/i0.wp.com\/lasprimeras.com.do\/wp-content\/uploads\/2025\/08\/DM-en-Moca.jpg?resize=525%2C300&ssl=1 1.5x, https:\/\/i0.wp.com\/lasprimeras.com.do\/wp-content\/uploads\/2025\/08\/DM-en-Moca.jpg?resize=700%2C400&ssl=1 2x"},"classes":[]},{"id":103989,"url":"https:\/\/lasprimeras.com.do\/index.php\/2025\/07\/21\/leonel-juramenta-2-regidores-y-mas-dirigentes-del-pld-prm-y-otras-organizaciones-en-san-cristobal\/","url_meta":{"origin":54466,"position":4},"title":"Leonel juramenta 2 regidores y m\u00e1s dirigentes del PLD, PRM y otras organizaciones en San Crist\u00f3bal","author":"Nelson Feliz","date":"21 de julio de 2025","format":false,"excerpt":"En un acto multitudinario celebrado este domingo 20 de julio en el Club Deportivo Ciro P\u00e9rez, el presidente de la Fuerza del Pueblo (FP), Leonel Fern\u00e1ndez, jurament\u00f3 a dos regidores y decenas de dirigentes provenientes del Partido de la Liberaci\u00f3n Dominicana (PLD), del Partido Revolucionario Moderno (PRM) y de otras\u2026","rel":"","context":"En \u00abPOLITICA\u00bb","block_context":{"text":"POLITICA","link":"https:\/\/lasprimeras.com.do\/index.php\/category\/politica\/"},"img":{"alt_text":"Leonel Fern\u00e1ndez","src":"https:\/\/i0.wp.com\/lasprimeras.com.do\/wp-content\/uploads\/2025\/07\/Leonel-Fernandez-4.jpg?resize=350%2C200&ssl=1","width":350,"height":200,"srcset":"https:\/\/i0.wp.com\/lasprimeras.com.do\/wp-content\/uploads\/2025\/07\/Leonel-Fernandez-4.jpg?resize=350%2C200&ssl=1 1x, https:\/\/i0.wp.com\/lasprimeras.com.do\/wp-content\/uploads\/2025\/07\/Leonel-Fernandez-4.jpg?resize=525%2C300&ssl=1 1.5x, https:\/\/i0.wp.com\/lasprimeras.com.do\/wp-content\/uploads\/2025\/07\/Leonel-Fernandez-4.jpg?resize=700%2C400&ssl=1 2x"},"classes":[]},{"id":71147,"url":"https:\/\/lasprimeras.com.do\/index.php\/2023\/12\/17\/roberto-angel-juramenta-en-prm-regidora-gabriela-quezada-junto-a-203-dirigentes-del-pld-y-fp-en-azua\/","url_meta":{"origin":54466,"position":5},"title":"Roberto \u00c1ngel juramenta en PRM regidora Gabriela Quezada junto a 203 dirigentes del PLD y FP en Azua","author":"Nelson Feliz","date":"17 de diciembre de 2023","format":false,"excerpt":"Tambi\u00e9n sostuvo un encuentro pol\u00edtico con Rafael Hidalgo, candidato alcalde de la alianza PRM-Justicia Social en el municipio de Azua El miembro de la Direcci\u00f3n Ejecutiva del Partido Revolucionario Moderno (PRM) Roberto \u00c1ngel Salcedo jurament\u00f3 en esa organizaci\u00f3n pol\u00edtica a la regidora de la Fuerza del Pueblo (FP) Gabriela Quezada,\u2026","rel":"","context":"En \u00abPORTADA\u00bb","block_context":{"text":"PORTADA","link":"https:\/\/lasprimeras.com.do\/index.php\/category\/portada\/"},"img":{"alt_text":"Roberto \u00c1ngel Salcedo","src":"https:\/\/i0.wp.com\/lasprimeras.com.do\/wp-content\/uploads\/2023\/12\/Roberto-Angel-Salcedo-7.jpg?resize=350%2C200&ssl=1","width":350,"height":200,"srcset":"https:\/\/i0.wp.com\/lasprimeras.com.do\/wp-content\/uploads\/2023\/12\/Roberto-Angel-Salcedo-7.jpg?resize=350%2C200&ssl=1 1x, https:\/\/i0.wp.com\/lasprimeras.com.do\/wp-content\/uploads\/2023\/12\/Roberto-Angel-Salcedo-7.jpg?resize=525%2C300&ssl=1 1.5x, https:\/\/i0.wp.com\/lasprimeras.com.do\/wp-content\/uploads\/2023\/12\/Roberto-Angel-Salcedo-7.jpg?resize=700%2C400&ssl=1 2x"},"classes":[]}],"jetpack_sharing_enabled":true,"_links":{"self":[{"href":"https:\/\/lasprimeras.com.do\/index.php\/wp-json\/wp\/v2\/posts\/54466","targetHints":{"allow":["GET"]}}],"collection":[{"href":"https:\/\/lasprimeras.com.do\/index.php\/wp-json\/wp\/v2\/posts"}],"about":[{"href":"https:\/\/lasprimeras.com.do\/index.php\/wp-json\/wp\/v2\/types\/post"}],"author":[{"embeddable":true,"href":"https:\/\/lasprimeras.com.do\/index.php\/wp-json\/wp\/v2\/users\/2"}],"replies":[{"embeddable":true,"href":"https:\/\/lasprimeras.com.do\/index.php\/wp-json\/wp\/v2\/comments?post=54466"}],"version-history":[{"count":1,"href":"https:\/\/lasprimeras.com.do\/index.php\/wp-json\/wp\/v2\/posts\/54466\/revisions"}],"predecessor-version":[{"id":54468,"href":"https:\/\/lasprimeras.com.do\/index.php\/wp-json\/wp\/v2\/posts\/54466\/revisions\/54468"}],"wp:featuredmedia":[{"embeddable":true,"href":"https:\/\/lasprimeras.com.do\/index.php\/wp-json\/wp\/v2\/media\/54467"}],"wp:attachment":[{"href":"https:\/\/lasprimeras.com.do\/index.php\/wp-json\/wp\/v2\/media?parent=54466"}],"wp:term":[{"taxonomy":"category","embeddable":true,"href":"https:\/\/lasprimeras.com.do\/index.php\/wp-json\/wp\/v2\/categories?post=54466"},{"taxonomy":"post_tag","embeddable":true,"href":"https:\/\/lasprimeras.com.do\/index.php\/wp-json\/wp\/v2\/tags?post=54466"}],"curies":[{"name":"wp","href":"https:\/\/api.w.org\/{rel}","templated":true}]}}