{"id":54527,"date":"2023-07-11T22:45:52","date_gmt":"2023-07-12T02:45:52","guid":{"rendered":"https:\/\/lasprimeras.com.do\/?p=54527"},"modified":"2023-07-11T22:45:54","modified_gmt":"2023-07-12T02:45:54","slug":"director-de-idac-dice-no-ha-recibido-la-notificacion-de-inspeccion-de-la-faa","status":"publish","type":"post","link":"https:\/\/lasprimeras.com.do\/index.php\/2023\/07\/11\/director-de-idac-dice-no-ha-recibido-la-notificacion-de-inspeccion-de-la-faa\/","title":{"rendered":"Director de IDAC dice no ha recibido la notificaci\u00f3n de inspecci\u00f3n de la FAA"},"content":{"rendered":"\n<p>El Director del Instituto Dominicano de Aviaci\u00f3n Civil (IDAC), H\u00e9ctor Porcella, asegur\u00f3 que esa entidad no ha recibido la notificaci\u00f3n de inspecci\u00f3n que supuestamente hizo la Administraci\u00f3n Federal de Aviaci\u00f3n (FAA) al sistema de aviaci\u00f3n en la Rep\u00fablica Dominicana.<\/p>\n\n\n\n<p>Porcella proclam\u00f3 que la Aviaci\u00f3n Civil en el pa\u00eds cumple todo los requisitos y entandares internacionales, por lo que no teme a ninguna inspecci\u00f3n.<\/p>\n\n\n\n<p>Asimismo, dijo que es la Rep\u00fablica Dominicana la interesada en que se haga esta inspecci\u00f3n la cual no se realiza desde el 2007.<\/p>\n\n\n\n<p>H\u00e9ctor Porcella enfatiz\u00f3 que la aviaci\u00f3n en el pa\u00eds ha crecido en los \u00faltimos tres a\u00f1os, por lo que no hay nada que temer en cuanto a el mantenimiento de la categor\u00eda que actualmente tiene.<\/p>\n\n\n\n<p>Agreg\u00f3 que en base a la seguridad operacional de la aviaci\u00f3n civil, est\u00e1 seguro que se cumplen con las instrucciones de los organismos internacionales con un personal calificado<\/p>\n","protected":false},"excerpt":{"rendered":"<p>El Director del Instituto Dominicano de Aviaci\u00f3n Civil (IDAC), H\u00e9ctor Porcella, asegur\u00f3 que esa entidad no ha recibido la notificaci\u00f3n de inspecci\u00f3n que supuestamente hizo la Administraci\u00f3n Federal de Aviaci\u00f3n&hellip;<\/p>\n","protected":false},"author":2,"featured_media":54528,"comment_status":"open","ping_status":"open","sticky":false,"template":"","format":"standard","meta":{"content-type":"","jetpack_post_was_ever_published":false,"_jetpack_newsletter_access":"","_jetpack_dont_email_post_to_subs":false,"_jetpack_newsletter_tier_id":0,"_jetpack_memberships_contains_paywalled_content":false,"_jetpack_memberships_contains_paid_content":false,"footnotes":""},"categories":[35,25],"tags":[247,3171,3633,3634,118,4588],"class_list":["post-54527","post","type-post","status-publish","format-standard","has-post-thumbnail","hentry","category-nacionales","category-portada","tag-director","tag-faa","tag-hector-porcella","tag-idac","tag-inspeccion","tag-notificacion"],"jetpack_featured_media_url":"https:\/\/lasprimeras.com.do\/wp-content\/uploads\/2023\/07\/Hector-Porcella.jpg","jetpack-related-posts":[{"id":62068,"url":"https:\/\/lasprimeras.com.do\/index.php\/2023\/10\/02\/administracion-federal-de-aviacion-de-ee-uu-audito-sistema-de-aviacion-dominicano\/","url_meta":{"origin":54527,"position":0},"title":"Administraci\u00f3n Federal de Aviaci\u00f3n de EE.UU. audit\u00f3 sistema de aviaci\u00f3n dominicano","author":"Nelson Feliz","date":"2 de octubre de 2023","format":false,"excerpt":"As\u00ed explica el IDAC, en nota de prensa, al tiempo de indicar que se encuentran en un per\u00edodo de espera de 60 d\u00edas para la segunda visita de los auditores, donde vendr\u00e1n a evaluar las recomendaciones realizadas. El director general del Instituto Dominicano de Aviaci\u00f3n Civil (IDAC), H\u00e9ctor Porcella, confirm\u00f3\u2026","rel":"","context":"En \u00abNACIONALES\u00bb","block_context":{"text":"NACIONALES","link":"https:\/\/lasprimeras.com.do\/index.php\/category\/nacionales\/"},"img":{"alt_text":"aviones","src":"https:\/\/i0.wp.com\/lasprimeras.com.do\/wp-content\/uploads\/2023\/10\/aviones.jpeg?resize=350%2C200&ssl=1","width":350,"height":200,"srcset":"https:\/\/i0.wp.com\/lasprimeras.com.do\/wp-content\/uploads\/2023\/10\/aviones.jpeg?resize=350%2C200&ssl=1 1x, https:\/\/i0.wp.com\/lasprimeras.com.do\/wp-content\/uploads\/2023\/10\/aviones.jpeg?resize=525%2C300&ssl=1 1.5x, https:\/\/i0.wp.com\/lasprimeras.com.do\/wp-content\/uploads\/2023\/10\/aviones.jpeg?resize=700%2C400&ssl=1 2x"},"classes":[]},{"id":88724,"url":"https:\/\/lasprimeras.com.do\/index.php\/2024\/09\/04\/asociacion-dominicana-de-aeropuertos-reconoce-a-hector-porcella\/","url_meta":{"origin":54527,"position":1},"title":"Asociaci\u00f3n Dominicana de Aeropuertos reconoce a H\u00e9ctor Porcella","author":"Nelson Feliz","date":"4 de septiembre de 2024","format":false,"excerpt":"H\u00e9ctor Porcella ha logrado destacarse dentro del sector a\u00e9reo nacional e internacional, al asumir con liderazgo y competencias gerenciales un papel crucial en el sector. El presidente de la Junta de Aviaci\u00f3n Civil (JAC), H\u00e9ctor Porcella, fue reconocido por la Asociaci\u00f3n Dominicana de Aeropuertos (ADA), representada por Frank Rainieri y\u2026","rel":"","context":"En \u00abNACIONALES\u00bb","block_context":{"text":"NACIONALES","link":"https:\/\/lasprimeras.com.do\/index.php\/category\/nacionales\/"},"img":{"alt_text":"","src":"https:\/\/i0.wp.com\/lasprimeras.com.do\/wp-content\/uploads\/2024\/09\/porcella-1.jpg?resize=350%2C200&ssl=1","width":350,"height":200,"srcset":"https:\/\/i0.wp.com\/lasprimeras.com.do\/wp-content\/uploads\/2024\/09\/porcella-1.jpg?resize=350%2C200&ssl=1 1x, https:\/\/i0.wp.com\/lasprimeras.com.do\/wp-content\/uploads\/2024\/09\/porcella-1.jpg?resize=525%2C300&ssl=1 1.5x"},"classes":[]},{"id":52819,"url":"https:\/\/lasprimeras.com.do\/index.php\/2023\/06\/21\/idac-saluda-voluntad-de-las-autoridades-aeronautica-para-reducir-impacto-ambiental\/","url_meta":{"origin":54527,"position":2},"title":"IDAC saluda voluntad de las autoridades aeron\u00e1utica para reducir impacto ambiental","author":"Nelson Feliz","date":"21 de junio de 2023","format":false,"excerpt":"Delegaci\u00f3n del IDAC y otros organismos del sector aeron\u00e1utico dominicano participan en Paris Air Show, donde se presentan las principales innovaciones y tendencias del mundo de la aviaci\u00f3n internacional. El director general interino del Instituto Dominicano de Aviaci\u00f3n Civil (IDAC) H\u00e9ctor Porcella, salud\u00f3 la voluntad de las autoridades y el\u2026","rel":"","context":"En \u00abTURISMO\u00bb","block_context":{"text":"TURISMO","link":"https:\/\/lasprimeras.com.do\/index.php\/category\/turismo\/"},"img":{"alt_text":"H\u00e9ctor Porcella","src":"https:\/\/i0.wp.com\/lasprimeras.com.do\/wp-content\/uploads\/2023\/06\/Hector-Porcella.jpg?resize=350%2C200&ssl=1","width":350,"height":200,"srcset":"https:\/\/i0.wp.com\/lasprimeras.com.do\/wp-content\/uploads\/2023\/06\/Hector-Porcella.jpg?resize=350%2C200&ssl=1 1x, https:\/\/i0.wp.com\/lasprimeras.com.do\/wp-content\/uploads\/2023\/06\/Hector-Porcella.jpg?resize=525%2C300&ssl=1 1.5x, https:\/\/i0.wp.com\/lasprimeras.com.do\/wp-content\/uploads\/2023\/06\/Hector-Porcella.jpg?resize=700%2C400&ssl=1 2x"},"classes":[]},{"id":77195,"url":"https:\/\/lasprimeras.com.do\/index.php\/2024\/02\/19\/el-idac-aportara-bono-de-rd100-mil-a-colaboradores-para-adquirir-viviendas-del-plan-familia-feliz\/","url_meta":{"origin":54527,"position":3},"title":"IDAC aportar\u00e1 bono de RD$100 mil a colaboradores para adquirir viviendas","author":"BIMARY DE JES\u00daS Matos","date":"19 de febrero de 2024","format":false,"excerpt":"SANTO DOMINGO. El Instituto Dominicano de Aviaci\u00f3n Civil (IDAC) otorgar\u00e1 un bono por RD$100 mil a los colaboradores de ese departamento del Estado dominicano, como una facilidad adicional a los subsidios que aporta el Gobierno a los beneficiarios del Plan Nacional de Viviendas Familia Feliz. La decisi\u00f3n est\u00e1 contenida en\u2026","rel":"","context":"En \u00abPORTADA\u00bb","block_context":{"text":"PORTADA","link":"https:\/\/lasprimeras.com.do\/index.php\/category\/portada\/"},"img":{"alt_text":"","src":"https:\/\/i0.wp.com\/lasprimeras.com.do\/wp-content\/uploads\/2024\/02\/IMG-20240219-WA0045-scaled.jpg?resize=350%2C200&ssl=1","width":350,"height":200,"srcset":"https:\/\/i0.wp.com\/lasprimeras.com.do\/wp-content\/uploads\/2024\/02\/IMG-20240219-WA0045-scaled.jpg?resize=350%2C200&ssl=1 1x, https:\/\/i0.wp.com\/lasprimeras.com.do\/wp-content\/uploads\/2024\/02\/IMG-20240219-WA0045-scaled.jpg?resize=525%2C300&ssl=1 1.5x, https:\/\/i0.wp.com\/lasprimeras.com.do\/wp-content\/uploads\/2024\/02\/IMG-20240219-WA0045-scaled.jpg?resize=700%2C400&ssl=1 2x, https:\/\/i0.wp.com\/lasprimeras.com.do\/wp-content\/uploads\/2024\/02\/IMG-20240219-WA0045-scaled.jpg?resize=1050%2C600&ssl=1 3x, https:\/\/i0.wp.com\/lasprimeras.com.do\/wp-content\/uploads\/2024\/02\/IMG-20240219-WA0045-scaled.jpg?resize=1400%2C800&ssl=1 4x"},"classes":[]},{"id":93523,"url":"https:\/\/lasprimeras.com.do\/index.php\/2025\/02\/12\/hector-porcella-representa-a-rd-en-el-simposio-global-de-apoyo-a-la-implementacion-giss-2025\/","url_meta":{"origin":54527,"position":4},"title":"H\u00e9ctor Porcella representa a RD en el Simposio Global de Apoyo a la Implementaci\u00f3n GISS 2025","author":"Nelson Feliz","date":"12 de febrero de 2025","format":false,"excerpt":"Abu Dhabi, Emiratos \u00c1rabes Unidos. - El presidente de la Junta de Aviaci\u00f3n Civil (JAC), H\u00e9ctor Porcella, represent\u00f3 a la Rep\u00fablica Dominicana en el Simposio Global de Apoyo a la Implementaci\u00f3n (GISS 2025), un evento de gran relevancia para la comunidad internacional de la aviaci\u00f3n civil, organizado por la OACI,\u2026","rel":"","context":"En \u00abINTERNACIONALES\u00bb","block_context":{"text":"INTERNACIONALES","link":"https:\/\/lasprimeras.com.do\/index.php\/category\/sin-categoria\/internacionales\/"},"img":{"alt_text":"","src":"https:\/\/i0.wp.com\/lasprimeras.com.do\/wp-content\/uploads\/2025\/02\/Simposio-Global.jpg?resize=350%2C200&ssl=1","width":350,"height":200,"srcset":"https:\/\/i0.wp.com\/lasprimeras.com.do\/wp-content\/uploads\/2025\/02\/Simposio-Global.jpg?resize=350%2C200&ssl=1 1x, https:\/\/i0.wp.com\/lasprimeras.com.do\/wp-content\/uploads\/2025\/02\/Simposio-Global.jpg?resize=525%2C300&ssl=1 1.5x"},"classes":[]},{"id":58197,"url":"https:\/\/lasprimeras.com.do\/index.php\/2023\/08\/21\/idac-activa-su-comite-de-emergencia-ante-el-posible-paso-de-la-tormenta-franklin\/","url_meta":{"origin":54527,"position":5},"title":"IDAC activa su comit\u00e9 de emergencia ante el posible paso de la tormenta Franklin","author":"Nelson Feliz","date":"21 de agosto de 2023","format":false,"excerpt":"El Instituto Dominicano de Aviaci\u00f3n Civil (IDAC) anunci\u00f3 la activaci\u00f3n de su comit\u00e9 de emergencia y acord\u00f3 aplicar los protocolos de prevenci\u00f3n de la instituci\u00f3n, ante la posible presencia de la tormenta Franklin a partir de este martes 22 de agosto. El director general del IDAC, H\u00e9ctor Porcella, instruy\u00f3 a\u2026","rel":"","context":"En \u00abNACIONALES\u00bb","block_context":{"text":"NACIONALES","link":"https:\/\/lasprimeras.com.do\/index.php\/category\/nacionales\/"},"img":{"alt_text":"","src":"https:\/\/i0.wp.com\/lasprimeras.com.do\/wp-content\/uploads\/2023\/08\/tormenta-franklin-56507018-focus-0-0-896-504.jpg?resize=350%2C200&ssl=1","width":350,"height":200,"srcset":"https:\/\/i0.wp.com\/lasprimeras.com.do\/wp-content\/uploads\/2023\/08\/tormenta-franklin-56507018-focus-0-0-896-504.jpg?resize=350%2C200&ssl=1 1x, https:\/\/i0.wp.com\/lasprimeras.com.do\/wp-content\/uploads\/2023\/08\/tormenta-franklin-56507018-focus-0-0-896-504.jpg?resize=525%2C300&ssl=1 1.5x, https:\/\/i0.wp.com\/lasprimeras.com.do\/wp-content\/uploads\/2023\/08\/tormenta-franklin-56507018-focus-0-0-896-504.jpg?resize=700%2C400&ssl=1 2x"},"classes":[]}],"jetpack_sharing_enabled":true,"_links":{"self":[{"href":"https:\/\/lasprimeras.com.do\/index.php\/wp-json\/wp\/v2\/posts\/54527","targetHints":{"allow":["GET"]}}],"collection":[{"href":"https:\/\/lasprimeras.com.do\/index.php\/wp-json\/wp\/v2\/posts"}],"about":[{"href":"https:\/\/lasprimeras.com.do\/index.php\/wp-json\/wp\/v2\/types\/post"}],"author":[{"embeddable":true,"href":"https:\/\/lasprimeras.com.do\/index.php\/wp-json\/wp\/v2\/users\/2"}],"replies":[{"embeddable":true,"href":"https:\/\/lasprimeras.com.do\/index.php\/wp-json\/wp\/v2\/comments?post=54527"}],"version-history":[{"count":1,"href":"https:\/\/lasprimeras.com.do\/index.php\/wp-json\/wp\/v2\/posts\/54527\/revisions"}],"predecessor-version":[{"id":54529,"href":"https:\/\/lasprimeras.com.do\/index.php\/wp-json\/wp\/v2\/posts\/54527\/revisions\/54529"}],"wp:featuredmedia":[{"embeddable":true,"href":"https:\/\/lasprimeras.com.do\/index.php\/wp-json\/wp\/v2\/media\/54528"}],"wp:attachment":[{"href":"https:\/\/lasprimeras.com.do\/index.php\/wp-json\/wp\/v2\/media?parent=54527"}],"wp:term":[{"taxonomy":"category","embeddable":true,"href":"https:\/\/lasprimeras.com.do\/index.php\/wp-json\/wp\/v2\/categories?post=54527"},{"taxonomy":"post_tag","embeddable":true,"href":"https:\/\/lasprimeras.com.do\/index.php\/wp-json\/wp\/v2\/tags?post=54527"}],"curies":[{"name":"wp","href":"https:\/\/api.w.org\/{rel}","templated":true}]}}