{"id":54542,"date":"2023-07-12T06:38:32","date_gmt":"2023-07-12T10:38:32","guid":{"rendered":"https:\/\/lasprimeras.com.do\/?p=54542"},"modified":"2023-07-12T06:38:34","modified_gmt":"2023-07-12T10:38:34","slug":"explosion-de-un-auto-bomba-deja-3-policias-muertos-y-varios-heridos-en-mexico","status":"publish","type":"post","link":"https:\/\/lasprimeras.com.do\/index.php\/2023\/07\/12\/explosion-de-un-auto-bomba-deja-3-policias-muertos-y-varios-heridos-en-mexico\/","title":{"rendered":"Explosi\u00f3n de un auto bomba deja 3 polic\u00edas muertos y varios heridos en M\u00e9xico"},"content":{"rendered":"\n<p><strong>Se sospecha que el atentado habr\u00eda sido perpetrado por miembros del C\u00e1rtel Jalisco Nueva Generaci\u00f3n.<\/strong><\/p>\n\n\n\n<p>Un ataque con artefactos explosivos perpetrado la noche de este martes por miembros de organizaciones del crimen organizado en el municipio mexicano de Tlajomulco, en el estado de Jalisco, dej\u00f3 un saldo de tres agentes de la Polic\u00eda Municipal y la Fiscal\u00eda muertos, as\u00ed como diez personas heridas, inform\u00f3 el gobernador de la entidad, Enrique Alfaro.<\/p>\n\n\n\n<p>De acuerdo a medios locales, presuntos miembros del C\u00e1rtel Jalisco Nueva Generaci\u00f3n habr\u00edan atacado con un auto bomba a los oficiales mientras investigaban un reporte sobre el hallazgo de restos humanos.<\/p>\n\n\n\n<p>&#8220;Se trata de un hecho sin precedentes que pone de manifiesto de lo que son capaces estos grupos de la delincuencia organizada. Este ataque representa tambi\u00e9n un desaf\u00edo contra el Estado mexicano en su conjunto&#8221;, coment\u00f3 el gobernador en sus redes sociales.<\/p>\n\n\n\n<p>Asimismo, Alfaro asegur\u00f3 que las autoridades ya han iniciado las investigaciones correspondientes para dar con los responsables del atentado. Hasta el momento no se ha identificado a ning\u00fan sospechoso.<\/p>\n\n\n\n<p>Fuente RT<\/p>\n","protected":false},"excerpt":{"rendered":"<p>Se sospecha que el atentado habr\u00eda sido perpetrado por miembros del C\u00e1rtel Jalisco Nueva Generaci\u00f3n. Un ataque con artefactos explosivos perpetrado la noche de este martes por miembros de organizaciones&hellip;<\/p>\n","protected":false},"author":2,"featured_media":54543,"comment_status":"open","ping_status":"open","sticky":false,"template":"","format":"standard","meta":{"content-type":"","jetpack_post_was_ever_published":false,"_jetpack_newsletter_access":"","_jetpack_dont_email_post_to_subs":false,"_jetpack_newsletter_tier_id":0,"_jetpack_memberships_contains_paywalled_content":false,"_jetpack_memberships_contains_paid_content":false,"footnotes":""},"categories":[1],"tags":[4599,1109,1467,906,686,3330],"class_list":["post-54542","post","type-post","status-publish","format-standard","has-post-thumbnail","hentry","category-sin-categoria","tag-auto-bomba","tag-explosion","tag-heridos","tag-mexico","tag-muertos","tag-policias"],"jetpack_featured_media_url":"https:\/\/lasprimeras.com.do\/wp-content\/uploads\/2023\/07\/auto-bomba.jpg","jetpack-related-posts":[{"id":98245,"url":"https:\/\/lasprimeras.com.do\/index.php\/2025\/05\/04\/detienen-a-alcalde-por-caso-del-rancho-del-cartel-jalisco-en-el-occidente-de-mexico\/","url_meta":{"origin":54542,"position":0},"title":"Detienen a alcalde por caso del rancho del C\u00e1rtel Jalisco en el occidente de M\u00e9xico","author":"Nelson Feliz","date":"4 de mayo de 2025","format":false,"excerpt":"POR FABIOLA S\u00c1NCHEZ CIUDAD DE M\u00c9XICO (AP) \u2014 Las autoridades mexicanas detuvieron a un alcalde de una localidad del occidente de M\u00e9xico donde fue descubierta una finca que empleaba el poderoso C\u00e1rtel Jalisco Nueva Generaci\u00f3n (CJNG) para el reclutamiento y adiestramiento de sus miembros, inform\u00f3 el domingo el Gabinete de\u2026","rel":"","context":"En \u00abINTERNACIONALES\u00bb","block_context":{"text":"INTERNACIONALES","link":"https:\/\/lasprimeras.com.do\/index.php\/category\/sin-categoria\/internacionales\/"},"img":{"alt_text":"","src":"https:\/\/i0.wp.com\/lasprimeras.com.do\/wp-content\/uploads\/2025\/05\/carcel-mexico.jpg?resize=350%2C200&ssl=1","width":350,"height":200,"srcset":"https:\/\/i0.wp.com\/lasprimeras.com.do\/wp-content\/uploads\/2025\/05\/carcel-mexico.jpg?resize=350%2C200&ssl=1 1x, https:\/\/i0.wp.com\/lasprimeras.com.do\/wp-content\/uploads\/2025\/05\/carcel-mexico.jpg?resize=525%2C300&ssl=1 1.5x, https:\/\/i0.wp.com\/lasprimeras.com.do\/wp-content\/uploads\/2025\/05\/carcel-mexico.jpg?resize=700%2C400&ssl=1 2x"},"classes":[]},{"id":78026,"url":"https:\/\/lasprimeras.com.do\/index.php\/2024\/02\/27\/autorizan-la-extradicion-a-ee-uu-de-un-miembro-del-cartel-de-jalisco-nueva-generacion\/","url_meta":{"origin":54542,"position":1},"title":"Autorizan la extradici\u00f3n a EE.UU. de un miembro del C\u00e1rtel de Jalisco Nueva Generaci\u00f3n","author":"Nelson Feliz","date":"27 de febrero de 2024","format":false,"excerpt":"Erick Valencia Salazar, 'El 85', es se\u00f1alado por cargos de conspiraci\u00f3n para traficar coca\u00edna y asociaci\u00f3n para delinquir. La Justicia mexicana autoriz\u00f3 este martes la extradici\u00f3n a EE.UU. de Erick Valencia Salazar, alias 'El 85', miembro fundador del C\u00e1rtel de Jalisco Nueva Generaci\u00f3n (CJNG), quien es solicitado en el pa\u00eds\u2026","rel":"","context":"En \u00abSin categor\u00eda\u00bb","block_context":{"text":"Sin categor\u00eda","link":"https:\/\/lasprimeras.com.do\/index.php\/category\/sin-categoria\/"},"img":{"alt_text":"Erick Valencia Salazar","src":"https:\/\/i0.wp.com\/lasprimeras.com.do\/wp-content\/uploads\/2024\/02\/Erick-Valencia-Salazar.jpg?resize=350%2C200&ssl=1","width":350,"height":200,"srcset":"https:\/\/i0.wp.com\/lasprimeras.com.do\/wp-content\/uploads\/2024\/02\/Erick-Valencia-Salazar.jpg?resize=350%2C200&ssl=1 1x, https:\/\/i0.wp.com\/lasprimeras.com.do\/wp-content\/uploads\/2024\/02\/Erick-Valencia-Salazar.jpg?resize=525%2C300&ssl=1 1.5x"},"classes":[]},{"id":96045,"url":"https:\/\/lasprimeras.com.do\/index.php\/2025\/03\/25\/desmontan-red-de-reclutamiento-del-cartel-jalisco-nueva-generacion-en-occidente-de-mexico\/","url_meta":{"origin":54542,"position":2},"title":"Desmontan red de reclutamiento del c\u00e1rtel Jalisco Nueva Generaci\u00f3n en occidente de M\u00e9xico","author":"Nelson Feliz","date":"25 de marzo de 2025","format":false,"excerpt":"POR FABIOLA S\u00c1NCHEZ CIUDAD DE M\u00c9XICO (AP) \u2014 Las autoridades mexicanas anunciaron el lunes el desmontaje de una red de reclutamiento del poderoso c\u00e1rtel Jalisco Nueva Generaci\u00f3n, que controla vastas regiones del pa\u00eds, tras la detenci\u00f3n de un operador del grupo y la desactivaci\u00f3n de 39 p\u00e1ginas de diferentes plataformas\u2026","rel":"","context":"En \u00abINTERNACIONALES\u00bb","block_context":{"text":"INTERNACIONALES","link":"https:\/\/lasprimeras.com.do\/index.php\/category\/sin-categoria\/internacionales\/"},"img":{"alt_text":"","src":"https:\/\/i0.wp.com\/lasprimeras.com.do\/wp-content\/uploads\/2025\/03\/Rancho-Izaguirre.jpg?resize=350%2C200&ssl=1","width":350,"height":200,"srcset":"https:\/\/i0.wp.com\/lasprimeras.com.do\/wp-content\/uploads\/2025\/03\/Rancho-Izaguirre.jpg?resize=350%2C200&ssl=1 1x, https:\/\/i0.wp.com\/lasprimeras.com.do\/wp-content\/uploads\/2025\/03\/Rancho-Izaguirre.jpg?resize=525%2C300&ssl=1 1.5x, https:\/\/i0.wp.com\/lasprimeras.com.do\/wp-content\/uploads\/2025\/03\/Rancho-Izaguirre.jpg?resize=700%2C400&ssl=1 2x"},"classes":[]},{"id":122920,"url":"https:\/\/lasprimeras.com.do\/index.php\/2026\/02\/23\/al-menos-73-muertos-por-la-captura-del-lider-del-cjng-y-la-violencia-desatada-despues\/","url_meta":{"origin":54542,"position":3},"title":"Al menos 73 muertos por la captura del l\u00edder del CJNG y la violencia desatada despu\u00e9s","author":"Nelson Feliz","date":"23 de febrero de 2026","format":false,"excerpt":"POR MEGAN JANETSKY and MAR\u00cdA VERZA GUADALAJARA, M\u00e9xico (AP) \u2014 Al menos 73 personas murieron en M\u00e9xico durante el operativo de captura del l\u00edder del C\u00e1rtel Jalisco Nueva Generaci\u00f3n (CJNG) y los violentos disturbios que siguieron a su muerte mientras gran parte del pa\u00eds tem\u00eda el lunes una nueva ola\u2026","rel":"","context":"En \u00abINTERNACIONALES\u00bb","block_context":{"text":"INTERNACIONALES","link":"https:\/\/lasprimeras.com.do\/index.php\/category\/sin-categoria\/internacionales\/"},"img":{"alt_text":"Omar Garc\u00eda Harfuch","src":"https:\/\/i0.wp.com\/lasprimeras.com.do\/wp-content\/uploads\/2026\/02\/Omar-Garcia-Harfuch.jpg?resize=350%2C200&ssl=1","width":350,"height":200,"srcset":"https:\/\/i0.wp.com\/lasprimeras.com.do\/wp-content\/uploads\/2026\/02\/Omar-Garcia-Harfuch.jpg?resize=350%2C200&ssl=1 1x, https:\/\/i0.wp.com\/lasprimeras.com.do\/wp-content\/uploads\/2026\/02\/Omar-Garcia-Harfuch.jpg?resize=525%2C300&ssl=1 1.5x, https:\/\/i0.wp.com\/lasprimeras.com.do\/wp-content\/uploads\/2026\/02\/Omar-Garcia-Harfuch.jpg?resize=700%2C400&ssl=1 2x"},"classes":[]},{"id":96550,"url":"https:\/\/lasprimeras.com.do\/index.php\/2025\/04\/02\/eeuu-revoca-visas-de-grupo-musical-mexicano-que-proyecto-rostro-del-lider-de-un-cartel-en-concierto\/","url_meta":{"origin":54542,"position":4},"title":"EEUU revoca visas de grupo musical mexicano que proyect\u00f3 rostro del l\u00edder de un c\u00e1rtel en concierto","author":"Nelson Feliz","date":"2 de abril de 2025","format":false,"excerpt":"POR MEGAN JANETSKY CIUDAD DE M\u00c9XICO (AP) \u2014 El Departamento de Estado de Estados Unidos revoc\u00f3 las visas de los miembros de un grupo musical mexicano despu\u00e9s de que proyect\u00f3 la imagen del rostro de un capo del narcotr\u00e1fico en la pantalla gigante durante su concierto en el estado de\u2026","rel":"","context":"En \u00abINTERNACIONALES\u00bb","block_context":{"text":"INTERNACIONALES","link":"https:\/\/lasprimeras.com.do\/index.php\/category\/sin-categoria\/internacionales\/"},"img":{"alt_text":"","src":"https:\/\/i0.wp.com\/lasprimeras.com.do\/wp-content\/uploads\/2025\/04\/Christopher-Landau.jpg?resize=350%2C200&ssl=1","width":350,"height":200,"srcset":"https:\/\/i0.wp.com\/lasprimeras.com.do\/wp-content\/uploads\/2025\/04\/Christopher-Landau.jpg?resize=350%2C200&ssl=1 1x, https:\/\/i0.wp.com\/lasprimeras.com.do\/wp-content\/uploads\/2025\/04\/Christopher-Landau.jpg?resize=525%2C300&ssl=1 1.5x, https:\/\/i0.wp.com\/lasprimeras.com.do\/wp-content\/uploads\/2025\/04\/Christopher-Landau.jpg?resize=700%2C400&ssl=1 2x"},"classes":[]},{"id":117103,"url":"https:\/\/lasprimeras.com.do\/index.php\/2025\/12\/07\/suben-a-5-los-muertos-y-12-los-heridos-en-coche-bomba-que-exploto-en-occidente-de-mexico\/","url_meta":{"origin":54542,"position":5},"title":"Suben a 5 los muertos y 12 los heridos en coche bomba que explot\u00f3 en occidente de M\u00e9xico","author":"Nelson Feliz","date":"7 de diciembre de 2025","format":false,"excerpt":"CIUDAD DE M\u00c9XICO (AP) \u2014 El saldo de v\u00edctimas por un coche bomba que estall\u00f3 frente a la polic\u00eda comunitaria de una localidad costera del estado de Michoac\u00e1n, en el occidente de M\u00e9xico, ascendi\u00f3 el domingo a cinco muertos y 12 heridos, seg\u00fan inform\u00f3 el domingo la fiscal\u00eda federal, en\u2026","rel":"","context":"En \u00abINTERNACIONALES\u00bb","block_context":{"text":"INTERNACIONALES","link":"https:\/\/lasprimeras.com.do\/index.php\/category\/sin-categoria\/internacionales\/"},"img":{"alt_text":"Alfredo Ram\u00edrez Bedolla y Claudia Sheinbaum","src":"https:\/\/i0.wp.com\/lasprimeras.com.do\/wp-content\/uploads\/2025\/12\/Alfredo-Ramirez-Bedolla-y-Claudia-Sheinbaum.jpg?resize=350%2C200&ssl=1","width":350,"height":200,"srcset":"https:\/\/i0.wp.com\/lasprimeras.com.do\/wp-content\/uploads\/2025\/12\/Alfredo-Ramirez-Bedolla-y-Claudia-Sheinbaum.jpg?resize=350%2C200&ssl=1 1x, https:\/\/i0.wp.com\/lasprimeras.com.do\/wp-content\/uploads\/2025\/12\/Alfredo-Ramirez-Bedolla-y-Claudia-Sheinbaum.jpg?resize=525%2C300&ssl=1 1.5x, https:\/\/i0.wp.com\/lasprimeras.com.do\/wp-content\/uploads\/2025\/12\/Alfredo-Ramirez-Bedolla-y-Claudia-Sheinbaum.jpg?resize=700%2C400&ssl=1 2x"},"classes":[]}],"jetpack_sharing_enabled":true,"_links":{"self":[{"href":"https:\/\/lasprimeras.com.do\/index.php\/wp-json\/wp\/v2\/posts\/54542","targetHints":{"allow":["GET"]}}],"collection":[{"href":"https:\/\/lasprimeras.com.do\/index.php\/wp-json\/wp\/v2\/posts"}],"about":[{"href":"https:\/\/lasprimeras.com.do\/index.php\/wp-json\/wp\/v2\/types\/post"}],"author":[{"embeddable":true,"href":"https:\/\/lasprimeras.com.do\/index.php\/wp-json\/wp\/v2\/users\/2"}],"replies":[{"embeddable":true,"href":"https:\/\/lasprimeras.com.do\/index.php\/wp-json\/wp\/v2\/comments?post=54542"}],"version-history":[{"count":1,"href":"https:\/\/lasprimeras.com.do\/index.php\/wp-json\/wp\/v2\/posts\/54542\/revisions"}],"predecessor-version":[{"id":54544,"href":"https:\/\/lasprimeras.com.do\/index.php\/wp-json\/wp\/v2\/posts\/54542\/revisions\/54544"}],"wp:featuredmedia":[{"embeddable":true,"href":"https:\/\/lasprimeras.com.do\/index.php\/wp-json\/wp\/v2\/media\/54543"}],"wp:attachment":[{"href":"https:\/\/lasprimeras.com.do\/index.php\/wp-json\/wp\/v2\/media?parent=54542"}],"wp:term":[{"taxonomy":"category","embeddable":true,"href":"https:\/\/lasprimeras.com.do\/index.php\/wp-json\/wp\/v2\/categories?post=54542"},{"taxonomy":"post_tag","embeddable":true,"href":"https:\/\/lasprimeras.com.do\/index.php\/wp-json\/wp\/v2\/tags?post=54542"}],"curies":[{"name":"wp","href":"https:\/\/api.w.org\/{rel}","templated":true}]}}