{"id":54573,"date":"2023-07-12T08:39:10","date_gmt":"2023-07-12T12:39:10","guid":{"rendered":"https:\/\/lasprimeras.com.do\/?p=54573"},"modified":"2023-07-12T08:39:11","modified_gmt":"2023-07-12T12:39:11","slug":"economista-ng-cortinas-niega-deuda-publica-bajara-afirma-que-subio","status":"publish","type":"post","link":"https:\/\/lasprimeras.com.do\/index.php\/2023\/07\/12\/economista-ng-cortinas-niega-deuda-publica-bajara-afirma-que-subio\/","title":{"rendered":"Economista Ng Corti\u00f1as niega deuda p\u00fablica bajara; afirma que subi\u00f3"},"content":{"rendered":"\n<p>El economista Haivanjoe Ng Corti\u00f1as neg\u00f3 que la deuda p\u00fablica dominicana haya descendido como dijo el ministro de Hacienda, Jochi Vicente, sino que por el contrario, lo que ha hecho es subir cada a\u00f1o y no solo la correspondiente al sector p\u00fablico no financiero, tambi\u00e9n la consolidada.<\/p>\n\n\n\n<p>\u201cC\u00f3mo es posible que el ministro de las finanzas p\u00fablicas pueda decirle a la poblaci\u00f3n dominicana que la deuda del gobierno ha bajado, cuando lo cierto es que se ha incrementado como nunca antes en tan poco tiempo y m\u00e1s a\u00fan, cuando la gente es la que al final paga la deuda con sus impuestos y que, por incrementarse la deuda, en lo adelante le pondr\u00e1n m\u00e1s impuestos\u201d, se pregunt\u00f3 y afirm\u00f3 Ng Corti\u00f1as.<\/p>\n\n\n\n<p>Le record\u00f3 al ministro de Hacienda \u201cque desde el inicio de la presente gesti\u00f3n la deuda del sector p\u00fablico no financiero, conocida como la deuda del Gobierno central, ha ido creciendo de la siguiente manera: desde septiembre de 2020 el saldo era de US$ 43,091 millones, a finales de ese mismo a\u00f1o de US$ 44,622 millones, luego al t\u00e9rmino del a\u00f1o 2021 subi\u00f3 a US$ 47,672 millones, a finales del 2022 volvi\u00f3 a incrementarse a US$ 51,854 millones y a mayo de 2023 continu\u00f3 elev\u00e1ndose hasta situarse a US$ 54,720.7 millones\u201d.<\/p>\n\n\n\n<p>\u201cLo que significa que la deuda p\u00fablica ha subido en US$ 11,629.6 millones, lo que promedia US$3,524 millones de aumento por a\u00f1o en el presente gobierno e indicando sin ninguno riesgo a la equivocaci\u00f3n que las actuales autoridades son campeonas en tomar mucho dinero prestado, con el agravante de que la gente no ve ninguna obra de infraestructura construy\u00e9ndose, con la que pueda sentir orgullo de decir, esta obra se hizo con el dinero que se tom\u00f3 prestado\u201d, agrego el economista de la Fuerza del Pueblo.<\/p>\n\n\n\n<p>\u201cEl crecimiento relativo de la deuda del sector p\u00fablico no financiero dominicano en la presente gesti\u00f3n gubernamental es de un 26.98 %\u201d, asegur\u00f3 Haivanjoe Ng Corti\u00f1as.<\/p>\n\n\n\n<p>\u201cSobre que la presi\u00f3n de la deuda medida como porcentaje del PIB ha bajado como dijo el ministro de Hacienda, es solo un sofisma, pues comparar el 44.73 % del 2023 con el de agosto de 2020 que fue de 49.7 % no resulta representativo, habida cuenta de que el a\u00f1o 2020 fue el del cierre de la econom\u00eda por pandemia del COVID-19 y la econom\u00eda cay\u00f3 en un -6.7 %.<\/p>\n\n\n\n<p>Si el ministro de hacienda la compara con el 2019, que fue un a\u00f1o de normalidad econ\u00f3mica, en la que la presi\u00f3n de la deuda fue de un 40.4 %, entonces se puede afirmar que la deuda de mayo de 2023 en t\u00e9rminos de ese indicador ha aumentado 4.33 puntos porcentuales\u201d, enfatiz\u00f3 el economista.<\/p>\n\n\n\n<p>Finalmente, el profesional de la econom\u00eda Haivanjoe Ng Corti\u00f1as, le record\u00f3 al ministro de Hacienda que no le hace buen servicio al pa\u00eds y a sus habitantes, decirle una cosa por otra, la deuda p\u00fablica del gobierno central ha subido en un 26.98 % y la consolidada en un 38.5 %, ambas las m\u00e1s elevada de la historia del endeudamiento p\u00fablico contempor\u00e1neo dominicano, por lo que el pa\u00eds ahora es campe\u00f3n en endeudamiento, con el agravante de que la gente tendr\u00e1 que pagarla con impuestos.<\/p>\n","protected":false},"excerpt":{"rendered":"<p>El economista Haivanjoe Ng Corti\u00f1as neg\u00f3 que la deuda p\u00fablica dominicana haya descendido como dijo el ministro de Hacienda, Jochi Vicente, sino que por el contrario, lo que ha hecho&hellip;<\/p>\n","protected":false},"author":2,"featured_media":54574,"comment_status":"open","ping_status":"open","sticky":false,"template":"","format":"standard","meta":{"content-type":"","jetpack_post_was_ever_published":false,"_jetpack_newsletter_access":"","_jetpack_dont_email_post_to_subs":false,"_jetpack_newsletter_tier_id":0,"_jetpack_memberships_contains_paywalled_content":false,"_jetpack_memberships_contains_paid_content":false,"footnotes":""},"categories":[39,25],"tags":[4620,2064,1637,4619,841,4621],"class_list":["post-54573","post","type-post","status-publish","format-standard","has-post-thumbnail","hentry","category-economia","category-portada","tag-bajara","tag-deuda","tag-economista","tag-haivanjoe-ng-cortinas","tag-publica","tag-subio"],"jetpack_featured_media_url":"https:\/\/lasprimeras.com.do\/wp-content\/uploads\/2023\/07\/Haivanjoe-Ng-Cortinas.png","jetpack-related-posts":[{"id":117451,"url":"https:\/\/lasprimeras.com.do\/index.php\/2025\/12\/10\/ng-cortinas-advierte-economia-cierra-el-2025-en-la-inercia-y-el-crecimiento-mas-bajo-en-tres-lustros\/","url_meta":{"origin":54573,"position":0},"title":"Ng Corti\u00f1as advierte econom\u00eda cierra el 2025 en la inercia y el crecimiento m\u00e1s bajo en tres lustros","author":"Nelson Feliz","date":"10 de diciembre de 2025","format":false,"excerpt":"Ng Corti\u00f1as alert\u00f3 sobre lo que considera un deterioro progresivo de las finanzas p\u00fablicas dominicanas, pronosticando que el d\u00e9ficit fiscal se elevar\u00eda cercano al 3.2% del PIB, mientras el saldo de la deuda p\u00fablica asciende a US$61,360 millones, equivalente a casi el 48.0% del PIB. El economista y militante del\u2026","rel":"","context":"En \u00abECONOM\u00cdA\u00bb","block_context":{"text":"ECONOM\u00cdA","link":"https:\/\/lasprimeras.com.do\/index.php\/category\/economia\/"},"img":{"alt_text":"Haivanjoe Ng Corti\u00f1as","src":"https:\/\/i0.wp.com\/lasprimeras.com.do\/wp-content\/uploads\/2025\/12\/Haivanjoe-Ng-Cortinas.jpg?resize=350%2C200&ssl=1","width":350,"height":200,"srcset":"https:\/\/i0.wp.com\/lasprimeras.com.do\/wp-content\/uploads\/2025\/12\/Haivanjoe-Ng-Cortinas.jpg?resize=350%2C200&ssl=1 1x, https:\/\/i0.wp.com\/lasprimeras.com.do\/wp-content\/uploads\/2025\/12\/Haivanjoe-Ng-Cortinas.jpg?resize=525%2C300&ssl=1 1.5x, https:\/\/i0.wp.com\/lasprimeras.com.do\/wp-content\/uploads\/2025\/12\/Haivanjoe-Ng-Cortinas.jpg?resize=700%2C400&ssl=1 2x"},"classes":[]},{"id":62071,"url":"https:\/\/lasprimeras.com.do\/index.php\/2023\/10\/02\/haivanjoe-estima-cantidad-obras-del-gobierno-no-se-corresponde-con-el-nivel-gastos\/","url_meta":{"origin":54573,"position":1},"title":"Haivanjoe estima cantidad obras del gobierno no se corresponde con el nivel gastos","author":"Nelson Feliz","date":"2 de octubre de 2023","format":false,"excerpt":"El economista Haivanjoe Ng Corti\u00f1a estim\u00f3 que el pueblo le dar\u00e1 un voto de castigo al presidente Luis Abinader, porque en los tres a\u00f1os de gesti\u00f3n ha gastado m\u00e1s de RD$3.3 billones de pesos, y no tiene un sola obra importante que exhibir ante la sociedad. El tambi\u00e9n miembro de\u2026","rel":"","context":"En \u00abECONOM\u00cdA\u00bb","block_context":{"text":"ECONOM\u00cdA","link":"https:\/\/lasprimeras.com.do\/index.php\/category\/economia\/"},"img":{"alt_text":"","src":"https:\/\/i0.wp.com\/lasprimeras.com.do\/wp-content\/uploads\/2023\/10\/Ng-Cortinas.jpg?resize=350%2C200&ssl=1","width":350,"height":200,"srcset":"https:\/\/i0.wp.com\/lasprimeras.com.do\/wp-content\/uploads\/2023\/10\/Ng-Cortinas.jpg?resize=350%2C200&ssl=1 1x, https:\/\/i0.wp.com\/lasprimeras.com.do\/wp-content\/uploads\/2023\/10\/Ng-Cortinas.jpg?resize=525%2C300&ssl=1 1.5x"},"classes":[]},{"id":108559,"url":"https:\/\/lasprimeras.com.do\/index.php\/2025\/09\/08\/haivanjoe-ng-cortinas-gobierno-metio-al-pais-en-una-trampa-monetaria\/","url_meta":{"origin":54573,"position":2},"title":"Haivanjoe Ng Corti\u00f1as: \u201cGobierno meti\u00f3 al pa\u00eds en una trampa monetaria\u201d","author":"Nelson Feliz","date":"8 de septiembre de 2025","format":false,"excerpt":"El economista y exsuperintendente de Bancos, Haivanjoe Ng Corti\u00f1as, advirti\u00f3 este lunes que la Rep\u00fablica Dominicana atraviesa una \u201ctrampa monetaria\u201d, al se\u00f1alar que las medidas del Banco Central han perdido eficacia para impactar en la econom\u00eda real. \u201cEl Banco Central est\u00e1 atrapado en lo que la teor\u00eda econ\u00f3mica denomina una\u2026","rel":"","context":"En \u00abECONOM\u00cdA\u00bb","block_context":{"text":"ECONOM\u00cdA","link":"https:\/\/lasprimeras.com.do\/index.php\/category\/economia\/"},"img":{"alt_text":"","src":"https:\/\/i0.wp.com\/lasprimeras.com.do\/wp-content\/uploads\/2025\/09\/Haivanjoe-Ng-Cortinas.jpg?resize=350%2C200&ssl=1","width":350,"height":200,"srcset":"https:\/\/i0.wp.com\/lasprimeras.com.do\/wp-content\/uploads\/2025\/09\/Haivanjoe-Ng-Cortinas.jpg?resize=350%2C200&ssl=1 1x, https:\/\/i0.wp.com\/lasprimeras.com.do\/wp-content\/uploads\/2025\/09\/Haivanjoe-Ng-Cortinas.jpg?resize=525%2C300&ssl=1 1.5x, https:\/\/i0.wp.com\/lasprimeras.com.do\/wp-content\/uploads\/2025\/09\/Haivanjoe-Ng-Cortinas.jpg?resize=700%2C400&ssl=1 2x"},"classes":[]},{"id":128171,"url":"https:\/\/lasprimeras.com.do\/index.php\/2026\/04\/20\/fp-analizara-el-impacto-del-choque-petrolero-en-la-economia-y-la-politica\/","url_meta":{"origin":54573,"position":3},"title":"FP analizar\u00e1 el impacto del choque petrolero en la econom\u00eda y la pol\u00edtica","author":"Nelson Feliz","date":"20 de abril de 2026","format":false,"excerpt":"La Direcci\u00f3n Provincial de Santiago de los Caballeros invita a la conferencia \u201cEconom\u00eda pol\u00edtica para la FP: lecciones del actual choque petrolero\u201d, a cargo del economista Haivanjoe Ng Cortinas. La Direcci\u00f3n Provincial de Santiago de los Caballeros de Fuerza del Pueblo (FP) anunci\u00f3 la celebraci\u00f3n de una conferencia titulada\u00a0\u201cEconom\u00eda pol\u00edtica\u2026","rel":"","context":"En \u00abPOLITICA\u00bb","block_context":{"text":"POLITICA","link":"https:\/\/lasprimeras.com.do\/index.php\/category\/politica\/"},"img":{"alt_text":"Haivanjoe Ng Cortinas","src":"https:\/\/i0.wp.com\/lasprimeras.com.do\/wp-content\/uploads\/2026\/04\/Haivanjoe-Ng-Cortinas.jpg?resize=350%2C200&ssl=1","width":350,"height":200,"srcset":"https:\/\/i0.wp.com\/lasprimeras.com.do\/wp-content\/uploads\/2026\/04\/Haivanjoe-Ng-Cortinas.jpg?resize=350%2C200&ssl=1 1x, https:\/\/i0.wp.com\/lasprimeras.com.do\/wp-content\/uploads\/2026\/04\/Haivanjoe-Ng-Cortinas.jpg?resize=525%2C300&ssl=1 1.5x"},"classes":[]},{"id":79791,"url":"https:\/\/lasprimeras.com.do\/index.php\/2024\/03\/31\/el-cuento-del-banco-central-sobre-el-crecimiento-economico\/","url_meta":{"origin":54573,"position":4},"title":"El cuento del Banco Central sobre el crecimiento econ\u00f3mico","author":"Nelson Feliz","date":"31 de marzo de 2024","format":false,"excerpt":"Haivanjoe Ng Corti\u00f1as El cuento como g\u00e9nero literario para relatar resulta fascinante no solo para el escritor, sino tambi\u00e9n para el lector y no es para menos, su lectura es entretenida al tiempo de instruir; pero acudir al uso del referido recurso por parte de una entidad estatal autorizada para\u2026","rel":"","context":"En \u00abOPINI\u00d3N\u00bb","block_context":{"text":"OPINI\u00d3N","link":"https:\/\/lasprimeras.com.do\/index.php\/category\/opinion\/"},"img":{"alt_text":"Haivanjoe Ng Corti\u00f1as","src":"https:\/\/i0.wp.com\/lasprimeras.com.do\/wp-content\/uploads\/2023\/07\/Haivanjoe-Ng-Cortinas.png?resize=350%2C200&ssl=1","width":350,"height":200,"srcset":"https:\/\/i0.wp.com\/lasprimeras.com.do\/wp-content\/uploads\/2023\/07\/Haivanjoe-Ng-Cortinas.png?resize=350%2C200&ssl=1 1x, https:\/\/i0.wp.com\/lasprimeras.com.do\/wp-content\/uploads\/2023\/07\/Haivanjoe-Ng-Cortinas.png?resize=525%2C300&ssl=1 1.5x"},"classes":[]},{"id":85568,"url":"https:\/\/lasprimeras.com.do\/index.php\/2024\/07\/02\/bc-dice-el-gobierno-debe-subir-impuestos-y-bajar-deuda-publica\/","url_meta":{"origin":54573,"position":5},"title":"BC dice el Gobierno debe subir impuestos y bajar deuda p\u00fablica","author":"Nelson Feliz","date":"2 de julio de 2024","format":false,"excerpt":"El Banco Central de la Rep\u00fablica Dominicana recomend\u00f3 a los planificadores de la pol\u00edtica fiscal que orienten la deuda p\u00fablica \u201chacia una trayectoria descendente\u201d y aumentar los colchones fiscales mediante la implementaci\u00f3n de reformas tributarias. En su p\u00e1gina abierta titulada \u201cConfianza en la econom\u00eda dominicana: an\u00e1lisis desde la perspectiva de\u2026","rel":"","context":"En \u00abECONOM\u00cdA\u00bb","block_context":{"text":"ECONOM\u00cdA","link":"https:\/\/lasprimeras.com.do\/index.php\/category\/economia\/"},"img":{"alt_text":"Banco Central","src":"https:\/\/i0.wp.com\/lasprimeras.com.do\/wp-content\/uploads\/2023\/08\/Banco-Central.jpg?resize=350%2C200&ssl=1","width":350,"height":200,"srcset":"https:\/\/i0.wp.com\/lasprimeras.com.do\/wp-content\/uploads\/2023\/08\/Banco-Central.jpg?resize=350%2C200&ssl=1 1x, https:\/\/i0.wp.com\/lasprimeras.com.do\/wp-content\/uploads\/2023\/08\/Banco-Central.jpg?resize=525%2C300&ssl=1 1.5x"},"classes":[]}],"jetpack_sharing_enabled":true,"_links":{"self":[{"href":"https:\/\/lasprimeras.com.do\/index.php\/wp-json\/wp\/v2\/posts\/54573","targetHints":{"allow":["GET"]}}],"collection":[{"href":"https:\/\/lasprimeras.com.do\/index.php\/wp-json\/wp\/v2\/posts"}],"about":[{"href":"https:\/\/lasprimeras.com.do\/index.php\/wp-json\/wp\/v2\/types\/post"}],"author":[{"embeddable":true,"href":"https:\/\/lasprimeras.com.do\/index.php\/wp-json\/wp\/v2\/users\/2"}],"replies":[{"embeddable":true,"href":"https:\/\/lasprimeras.com.do\/index.php\/wp-json\/wp\/v2\/comments?post=54573"}],"version-history":[{"count":1,"href":"https:\/\/lasprimeras.com.do\/index.php\/wp-json\/wp\/v2\/posts\/54573\/revisions"}],"predecessor-version":[{"id":54575,"href":"https:\/\/lasprimeras.com.do\/index.php\/wp-json\/wp\/v2\/posts\/54573\/revisions\/54575"}],"wp:featuredmedia":[{"embeddable":true,"href":"https:\/\/lasprimeras.com.do\/index.php\/wp-json\/wp\/v2\/media\/54574"}],"wp:attachment":[{"href":"https:\/\/lasprimeras.com.do\/index.php\/wp-json\/wp\/v2\/media?parent=54573"}],"wp:term":[{"taxonomy":"category","embeddable":true,"href":"https:\/\/lasprimeras.com.do\/index.php\/wp-json\/wp\/v2\/categories?post=54573"},{"taxonomy":"post_tag","embeddable":true,"href":"https:\/\/lasprimeras.com.do\/index.php\/wp-json\/wp\/v2\/tags?post=54573"}],"curies":[{"name":"wp","href":"https:\/\/api.w.org\/{rel}","templated":true}]}}