{"id":54579,"date":"2023-07-12T10:30:09","date_gmt":"2023-07-12T14:30:09","guid":{"rendered":"https:\/\/lasprimeras.com.do\/?p=54579"},"modified":"2023-07-12T10:30:10","modified_gmt":"2023-07-12T14:30:10","slug":"luis-el-gallo-pide-funcionarios-ayuden-a-abinader-trabajando-y-resolviendo-los-problemas","status":"publish","type":"post","link":"https:\/\/lasprimeras.com.do\/index.php\/2023\/07\/12\/luis-el-gallo-pide-funcionarios-ayuden-a-abinader-trabajando-y-resolviendo-los-problemas\/","title":{"rendered":"Luis \u201cEl Gallo\u201d pide funcionarios ayuden a Abinader, trabajando y resolviendo los problemas"},"content":{"rendered":"\n<p>El presidente de la Uni\u00f3n Dem\u00f3crata Cristiana \u2013-UDC-, Luis Acosta Moreta, Luis \u201cEl Gallo\u201d, consider\u00f3 que el presidente Luis Abinader trabaja las 24 horas del d\u00eda para mantener controlados los precios de los alimentos de la canasta familiar, y espera el comercio elimine los aumentos especulativos.<\/p>\n\n\n\n<p>Resalt\u00f3 que el presidente Abinader no descansa para que lleguen a precios reducidos los comestibles, pero en los comercios se especula y se colocan a la oferta y la demanda, lo que enfrenta con los programas sociales.<\/p>\n\n\n\n<p>Dijo que es un tremendismo y un espejismo plantear, como lo hizo un funcionario de defensa al consumidor, que en la regi\u00f3n, la Rep\u00fablica Dominicana tiene los precios m\u00e1s baratos de los alimentos de la canasta alimenticia.<\/p>\n\n\n\n<p>Se\u00f1al\u00f3 que el presidente Luis Abinader trabaja para garantizar alimentos baratos para las familias dominicanas, pero hace da\u00f1o y no bien traer estad\u00edstica por los cabellos, como hace el Instituto Nacional de Protecci\u00f3n al Consumidor.<\/p>\n\n\n\n<p>Resalt\u00f3 que el presidente Abinader est\u00e1 focalizado en garantizar el suministro de alimentos a bajos precios, y mantener programas sociales para mitigar la miseria, y ese esfuerzo debe ser apoyado por todos<\/p>\n\n\n\n<p>Pero hay una canasta b\u00e1sica que en ocasiones es zarandeada por la especulaci\u00f3n y el agiotismo, incluyendo el arroz, el aceite, las habichuelas, los huevos, los pl\u00e1tanos, la leche y las sardinas. Pidi\u00f3 pu\u00f1o de hierro para controlar esta situaci\u00f3n.<\/p>\n\n\n\n<p>Resalt\u00f3 que la UDC propuso recientemente la creaci\u00f3n de un programa de suministro de alimentos b\u00e1sicos con precios controlados, que se englobar\u00eda dentro del \u201cMacuto Alimenticio Popular\u201d.<\/p>\n\n\n\n<p>Enfatiz\u00f3 que la UDC tiene a\u00f1os trabajando en las zonas populares y el pueblo nos respeta y quiere porque siempre hablamos con la verdad en la mano, y por eso le propusimos al presidente Abinader la creaci\u00f3n del \u201cMacuto Alimenticio Popular\u201d.<\/p>\n\n\n\n<p>Pidi\u00f3 que Eddy Alc\u00e1ntara, director del Instituto de Protecci\u00f3n al Consumidor, diga de d\u00f3nde saca que la Rep\u00fablica Dominicana tiene los precios de los alimentos con menor precio, por debajo de como se valoran rn muchos de los pa\u00edses de Am\u00e9rica Latina, y se deje de estar ofreciendo estad\u00edsticas que solo motivan descontento en los barrios.<\/p>\n\n\n\n<p>Destac\u00f3 que los funcionarios tienen que trabajar de acuerdo con la realidad, y ofrecer su respaldo en los esfuerzos que hace el presidente Abinader para mitigar la pobreza extrema, incluyendo llevar en los programas sociales alimentos a bajo precio.<\/p>\n\n\n\n<p>Ya hay en marcha acciones gubernamentales que mantienen los precios reducidos para potenciales clientes de presupuesto bajo y medio, adem\u00e1s de los servicios que ofrece el Instituto de Estabalizaci\u00f2n de Precios.<\/p>\n","protected":false},"excerpt":{"rendered":"<p>El presidente de la Uni\u00f3n Dem\u00f3crata Cristiana \u2013-UDC-, Luis Acosta Moreta, Luis \u201cEl Gallo\u201d, consider\u00f3 que el presidente Luis Abinader trabaja las 24 horas del d\u00eda para mantener controlados los&hellip;<\/p>\n","protected":false},"author":2,"featured_media":54580,"comment_status":"open","ping_status":"open","sticky":false,"template":"","format":"standard","meta":{"content-type":"","jetpack_post_was_ever_published":false,"_jetpack_newsletter_access":"","_jetpack_dont_email_post_to_subs":false,"_jetpack_newsletter_tier_id":0,"_jetpack_memberships_contains_paywalled_content":false,"_jetpack_memberships_contains_paid_content":false,"footnotes":""},"categories":[25],"tags":[170,67,1208,1121,2548,2234],"class_list":["post-54579","post","type-post","status-publish","format-standard","has-post-thumbnail","hentry","category-portada","tag-funcionarios","tag-luis-abinader","tag-luis-el-gallo","tag-problemas","tag-trabajando","tag-udc"],"jetpack_featured_media_url":"https:\/\/lasprimeras.com.do\/wp-content\/uploads\/2023\/07\/Luis-Acosta-Moreta-2.jpg","jetpack-related-posts":[{"id":105188,"url":"https:\/\/lasprimeras.com.do\/index.php\/2025\/07\/31\/luis-el-gallo-pide-puno-de-hierro-contra-agiotistas-y-especuladores\/","url_meta":{"origin":54579,"position":0},"title":"Luis \u201cEl Gallo\u201d pide pu\u00f1o de hierro contra agiotistas y especuladores","author":"Nelson Feliz","date":"31 de julio de 2025","format":false,"excerpt":"El presidente de la Uni\u00f3n Dem\u00f3crata Cristiana \u2013UDC, Luis Acosta Moreta, Luis \u201cEl Gallo\u201d, abog\u00f3 hoy por una pol\u00edtica de pu\u00f1o de hierro contra los especuladores de productos de la canasta b\u00e1sica. Se\u00f1al\u00f3 que al pueblo no se le puede dejar morir de hambre, debido a que comerciantes aumentan los\u2026","rel":"","context":"En \u00abPOLITICA\u00bb","block_context":{"text":"POLITICA","link":"https:\/\/lasprimeras.com.do\/index.php\/category\/politica\/"},"img":{"alt_text":"Luis Acosta Moreta","src":"https:\/\/i0.wp.com\/lasprimeras.com.do\/wp-content\/uploads\/2025\/07\/Luis-Acosta-Moreta.png?resize=350%2C200&ssl=1","width":350,"height":200},"classes":[]},{"id":128108,"url":"https:\/\/lasprimeras.com.do\/index.php\/2026\/04\/19\/luis-el-gallo-pide-unidad-para-controlar-precios-de-alimentos\/","url_meta":{"origin":54579,"position":1},"title":"Luis \u201cEl Gallo\u201d pide unidad para controlar precios de alimentos","author":"Nelson Feliz","date":"19 de abril de 2026","format":false,"excerpt":"El presidente de la Uni\u00f3n Dem\u00f3crata Cristiana -UDC-, Luis Acosta Moreta, Luis \u201cEl Gallo\u201d, pidi\u00f3 hoy al sector empresarial que una sus esfuerzos con el gobierno, para establecer precios asequibles a los comestibles de la canasta familiar. A\u00f1adi\u00f3 que los precios de los art\u00edculos se mantienen por las nubes, alejando\u2026","rel":"","context":"En \u00abPOLITICA\u00bb","block_context":{"text":"POLITICA","link":"https:\/\/lasprimeras.com.do\/index.php\/category\/politica\/"},"img":{"alt_text":"Luis Acosta Moreta","src":"https:\/\/i0.wp.com\/lasprimeras.com.do\/wp-content\/uploads\/2026\/04\/Luis-Acosta-Moreta.jpg?resize=350%2C200&ssl=1","width":350,"height":200,"srcset":"https:\/\/i0.wp.com\/lasprimeras.com.do\/wp-content\/uploads\/2026\/04\/Luis-Acosta-Moreta.jpg?resize=350%2C200&ssl=1 1x, https:\/\/i0.wp.com\/lasprimeras.com.do\/wp-content\/uploads\/2026\/04\/Luis-Acosta-Moreta.jpg?resize=525%2C300&ssl=1 1.5x, https:\/\/i0.wp.com\/lasprimeras.com.do\/wp-content\/uploads\/2026\/04\/Luis-Acosta-Moreta.jpg?resize=700%2C400&ssl=1 2x"},"classes":[]},{"id":126950,"url":"https:\/\/lasprimeras.com.do\/index.php\/2026\/04\/07\/luis-el-gallo-respalda-propuesta-presidente-abinader-de-un-gran-acuerdo-nacional\/","url_meta":{"origin":54579,"position":2},"title":"Luis \u201cEl Gallo\u201d respalda propuesta presidente Abinader de un gran acuerdo nacional","author":"Nelson Feliz","date":"7 de abril de 2026","format":false,"excerpt":"El l\u00edder de la Uni\u00f3n Dem\u00f3crata Cristiana \u2013UDC-, Luis Acosta Moreta, Luis \u201cEl Gallo\u201d, apoy\u00f3 hoy la propuesta del presidente Luis Abinader de propiciar un gran acuerdo nacional para prevenir una crisis econ\u00f3mica, impulsada por problemas internacionales. Felicit\u00f3 y se adhiri\u00f3 a la propuesta del presidente Abinader, e hizo un\u2026","rel":"","context":"En \u00abPOLITICA\u00bb","block_context":{"text":"POLITICA","link":"https:\/\/lasprimeras.com.do\/index.php\/category\/politica\/"},"img":{"alt_text":"Luis Acosta Moreta","src":"https:\/\/i0.wp.com\/lasprimeras.com.do\/wp-content\/uploads\/2025\/07\/Luis-Acosta-Moreta.png?resize=350%2C200&ssl=1","width":350,"height":200},"classes":[]},{"id":109595,"url":"https:\/\/lasprimeras.com.do\/index.php\/2025\/09\/19\/udc-pide-encuentro-gobierno-y-empresarios-para-rebajar-precios-de-comestibles\/","url_meta":{"origin":54579,"position":3},"title":"UDC pide encuentro gobierno y empresarios, para rebajar precios de comestibles","author":"Nelson Feliz","date":"19 de septiembre de 2025","format":false,"excerpt":"El presidente de la Uni\u00f3n Dem\u00f3crata Cristiana -UDC-, Luis Acosta Moreta, Luis \u201cEl Gallo\u201d, consider\u00f3 hoy de urgencia una reuni\u00f3n entre el gobierno y los empresarios de la rama alimenticia, para controlar los precios de los comestibles de primera necesidad. Destac\u00f3 que se debe llegar a acuerdos que detengan los\u2026","rel":"","context":"En \u00abPOLITICA\u00bb","block_context":{"text":"POLITICA","link":"https:\/\/lasprimeras.com.do\/index.php\/category\/politica\/"},"img":{"alt_text":"Luis Acosta Moreta","src":"https:\/\/i0.wp.com\/lasprimeras.com.do\/wp-content\/uploads\/2025\/02\/WhatsApp-Image-2025-02-14-at-7.13.23-AM.jpeg?resize=350%2C200&ssl=1","width":350,"height":200,"srcset":"https:\/\/i0.wp.com\/lasprimeras.com.do\/wp-content\/uploads\/2025\/02\/WhatsApp-Image-2025-02-14-at-7.13.23-AM.jpeg?resize=350%2C200&ssl=1 1x, https:\/\/i0.wp.com\/lasprimeras.com.do\/wp-content\/uploads\/2025\/02\/WhatsApp-Image-2025-02-14-at-7.13.23-AM.jpeg?resize=525%2C300&ssl=1 1.5x, https:\/\/i0.wp.com\/lasprimeras.com.do\/wp-content\/uploads\/2025\/02\/WhatsApp-Image-2025-02-14-at-7.13.23-AM.jpeg?resize=700%2C400&ssl=1 2x, https:\/\/i0.wp.com\/lasprimeras.com.do\/wp-content\/uploads\/2025\/02\/WhatsApp-Image-2025-02-14-at-7.13.23-AM.jpeg?resize=1050%2C600&ssl=1 3x"},"classes":[]},{"id":116103,"url":"https:\/\/lasprimeras.com.do\/index.php\/2025\/11\/27\/luis-el-gallo-demanda-en-navidad-fin-de-la-usura-en-los-precios-de-los-comestibles\/","url_meta":{"origin":54579,"position":4},"title":"Luis \u201cEl Gallo\u201d demanda en navidad fin de la usura en los precios de los comestibles","author":"Nelson Feliz","date":"27 de noviembre de 2025","format":false,"excerpt":"El presidente de la Uni\u00f3n Dem\u00f3crata Cristiana \u2013UDC-, Luis Acosta Moreta, Luis \u201cEl Gallo\u201d pidi\u00f3 hoy que se establezca una estricta vigilancia en esta etapa final del a\u00f1o, para evitar que se aumenten los precios de los productos de primera necesidad. Indic\u00f3 que a diario los agiotistas reajustan los precios\u2026","rel":"","context":"En \u00abPOLITICA\u00bb","block_context":{"text":"POLITICA","link":"https:\/\/lasprimeras.com.do\/index.php\/category\/politica\/"},"img":{"alt_text":"Luis Acosta Moreta","src":"https:\/\/i0.wp.com\/lasprimeras.com.do\/wp-content\/uploads\/2024\/02\/Luis-Acosta-Moreta-2.jpg?resize=350%2C200&ssl=1","width":350,"height":200,"srcset":"https:\/\/i0.wp.com\/lasprimeras.com.do\/wp-content\/uploads\/2024\/02\/Luis-Acosta-Moreta-2.jpg?resize=350%2C200&ssl=1 1x, https:\/\/i0.wp.com\/lasprimeras.com.do\/wp-content\/uploads\/2024\/02\/Luis-Acosta-Moreta-2.jpg?resize=525%2C300&ssl=1 1.5x, https:\/\/i0.wp.com\/lasprimeras.com.do\/wp-content\/uploads\/2024\/02\/Luis-Acosta-Moreta-2.jpg?resize=700%2C400&ssl=1 2x"},"classes":[]},{"id":84903,"url":"https:\/\/lasprimeras.com.do\/index.php\/2024\/06\/17\/luis-el-gallo-demanda-gobierno-detenga-alto-al-aumento-de-precio-en-la-canasta-familiar\/","url_meta":{"origin":54579,"position":5},"title":"Luis \u201cEl Gallo\u201d demanda: \u00a1gobierno detenga alto al aumento de precio en la canasta familiar!","author":"Nelson Feliz","date":"17 de junio de 2024","format":false,"excerpt":"Acosta Moreta pide al gobierno proh\u00edba el reajuste de los pasajes y los servicios. El presidente de la Uni\u00f3n Dem\u00f3crata Cristiana \u2013UDC-, Luis Acosta Moreta, Luis \u201cEl Gallo\u201d, demand\u00f3 hoy una gran unidad\u00a0 c\u00edvica\u00a0 nacional, para hacer frente al alto costo de la\u00a0 canasta alimenticia, y los aumentos en los\u2026","rel":"","context":"En \u00abPORTADA\u00bb","block_context":{"text":"PORTADA","link":"https:\/\/lasprimeras.com.do\/index.php\/category\/portada\/"},"img":{"alt_text":"LUIS ACOSTA MORETA","src":"https:\/\/i0.wp.com\/lasprimeras.com.do\/wp-content\/uploads\/2024\/06\/LUIS-ACOSTA-MORETA-4.jpg?resize=350%2C200&ssl=1","width":350,"height":200,"srcset":"https:\/\/i0.wp.com\/lasprimeras.com.do\/wp-content\/uploads\/2024\/06\/LUIS-ACOSTA-MORETA-4.jpg?resize=350%2C200&ssl=1 1x, https:\/\/i0.wp.com\/lasprimeras.com.do\/wp-content\/uploads\/2024\/06\/LUIS-ACOSTA-MORETA-4.jpg?resize=525%2C300&ssl=1 1.5x, https:\/\/i0.wp.com\/lasprimeras.com.do\/wp-content\/uploads\/2024\/06\/LUIS-ACOSTA-MORETA-4.jpg?resize=700%2C400&ssl=1 2x"},"classes":[]}],"jetpack_sharing_enabled":true,"_links":{"self":[{"href":"https:\/\/lasprimeras.com.do\/index.php\/wp-json\/wp\/v2\/posts\/54579","targetHints":{"allow":["GET"]}}],"collection":[{"href":"https:\/\/lasprimeras.com.do\/index.php\/wp-json\/wp\/v2\/posts"}],"about":[{"href":"https:\/\/lasprimeras.com.do\/index.php\/wp-json\/wp\/v2\/types\/post"}],"author":[{"embeddable":true,"href":"https:\/\/lasprimeras.com.do\/index.php\/wp-json\/wp\/v2\/users\/2"}],"replies":[{"embeddable":true,"href":"https:\/\/lasprimeras.com.do\/index.php\/wp-json\/wp\/v2\/comments?post=54579"}],"version-history":[{"count":1,"href":"https:\/\/lasprimeras.com.do\/index.php\/wp-json\/wp\/v2\/posts\/54579\/revisions"}],"predecessor-version":[{"id":54581,"href":"https:\/\/lasprimeras.com.do\/index.php\/wp-json\/wp\/v2\/posts\/54579\/revisions\/54581"}],"wp:featuredmedia":[{"embeddable":true,"href":"https:\/\/lasprimeras.com.do\/index.php\/wp-json\/wp\/v2\/media\/54580"}],"wp:attachment":[{"href":"https:\/\/lasprimeras.com.do\/index.php\/wp-json\/wp\/v2\/media?parent=54579"}],"wp:term":[{"taxonomy":"category","embeddable":true,"href":"https:\/\/lasprimeras.com.do\/index.php\/wp-json\/wp\/v2\/categories?post=54579"},{"taxonomy":"post_tag","embeddable":true,"href":"https:\/\/lasprimeras.com.do\/index.php\/wp-json\/wp\/v2\/tags?post=54579"}],"curies":[{"name":"wp","href":"https:\/\/api.w.org\/{rel}","templated":true}]}}