{"id":54633,"date":"2023-07-12T21:02:11","date_gmt":"2023-07-13T01:02:11","guid":{"rendered":"https:\/\/lasprimeras.com.do\/?p=54633"},"modified":"2023-07-12T21:02:12","modified_gmt":"2023-07-13T01:02:12","slug":"gobierno-y-adp-anunciaran-gran-acuerdo-en-favor-de-la-educacion-dominicana","status":"publish","type":"post","link":"https:\/\/lasprimeras.com.do\/index.php\/2023\/07\/12\/gobierno-y-adp-anunciaran-gran-acuerdo-en-favor-de-la-educacion-dominicana\/","title":{"rendered":"Gobierno y ADP anunciar\u00e1n &#8220;gran acuerdo&#8221; en favor de la educaci\u00f3n dominicana"},"content":{"rendered":"\n<p><strong>Las partes socializaron 10 puntos sobre la educaci\u00f3n y condici\u00f3n de los docentes.<\/strong><\/p>\n\n\n\n<p>Tras varias reuniones en las que se debat\u00edan 10 puntos claves, el Ministerio de Educaci\u00f3n (Minerd) y la Asociaci\u00f3n Dominicana de Profesores (ADP) arribaron la tarde de este mi\u00e9rcoles a un &#8220;gran acuerdo&#8221; con el objetivo de mejorar el rezagado modelo educativo de la naci\u00f3n, el cual ser\u00e1 anunciado el 24 de julio.<\/p>\n\n\n\n<p>Las reuniones fueron encabezadas por el presidente de la Rep\u00fablica, Luis Abinader, en la casa de Gobierno, y ser\u00e1 la Presidencia quien dar\u00e1 el anuncio oficial en los pr\u00f3ximos d\u00edas sobre el pacto.<\/p>\n\n\n\n<p>El pacto incluye mejora de las pensiones y salarios de los docentes, as\u00ed como las mejoras de los planteles y el impulso de la calidad educativa por parte del Minerd, seg\u00fan adelant\u00f3 el defensor del Pueblo, Pablo Ulloa, quien fungi\u00f3 como mediador entre las partes.<\/p>\n\n\n\n<p><strong>La reacci\u00f3n de la ADP<\/strong><\/p>\n\n\n\n<p>De su lado, Eduardo Hidalgo, presidente de la ADP, dijo que el gremio incluir\u00e1 novedades a los 10 puntos del acuerdo y que el pr\u00f3ximo lunes se reunir\u00e1n con el Minerd en la Defensor\u00eda del Pueblo para terminar de concretizarlo.<\/p>\n\n\n\n<p>El tambi\u00e9n diputado dijo que su sector luchaba por un salario m\u00ednimo de RD$50,000, pero no se lleg\u00f3 a ese monto. Tambi\u00e9n abog\u00f3 por la mejora de las estructuras f\u00edsicas de las aulas, la seguridad social, mejores pensiones y aumento salarial, del que no especific\u00f3 montos.<\/p>\n\n\n\n<p>Hidalgo explic\u00f3 que la ADP les preocupa la paralizaci\u00f3n de docencia por la mala alimentaci\u00f3n de los alumnos, as\u00ed como las p\u00e9simas condiciones f\u00edsicas de las escuelas, cuyas condiciones es el Estado que deben garantizarlas, pero no lo hace.<\/p>\n\n\n\n<p>Cuando eso pase, &#8220;no va haber ese tipo de paralizaci\u00f3n&#8221;, expres\u00f3 el gremialista tras salir de la asamblea en el Palacio Nacional.<\/p>\n\n\n\n<p>Cuestionado sobre qu\u00e9 papel tendr\u00e1n los padres de los alumnos en el tema educativo, Hidalgo indic\u00f3 que estos est\u00e1n contemplados que participen en las mesas de di\u00e1logo que se har\u00e1n en las regionales y distritos educativos.<\/p>\n\n\n\n<p>Fuente Diario Libre<\/p>\n","protected":false},"excerpt":{"rendered":"<p>Las partes socializaron 10 puntos sobre la educaci\u00f3n y condici\u00f3n de los docentes. Tras varias reuniones en las que se debat\u00edan 10 puntos claves, el Ministerio de Educaci\u00f3n (Minerd) y&hellip;<\/p>\n","protected":false},"author":2,"featured_media":53144,"comment_status":"open","ping_status":"open","sticky":false,"template":"","format":"standard","meta":{"content-type":"","jetpack_post_was_ever_published":false,"_jetpack_newsletter_access":"","_jetpack_dont_email_post_to_subs":false,"_jetpack_newsletter_tier_id":0,"_jetpack_memberships_contains_paywalled_content":false,"_jetpack_memberships_contains_paid_content":false,"footnotes":""},"categories":[35],"tags":[882,549,893,171,4651],"class_list":["post-54633","post","type-post","status-publish","format-standard","has-post-thumbnail","hentry","category-nacionales","tag-adp","tag-dominicana","tag-educacion","tag-gobierno","tag-gran-acuerdo"],"jetpack_featured_media_url":"https:\/\/lasprimeras.com.do\/wp-content\/uploads\/2023\/06\/Eduardo-Hidalgo.jpeg","jetpack-related-posts":[{"id":120924,"url":"https:\/\/lasprimeras.com.do\/index.php\/2026\/01\/29\/minerd-y-adp-acuerdan-disposiciones-que-amplian-la-participacion-docente-en-la-evaluacion-de-desempeno-docente-2025\/","url_meta":{"origin":54633,"position":0},"title":"MINERD y ADP acuerdan disposiciones que ampl\u00edan la participaci\u00f3n docente en la Evaluaci\u00f3n de Desempe\u00f1o Docente 2025","author":"Nelson Feliz","date":"29 de enero de 2026","format":false,"excerpt":"El Ministerio de Educaci\u00f3n de la Rep\u00fablica Dominicana (MINERD) y la Asociaci\u00f3n Dominicana de Profesores (ADP) suscribieron un acuerdo institucional que establece criterios claros y disposiciones especiales orientadas a ampliar la participaci\u00f3n del personal docente del sistema p\u00fablico preuniversitario, garantizando transparencia, equidad y apego a la normativa vigente. Conforme a\u2026","rel":"","context":"En \u00abNACIONALES\u00bb","block_context":{"text":"NACIONALES","link":"https:\/\/lasprimeras.com.do\/index.php\/category\/nacionales\/"},"img":{"alt_text":"","src":"https:\/\/i0.wp.com\/lasprimeras.com.do\/wp-content\/uploads\/2026\/01\/IMG-20260129-WA02761.jpg?resize=350%2C200&ssl=1","width":350,"height":200,"srcset":"https:\/\/i0.wp.com\/lasprimeras.com.do\/wp-content\/uploads\/2026\/01\/IMG-20260129-WA02761.jpg?resize=350%2C200&ssl=1 1x, https:\/\/i0.wp.com\/lasprimeras.com.do\/wp-content\/uploads\/2026\/01\/IMG-20260129-WA02761.jpg?resize=525%2C300&ssl=1 1.5x, https:\/\/i0.wp.com\/lasprimeras.com.do\/wp-content\/uploads\/2026\/01\/IMG-20260129-WA02761.jpg?resize=700%2C400&ssl=1 2x, https:\/\/i0.wp.com\/lasprimeras.com.do\/wp-content\/uploads\/2026\/01\/IMG-20260129-WA02761.jpg?resize=1050%2C600&ssl=1 3x, https:\/\/i0.wp.com\/lasprimeras.com.do\/wp-content\/uploads\/2026\/01\/IMG-20260129-WA02761.jpg?resize=1400%2C800&ssl=1 4x"},"classes":[]},{"id":49206,"url":"https:\/\/lasprimeras.com.do\/index.php\/2023\/05\/09\/adp-espera-segundo-aumento-salarial-pactado-en-2021\/","url_meta":{"origin":54633,"position":1},"title":"ADP espera segundo aumento salarial pactado en 2021","author":"prenxa100","date":"9 de mayo de 2023","format":false,"excerpt":"SANTO DOMINGO.-.La Asociaci\u00f3n Dominicana de Profesores (ADP) espera que el segundo aumento salarial pactado en 2021 con el Ministerio de Educaci\u00f3n -con el presidente Luis Abinader como testigo- se aplique en este a\u00f1o, tal como fue acordado. Este fue uno de los puntos tratados en una reuni\u00f3n del Comit\u00e9 Ejecutivo\u2026","rel":"","context":"En \u00abECONOM\u00cdA\u00bb","block_context":{"text":"ECONOM\u00cdA","link":"https:\/\/lasprimeras.com.do\/index.php\/category\/economia\/"},"img":{"alt_text":"","src":"","width":0,"height":0},"classes":[]},{"id":123866,"url":"https:\/\/lasprimeras.com.do\/index.php\/2026\/03\/06\/minerd-rechaza-paros-injustificados-de-docentes-que-atentan-contra-cumplimiento-del-calendario-escolar\/","url_meta":{"origin":54633,"position":2},"title":"MINERD rechaza paros injustificados de docentes que atentan contra cumplimiento del calendario escolar","author":"Nelson Feliz","date":"6 de marzo de 2026","format":false,"excerpt":"El Ministerio de Educaci\u00f3n de la Rep\u00fablica Dominicana (MINERD) rechaz\u00f3 este mi\u00e9rcoles los paros injustificados de docencia convocados por la Asociaci\u00f3n Dominicana de Profesores (ADP) en algunas provincias del pa\u00eds, al afirmar que esta paralizaci\u00f3n atenta contra el cumplimiento del calendario escolar y vulnera el derecho fundamental a la educaci\u00f3n\u2026","rel":"","context":"En \u00abNACIONALES\u00bb","block_context":{"text":"NACIONALES","link":"https:\/\/lasprimeras.com.do\/index.php\/category\/nacionales\/"},"img":{"alt_text":"Ministerio de Educaci\u00f3n","src":"https:\/\/i0.wp.com\/lasprimeras.com.do\/wp-content\/uploads\/2025\/05\/Ministerio-de-Educacion.jpg?resize=350%2C200&ssl=1","width":350,"height":200,"srcset":"https:\/\/i0.wp.com\/lasprimeras.com.do\/wp-content\/uploads\/2025\/05\/Ministerio-de-Educacion.jpg?resize=350%2C200&ssl=1 1x, https:\/\/i0.wp.com\/lasprimeras.com.do\/wp-content\/uploads\/2025\/05\/Ministerio-de-Educacion.jpg?resize=525%2C300&ssl=1 1.5x, https:\/\/i0.wp.com\/lasprimeras.com.do\/wp-content\/uploads\/2025\/05\/Ministerio-de-Educacion.jpg?resize=700%2C400&ssl=1 2x"},"classes":[]},{"id":109943,"url":"https:\/\/lasprimeras.com.do\/index.php\/2025\/09\/23\/adp-defiende-la-educacion-publica-y-el-derecho-de-los-estudiantes\/","url_meta":{"origin":54633,"position":3},"title":"ADP defiende la educaci\u00f3n p\u00fablica y el derecho de los estudiantes","author":"Nelson Feliz","date":"23 de septiembre de 2025","format":false,"excerpt":"La ADP alza su voz frente a: La corrupci\u00f3n. La privatizaci\u00f3n. El abandono del sistema educativo. Los graves problemas educativos. Y propone medidas para enfrentar la crisis educativa. \u201cEl 10% de los estudiantes inscritos en escuelas p\u00fablicas no pudieron iniciar clases el 25 de agosto por falta de condiciones m\u00ednimas,\u2026","rel":"","context":"En \u00abNACIONALES\u00bb","block_context":{"text":"NACIONALES","link":"https:\/\/lasprimeras.com.do\/index.php\/category\/nacionales\/"},"img":{"alt_text":"","src":"https:\/\/i0.wp.com\/lasprimeras.com.do\/wp-content\/uploads\/2025\/09\/ADP-1.jpg?resize=350%2C200&ssl=1","width":350,"height":200,"srcset":"https:\/\/i0.wp.com\/lasprimeras.com.do\/wp-content\/uploads\/2025\/09\/ADP-1.jpg?resize=350%2C200&ssl=1 1x, https:\/\/i0.wp.com\/lasprimeras.com.do\/wp-content\/uploads\/2025\/09\/ADP-1.jpg?resize=525%2C300&ssl=1 1.5x, https:\/\/i0.wp.com\/lasprimeras.com.do\/wp-content\/uploads\/2025\/09\/ADP-1.jpg?resize=700%2C400&ssl=1 2x"},"classes":[]},{"id":119207,"url":"https:\/\/lasprimeras.com.do\/index.php\/2026\/01\/08\/profesores-protestan-contra-fusion-del-minerd-mescyt-advierten-afectara-la-calidad-educativa\/","url_meta":{"origin":54633,"position":4},"title":"Profesores protestan contra fusi\u00f3n del Minerd-Mescyt; advierten afectar\u00e1 la calidad educativa","author":"Nelson Feliz","date":"8 de enero de 2026","format":false,"excerpt":"El presidente de la ADP, Eduardo Hidalgo, exhort\u00f3 a los sectores que se oponen a articular un gran movimiento nacional. Profesores realizaron la tarde de este jueves una parada c\u00edvica en el Parque Independencia, en el Distrito Nacional, en rechazo a la propuesta de fusi\u00f3n entre el Ministerio de Educaci\u00f3n\u2026","rel":"","context":"En \u00abNACIONALES\u00bb","block_context":{"text":"NACIONALES","link":"https:\/\/lasprimeras.com.do\/index.php\/category\/nacionales\/"},"img":{"alt_text":"protesta","src":"https:\/\/i0.wp.com\/lasprimeras.com.do\/wp-content\/uploads\/2026\/01\/protesta.jpeg?resize=350%2C200&ssl=1","width":350,"height":200,"srcset":"https:\/\/i0.wp.com\/lasprimeras.com.do\/wp-content\/uploads\/2026\/01\/protesta.jpeg?resize=350%2C200&ssl=1 1x, https:\/\/i0.wp.com\/lasprimeras.com.do\/wp-content\/uploads\/2026\/01\/protesta.jpeg?resize=525%2C300&ssl=1 1.5x, https:\/\/i0.wp.com\/lasprimeras.com.do\/wp-content\/uploads\/2026\/01\/protesta.jpeg?resize=700%2C400&ssl=1 2x, https:\/\/i0.wp.com\/lasprimeras.com.do\/wp-content\/uploads\/2026\/01\/protesta.jpeg?resize=1050%2C600&ssl=1 3x"},"classes":[]},{"id":52826,"url":"https:\/\/lasprimeras.com.do\/index.php\/2023\/06\/21\/abinader-impulsa-acuerdo-nacional-entre-adp-y-educacion\/","url_meta":{"origin":54633,"position":5},"title":"Abinader impulsa acuerdo nacional entre ADP y Educaci\u00f3n","author":"Nelson Feliz","date":"21 de junio de 2023","format":false,"excerpt":"El presidente Luis Abinader se reuni\u00f3 con los directivos de la Asociaci\u00f3n Dominicana de Profesores (ADP) Eduardo Hidalgo y el ministro de Educaci\u00f3n \u00c1ngel Hern\u00e1ndez e insta a un gran acuerdo nacional. La informaci\u00f3n la ofreci\u00f3 el Defensor del Pueblo, Pablo Ulloa, al finalizar la reuni\u00f3n de dos horas realizada\u2026","rel":"","context":"En \u00abNACIONALES\u00bb","block_context":{"text":"NACIONALES","link":"https:\/\/lasprimeras.com.do\/index.php\/category\/nacionales\/"},"img":{"alt_text":"Luis Abinader","src":"https:\/\/i0.wp.com\/lasprimeras.com.do\/wp-content\/uploads\/2023\/06\/Luis-Abinader-5.jpg?resize=350%2C200&ssl=1","width":350,"height":200,"srcset":"https:\/\/i0.wp.com\/lasprimeras.com.do\/wp-content\/uploads\/2023\/06\/Luis-Abinader-5.jpg?resize=350%2C200&ssl=1 1x, https:\/\/i0.wp.com\/lasprimeras.com.do\/wp-content\/uploads\/2023\/06\/Luis-Abinader-5.jpg?resize=525%2C300&ssl=1 1.5x, https:\/\/i0.wp.com\/lasprimeras.com.do\/wp-content\/uploads\/2023\/06\/Luis-Abinader-5.jpg?resize=700%2C400&ssl=1 2x"},"classes":[]}],"jetpack_sharing_enabled":true,"_links":{"self":[{"href":"https:\/\/lasprimeras.com.do\/index.php\/wp-json\/wp\/v2\/posts\/54633","targetHints":{"allow":["GET"]}}],"collection":[{"href":"https:\/\/lasprimeras.com.do\/index.php\/wp-json\/wp\/v2\/posts"}],"about":[{"href":"https:\/\/lasprimeras.com.do\/index.php\/wp-json\/wp\/v2\/types\/post"}],"author":[{"embeddable":true,"href":"https:\/\/lasprimeras.com.do\/index.php\/wp-json\/wp\/v2\/users\/2"}],"replies":[{"embeddable":true,"href":"https:\/\/lasprimeras.com.do\/index.php\/wp-json\/wp\/v2\/comments?post=54633"}],"version-history":[{"count":1,"href":"https:\/\/lasprimeras.com.do\/index.php\/wp-json\/wp\/v2\/posts\/54633\/revisions"}],"predecessor-version":[{"id":54634,"href":"https:\/\/lasprimeras.com.do\/index.php\/wp-json\/wp\/v2\/posts\/54633\/revisions\/54634"}],"wp:featuredmedia":[{"embeddable":true,"href":"https:\/\/lasprimeras.com.do\/index.php\/wp-json\/wp\/v2\/media\/53144"}],"wp:attachment":[{"href":"https:\/\/lasprimeras.com.do\/index.php\/wp-json\/wp\/v2\/media?parent=54633"}],"wp:term":[{"taxonomy":"category","embeddable":true,"href":"https:\/\/lasprimeras.com.do\/index.php\/wp-json\/wp\/v2\/categories?post=54633"},{"taxonomy":"post_tag","embeddable":true,"href":"https:\/\/lasprimeras.com.do\/index.php\/wp-json\/wp\/v2\/tags?post=54633"}],"curies":[{"name":"wp","href":"https:\/\/api.w.org\/{rel}","templated":true}]}}