{"id":54638,"date":"2023-06-15T21:13:00","date_gmt":"2023-06-16T01:13:00","guid":{"rendered":"https:\/\/lasprimeras.com.do\/?p=54638"},"modified":"2023-07-12T21:16:11","modified_gmt":"2023-07-13T01:16:11","slug":"hay-turbulencia-para-el-prm-en-sde-con-manuel-jimenez-alfredo-pacheco-responde","status":"publish","type":"post","link":"https:\/\/lasprimeras.com.do\/index.php\/2023\/06\/15\/hay-turbulencia-para-el-prm-en-sde-con-manuel-jimenez-alfredo-pacheco-responde\/","title":{"rendered":"\u00bfHay \u201cturbulencia\u201d para el PRM en SDE con Manuel Jim\u00e9nez?, Alfredo Pacheco responde"},"content":{"rendered":"\n<p>El miembro de la Direcci\u00f3n Ejecutiva del Partido Revolucionario Moderno (PRM), Alfredo Pacheco, manifest\u00f3 en d\u00edas pasados que actualmente existe una especie de \u201cturbulencia\u201d con miras a la retenci\u00f3n de la Alcald\u00eda de Santo Domingo Este que preside Manuel Jim\u00e9nez.<\/p>\n\n\n\n<p>\u201cTendremos turbulencia, es normal, en plazas importantes (\u2026) En Santo Domingo Este porque tenemos una situaci\u00f3n con el alcalde, que es un excelente y valioso compa\u00f1ero Manuel Jim\u00e9nez, amigo m\u00edo en lo personal pero ha tenido dificultad\u201d, dijo.<\/p>\n\n\n\n<p>Pacheco, asegur\u00f3 que a diferencia de Santo Domingo Este, el partido oficialista tiene todas las de ganar la alcald\u00eda y senadur\u00eda del Distrito Nacional donde mantiene una notable fortaleza.<\/p>\n\n\n\n<p>\u201cSanto Domingo Este es una plaza compleja porque ciertamente nadie puede exhibir fortaleza de manera individual. La capital es grande, sin embargo la capital en el Distrito Nacional el PRM es fuerte y el que sea candidato a la alcald\u00eda y a la senadur\u00eda del PRM va a ganar, no puedo decir lo mismo en Santo Domingo Este\u201d, refiri\u00f3.<\/p>\n\n\n\n<p>El veterano dirigente y presidente de la C\u00e1mara de Diputados, adelant\u00f3 que a pesar de la situaci\u00f3n trabajan en la conformaci\u00f3n de una \u201cbuena boleta\u201d en Santo Domingo Este.<\/p>\n\n\n\n<p>\u201cVamos a tratar de conformar una buena boleta (\u2026) En Santo Domingo Este muchos abogamos porque el m\u00e9todo ah\u00ed sea diferente\u201d, puntualiz\u00f3 Pacheco al participar en un programa digital.<\/p>\n\n\n\n<p>De inmediato, estas declaraciones de Alfredo Pacheco han puesto en alerta a los activistas pol\u00edticos del Partido de la Liberaci\u00f3n Dominicana (PLD) que apoyan las aspiraciones de Luis Alberto Tejeda por ser la \u00fanica organizaci\u00f3n que ha definido un candidato a la principal posici\u00f3n municipal.<\/p>\n\n\n\n<p>Cabe resaltar que la principal queja de los ciudadanos residentes en el municipio Santo Domingo Este durante la gesti\u00f3n de Manuel Jim\u00e9nez como alcalde, es el problema de la recogida de basura, situaci\u00f3n que en alrededor de tres ocasiones provoc\u00f3 la intervenci\u00f3n del gobierno central para su limpieza.<\/p>\n\n\n\n<p>Fuente HOY<\/p>\n","protected":false},"excerpt":{"rendered":"<p>El miembro de la Direcci\u00f3n Ejecutiva del Partido Revolucionario Moderno (PRM), Alfredo Pacheco, manifest\u00f3 en d\u00edas pasados que actualmente existe una especie de \u201cturbulencia\u201d con miras a la retenci\u00f3n de&hellip;<\/p>\n","protected":false},"author":2,"featured_media":54639,"comment_status":"open","ping_status":"open","sticky":false,"template":"","format":"standard","meta":{"content-type":"","jetpack_post_was_ever_published":false,"_jetpack_newsletter_access":"","_jetpack_dont_email_post_to_subs":false,"_jetpack_newsletter_tier_id":0,"_jetpack_memberships_contains_paywalled_content":false,"_jetpack_memberships_contains_paid_content":false,"footnotes":""},"categories":[1],"tags":[1827,196,31,1016,4652],"class_list":["post-54638","post","type-post","status-publish","format-standard","has-post-thumbnail","hentry","category-sin-categoria","tag-alfredo-pacheco","tag-manuel-jimenez","tag-prm","tag-sde","tag-turbulencia"],"jetpack_featured_media_url":"https:\/\/lasprimeras.com.do\/wp-content\/uploads\/2023\/07\/pacheco.jpg","jetpack-related-posts":[{"id":104265,"url":"https:\/\/lasprimeras.com.do\/index.php\/2025\/07\/22\/ricardo-de-los-santos-y-alfredo-pacheco-seguiran-al-frente-del-senado-y-camara-de-diputados\/","url_meta":{"origin":54638,"position":0},"title":"Ricardo de los Santos y Alfredo Pacheco seguir\u00e1n al frente del Senado y C\u00e1mara de Diputados","author":"Nelson Feliz","date":"22 de julio de 2025","format":false,"excerpt":"La Direcci\u00f3n Ejecutiva del PRM los confirm\u00f3 junto a sus respectivos equipos. La direcci\u00f3n ejecutiva del Partido Revolucionario Moderno (PRM) decidi\u00f3 ratificar a sus legisladores la continuidad de los actuales bufetes directivos del Senado de la Rep\u00fablica y la C\u00e1mara de Diputados. De acuerdo a una nota de prensa, el\u2026","rel":"","context":"En \u00abPOLITICA\u00bb","block_context":{"text":"POLITICA","link":"https:\/\/lasprimeras.com.do\/index.php\/category\/politica\/"},"img":{"alt_text":"","src":"https:\/\/i0.wp.com\/lasprimeras.com.do\/wp-content\/uploads\/2025\/07\/prm.jpg?resize=350%2C200&ssl=1","width":350,"height":200,"srcset":"https:\/\/i0.wp.com\/lasprimeras.com.do\/wp-content\/uploads\/2025\/07\/prm.jpg?resize=350%2C200&ssl=1 1x, https:\/\/i0.wp.com\/lasprimeras.com.do\/wp-content\/uploads\/2025\/07\/prm.jpg?resize=525%2C300&ssl=1 1.5x, https:\/\/i0.wp.com\/lasprimeras.com.do\/wp-content\/uploads\/2025\/07\/prm.jpg?resize=700%2C400&ssl=1 2x"},"classes":[]},{"id":103652,"url":"https:\/\/lasprimeras.com.do\/index.php\/2025\/07\/17\/manuel-jimenez-exhorta-a-diputados-aprobar-ley-que-asigna-nombre-la-trinitaria-a-santo-domingo-este\/","url_meta":{"origin":54638,"position":1},"title":"Manuel Jim\u00e9nez exhorta a diputados aprobar Ley que asigna nombre &#8220;La Trinitaria&#8221; a Santo Domingo Este","author":"Nelson Feliz","date":"17 de julio de 2025","format":false,"excerpt":"El dirigente pol\u00edtico del Partido Revolucionario Moderno (PRM) Manuel Jim\u00e9nez, exhort\u00f3 a la C\u00e1mara de Diputados a avanzar en la discusi\u00f3n del proyecto que asigna el nombre de La Trinitaria al municipio Santo Domingo Este. El ex alcalde record\u00f3 que cientos de dirigentes comunitarios, pol\u00edticos y empresarios han celebrado vistas\u2026","rel":"","context":"En \u00abNACIONALES\u00bb","block_context":{"text":"NACIONALES","link":"https:\/\/lasprimeras.com.do\/index.php\/category\/nacionales\/"},"img":{"alt_text":"Manuel Jim\u00e9nez","src":"https:\/\/i0.wp.com\/lasprimeras.com.do\/wp-content\/uploads\/2025\/07\/Manuel-Jimenez-1.jpg?resize=350%2C200&ssl=1","width":350,"height":200,"srcset":"https:\/\/i0.wp.com\/lasprimeras.com.do\/wp-content\/uploads\/2025\/07\/Manuel-Jimenez-1.jpg?resize=350%2C200&ssl=1 1x, https:\/\/i0.wp.com\/lasprimeras.com.do\/wp-content\/uploads\/2025\/07\/Manuel-Jimenez-1.jpg?resize=525%2C300&ssl=1 1.5x, https:\/\/i0.wp.com\/lasprimeras.com.do\/wp-content\/uploads\/2025\/07\/Manuel-Jimenez-1.jpg?resize=700%2C400&ssl=1 2x"},"classes":[]},{"id":61950,"url":"https:\/\/lasprimeras.com.do\/index.php\/2023\/10\/02\/prm-castiga-a-manuel-jimenez-y-escoge-a-dio-astacio-para-alcaldia-de-santo-domingo-este\/","url_meta":{"origin":54638,"position":2},"title":"PRM castiga a Manuel Jim\u00e9nez y escoge a D\u00edo Astacio para alcald\u00eda de Santo Domingo Este","author":"BIMARY DE JES\u00daS Matos","date":"2 de octubre de 2023","format":false,"excerpt":"Santo Domingo.-Las elecciones internas del Partido Revolucionario Moderno (PRM), realizadas ayer en el territorio dominicano para elegir a los candidatos que intentar\u00e1n obtener las curules en los pr\u00f3ximos comicios de 2024, establecieron una diferencia ante las encuestas difundidas en los \u00faltimos d\u00edas. Entre los aspirantes electorales que desde antes de\u2026","rel":"","context":"En \u00abPORTADA\u00bb","block_context":{"text":"PORTADA","link":"https:\/\/lasprimeras.com.do\/index.php\/category\/portada\/"},"img":{"alt_text":"","src":"https:\/\/i0.wp.com\/lasprimeras.com.do\/wp-content\/uploads\/2023\/10\/WhatsApp-Image-2023-09-28-at-11.50.30-PM-1-6.jpeg?resize=350%2C200&ssl=1","width":350,"height":200,"srcset":"https:\/\/i0.wp.com\/lasprimeras.com.do\/wp-content\/uploads\/2023\/10\/WhatsApp-Image-2023-09-28-at-11.50.30-PM-1-6.jpeg?resize=350%2C200&ssl=1 1x, https:\/\/i0.wp.com\/lasprimeras.com.do\/wp-content\/uploads\/2023\/10\/WhatsApp-Image-2023-09-28-at-11.50.30-PM-1-6.jpeg?resize=525%2C300&ssl=1 1.5x, https:\/\/i0.wp.com\/lasprimeras.com.do\/wp-content\/uploads\/2023\/10\/WhatsApp-Image-2023-09-28-at-11.50.30-PM-1-6.jpeg?resize=700%2C400&ssl=1 2x"},"classes":[]},{"id":120697,"url":"https:\/\/lasprimeras.com.do\/index.php\/2026\/01\/27\/manuel-jimenez-recomienda-funcionarios-y-politicos-tengan-a-duarte-como-guia\/","url_meta":{"origin":54638,"position":3},"title":"Manuel Jim\u00e9nez recomienda funcionarios y pol\u00edticos tengan a Duarte como gu\u00eda","author":"Nelson Feliz","date":"27 de enero de 2026","format":false,"excerpt":"El dirigente pol\u00edtico asegur\u00f3 que Duarte es el ejemplo de eficiencia y honestidad que todo gobierno necesita segu\u00edr. En el marco de un acto conmemorativo de los 213 a\u00f1os del natalicio de Juan Pablo Duarte, el dirigente pol\u00edtico y gestor cultural Manuel Jim\u00e9nez exhort\u00f3 a todos los servidores p\u00fablicos del\u2026","rel":"","context":"En \u00abNACIONALES\u00bb","block_context":{"text":"NACIONALES","link":"https:\/\/lasprimeras.com.do\/index.php\/category\/nacionales\/"},"img":{"alt_text":"","src":"https:\/\/i0.wp.com\/lasprimeras.com.do\/wp-content\/uploads\/2026\/01\/IMG-20260126-WA0727.jpg?resize=350%2C200&ssl=1","width":350,"height":200,"srcset":"https:\/\/i0.wp.com\/lasprimeras.com.do\/wp-content\/uploads\/2026\/01\/IMG-20260126-WA0727.jpg?resize=350%2C200&ssl=1 1x, https:\/\/i0.wp.com\/lasprimeras.com.do\/wp-content\/uploads\/2026\/01\/IMG-20260126-WA0727.jpg?resize=525%2C300&ssl=1 1.5x, https:\/\/i0.wp.com\/lasprimeras.com.do\/wp-content\/uploads\/2026\/01\/IMG-20260126-WA0727.jpg?resize=700%2C400&ssl=1 2x, https:\/\/i0.wp.com\/lasprimeras.com.do\/wp-content\/uploads\/2026\/01\/IMG-20260126-WA0727.jpg?resize=1050%2C600&ssl=1 3x, https:\/\/i0.wp.com\/lasprimeras.com.do\/wp-content\/uploads\/2026\/01\/IMG-20260126-WA0727.jpg?resize=1400%2C800&ssl=1 4x"},"classes":[]},{"id":103903,"url":"https:\/\/lasprimeras.com.do\/index.php\/2025\/07\/20\/alfredo-pacheco-lidera-preferencias-para-secretaria-general-prm\/","url_meta":{"origin":54638,"position":4},"title":"Alfredo Pacheco lidera preferencias para Secretar\u00eda General PRM","author":"Nelson Feliz","date":"20 de julio de 2025","format":false,"excerpt":"El actual presidente de la C\u00e1mara de Diputados, Alfredo Pacheco, se posiciona como el favorito para asumir la secretar\u00eda general del Partido Revolucionario Moderno (PRM), seg\u00fan una reciente encuesta realizada por la firma ACD Media. En un primer escenario consultando a la poblaci\u00f3n general, el 42.2% manifest\u00f3 preferencia por Pacheco,\u2026","rel":"","context":"En \u00abPOLITICA\u00bb","block_context":{"text":"POLITICA","link":"https:\/\/lasprimeras.com.do\/index.php\/category\/politica\/"},"img":{"alt_text":"Presidente de la C\u00e1mara de Diputados, Alfredo Pacheco. Foto: Diputados v\u00eda Twitter.","src":"https:\/\/i0.wp.com\/lasprimeras.com.do\/wp-content\/uploads\/2024\/08\/Alfredo-Pacheco.jpeg?resize=350%2C200&ssl=1","width":350,"height":200,"srcset":"https:\/\/i0.wp.com\/lasprimeras.com.do\/wp-content\/uploads\/2024\/08\/Alfredo-Pacheco.jpeg?resize=350%2C200&ssl=1 1x, https:\/\/i0.wp.com\/lasprimeras.com.do\/wp-content\/uploads\/2024\/08\/Alfredo-Pacheco.jpeg?resize=525%2C300&ssl=1 1.5x, https:\/\/i0.wp.com\/lasprimeras.com.do\/wp-content\/uploads\/2024\/08\/Alfredo-Pacheco.jpeg?resize=700%2C400&ssl=1 2x"},"classes":[]},{"id":80046,"url":"https:\/\/lasprimeras.com.do\/index.php\/2024\/04\/03\/personalidades-se-solidarizan-con-pacheco-y-del-castillo-por-muerte-de-sus-hijos\/","url_meta":{"origin":54638,"position":5},"title":"Personalidades se solidarizan con Pacheco y Del Castillo por muerte de sus hijos","author":"BIMARY DE JES\u00daS Matos","date":"3 de abril de 2024","format":false,"excerpt":"Santo Domingo.- Varias personalidades se han solidarizado este martes con el presidente de la C\u00e1mara de Diputados, Alfredo Pacheco, y el senador por la provincia Barahona, Jos\u00e9 del Castillo Savi\u00f1\u00f3n por el fallecimiento de sus hijos en diferentes circunstancias. La muerte de Luis Alfredo Pacheco, de 34 a\u00f1os, se produjo\u2026","rel":"","context":"En \u00abPORTADA\u00bb","block_context":{"text":"PORTADA","link":"https:\/\/lasprimeras.com.do\/index.php\/category\/portada\/"},"img":{"alt_text":"","src":"https:\/\/i0.wp.com\/lasprimeras.com.do\/wp-content\/uploads\/2024\/04\/65f3a7703e1eb_jce2-1-1.webp?resize=350%2C200&ssl=1","width":350,"height":200,"srcset":"https:\/\/i0.wp.com\/lasprimeras.com.do\/wp-content\/uploads\/2024\/04\/65f3a7703e1eb_jce2-1-1.webp?resize=350%2C200&ssl=1 1x, https:\/\/i0.wp.com\/lasprimeras.com.do\/wp-content\/uploads\/2024\/04\/65f3a7703e1eb_jce2-1-1.webp?resize=525%2C300&ssl=1 1.5x, https:\/\/i0.wp.com\/lasprimeras.com.do\/wp-content\/uploads\/2024\/04\/65f3a7703e1eb_jce2-1-1.webp?resize=700%2C400&ssl=1 2x, https:\/\/i0.wp.com\/lasprimeras.com.do\/wp-content\/uploads\/2024\/04\/65f3a7703e1eb_jce2-1-1.webp?resize=1050%2C600&ssl=1 3x"},"classes":[]}],"jetpack_sharing_enabled":true,"_links":{"self":[{"href":"https:\/\/lasprimeras.com.do\/index.php\/wp-json\/wp\/v2\/posts\/54638","targetHints":{"allow":["GET"]}}],"collection":[{"href":"https:\/\/lasprimeras.com.do\/index.php\/wp-json\/wp\/v2\/posts"}],"about":[{"href":"https:\/\/lasprimeras.com.do\/index.php\/wp-json\/wp\/v2\/types\/post"}],"author":[{"embeddable":true,"href":"https:\/\/lasprimeras.com.do\/index.php\/wp-json\/wp\/v2\/users\/2"}],"replies":[{"embeddable":true,"href":"https:\/\/lasprimeras.com.do\/index.php\/wp-json\/wp\/v2\/comments?post=54638"}],"version-history":[{"count":1,"href":"https:\/\/lasprimeras.com.do\/index.php\/wp-json\/wp\/v2\/posts\/54638\/revisions"}],"predecessor-version":[{"id":54640,"href":"https:\/\/lasprimeras.com.do\/index.php\/wp-json\/wp\/v2\/posts\/54638\/revisions\/54640"}],"wp:featuredmedia":[{"embeddable":true,"href":"https:\/\/lasprimeras.com.do\/index.php\/wp-json\/wp\/v2\/media\/54639"}],"wp:attachment":[{"href":"https:\/\/lasprimeras.com.do\/index.php\/wp-json\/wp\/v2\/media?parent=54638"}],"wp:term":[{"taxonomy":"category","embeddable":true,"href":"https:\/\/lasprimeras.com.do\/index.php\/wp-json\/wp\/v2\/categories?post=54638"},{"taxonomy":"post_tag","embeddable":true,"href":"https:\/\/lasprimeras.com.do\/index.php\/wp-json\/wp\/v2\/tags?post=54638"}],"curies":[{"name":"wp","href":"https:\/\/api.w.org\/{rel}","templated":true}]}}