{"id":54722,"date":"2023-07-13T19:24:39","date_gmt":"2023-07-13T23:24:39","guid":{"rendered":"https:\/\/lasprimeras.com.do\/?p=54722"},"modified":"2023-07-13T19:24:40","modified_gmt":"2023-07-13T23:24:40","slug":"rechazan-excluir-medicos-atendieron-alburquerque-compres-en-la-carcel","status":"publish","type":"post","link":"https:\/\/lasprimeras.com.do\/index.php\/2023\/07\/13\/rechazan-excluir-medicos-atendieron-alburquerque-compres-en-la-carcel\/","title":{"rendered":"Rechazan excluir m\u00e9dicos atendieron Alburquerque Compr\u00e9s en la c\u00e1rcel"},"content":{"rendered":"\n<p>El Tercer Tribunal Colegiado del Distrito Nacional rechaz\u00f3 el pedimento del Ministerio P\u00fablico de excluir como elemento de prueba el testimonio de dos peritos, aportados como testigos de parte de la defensa del exvicealmirante F\u00e9lix Alburquerque Compr\u00e9s, acusado de darle muerte al comunicador Manuel Duncan.<\/p>\n\n\n\n<p>Tras ponderar el pedimento del \u00f3rgano acusador de excluir a los m\u00e9dicos Iv\u00e1n Calder\u00f3n Arias y Ana Villomar, en momentos separados, las magistradas decidieron rechazarlo en atenci\u00f3n a que ambos especialistas atendieron al encartado tras los aparentes golpes que recibi\u00f3 y por una dolencia mientras se encontraba recluido.<\/p>\n\n\n\n<p>La magistrada Arlin Ventura explic\u00f3 que proced\u00eda rechazar la impugnaci\u00f3n del Ministerio P\u00fablico debido a que en el caso de la perito, Ana Villomar, quien le brind\u00f3 servicios al imputado mientras se encontraba recluido en diciembre pasado, Alburquerque estaba fuera de su dominio y la autoridad estaba en el deber de brindarle atenciones.<\/p>\n\n\n\n<p>Asimismo, explic\u00f3 que el \u201cperito no es m\u00e1s que un experto entendido de una ciencia o algo, persona que por sus conocimientos especiales es llamado al proceso para informar sobre hechos o apreciaci\u00f3n del saber o experiencia\u201d, y son llamados a testificar por su expertise en el \u00e1rea.<\/p>\n\n\n\n<p>El alegato del Ministerio P\u00fablico para realizar la impugnaci\u00f3n estuvo fundamentada en que no estaban en el aporte probatorio y estaban fuera de tiempo del proceso.<\/p>\n\n\n\n<p>Este jueves, el tribunal ha escuchado a al menos tres testigos aportados por la defensa t\u00e9cnica del imputado.<\/p>\n","protected":false},"excerpt":{"rendered":"<p>El Tercer Tribunal Colegiado del Distrito Nacional rechaz\u00f3 el pedimento del Ministerio P\u00fablico de excluir como elemento de prueba el testimonio de dos peritos, aportados como testigos de parte de&hellip;<\/p>\n","protected":false},"author":2,"featured_media":54723,"comment_status":"open","ping_status":"open","sticky":false,"template":"","format":"standard","meta":{"content-type":"","jetpack_post_was_ever_published":false,"_jetpack_newsletter_access":"","_jetpack_dont_email_post_to_subs":false,"_jetpack_newsletter_tier_id":0,"_jetpack_memberships_contains_paywalled_content":false,"_jetpack_memberships_contains_paid_content":false,"footnotes":""},"categories":[289],"tags":[4639,4686,961,2637,1757],"class_list":["post-54722","post","type-post","status-publish","format-standard","has-post-thumbnail","hentry","category-justicia","tag-carcel","tag-felix-alburquerque-compres","tag-medicos","tag-rechazan","tag-tribunal"],"jetpack_featured_media_url":"https:\/\/lasprimeras.com.do\/wp-content\/uploads\/2023\/07\/Felix-Alburquerque-Compres.jpeg","jetpack-related-posts":[{"id":55062,"url":"https:\/\/lasprimeras.com.do\/index.php\/2023\/07\/17\/este-miercoles-concluye-juicio-por-muerte-del-comunicador-manuel-taveras-duncan\/","url_meta":{"origin":54722,"position":0},"title":"Este mi\u00e9rcoles concluye juicio por muerte del comunicador Manuel Taveras Duncan","author":"Nelson Feliz","date":"17 de julio de 2023","format":false,"excerpt":"Es posible que ese d\u00eda las juezas del tribunal den a conocer el fallo contra el expresidente de la DNCD, F\u00e9lix Alburquerque Compr\u00e9s. El Tercer Tribunal Colegiado del Distrito Nacional concluye el pr\u00f3ximo mi\u00e9rcoles el juicio de fondo que efect\u00faa contra el expresidente de la Direcci\u00f3n Nacional de Control de\u2026","rel":"","context":"En \u00abJUSTICIA\u00bb","block_context":{"text":"JUSTICIA","link":"https:\/\/lasprimeras.com.do\/index.php\/category\/justicia\/"},"img":{"alt_text":"El expresidente de la DNCD, F\u00e9lix Alburquerque Compr\u00e9s, en una audiencia","src":"https:\/\/i0.wp.com\/lasprimeras.com.do\/wp-content\/uploads\/2023\/07\/alburquerque-compres-44cbd526-focus-0-0-896-504.jpg?resize=350%2C200&ssl=1","width":350,"height":200,"srcset":"https:\/\/i0.wp.com\/lasprimeras.com.do\/wp-content\/uploads\/2023\/07\/alburquerque-compres-44cbd526-focus-0-0-896-504.jpg?resize=350%2C200&ssl=1 1x, https:\/\/i0.wp.com\/lasprimeras.com.do\/wp-content\/uploads\/2023\/07\/alburquerque-compres-44cbd526-focus-0-0-896-504.jpg?resize=525%2C300&ssl=1 1.5x, https:\/\/i0.wp.com\/lasprimeras.com.do\/wp-content\/uploads\/2023\/07\/alburquerque-compres-44cbd526-focus-0-0-896-504.jpg?resize=700%2C400&ssl=1 2x"},"classes":[]},{"id":55293,"url":"https:\/\/lasprimeras.com.do\/index.php\/2023\/07\/19\/felix-alburquerque-pide-a-dios-y-a-familiares-de-duncan-que-lo-perdonen-lo-lamento-mucho\/","url_meta":{"origin":54722,"position":1},"title":"F\u00e9lix Alburquerque pide a Dios y a familiares de Duncan que lo perdonen: \u201cLo lamento mucho\u201d","author":"Nelson Feliz","date":"19 de julio de 2023","format":false,"excerpt":"Encierran a 12 a\u00f1os de c\u00e1rcel a F\u00e9lix Alburquerque por muerte Duncan Las juezas del Tercer Tribunal Colegiado del Distrito Nacional condenaron a 12 a\u00f1os prisi\u00f3n al expresidente de la Direcci\u00f3n Nacional de Control de Drogas (DNCD), vicealmirante F\u00e9lix Alburquerque Compr\u00e9s, por la muerte a tiros del comunicador Manuel Duncan.\u2026","rel":"","context":"En \u00abJUSTICIA\u00bb","block_context":{"text":"JUSTICIA","link":"https:\/\/lasprimeras.com.do\/index.php\/category\/justicia\/"},"img":{"alt_text":"Un guardia quita las esposas al exvicealmirante Felix Alburquerque Compr\u00e9s en el tribunal","src":"https:\/\/i0.wp.com\/lasprimeras.com.do\/wp-content\/uploads\/2023\/07\/Felix-Alburquerque-Compres.jpeg?resize=350%2C200&ssl=1","width":350,"height":200,"srcset":"https:\/\/i0.wp.com\/lasprimeras.com.do\/wp-content\/uploads\/2023\/07\/Felix-Alburquerque-Compres.jpeg?resize=350%2C200&ssl=1 1x, https:\/\/i0.wp.com\/lasprimeras.com.do\/wp-content\/uploads\/2023\/07\/Felix-Alburquerque-Compres.jpeg?resize=525%2C300&ssl=1 1.5x, https:\/\/i0.wp.com\/lasprimeras.com.do\/wp-content\/uploads\/2023\/07\/Felix-Alburquerque-Compres.jpeg?resize=700%2C400&ssl=1 2x"},"classes":[]},{"id":55320,"url":"https:\/\/lasprimeras.com.do\/index.php\/2023\/07\/20\/viuda-de-manuel-duncan-dice-que-apelaran-fallo-dio-12-anos-de-prision-a-alburquerque-compres\/","url_meta":{"origin":54722,"position":2},"title":"Viuda de Manuel Duncan dice que apelar\u00e1n fallo dio 12 a\u00f1os de prisi\u00f3n a Alburquerque Compr\u00e9s","author":"Nelson Feliz","date":"20 de julio de 2023","format":false,"excerpt":"Arlene Guerra acus\u00f3 a la Justicia de \"inclinarse\" a favor del matador de su esposo por el poder y dinero que tiene. Tambi\u00e9n se quej\u00f3 de que, como familia, fueron excluidos como querellante civil. Arlene Guerra, la viuda del comunicador Manuel Taveras Duncan, mostr\u00f3 la noche de este lunes desilusi\u00f3n\u2026","rel":"","context":"En \u00abJUSTICIA\u00bb","block_context":{"text":"JUSTICIA","link":"https:\/\/lasprimeras.com.do\/index.php\/category\/justicia\/"},"img":{"alt_text":"Arlene Guerra en la audiencia de este mi\u00e9rcoles, en la que condenaron a 12 a\u00f1os al matador de su esposo Miguel Duncan.","src":"https:\/\/i0.wp.com\/lasprimeras.com.do\/wp-content\/uploads\/2023\/07\/Arlene-Guerra.jpg?resize=350%2C200&ssl=1","width":350,"height":200,"srcset":"https:\/\/i0.wp.com\/lasprimeras.com.do\/wp-content\/uploads\/2023\/07\/Arlene-Guerra.jpg?resize=350%2C200&ssl=1 1x, https:\/\/i0.wp.com\/lasprimeras.com.do\/wp-content\/uploads\/2023\/07\/Arlene-Guerra.jpg?resize=525%2C300&ssl=1 1.5x, https:\/\/i0.wp.com\/lasprimeras.com.do\/wp-content\/uploads\/2023\/07\/Arlene-Guerra.jpg?resize=700%2C400&ssl=1 2x"},"classes":[]},{"id":49198,"url":"https:\/\/lasprimeras.com.do\/index.php\/2023\/05\/09\/aperturan-juicio-contra-felix-alburquerque-acusado-de-matar-a-manuel-duncan\/","url_meta":{"origin":54722,"position":3},"title":"Aperturan juicio contra F\u00e9lix Alburquerque acusado de matar a Manuel Duncan","author":"prenxa100","date":"9 de mayo de 2023","format":false,"excerpt":"Santo Domingo.-. La jueza del Segundo Juzgado de la Instrucci\u00f3n del Distrito Nacional Patricia Padilla dict\u00f3 este lunes apertura a juicio contra el vicealmirante retirado F\u00e9lix Alburquerque Compr\u00e9s, acusado de ultimar a balazos al comunicador Manuel Duncan. Durante la audiencia, las fiscales pidieron al tribunal dictar auto de apertura a\u2026","rel":"","context":"En \u00abJUSTICIA\u00bb","block_context":{"text":"JUSTICIA","link":"https:\/\/lasprimeras.com.do\/index.php\/category\/justicia\/"},"img":{"alt_text":"","src":"","width":0,"height":0},"classes":[]},{"id":59130,"url":"https:\/\/lasprimeras.com.do\/index.php\/2023\/08\/31\/jueza-rechaza-poner-en-libertad-a-magalys-medina-y-a-fernando-rosa\/","url_meta":{"origin":54722,"position":4},"title":"Jueza rechaza poner en libertad a Magalys Medina y a Fernando Rosa","author":"Nelson Feliz","date":"31 de agosto de 2023","format":false,"excerpt":"La jueza del Segundo Tribunal Colegiado del Distrito Nacional, Claribel Nivar, rechaz\u00f3 este mi\u00e9rcoles el pedimento de variaci\u00f3n de medida de coerci\u00f3n a Carmen Magaly Medina y Fernando Rosa, imputados por el Ministerio P\u00fablico en el supuesto entramado de corrupci\u00f3n Antipulpo, que tiene como principal implicado a Alexis Medina, hermano\u2026","rel":"","context":"En \u00abJUSTICIA\u00bb","block_context":{"text":"JUSTICIA","link":"https:\/\/lasprimeras.com.do\/index.php\/category\/justicia\/"},"img":{"alt_text":"Fernando Rosa","src":"https:\/\/i0.wp.com\/lasprimeras.com.do\/wp-content\/uploads\/2023\/08\/Fernando-Rosa.jpg?resize=350%2C200&ssl=1","width":350,"height":200,"srcset":"https:\/\/i0.wp.com\/lasprimeras.com.do\/wp-content\/uploads\/2023\/08\/Fernando-Rosa.jpg?resize=350%2C200&ssl=1 1x, https:\/\/i0.wp.com\/lasprimeras.com.do\/wp-content\/uploads\/2023\/08\/Fernando-Rosa.jpg?resize=525%2C300&ssl=1 1.5x, https:\/\/i0.wp.com\/lasprimeras.com.do\/wp-content\/uploads\/2023\/08\/Fernando-Rosa.jpg?resize=700%2C400&ssl=1 2x"},"classes":[]},{"id":123190,"url":"https:\/\/lasprimeras.com.do\/index.php\/2026\/02\/26\/corte-rechaza-pretension-de-adan-caceres-de-evadir-juicio\/","url_meta":{"origin":54722,"position":5},"title":"Corte rechaza pretensi\u00f3n de Ad\u00e1n C\u00e1ceres de evadir juicio","author":"Nelson Feliz","date":"26 de febrero de 2026","format":false,"excerpt":"Como solicit\u00f3 el Ministerio P\u00fablico, los jueces rechazaron la solicitud de los acusados sobre la extinci\u00f3n de la acci\u00f3n penal. A solicitud del Ministerio P\u00fablico, la Segunda Sala de la C\u00e1mara Penal de la Corte de Apelaci\u00f3n del Distrito Nacional ratific\u00f3 la sentencia que rechaza la pretensi\u00f3n del mayor general\u2026","rel":"","context":"En \u00abJUSTICIA\u00bb","block_context":{"text":"JUSTICIA","link":"https:\/\/lasprimeras.com.do\/index.php\/category\/justicia\/"},"img":{"alt_text":"Ad\u00e1n C\u00e1ceres","src":"https:\/\/i0.wp.com\/lasprimeras.com.do\/wp-content\/uploads\/2026\/02\/Adan-Caceres.jpeg?resize=350%2C200&ssl=1","width":350,"height":200,"srcset":"https:\/\/i0.wp.com\/lasprimeras.com.do\/wp-content\/uploads\/2026\/02\/Adan-Caceres.jpeg?resize=350%2C200&ssl=1 1x, https:\/\/i0.wp.com\/lasprimeras.com.do\/wp-content\/uploads\/2026\/02\/Adan-Caceres.jpeg?resize=525%2C300&ssl=1 1.5x, https:\/\/i0.wp.com\/lasprimeras.com.do\/wp-content\/uploads\/2026\/02\/Adan-Caceres.jpeg?resize=700%2C400&ssl=1 2x"},"classes":[]}],"jetpack_sharing_enabled":true,"_links":{"self":[{"href":"https:\/\/lasprimeras.com.do\/index.php\/wp-json\/wp\/v2\/posts\/54722","targetHints":{"allow":["GET"]}}],"collection":[{"href":"https:\/\/lasprimeras.com.do\/index.php\/wp-json\/wp\/v2\/posts"}],"about":[{"href":"https:\/\/lasprimeras.com.do\/index.php\/wp-json\/wp\/v2\/types\/post"}],"author":[{"embeddable":true,"href":"https:\/\/lasprimeras.com.do\/index.php\/wp-json\/wp\/v2\/users\/2"}],"replies":[{"embeddable":true,"href":"https:\/\/lasprimeras.com.do\/index.php\/wp-json\/wp\/v2\/comments?post=54722"}],"version-history":[{"count":1,"href":"https:\/\/lasprimeras.com.do\/index.php\/wp-json\/wp\/v2\/posts\/54722\/revisions"}],"predecessor-version":[{"id":54724,"href":"https:\/\/lasprimeras.com.do\/index.php\/wp-json\/wp\/v2\/posts\/54722\/revisions\/54724"}],"wp:featuredmedia":[{"embeddable":true,"href":"https:\/\/lasprimeras.com.do\/index.php\/wp-json\/wp\/v2\/media\/54723"}],"wp:attachment":[{"href":"https:\/\/lasprimeras.com.do\/index.php\/wp-json\/wp\/v2\/media?parent=54722"}],"wp:term":[{"taxonomy":"category","embeddable":true,"href":"https:\/\/lasprimeras.com.do\/index.php\/wp-json\/wp\/v2\/categories?post=54722"},{"taxonomy":"post_tag","embeddable":true,"href":"https:\/\/lasprimeras.com.do\/index.php\/wp-json\/wp\/v2\/tags?post=54722"}],"curies":[{"name":"wp","href":"https:\/\/api.w.org\/{rel}","templated":true}]}}