{"id":54744,"date":"2023-07-13T20:25:04","date_gmt":"2023-07-14T00:25:04","guid":{"rendered":"https:\/\/lasprimeras.com.do\/?p=54744"},"modified":"2023-07-13T20:25:05","modified_gmt":"2023-07-14T00:25:05","slug":"ee-uu-prohibe-entrada-al-expresidente-de-panama-juan-carlos-varela-por-corrupcion","status":"publish","type":"post","link":"https:\/\/lasprimeras.com.do\/index.php\/2023\/07\/13\/ee-uu-prohibe-entrada-al-expresidente-de-panama-juan-carlos-varela-por-corrupcion\/","title":{"rendered":"EE.UU. proh\u00edbe entrada al expresidente de Panam\u00e1 Juan Carlos Varela por corrupci\u00f3n"},"content":{"rendered":"\n<p><strong>El presidente entre 2014 y 2019, est\u00e1 acusado por la Justicia paname\u00f1a por lavado de activos en el caso Odebrecht.<\/strong><\/p>\n\n\n\n<p>Estados Unidos ha prohibido la entrada al pa\u00eds al expresidente de Panam\u00e1 Juan Carlos Varela y a su familia por su vinculaci\u00f3n en &#8220;importantes&#8221; actos de corrupci\u00f3n, anunci\u00f3 este jueves el secretario de Estado, Antony Blinken.<\/p>\n\n\n\n<p>Varela, presidente entre 2014 y 2019, est\u00e1 acusado por la Justicia paname\u00f1a por lavado de activos en el caso Odebrecht, en el que tambi\u00e9n est\u00e1 implicado el expresidente paname\u00f1o Ricardo Martinelli (2009-2014).<\/p>\n\n\n\n<p>La decisi\u00f3n, asegur\u00f3 Blinken en un comunicado, &#8220;reafirma el compromiso de EE.UU. con combatir la corrupci\u00f3n end\u00e9mica en Panam\u00e1&#8221;.<\/p>\n\n\n\n<p>&#8220;Esperamos que la acci\u00f3n de hoy impulse a los funcionarios y autoridades de Panam\u00e1 a abordar la corrupci\u00f3n arraigada y empoderar a todos aquellos que defienden el estado de derecho&#8221;, subray\u00f3 el canciller.<\/p>\n\n\n\n<p>El pr\u00f3ximo agosto comenzar\u00e1 en Panam\u00e1 el juicio contra Varela y Martinelli, junto a otras 34 personas, acusadas de blanqueo de capitales en la trama de corrupci\u00f3n de la constructora brasile\u00f1a en el pa\u00eds.<\/p>\n\n\n\n<p>En enero de este a\u00f1o, EE.UU. tambi\u00e9n prohibi\u00f3 la entrada a Marinelli y sus hijos, Ricardo Alberto y Luis Enrique, quienes tambi\u00e9n enfrentan cargos por el caso Odebrecht.<\/p>\n\n\n\n<p>De acuerdo con la fiscal\u00eda de Panam\u00e1, la empresa constructora, que fue durante a\u00f1os la principal contratista del Estado, pag\u00f3 sobornos a &#8220;diestra y siniestra&#8221; a funcionarios y pol\u00edticos en el pa\u00eds centroamericano.<\/p>\n\n\n\n<p>La investigaci\u00f3n por este caso en Panam\u00e1 se abri\u00f3 en 2015, fue archivada, reabierta en 2017 &#8211; luego que la empresa confes\u00f3 en EE.UU. que hab\u00eda pagado millones en sobornos en una docena de pa\u00edses &#8211; y culmin\u00f3 en octubre de 2018.<\/p>\n\n\n\n<p>En julio de 2017, Odebrecht firm\u00f3 con la Fiscal\u00eda paname\u00f1a un acuerdo para pagar en 12 a\u00f1os una multa de 220 millones de d\u00f3lares (unos 195 millones de euros) al Estado, el cual no se est\u00e1 cumpliendo.<\/p>\n\n\n\n<p>Agencia EFE<\/p>\n","protected":false},"excerpt":{"rendered":"<p>El presidente entre 2014 y 2019, est\u00e1 acusado por la Justicia paname\u00f1a por lavado de activos en el caso Odebrecht. Estados Unidos ha prohibido la entrada al pa\u00eds al expresidente&hellip;<\/p>\n","protected":false},"author":2,"featured_media":54745,"comment_status":"open","ping_status":"open","sticky":false,"template":"","format":"standard","meta":{"content-type":"","jetpack_post_was_ever_published":false,"_jetpack_newsletter_access":"","_jetpack_dont_email_post_to_subs":false,"_jetpack_newsletter_tier_id":0,"_jetpack_memberships_contains_paywalled_content":false,"_jetpack_memberships_contains_paid_content":false,"footnotes":""},"categories":[1],"tags":[1841,206,4699,4698,4697,2451,4700],"class_list":["post-54744","post","type-post","status-publish","format-standard","has-post-thumbnail","hentry","category-sin-categoria","tag-corrupcion","tag-ee-uu","tag-entrada","tag-expresidente","tag-juan-carlos-varela","tag-panama","tag-prohibe"],"jetpack_featured_media_url":"https:\/\/lasprimeras.com.do\/wp-content\/uploads\/2023\/07\/Juan-Carlos-Valera.jpeg","jetpack-related-posts":[{"id":92908,"url":"https:\/\/lasprimeras.com.do\/index.php\/2025\/01\/19\/este-lunes-empieza-juicio-de-odebrecht-en-panama-y-estas-son-las-claves-para-entenderlo\/","url_meta":{"origin":54744,"position":0},"title":"Este lunes empieza juicio de Odebrecht en Panam\u00e1 y estas son las claves para entenderlo","author":"Nelson Feliz","date":"19 de enero de 2025","format":false,"excerpt":"Por el caso de los sobornos de Odebrecht en Panam\u00e1 est\u00e1n llamados al banquillo los expresidentes Varela y Martinelli y dos hijos de este \u00faltimo. Ciudad de Panam\u00e1, EFE -El juicio por el caso Odebrecht en Panam\u00e1, que involucra a 26 procesados por blanqueo, entre ellos expresidentes, exministros y empresarios\u2026","rel":"","context":"En \u00abINTERNACIONALES\u00bb","block_context":{"text":"INTERNACIONALES","link":"https:\/\/lasprimeras.com.do\/index.php\/category\/sin-categoria\/internacionales\/"},"img":{"alt_text":"Odebrecht en Panam\u00e1","src":"https:\/\/i0.wp.com\/lasprimeras.com.do\/wp-content\/uploads\/2025\/01\/Odebrecht-en-Panama.jpg?resize=350%2C200&ssl=1","width":350,"height":200,"srcset":"https:\/\/i0.wp.com\/lasprimeras.com.do\/wp-content\/uploads\/2025\/01\/Odebrecht-en-Panama.jpg?resize=350%2C200&ssl=1 1x, https:\/\/i0.wp.com\/lasprimeras.com.do\/wp-content\/uploads\/2025\/01\/Odebrecht-en-Panama.jpg?resize=525%2C300&ssl=1 1.5x, https:\/\/i0.wp.com\/lasprimeras.com.do\/wp-content\/uploads\/2025\/01\/Odebrecht-en-Panama.jpg?resize=700%2C400&ssl=1 2x"},"classes":[]},{"id":108338,"url":"https:\/\/lasprimeras.com.do\/index.php\/2025\/09\/04\/excarcelan-al-expresidente-peruano-martin-vizcarra-pero-seguira-bajo-juicio-por-presunta-corrupcion\/","url_meta":{"origin":54744,"position":1},"title":"Excarcelan al expresidente peruano Mart\u00edn Vizcarra pero seguir\u00e1 bajo juicio por presunta corrupci\u00f3n","author":"Nelson Feliz","date":"4 de septiembre de 2025","format":false,"excerpt":"POR FRANKLIN BRICE\u00d1O LIMA (AP) \u2014 El expresidente peruano Mart\u00edn Vizcarra (2018-2020) fue puesto en libertad el jueves luego de que la justicia orden\u00f3 excarcelarlo al revocar una orden de prisi\u00f3n preventiva por cinco meses, mientras es juzgado por un caso de presunta corrupci\u00f3n cuando era gobernador regional en 2014.\u2026","rel":"","context":"En \u00abINTERNACIONALES\u00bb","block_context":{"text":"INTERNACIONALES","link":"https:\/\/lasprimeras.com.do\/index.php\/category\/sin-categoria\/internacionales\/"},"img":{"alt_text":"","src":"https:\/\/i0.wp.com\/lasprimeras.com.do\/wp-content\/uploads\/2025\/09\/Martin-Vizcarra.jpg?resize=350%2C200&ssl=1","width":350,"height":200,"srcset":"https:\/\/i0.wp.com\/lasprimeras.com.do\/wp-content\/uploads\/2025\/09\/Martin-Vizcarra.jpg?resize=350%2C200&ssl=1 1x, https:\/\/i0.wp.com\/lasprimeras.com.do\/wp-content\/uploads\/2025\/09\/Martin-Vizcarra.jpg?resize=525%2C300&ssl=1 1.5x, https:\/\/i0.wp.com\/lasprimeras.com.do\/wp-content\/uploads\/2025\/09\/Martin-Vizcarra.jpg?resize=700%2C400&ssl=1 2x"},"classes":[]},{"id":70474,"url":"https:\/\/lasprimeras.com.do\/index.php\/2023\/12\/11\/figuras-vinculadas-a-la-politica-dominicana-que-han-sido-sancionadas-por-estados-unidos\/","url_meta":{"origin":54744,"position":2},"title":"Figuras vinculadas a la pol\u00edtica dominicana que han sido sancionadas por Estados Unidos","author":"Nelson Feliz","date":"11 de diciembre de 2023","format":false,"excerpt":"El Departamento de Estado de Estados Unidos anunci\u00f3 este lunes la designaci\u00f3n del exprocurador de la Rep\u00fablica Jean Alain Rodr\u00edguez como inelegible para ingresar al pa\u00eds norteamericano ante pruebas de \"corrupci\u00f3n significativa\", sin embargo, el abogado dominicano no es la primera figura pol\u00edtica sancionada por Washington. En el comunicado emitido\u2026","rel":"","context":"En \u00abNACIONALES\u00bb","block_context":{"text":"NACIONALES","link":"https:\/\/lasprimeras.com.do\/index.php\/category\/nacionales\/"},"img":{"alt_text":"","src":"https:\/\/i0.wp.com\/lasprimeras.com.do\/wp-content\/uploads\/2023\/12\/figu.jpg?resize=350%2C200&ssl=1","width":350,"height":200},"classes":[]},{"id":87194,"url":"https:\/\/lasprimeras.com.do\/index.php\/2024\/08\/08\/expresidente-del-congreso-de-guatemala-es-extraditado-desde-mexico-por-corrupcion\/","url_meta":{"origin":54744,"position":3},"title":"Expresidente del Congreso de Guatemala es extraditado desde M\u00e9xico por corrupci\u00f3n","author":"Nelson Feliz","date":"8 de agosto de 2024","format":false,"excerpt":"Ciudad de Guatemala, (EFE).- El expresidente del Congreso guatemalteco Luis Rabb\u00e9 Tejada fue extraditado bajo cargos de corrupci\u00f3n al pa\u00eds centroamericano procedente de M\u00e9xico, donde hab\u00eda sido detenido hace cinco a\u00f1os. El exdiputado, acusado por una trama de contrataciones ilegales cuando formaba parte del Congreso, fue trasladado a Guatemala en\u2026","rel":"","context":"En \u00abSin categor\u00eda\u00bb","block_context":{"text":"Sin categor\u00eda","link":"https:\/\/lasprimeras.com.do\/index.php\/category\/sin-categoria\/"},"img":{"alt_text":"Luis Rabb\u00e9 Tejada","src":"https:\/\/i0.wp.com\/lasprimeras.com.do\/wp-content\/uploads\/2024\/08\/Luis-Rabbe-Tejada.jpg?resize=350%2C200&ssl=1","width":350,"height":200,"srcset":"https:\/\/i0.wp.com\/lasprimeras.com.do\/wp-content\/uploads\/2024\/08\/Luis-Rabbe-Tejada.jpg?resize=350%2C200&ssl=1 1x, https:\/\/i0.wp.com\/lasprimeras.com.do\/wp-content\/uploads\/2024\/08\/Luis-Rabbe-Tejada.jpg?resize=525%2C300&ssl=1 1.5x, https:\/\/i0.wp.com\/lasprimeras.com.do\/wp-content\/uploads\/2024\/08\/Luis-Rabbe-Tejada.jpg?resize=700%2C400&ssl=1 2x"},"classes":[]},{"id":92169,"url":"https:\/\/lasprimeras.com.do\/index.php\/2024\/12\/31\/panama-festeja-25-aniversario-de-traspaso-del-canal-interoceanico-en-medio-de-amenazas-de-trump\/","url_meta":{"origin":54744,"position":4},"title":"Panam\u00e1 festeja 25 aniversario de traspaso del canal interoce\u00e1nico en medio de amenazas de Trump","author":"Nelson Feliz","date":"31 de diciembre de 2024","format":false,"excerpt":"By JUAN ZAMORANO CIUDAD DE PANAM\u00c1 (AP) \u2014 Panam\u00e1 festej\u00f3 el martes el 25 aniversario del traspaso del canal interoce\u00e1nico por parte de Estados Unidos con un evento lleno de patriotismo y en el que record\u00f3 al reci\u00e9n fallecido expresidente estadounidense Jimmy Carter, quien estamp\u00f3 su firma en los tratados\u2026","rel":"","context":"En \u00abINTERNACIONALES\u00bb","block_context":{"text":"INTERNACIONALES","link":"https:\/\/lasprimeras.com.do\/index.php\/category\/sin-categoria\/internacionales\/"},"img":{"alt_text":"","src":"https:\/\/i0.wp.com\/lasprimeras.com.do\/wp-content\/uploads\/2024\/12\/Canal-Panama.jpg?resize=350%2C200&ssl=1","width":350,"height":200,"srcset":"https:\/\/i0.wp.com\/lasprimeras.com.do\/wp-content\/uploads\/2024\/12\/Canal-Panama.jpg?resize=350%2C200&ssl=1 1x, https:\/\/i0.wp.com\/lasprimeras.com.do\/wp-content\/uploads\/2024\/12\/Canal-Panama.jpg?resize=525%2C300&ssl=1 1.5x, https:\/\/i0.wp.com\/lasprimeras.com.do\/wp-content\/uploads\/2024\/12\/Canal-Panama.jpg?resize=700%2C400&ssl=1 2x"},"classes":[]},{"id":118918,"url":"https:\/\/lasprimeras.com.do\/index.php\/2026\/01\/04\/caso-de-maduro-reaviva-debate-sobre-inmunidad-de-lideres-extranjeros-probado-en-juicio-a-noriega\/","url_meta":{"origin":54744,"position":5},"title":"Caso de Maduro reaviva debate sobre inmunidad de l\u00edderes extranjeros probado en juicio a Noriega","author":"Nelson Feliz","date":"4 de enero de 2026","format":false,"excerpt":"El general paname\u00f1o Manuel Antonio Noriega en Panam\u00e1 en mayo de 1989. (AP foto)","rel":"","context":"En \u00abINTERNACIONALES\u00bb","block_context":{"text":"INTERNACIONALES","link":"https:\/\/lasprimeras.com.do\/index.php\/category\/sin-categoria\/internacionales\/"},"img":{"alt_text":"El general paname\u00f1o Manuel Antonio Noriega en Panam\u00e1 en mayo de 1989. (AP foto)","src":"https:\/\/i0.wp.com\/lasprimeras.com.do\/wp-content\/uploads\/2026\/01\/El-general-panameno-Manuel-Antonio-Noriega-en-Panama-en-mayo-de-1989.jpg?resize=350%2C200&ssl=1","width":350,"height":200,"srcset":"https:\/\/i0.wp.com\/lasprimeras.com.do\/wp-content\/uploads\/2026\/01\/El-general-panameno-Manuel-Antonio-Noriega-en-Panama-en-mayo-de-1989.jpg?resize=350%2C200&ssl=1 1x, https:\/\/i0.wp.com\/lasprimeras.com.do\/wp-content\/uploads\/2026\/01\/El-general-panameno-Manuel-Antonio-Noriega-en-Panama-en-mayo-de-1989.jpg?resize=525%2C300&ssl=1 1.5x, https:\/\/i0.wp.com\/lasprimeras.com.do\/wp-content\/uploads\/2026\/01\/El-general-panameno-Manuel-Antonio-Noriega-en-Panama-en-mayo-de-1989.jpg?resize=700%2C400&ssl=1 2x"},"classes":[]}],"jetpack_sharing_enabled":true,"_links":{"self":[{"href":"https:\/\/lasprimeras.com.do\/index.php\/wp-json\/wp\/v2\/posts\/54744","targetHints":{"allow":["GET"]}}],"collection":[{"href":"https:\/\/lasprimeras.com.do\/index.php\/wp-json\/wp\/v2\/posts"}],"about":[{"href":"https:\/\/lasprimeras.com.do\/index.php\/wp-json\/wp\/v2\/types\/post"}],"author":[{"embeddable":true,"href":"https:\/\/lasprimeras.com.do\/index.php\/wp-json\/wp\/v2\/users\/2"}],"replies":[{"embeddable":true,"href":"https:\/\/lasprimeras.com.do\/index.php\/wp-json\/wp\/v2\/comments?post=54744"}],"version-history":[{"count":1,"href":"https:\/\/lasprimeras.com.do\/index.php\/wp-json\/wp\/v2\/posts\/54744\/revisions"}],"predecessor-version":[{"id":54746,"href":"https:\/\/lasprimeras.com.do\/index.php\/wp-json\/wp\/v2\/posts\/54744\/revisions\/54746"}],"wp:featuredmedia":[{"embeddable":true,"href":"https:\/\/lasprimeras.com.do\/index.php\/wp-json\/wp\/v2\/media\/54745"}],"wp:attachment":[{"href":"https:\/\/lasprimeras.com.do\/index.php\/wp-json\/wp\/v2\/media?parent=54744"}],"wp:term":[{"taxonomy":"category","embeddable":true,"href":"https:\/\/lasprimeras.com.do\/index.php\/wp-json\/wp\/v2\/categories?post=54744"},{"taxonomy":"post_tag","embeddable":true,"href":"https:\/\/lasprimeras.com.do\/index.php\/wp-json\/wp\/v2\/tags?post=54744"}],"curies":[{"name":"wp","href":"https:\/\/api.w.org\/{rel}","templated":true}]}}