{"id":54747,"date":"2023-07-13T20:48:51","date_gmt":"2023-07-14T00:48:51","guid":{"rendered":"https:\/\/lasprimeras.com.do\/?p=54747"},"modified":"2023-07-13T20:49:53","modified_gmt":"2023-07-14T00:49:53","slug":"renuncian-dos-regidores-y-13-miembros-de-la-direccion-municipal-del-pld-de-polo-en-barahona","status":"publish","type":"post","link":"https:\/\/lasprimeras.com.do\/index.php\/2023\/07\/13\/renuncian-dos-regidores-y-13-miembros-de-la-direccion-municipal-del-pld-de-polo-en-barahona\/","title":{"rendered":"Renuncian dos regidores y 13 miembros de la direcci\u00f3n municipal del PLD de Polo en Barahona"},"content":{"rendered":"\n<p>Dos regidores y 13 miembros de la direcci\u00f3n municipal del Partido de la Liberaci\u00f3n Dominicana (PLD), presentaron renuncia de manera irrevocable este jueves de la organizaci\u00f3n morada en el municipio Polo, Barahona.<\/p>\n\n\n\n<p>En una comunicaci\u00f3n dirigida al presidente nacional del PLD el expresidente Danilo Medina, v\u00eda el presidente municipal, Andr\u00e9s Ru\u00edz,manifestaron su descontento por la manera que est\u00e1n dirigiendo el partido, renunciando a su militancia partidaria.<\/p>\n\n\n\n<p>&#8220;Presentamos de manera formal, definitiva e irrevocable nuestra renuncia del Partido de la Liberaci\u00f3n Dominicana, del cual form\u00e1bamos parte hasta el d\u00eda de hoy&#8221;, dice la comunicaci\u00f3n de renuncia.<\/p>\n\n\n\n<p>Entienden que la organizaci\u00f3n no se ha &nbsp;manejado correctamente, y se ha desviado de sus ra\u00edces que le dieron origen a su fundaci\u00f3n como partido pol\u00edtico.<\/p>\n\n\n\n<p>Entre los miembros renunciantes figuran los regidores Felipe F\u00e9liz y Ronny Cuevas, tres presidentes de comit\u00e9s intermedios y varios presidentes de comit\u00e9s de base.<\/p>\n\n\n\n<p>Las masivas &nbsp;renuncias ocurren luego de que la comisi\u00f3n disciplinaria del PLD expulsar\u00e1 de sus filas a la alcaldesa Danilsa Cuevas, junto a sus colegas Sandra Pe\u00f1a de Crist\u00f3bal y Yisel Santana de &nbsp;B\u00e1nica de El\u00edas Pi\u00f1a.<\/p>\n\n\n\n<figure class=\"wp-block-image size-large\"><img decoding=\"async\" width=\"724\" height=\"1024\" src=\"https:\/\/lasprimeras.com.do\/wp-content\/uploads\/2023\/07\/03ef7bf3-b808-4d0b-8600-32c099c67449-724x1024.jpg\" alt=\"\" class=\"wp-image-54751\" srcset=\"https:\/\/lasprimeras.com.do\/wp-content\/uploads\/2023\/07\/03ef7bf3-b808-4d0b-8600-32c099c67449-724x1024.jpg 724w, https:\/\/lasprimeras.com.do\/wp-content\/uploads\/2023\/07\/03ef7bf3-b808-4d0b-8600-32c099c67449-212x300.jpg 212w, https:\/\/lasprimeras.com.do\/wp-content\/uploads\/2023\/07\/03ef7bf3-b808-4d0b-8600-32c099c67449-768x1086.jpg 768w, https:\/\/lasprimeras.com.do\/wp-content\/uploads\/2023\/07\/03ef7bf3-b808-4d0b-8600-32c099c67449.jpg 899w\" sizes=\"(max-width: 724px) 100vw, 724px\" \/><\/figure>\n","protected":false},"excerpt":{"rendered":"<p>Dos regidores y 13 miembros de la direcci\u00f3n municipal del Partido de la Liberaci\u00f3n Dominicana (PLD), presentaron renuncia de manera irrevocable este jueves de la organizaci\u00f3n morada en el municipio&hellip;<\/p>\n","protected":false},"author":2,"featured_media":54748,"comment_status":"open","ping_status":"open","sticky":false,"template":"","format":"standard","meta":{"content-type":"","jetpack_post_was_ever_published":false,"_jetpack_newsletter_access":"","_jetpack_dont_email_post_to_subs":false,"_jetpack_newsletter_tier_id":0,"_jetpack_memberships_contains_paywalled_content":false,"_jetpack_memberships_contains_paid_content":false,"footnotes":""},"categories":[1],"tags":[4701],"class_list":["post-54747","post","type-post","status-publish","format-standard","has-post-thumbnail","hentry","category-sin-categoria","tag-regidores-pld"],"jetpack_featured_media_url":"https:\/\/lasprimeras.com.do\/wp-content\/uploads\/2023\/07\/Regidores-PLD.jpg","jetpack-related-posts":[{"id":62519,"url":"https:\/\/lasprimeras.com.do\/index.php\/2023\/10\/05\/renuncian-2-regidores-del-pld-en-la-vega\/","url_meta":{"origin":54747,"position":0},"title":"Renuncian 2 regidores del PLD en La Vega","author":"Nelson Feliz","date":"5 de octubre de 2023","format":false,"excerpt":"Por Mart\u00edn Restituyo Dos regidores de este municipio renunciaron de manera irrevocable a sus militancias en el Partido de la Liberaci\u00f3n Dominicana (PLD) mediante cartas enviadas al presidente y secretario general de esa organizaci\u00f3n, Danilo Medina y Charlie Mariotti, respectivamente. Se trata de los ediles Miguel Veras Delgado, quien adem\u00e1s\u2026","rel":"","context":"En \u00abPORTADA\u00bb","block_context":{"text":"PORTADA","link":"https:\/\/lasprimeras.com.do\/index.php\/category\/portada\/"},"img":{"alt_text":"Miguel Veras Delgado y Juli\u00e1n Javier Reyes","src":"https:\/\/i0.wp.com\/lasprimeras.com.do\/wp-content\/uploads\/2023\/10\/Miguel-Veras-Delgado-y-Julian-Javier-Reyes.jpg?resize=350%2C200&ssl=1","width":350,"height":200,"srcset":"https:\/\/i0.wp.com\/lasprimeras.com.do\/wp-content\/uploads\/2023\/10\/Miguel-Veras-Delgado-y-Julian-Javier-Reyes.jpg?resize=350%2C200&ssl=1 1x, https:\/\/i0.wp.com\/lasprimeras.com.do\/wp-content\/uploads\/2023\/10\/Miguel-Veras-Delgado-y-Julian-Javier-Reyes.jpg?resize=525%2C300&ssl=1 1.5x, https:\/\/i0.wp.com\/lasprimeras.com.do\/wp-content\/uploads\/2023\/10\/Miguel-Veras-Delgado-y-Julian-Javier-Reyes.jpg?resize=700%2C400&ssl=1 2x"},"classes":[]},{"id":107490,"url":"https:\/\/lasprimeras.com.do\/index.php\/2025\/08\/27\/regidor-el-prm-en-san-juan-pasa-a-las-filas-del-pld\/","url_meta":{"origin":54747,"position":1},"title":"Regidor el PRM en San Juan pasa a las filas del PLD","author":"Nelson Feliz","date":"27 de agosto de 2025","format":false,"excerpt":"Regidor del PRM, Salvador Ram\u00edrez (Cueco) de El Rosario, San Juan de la Maguana, regresa al Partido de la Liberaci\u00f3n Dominicana (PLD) En un acto celebrado en el local del Partido de la Liberaci\u00f3n Dominicana (PLD), el regidor del distrito municipal El Rosario por el Partido Revolucionario Moderno (PRM), Salvador\u2026","rel":"","context":"En \u00abPOLITICA\u00bb","block_context":{"text":"POLITICA","link":"https:\/\/lasprimeras.com.do\/index.php\/category\/politica\/"},"img":{"alt_text":"","src":"https:\/\/i0.wp.com\/lasprimeras.com.do\/wp-content\/uploads\/2025\/08\/Salvador-Ramirez-2.jpg?resize=350%2C200&ssl=1","width":350,"height":200,"srcset":"https:\/\/i0.wp.com\/lasprimeras.com.do\/wp-content\/uploads\/2025\/08\/Salvador-Ramirez-2.jpg?resize=350%2C200&ssl=1 1x, https:\/\/i0.wp.com\/lasprimeras.com.do\/wp-content\/uploads\/2025\/08\/Salvador-Ramirez-2.jpg?resize=525%2C300&ssl=1 1.5x, https:\/\/i0.wp.com\/lasprimeras.com.do\/wp-content\/uploads\/2025\/08\/Salvador-Ramirez-2.jpg?resize=700%2C400&ssl=1 2x"},"classes":[]},{"id":65122,"url":"https:\/\/lasprimeras.com.do\/index.php\/2023\/10\/25\/alcalde-municipal-de-jimani-renuncia-del-pld\/","url_meta":{"origin":54747,"position":2},"title":"Alcalde municipal de Jiman\u00ed renuncia del PLD","author":"Nelson Feliz","date":"25 de octubre de 2023","format":false,"excerpt":"El alcalde municipal de Jiman\u00ed, Dionisys M\u00e9ndez Volquez, present\u00f3 su \u201cirrevocable renuncia\u201d ante el Partido de la Liberaci\u00f3n Dominicana (PLD). A trav\u00e9s de una misiva, M\u00e9ndez explic\u00f3 que su dimisi\u00f3n se asocia a que los intereses particulares de algunos miembros se anteponen a los de la mayor\u00eda, calificando como \u201cirreal\u201d\u2026","rel":"","context":"En \u00abSin categor\u00eda\u00bb","block_context":{"text":"Sin categor\u00eda","link":"https:\/\/lasprimeras.com.do\/index.php\/category\/sin-categoria\/"},"img":{"alt_text":"Dionisys M\u00e9ndez Volquez","src":"https:\/\/i0.wp.com\/lasprimeras.com.do\/wp-content\/uploads\/2023\/10\/Dionisys-Mendez-Volquez.jpg?resize=350%2C200&ssl=1","width":350,"height":200},"classes":[]},{"id":63140,"url":"https:\/\/lasprimeras.com.do\/index.php\/2023\/10\/10\/renuncia-del-pld-alcalde-de-la-caleta-marcial-reyes-junto-a-su-equipo-politico\/","url_meta":{"origin":54747,"position":3},"title":"Renuncia del PLD alcalde de La Caleta Marcial Reyes junto a su equipo Pol\u00edtico","author":"Nelson Feliz","date":"10 de octubre de 2023","format":false,"excerpt":"Por Logan Jim\u00e9nez El actual director de la Junta Municipal de La Caleta, por el Partido de la Liberaci\u00f3n Dominicana Marcial Reyes Suberv\u00ed entregar\u00e1 su renuncia junto a la direcci\u00f3n local del PLD, en la Casa Nacional Reinaldo Pared. El ejecutivo municipal, quien ostenta el cargo de miembro del Comit\u00e9\u2026","rel":"","context":"En \u00abPORTADA\u00bb","block_context":{"text":"PORTADA","link":"https:\/\/lasprimeras.com.do\/index.php\/category\/portada\/"},"img":{"alt_text":"Marcial Reyes","src":"https:\/\/i0.wp.com\/lasprimeras.com.do\/wp-content\/uploads\/2023\/10\/Marcial-Reyes-.jpg?resize=350%2C200&ssl=1","width":350,"height":200,"srcset":"https:\/\/i0.wp.com\/lasprimeras.com.do\/wp-content\/uploads\/2023\/10\/Marcial-Reyes-.jpg?resize=350%2C200&ssl=1 1x, https:\/\/i0.wp.com\/lasprimeras.com.do\/wp-content\/uploads\/2023\/10\/Marcial-Reyes-.jpg?resize=525%2C300&ssl=1 1.5x, https:\/\/i0.wp.com\/lasprimeras.com.do\/wp-content\/uploads\/2023\/10\/Marcial-Reyes-.jpg?resize=700%2C400&ssl=1 2x"},"classes":[]},{"id":102253,"url":"https:\/\/lasprimeras.com.do\/index.php\/2025\/07\/02\/barahona-celebra-natalicio-del-profesor-juan-bosch\/","url_meta":{"origin":54747,"position":4},"title":"Barahona celebra natalicio del Profesor Juan Bosch","author":"Nelson Feliz","date":"2 de julio de 2025","format":false,"excerpt":"Comit\u00e9 Municipal del PLD en Barahona reporta las actividades celebradas en el natalicio del Profesor Juan Bosch. El Partido de la Liberaci\u00f3n Dominicana (PLD) en Barahona celebr\u00f3 el natalicio del Profesor Juan Bosch con una eucarist\u00eda, una Ofrenda Floral y la presentaci\u00f3n del documental Vanguardia de la Democracia. La participaci\u00f3n\u2026","rel":"","context":"En \u00abPOLITICA\u00bb","block_context":{"text":"POLITICA","link":"https:\/\/lasprimeras.com.do\/index.php\/category\/politica\/"},"img":{"alt_text":"","src":"https:\/\/i0.wp.com\/lasprimeras.com.do\/wp-content\/uploads\/2025\/07\/Barahona-celebra-natalicio-del-Profesor-Juan-Bosch.jpg?resize=350%2C200&ssl=1","width":350,"height":200,"srcset":"https:\/\/i0.wp.com\/lasprimeras.com.do\/wp-content\/uploads\/2025\/07\/Barahona-celebra-natalicio-del-Profesor-Juan-Bosch.jpg?resize=350%2C200&ssl=1 1x, https:\/\/i0.wp.com\/lasprimeras.com.do\/wp-content\/uploads\/2025\/07\/Barahona-celebra-natalicio-del-Profesor-Juan-Bosch.jpg?resize=525%2C300&ssl=1 1.5x, https:\/\/i0.wp.com\/lasprimeras.com.do\/wp-content\/uploads\/2025\/07\/Barahona-celebra-natalicio-del-Profesor-Juan-Bosch.jpg?resize=700%2C400&ssl=1 2x"},"classes":[]},{"id":106255,"url":"https:\/\/lasprimeras.com.do\/index.php\/2025\/08\/12\/jose-del-castillo-savinon-renuncia-al-pld-y-dice-que-se-va-en-paz-y-agradecido\/","url_meta":{"origin":54747,"position":5},"title":"Jos\u00e9 del Castillo Savi\u00f1\u00f3n renuncia al PLD y dice que se va en paz y agradecido","author":"Nelson Feliz","date":"12 de agosto de 2025","format":false,"excerpt":"El exsenador de la provincia Barahona 2020-2024, Jos\u00e9 del Castillo Savi\u00f1\u00f3n, anunci\u00f3 su renuncia como miembro del Partido de la Liberaci\u00f3n Dominicana (PLD) tras casi 20 a\u00f1os de militancia, a trav\u00e9s de una carta compartida en sus redes sociales. \u201cMe despido con sentimientos encontrados, pero, sobre todo, con un profundo\u2026","rel":"","context":"En \u00abPOLITICA\u00bb","block_context":{"text":"POLITICA","link":"https:\/\/lasprimeras.com.do\/index.php\/category\/politica\/"},"img":{"alt_text":"Jos\u00e9 del Castillo Savi\u00f1\u00f3n","src":"https:\/\/i0.wp.com\/lasprimeras.com.do\/wp-content\/uploads\/2025\/08\/Jose-del-Castillo-Savinon.jpg?resize=350%2C200&ssl=1","width":350,"height":200},"classes":[]}],"jetpack_sharing_enabled":true,"_links":{"self":[{"href":"https:\/\/lasprimeras.com.do\/index.php\/wp-json\/wp\/v2\/posts\/54747","targetHints":{"allow":["GET"]}}],"collection":[{"href":"https:\/\/lasprimeras.com.do\/index.php\/wp-json\/wp\/v2\/posts"}],"about":[{"href":"https:\/\/lasprimeras.com.do\/index.php\/wp-json\/wp\/v2\/types\/post"}],"author":[{"embeddable":true,"href":"https:\/\/lasprimeras.com.do\/index.php\/wp-json\/wp\/v2\/users\/2"}],"replies":[{"embeddable":true,"href":"https:\/\/lasprimeras.com.do\/index.php\/wp-json\/wp\/v2\/comments?post=54747"}],"version-history":[{"count":2,"href":"https:\/\/lasprimeras.com.do\/index.php\/wp-json\/wp\/v2\/posts\/54747\/revisions"}],"predecessor-version":[{"id":54752,"href":"https:\/\/lasprimeras.com.do\/index.php\/wp-json\/wp\/v2\/posts\/54747\/revisions\/54752"}],"wp:featuredmedia":[{"embeddable":true,"href":"https:\/\/lasprimeras.com.do\/index.php\/wp-json\/wp\/v2\/media\/54748"}],"wp:attachment":[{"href":"https:\/\/lasprimeras.com.do\/index.php\/wp-json\/wp\/v2\/media?parent=54747"}],"wp:term":[{"taxonomy":"category","embeddable":true,"href":"https:\/\/lasprimeras.com.do\/index.php\/wp-json\/wp\/v2\/categories?post=54747"},{"taxonomy":"post_tag","embeddable":true,"href":"https:\/\/lasprimeras.com.do\/index.php\/wp-json\/wp\/v2\/tags?post=54747"}],"curies":[{"name":"wp","href":"https:\/\/api.w.org\/{rel}","templated":true}]}}