{"id":54787,"date":"2023-07-14T07:28:32","date_gmt":"2023-07-14T11:28:32","guid":{"rendered":"https:\/\/lasprimeras.com.do\/?p=54787"},"modified":"2023-07-14T07:28:34","modified_gmt":"2023-07-14T11:28:34","slug":"alcalde-kelvin-cruz-inaugura-olimpiadas-infantiles-municipales-con-6-mil-ninos","status":"publish","type":"post","link":"https:\/\/lasprimeras.com.do\/index.php\/2023\/07\/14\/alcalde-kelvin-cruz-inaugura-olimpiadas-infantiles-municipales-con-6-mil-ninos\/","title":{"rendered":"Alcalde Kelvin Cruz inaugura Olimp\u00edadas Infantiles Municipales con 6 mil ni\u00f1os"},"content":{"rendered":"\n<p>Por Martin Restituyo<\/p>\n\n\n\n<p>Con la participaci\u00f3n de seis mil ni\u00f1os de diferentes edades, el alcalde de La Vega, Kelvin Cruz, dej\u00f3 inauguradas las Olimpiadas Infantiles Municipales 2023.<\/p>\n\n\n\n<p>El evento se desarrollar\u00e1 en 26 centros educativos e impactar\u00e1 214 comunidades y barrios de todo el municipio, al mismo tiempo inform\u00f3 que este es el evento infantil de verano m\u00e1s grande que se registra en la Rep\u00fablica Dominicana, explic\u00f3 el alcalde.<\/p>\n\n\n\n<p>Agreg\u00f3 que se ha dise\u00f1ado una estructura comunitaria de unos mil facilitadores que, de manera honor\u00edfica, trabajar\u00e1n en la organizaci\u00f3n del evento.<\/p>\n\n\n\n<p>Durante el inicio, el tambi\u00e9n presidente de la Federaci\u00f3n Dominicana de Municipios (Fedomu) agradeci\u00f3 a Dios por la oportunidad de volver a reencontrarse con tantos ni\u00f1os, a los cuales defini\u00f3 como &#8220;los verdaderos protagonistas de la actividad, ya que son el presente y el futuro de nuestro pa\u00eds&#8221;.<\/p>\n\n\n\n<p>En este evento educativo, deportivo, cultural y recreativo se impartir\u00e1n cursos de manualidades, educaci\u00f3n ciudadana, educaci\u00f3n vial, reciclaje, moral y c\u00edvica y otros, con el prop\u00f3sito de tener futuros hombres y mujeres de bien.<\/p>\n\n\n\n<p>El alcalde destac\u00f3 el patrocinio brindado por Banreservas, Induveca y la Liga Municipal Dominicana. Adem\u00e1s, agradeci\u00f3 a los coordinadores de las comunidades que han estado trabajando en la planificaci\u00f3n y montaje &#8220;para que esta actividad sea un \u00e9xito.<\/p>\n\n\n\n<p>La vicealcaldesa Amparo Custodio, coordinadora del evento, ofreci\u00f3 las palabras de bienvenidas a los miles de ni\u00f1os que participar\u00e1n en la justa infantil.<\/p>\n\n\n\n<p>El desfile inici\u00f3 en el parque Blass Pezotti (Las Palmas), con la presencia del alcalde Kelvin Cruz, acompa\u00f1ado de su esposa e hijos.<\/p>\n\n\n\n<p>Asistieron tambi\u00e9n regidores, invitados especiales, autoridades educativas y ejecutivos del ayuntamiento. La justa inicia desde el 12 al 28 de este mes.<\/p>\n","protected":false},"excerpt":{"rendered":"<p>Por Martin Restituyo Con la participaci\u00f3n de seis mil ni\u00f1os de diferentes edades, el alcalde de La Vega, Kelvin Cruz, dej\u00f3 inauguradas las Olimpiadas Infantiles Municipales 2023. El evento se&hellip;<\/p>\n","protected":false},"author":2,"featured_media":54788,"comment_status":"open","ping_status":"open","sticky":false,"template":"","format":"standard","meta":{"content-type":"","jetpack_post_was_ever_published":false,"_jetpack_newsletter_access":"","_jetpack_dont_email_post_to_subs":false,"_jetpack_newsletter_tier_id":0,"_jetpack_memberships_contains_paywalled_content":false,"_jetpack_memberships_contains_paid_content":false,"footnotes":""},"categories":[1],"tags":[161,4715,1874,858,3804],"class_list":["post-54787","post","type-post","status-publish","format-standard","has-post-thumbnail","hentry","category-sin-categoria","tag-alcalde","tag-infantiles","tag-kelvin-cruz","tag-municipales","tag-olimpiadas"],"jetpack_featured_media_url":"https:\/\/lasprimeras.com.do\/wp-content\/uploads\/2023\/07\/Kelvin-Cruz-1.jpg","jetpack-related-posts":[{"id":87991,"url":"https:\/\/lasprimeras.com.do\/index.php\/2024\/08\/19\/amparo-custodio-renuncia-a-vicealcaldia-de-la-vega-y-no-asumira-el-cabildo-ante-la-salida-de-kelvin-cruz\/","url_meta":{"origin":54787,"position":0},"title":"Amparo Custodio renuncia a vicealcald\u00eda de La Vega y no asumir\u00e1 el cabildo ante la salida de Kelvin Cruz","author":"Nelson Feliz","date":"19 de agosto de 2024","format":false,"excerpt":"La vicealcaldesa de La Vega, Amparo Custodio, renunci\u00f3 a su cargo, lo que la excluye de ser alcaldesa de ese municipio, tras la designaci\u00f3n del s\u00edndico Kelvin Cruz como ministro de Deportes y Recreaci\u00f3n. A trav\u00e9s de un comunicado, la dirigente del Frente Amplio indic\u00f3 que a pesar de que\u2026","rel":"","context":"En \u00abPORTADA\u00bb","block_context":{"text":"PORTADA","link":"https:\/\/lasprimeras.com.do\/index.php\/category\/portada\/"},"img":{"alt_text":"Amparo Custodio, al centro, al momento de anunciar su renuncia. A la derecha, Mar\u00eda Teresa Cabrera, presidente del Frente Amplio y a la izquierda Heidi Adon, secretaria generalExterna","src":"https:\/\/i0.wp.com\/lasprimeras.com.do\/wp-content\/uploads\/2024\/08\/Amparo-Custodio.jpeg?resize=350%2C200&ssl=1","width":350,"height":200,"srcset":"https:\/\/i0.wp.com\/lasprimeras.com.do\/wp-content\/uploads\/2024\/08\/Amparo-Custodio.jpeg?resize=350%2C200&ssl=1 1x, https:\/\/i0.wp.com\/lasprimeras.com.do\/wp-content\/uploads\/2024\/08\/Amparo-Custodio.jpeg?resize=525%2C300&ssl=1 1.5x, https:\/\/i0.wp.com\/lasprimeras.com.do\/wp-content\/uploads\/2024\/08\/Amparo-Custodio.jpeg?resize=700%2C400&ssl=1 2x"},"classes":[]},{"id":50282,"url":"https:\/\/lasprimeras.com.do\/index.php\/2023\/05\/18\/reconocen-aportes-de-kelvin-cruz-al-deporte-vegano\/","url_meta":{"origin":54787,"position":1},"title":"Reconocen aportes de Kelvin Cruz al deporte vegano","author":"prenxa100","date":"18 de mayo de 2023","format":false,"excerpt":"La Vega. El Comit\u00e9 Organizador del VI Torneo de Softbol Comunitario Sabaneta-La Vega reconoci\u00f3 al alcalde Kelvin Cruz por sus aportes al deportes municipal y barrial. En el evento participan los equipos Navegante del Pinito, Menores de Los Rieles, Gigantes de Jerem\u00edas y Las Yayas. El joven l\u00edder comunitario Ruddy\u2026","rel":"","context":"En \u00abSin categor\u00eda\u00bb","block_context":{"text":"Sin categor\u00eda","link":"https:\/\/lasprimeras.com.do\/index.php\/category\/sin-categoria\/"},"img":{"alt_text":"","src":"","width":0,"height":0},"classes":[]},{"id":70057,"url":"https:\/\/lasprimeras.com.do\/index.php\/2023\/12\/08\/roberto-angel-y-kelvin-cruz-entregan-en-la-vega-mas-de-6-mil-metros-cuadrados-de-arte-publico\/","url_meta":{"origin":54787,"position":2},"title":"Roberto \u00c1ngel y Kelvin Cruz entregan en La Vega m\u00e1s de 6 mil metros cuadrados de arte p\u00fablico","author":"Nelson Feliz","date":"8 de diciembre de 2023","format":false,"excerpt":"El director de Proyectos Estrat\u00e9gicos y Programas Especiales de la Presidencia, Roberto \u00c1ngel Salcedo, y el alcalde del municipio, Kelvin Cruz, entregaron este jueves un Paseo de Los Colores en la comunidad El Riito, con m\u00e1s de seis mil metros cuadrados de arte p\u00fablico, que resalta a figuras importantes de\u2026","rel":"","context":"En \u00abNACIONALES\u00bb","block_context":{"text":"NACIONALES","link":"https:\/\/lasprimeras.com.do\/index.php\/category\/nacionales\/"},"img":{"alt_text":"Roberto \u00c1ngel Salcedo","src":"https:\/\/i0.wp.com\/lasprimeras.com.do\/wp-content\/uploads\/2023\/12\/Roberto-Angel-Salcedo1.jpg?resize=350%2C200&ssl=1","width":350,"height":200,"srcset":"https:\/\/i0.wp.com\/lasprimeras.com.do\/wp-content\/uploads\/2023\/12\/Roberto-Angel-Salcedo1.jpg?resize=350%2C200&ssl=1 1x, https:\/\/i0.wp.com\/lasprimeras.com.do\/wp-content\/uploads\/2023\/12\/Roberto-Angel-Salcedo1.jpg?resize=525%2C300&ssl=1 1.5x, https:\/\/i0.wp.com\/lasprimeras.com.do\/wp-content\/uploads\/2023\/12\/Roberto-Angel-Salcedo1.jpg?resize=700%2C400&ssl=1 2x"},"classes":[]},{"id":85523,"url":"https:\/\/lasprimeras.com.do\/index.php\/2024\/07\/01\/kelvin-cruz-instruye-a-alcaldes-a-sumarse-a-organismos-de-socorro-ante-el-paso-de-beryl\/","url_meta":{"origin":54787,"position":3},"title":"Kelvin Cruz instruye a alcaldes a sumarse a organismos de socorro ante el paso de Beryl","author":"Nelson Feliz","date":"1 de julio de 2024","format":false,"excerpt":"El presidente de la Federaci\u00f3n Dominicana de Municipios (Fedomu), Kelvin Cruz, instruy\u00f3 a los gobiernos locales de las provincias bajo a alerta a colaborar con los organismos de socorro ante el paso del\u00a0 hurac\u00e1n Beryl por el territorio nacional. El tambi\u00e9n alcalde del municipio de La Vega, recomend\u00f3 a sus\u2026","rel":"","context":"En \u00abNACIONALES\u00bb","block_context":{"text":"NACIONALES","link":"https:\/\/lasprimeras.com.do\/index.php\/category\/nacionales\/"},"img":{"alt_text":"Kelvin Cruz","src":"https:\/\/i0.wp.com\/lasprimeras.com.do\/wp-content\/uploads\/2024\/07\/Kelvin-Cruz.jpg?resize=350%2C200&ssl=1","width":350,"height":200,"srcset":"https:\/\/i0.wp.com\/lasprimeras.com.do\/wp-content\/uploads\/2024\/07\/Kelvin-Cruz.jpg?resize=350%2C200&ssl=1 1x, https:\/\/i0.wp.com\/lasprimeras.com.do\/wp-content\/uploads\/2024\/07\/Kelvin-Cruz.jpg?resize=525%2C300&ssl=1 1.5x, https:\/\/i0.wp.com\/lasprimeras.com.do\/wp-content\/uploads\/2024\/07\/Kelvin-Cruz.jpg?resize=700%2C400&ssl=1 2x"},"classes":[]},{"id":59727,"url":"https:\/\/lasprimeras.com.do\/index.php\/2023\/09\/06\/kelvin-cruz-llama-alcaldes-integrarse-a-operativos-de-salud-publica-para-eliminar-dengue\/","url_meta":{"origin":54787,"position":4},"title":"Kelvin Cruz llama alcaldes integrarse a operativos de Salud P\u00fablica para eliminar Dengue","author":"Nelson Feliz","date":"6 de septiembre de 2023","format":false,"excerpt":"Por Martin Restituyo El presidente de la Federaci\u00f3n Dominicana de Municipios (Fedomu) y alcalde de La Vega, Kelvin Cruz, solicit\u00f3 a sus colegas alcaldes integrarse de inmediato a las jornadas de eliminaci\u00f3n de los criaderos del mosquito que produce el Dengue desarrolladas por el Ministerio de Salud P\u00fablica. El presidente\u2026","rel":"","context":"En \u00abNACIONALES\u00bb","block_context":{"text":"NACIONALES","link":"https:\/\/lasprimeras.com.do\/index.php\/category\/nacionales\/"},"img":{"alt_text":"Kelvin Cruz","src":"https:\/\/i0.wp.com\/lasprimeras.com.do\/wp-content\/uploads\/2023\/09\/Kelvin-Cruz.jpg?resize=350%2C200&ssl=1","width":350,"height":200,"srcset":"https:\/\/i0.wp.com\/lasprimeras.com.do\/wp-content\/uploads\/2023\/09\/Kelvin-Cruz.jpg?resize=350%2C200&ssl=1 1x, https:\/\/i0.wp.com\/lasprimeras.com.do\/wp-content\/uploads\/2023\/09\/Kelvin-Cruz.jpg?resize=525%2C300&ssl=1 1.5x, https:\/\/i0.wp.com\/lasprimeras.com.do\/wp-content\/uploads\/2023\/09\/Kelvin-Cruz.jpg?resize=700%2C400&ssl=1 2x"},"classes":[]},{"id":62739,"url":"https:\/\/lasprimeras.com.do\/index.php\/2023\/10\/06\/roberto-angel-y-kelvin-cruz-dejan-iniciados-mas-de-2-kms-de-arte-publico-en-la-vega\/","url_meta":{"origin":54787,"position":5},"title":"Roberto \u00c1ngel y Kelvin Cruz dejan iniciados m\u00e1s de 2 kms de arte p\u00fablico en La Vega","author":"Nelson Feliz","date":"6 de octubre de 2023","format":false,"excerpt":"El director de Proyectos Estrat\u00e9gicos y Especiales de la Presidencia, Roberto \u00c1ngel Salcedo, y el alcalde de La Vega, Kelvin Cruz, dejaron iniciados la creaci\u00f3n de m\u00e1s dos kil\u00f3metros lineales de arte p\u00fablico, en el Parque Lineal el Riito, de ese municipio, a fin de resaltar figuras prominentes de la\u2026","rel":"","context":"En \u00abENTRETENIMIENTO\u00bb","block_context":{"text":"ENTRETENIMIENTO","link":"https:\/\/lasprimeras.com.do\/index.php\/category\/entretenimiento\/"},"img":{"alt_text":"Roberto Angel Salcedo","src":"https:\/\/i0.wp.com\/lasprimeras.com.do\/wp-content\/uploads\/2023\/10\/Roberto-Angel-Salcedo.jpg?resize=350%2C200&ssl=1","width":350,"height":200,"srcset":"https:\/\/i0.wp.com\/lasprimeras.com.do\/wp-content\/uploads\/2023\/10\/Roberto-Angel-Salcedo.jpg?resize=350%2C200&ssl=1 1x, https:\/\/i0.wp.com\/lasprimeras.com.do\/wp-content\/uploads\/2023\/10\/Roberto-Angel-Salcedo.jpg?resize=525%2C300&ssl=1 1.5x, https:\/\/i0.wp.com\/lasprimeras.com.do\/wp-content\/uploads\/2023\/10\/Roberto-Angel-Salcedo.jpg?resize=700%2C400&ssl=1 2x"},"classes":[]}],"jetpack_sharing_enabled":true,"_links":{"self":[{"href":"https:\/\/lasprimeras.com.do\/index.php\/wp-json\/wp\/v2\/posts\/54787","targetHints":{"allow":["GET"]}}],"collection":[{"href":"https:\/\/lasprimeras.com.do\/index.php\/wp-json\/wp\/v2\/posts"}],"about":[{"href":"https:\/\/lasprimeras.com.do\/index.php\/wp-json\/wp\/v2\/types\/post"}],"author":[{"embeddable":true,"href":"https:\/\/lasprimeras.com.do\/index.php\/wp-json\/wp\/v2\/users\/2"}],"replies":[{"embeddable":true,"href":"https:\/\/lasprimeras.com.do\/index.php\/wp-json\/wp\/v2\/comments?post=54787"}],"version-history":[{"count":1,"href":"https:\/\/lasprimeras.com.do\/index.php\/wp-json\/wp\/v2\/posts\/54787\/revisions"}],"predecessor-version":[{"id":54789,"href":"https:\/\/lasprimeras.com.do\/index.php\/wp-json\/wp\/v2\/posts\/54787\/revisions\/54789"}],"wp:featuredmedia":[{"embeddable":true,"href":"https:\/\/lasprimeras.com.do\/index.php\/wp-json\/wp\/v2\/media\/54788"}],"wp:attachment":[{"href":"https:\/\/lasprimeras.com.do\/index.php\/wp-json\/wp\/v2\/media?parent=54787"}],"wp:term":[{"taxonomy":"category","embeddable":true,"href":"https:\/\/lasprimeras.com.do\/index.php\/wp-json\/wp\/v2\/categories?post=54787"},{"taxonomy":"post_tag","embeddable":true,"href":"https:\/\/lasprimeras.com.do\/index.php\/wp-json\/wp\/v2\/tags?post=54787"}],"curies":[{"name":"wp","href":"https:\/\/api.w.org\/{rel}","templated":true}]}}