{"id":54800,"date":"2023-07-14T08:27:31","date_gmt":"2023-07-14T12:27:31","guid":{"rendered":"https:\/\/lasprimeras.com.do\/?p=54800"},"modified":"2023-07-14T08:27:34","modified_gmt":"2023-07-14T12:27:34","slug":"trump-no-se-presento-en-el-foro-evangelico-de-iowa-dejando-espacio-para-los-rivales-de-2024","status":"publish","type":"post","link":"https:\/\/lasprimeras.com.do\/index.php\/2023\/07\/14\/trump-no-se-presento-en-el-foro-evangelico-de-iowa-dejando-espacio-para-los-rivales-de-2024\/","title":{"rendered":"Trump no se present\u00f3 en el foro evang\u00e9lico de Iowa, dejando espacio para los rivales de 2024"},"content":{"rendered":"\n<p>Por James Oliphant<\/p>\n\n\n\n<p>Los candidatos republicanos a la presidencia se dirigir\u00e1n el viernes a una reuni\u00f3n de conservadores sociales en el estado de Iowa que nominar\u00e1 temprano, pero el evento ser\u00e1 m\u00e1s notable para el candidato de 2024 que no estar\u00e1 all\u00ed: el favorito, Donald Trump.<\/p>\n\n\n\n<p>La ausencia de Trump irrit\u00f3 a los organizadores del foro, el grupo de defensa cristiano The Family Leader, quienes argumentan que el expresidente est\u00e1 desaprovechando la oportunidad de cortejar a los evang\u00e9licos de Iowa, un bloque electoral republicano clave.<\/p>\n\n\n\n<p>Iowa llevar\u00e1 a cabo el primer concurso de nominaci\u00f3n republicana el 15 de enero, cuando los votantes seleccionar\u00e1n sus preferencias para enfrentarse al presidente dem\u00f3crata Joe Biden en noviembre de 2024.<\/p>\n\n\n\n<p>Los candidatos que recibieron un fuerte apoyo evang\u00e9lico han ganado el estado en los \u00faltimos a\u00f1os.<\/p>\n\n\n\n<p>El gobernador de Florida, Ron DeSantis, el exvicepresidente Mike Pence, la exembajadora de EE. UU. ante las Naciones Unidas, Nikki Haley, y el senador de EE. UU., Tim Scott, estar\u00e1n entre los candidatos que aparecer\u00e1n en el foro, que ser\u00e1 moderado por el expresentador de Fox News Channel, Tucker Carlson. La campa\u00f1a de Trump dijo que ten\u00eda un conflicto de programaci\u00f3n.<\/p>\n\n\n\n<p>DeSantis, a quien las encuestas nacionales muestran como el rival m\u00e1s viable para Trump, conf\u00eda en una victoria en Iowa para impulsar su campa\u00f1a y frenar el impulso de Trump.<\/p>\n\n\n\n<p>Con una ventaja en las encuestas nacionales de alrededor de 30 puntos porcentuales, Trump parece querer interactuar con los votantes de Iowa en sus propios t\u00e9rminos.<br>Despu\u00e9s de que fue criticado por faltar al evento evang\u00e9lico, su campa\u00f1a anunci\u00f3 que regresar\u00e1 a Iowa para un ayuntamiento la pr\u00f3xima semana.(Reuters)<\/p>\n","protected":false},"excerpt":{"rendered":"<p>Por James Oliphant Los candidatos republicanos a la presidencia se dirigir\u00e1n el viernes a una reuni\u00f3n de conservadores sociales en el estado de Iowa que nominar\u00e1 temprano, pero el evento&hellip;<\/p>\n","protected":false},"author":2,"featured_media":54801,"comment_status":"open","ping_status":"open","sticky":false,"template":"","format":"standard","meta":{"content-type":"","jetpack_post_was_ever_published":false,"_jetpack_newsletter_access":"","_jetpack_dont_email_post_to_subs":false,"_jetpack_newsletter_tier_id":0,"_jetpack_memberships_contains_paywalled_content":false,"_jetpack_memberships_contains_paid_content":false,"footnotes":""},"categories":[1],"tags":[978,4723,4722],"class_list":["post-54800","post","type-post","status-publish","format-standard","has-post-thumbnail","hentry","category-sin-categoria","tag-donald-trump","tag-evangelico","tag-foro"],"jetpack_featured_media_url":"https:\/\/lasprimeras.com.do\/wp-content\/uploads\/2023\/07\/Donald-Triunfo.jpg","jetpack-related-posts":[{"id":73763,"url":"https:\/\/lasprimeras.com.do\/index.php\/2024\/01\/16\/trump-lidera-la-marcha-del-partido-republicano-en-iowa\/","url_meta":{"origin":54800,"position":0},"title":"Trump lidera la marcha del Partido Republicano en Iowa","author":"Nelson Feliz","date":"16 de enero de 2024","format":false,"excerpt":"POR NICHOLAS RICCARDI Y BRIAN SLODYSKO WASHINGTON (AP) \u2014 El f\u00e9rreo control de Donald Trump sobre el Partido Republicano ha quedado claro desde el d\u00eda en que anunci\u00f3 que se postular\u00eda nuevamente para la Casa Blanca hace 14 meses. Se puede ver en el giro ideol\u00f3gico del partido a\u00fan m\u00e1s\u2026","rel":"","context":"En \u00abSin categor\u00eda\u00bb","block_context":{"text":"Sin categor\u00eda","link":"https:\/\/lasprimeras.com.do\/index.php\/category\/sin-categoria\/"},"img":{"alt_text":"Donald Trump","src":"https:\/\/i0.wp.com\/lasprimeras.com.do\/wp-content\/uploads\/2024\/01\/Donald-Trump-2-1.jpg?resize=350%2C200&ssl=1","width":350,"height":200,"srcset":"https:\/\/i0.wp.com\/lasprimeras.com.do\/wp-content\/uploads\/2024\/01\/Donald-Trump-2-1.jpg?resize=350%2C200&ssl=1 1x, https:\/\/i0.wp.com\/lasprimeras.com.do\/wp-content\/uploads\/2024\/01\/Donald-Trump-2-1.jpg?resize=525%2C300&ssl=1 1.5x, https:\/\/i0.wp.com\/lasprimeras.com.do\/wp-content\/uploads\/2024\/01\/Donald-Trump-2-1.jpg?resize=700%2C400&ssl=1 2x"},"classes":[]},{"id":73664,"url":"https:\/\/lasprimeras.com.do\/index.php\/2024\/01\/15\/el-control-de-donald-trump-sobre-la-politica-republicana-se-pone-a-prueba-en-los-frios-caucus-de-iowa\/","url_meta":{"origin":54800,"position":1},"title":"El control de Donald Trump sobre la pol\u00edtica republicana se pone a prueba en los fr\u00edos caucus de Iowa","author":"Nelson Feliz","date":"15 de enero de 2024","format":false,"excerpt":"POR STEVE PEOPLES,THOMAS BEAUMONT Y HANNAH FINGERHUT DES MOINES, Iowa (AP) \u2014 La votaci\u00f3n comenzar\u00e1 el lunes por la noche en el helado Iowa, mientras el expresidente Donald Trump contempla una victoria que enviar\u00eda un mensaje rotundo de que ni el fr\u00edo que amenaza su vida ni los problemas legales\u2026","rel":"","context":"En \u00abSin categor\u00eda\u00bb","block_context":{"text":"Sin categor\u00eda","link":"https:\/\/lasprimeras.com.do\/index.php\/category\/sin-categoria\/"},"img":{"alt_text":"Donald Trump","src":"https:\/\/i0.wp.com\/lasprimeras.com.do\/wp-content\/uploads\/2024\/01\/Donald-Trump-2.jpg?resize=350%2C200&ssl=1","width":350,"height":200,"srcset":"https:\/\/i0.wp.com\/lasprimeras.com.do\/wp-content\/uploads\/2024\/01\/Donald-Trump-2.jpg?resize=350%2C200&ssl=1 1x, https:\/\/i0.wp.com\/lasprimeras.com.do\/wp-content\/uploads\/2024\/01\/Donald-Trump-2.jpg?resize=525%2C300&ssl=1 1.5x, https:\/\/i0.wp.com\/lasprimeras.com.do\/wp-content\/uploads\/2024\/01\/Donald-Trump-2.jpg?resize=700%2C400&ssl=1 2x"},"classes":[]},{"id":73238,"url":"https:\/\/lasprimeras.com.do\/index.php\/2024\/01\/08\/trump-esta-generando-expectativas-de-cara-a-los-caucus-de-iowa\/","url_meta":{"origin":54800,"position":2},"title":"Trump est\u00e1 generando expectativas de cara a los caucus de Iowa","author":"Nelson Feliz","date":"8 de enero de 2024","format":false,"excerpt":"POR STEVE PEOPLES Y THOMAS BEAUMONT NORTH LIBERTY, Iowa (AP) \u2014 Cuando Donald Trump lanz\u00f3 su campa\u00f1a presidencial de 2024 despu\u00e9s de unas decepcionantes elecciones de mitad de per\u00edodo para los republicanos, su trayectoria era un misterio. Pero siete d\u00edas antes del inicio de las asambleas electorales en Iowa, su\u2026","rel":"","context":"En \u00abSin categor\u00eda\u00bb","block_context":{"text":"Sin categor\u00eda","link":"https:\/\/lasprimeras.com.do\/index.php\/category\/sin-categoria\/"},"img":{"alt_text":"Donald Trump","src":"https:\/\/i0.wp.com\/lasprimeras.com.do\/wp-content\/uploads\/2024\/01\/Donald-Trump-1.jpg?resize=350%2C200&ssl=1","width":350,"height":200,"srcset":"https:\/\/i0.wp.com\/lasprimeras.com.do\/wp-content\/uploads\/2024\/01\/Donald-Trump-1.jpg?resize=350%2C200&ssl=1 1x, https:\/\/i0.wp.com\/lasprimeras.com.do\/wp-content\/uploads\/2024\/01\/Donald-Trump-1.jpg?resize=525%2C300&ssl=1 1.5x, https:\/\/i0.wp.com\/lasprimeras.com.do\/wp-content\/uploads\/2024\/01\/Donald-Trump-1.jpg?resize=700%2C400&ssl=1 2x"},"classes":[]},{"id":73667,"url":"https:\/\/lasprimeras.com.do\/index.php\/2024\/01\/15\/caucus-de-iowa-votantes-opinan-sobre-primera-contienda-de-la-campana-republicana-de-2024\/","url_meta":{"origin":54800,"position":3},"title":"Caucus de Iowa: Votantes opinan sobre primera contienda de la campa\u00f1a republicana de 2024","author":"Nelson Feliz","date":"15 de enero de 2024","format":false,"excerpt":"POR NICHOLAS RICCARDI Caucus de Iowa, AP.-. Mientras las g\u00e9lidas temperaturas azotan el Medio Oeste, el proceso de nominaci\u00f3n presidencial republicana comenzar\u00e1 oficialmente el lunes con las asambleas electorales de Iowa. La contienda cuatrienal ha sido inusualmente tranquila este a\u00f1o, una se\u00f1al del liderazgo dominante del expresidente Donald Trump en\u2026","rel":"","context":"En \u00abSin categor\u00eda\u00bb","block_context":{"text":"Sin categor\u00eda","link":"https:\/\/lasprimeras.com.do\/index.php\/category\/sin-categoria\/"},"img":{"alt_text":"Iowa","src":"https:\/\/i0.wp.com\/lasprimeras.com.do\/wp-content\/uploads\/2024\/01\/Iowa.jpg?resize=350%2C200&ssl=1","width":350,"height":200,"srcset":"https:\/\/i0.wp.com\/lasprimeras.com.do\/wp-content\/uploads\/2024\/01\/Iowa.jpg?resize=350%2C200&ssl=1 1x, https:\/\/i0.wp.com\/lasprimeras.com.do\/wp-content\/uploads\/2024\/01\/Iowa.jpg?resize=525%2C300&ssl=1 1.5x, https:\/\/i0.wp.com\/lasprimeras.com.do\/wp-content\/uploads\/2024\/01\/Iowa.jpg?resize=700%2C400&ssl=1 2x"},"classes":[]},{"id":54945,"url":"https:\/\/lasprimeras.com.do\/index.php\/2023\/07\/16\/desantis-esta-recortando-personal-a-medida-que-surge-una-nueva-presion-financiera\/","url_meta":{"origin":54800,"position":4},"title":"DeSantis est\u00e1 recortando personal a medida que surge una nueva presi\u00f3n financiera","author":"Nelson Feliz","date":"16 de julio de 2023","format":false,"excerpt":"POR STEVE GENTE El aspirante republicano a la presidencia, Ron DeSantis, est\u00e1 recortando personal de campa\u00f1a mientras lucha por atrapar al expresidente Donald Trump en las concurridas elecciones primarias del Partido Republicano mientras enfrenta una presi\u00f3n financiera inesperada. El gobernador de Florida, DeSantis, despidi\u00f3 a menos de 10 empleados pagados\u2026","rel":"","context":"En \u00abSin categor\u00eda\u00bb","block_context":{"text":"Sin categor\u00eda","link":"https:\/\/lasprimeras.com.do\/index.php\/category\/sin-categoria\/"},"img":{"alt_text":"Ron DeSantis","src":"https:\/\/i0.wp.com\/lasprimeras.com.do\/wp-content\/uploads\/2023\/07\/Ron-DeSantis-1.jpg?resize=350%2C200&ssl=1","width":350,"height":200,"srcset":"https:\/\/i0.wp.com\/lasprimeras.com.do\/wp-content\/uploads\/2023\/07\/Ron-DeSantis-1.jpg?resize=350%2C200&ssl=1 1x, https:\/\/i0.wp.com\/lasprimeras.com.do\/wp-content\/uploads\/2023\/07\/Ron-DeSantis-1.jpg?resize=525%2C300&ssl=1 1.5x, https:\/\/i0.wp.com\/lasprimeras.com.do\/wp-content\/uploads\/2023\/07\/Ron-DeSantis-1.jpg?resize=700%2C400&ssl=1 2x"},"classes":[]},{"id":57897,"url":"https:\/\/lasprimeras.com.do\/index.php\/2023\/08\/17\/trump-disfruta-de-un-fuerte-apoyo-entre-los-republicanos\/","url_meta":{"origin":54800,"position":5},"title":"Trump disfruta de un fuerte apoyo entre los republicanos","author":"Nelson Feliz","date":"17 de agosto de 2023","format":false,"excerpt":"Las elecciones generales podr\u00edan ser una historia diferente. POR JILL COLVIN Y LINLEY SANDERS NUEVA YORK (AP) \u2014 Despu\u00e9s de cada nueva acusaci\u00f3n, Donald Trump se ha jactado de que su posici\u00f3n entre los republicanos solo mejora, y tiene raz\u00f3n. Casi dos tercios de los republicanos, el 63%, ahora dicen\u2026","rel":"","context":"En \u00abSin categor\u00eda\u00bb","block_context":{"text":"Sin categor\u00eda","link":"https:\/\/lasprimeras.com.do\/index.php\/category\/sin-categoria\/"},"img":{"alt_text":"Donald Trump","src":"https:\/\/i0.wp.com\/lasprimeras.com.do\/wp-content\/uploads\/2023\/07\/Donald-Trump.jpg?resize=350%2C200&ssl=1","width":350,"height":200,"srcset":"https:\/\/i0.wp.com\/lasprimeras.com.do\/wp-content\/uploads\/2023\/07\/Donald-Trump.jpg?resize=350%2C200&ssl=1 1x, https:\/\/i0.wp.com\/lasprimeras.com.do\/wp-content\/uploads\/2023\/07\/Donald-Trump.jpg?resize=525%2C300&ssl=1 1.5x, https:\/\/i0.wp.com\/lasprimeras.com.do\/wp-content\/uploads\/2023\/07\/Donald-Trump.jpg?resize=700%2C400&ssl=1 2x"},"classes":[]}],"jetpack_sharing_enabled":true,"_links":{"self":[{"href":"https:\/\/lasprimeras.com.do\/index.php\/wp-json\/wp\/v2\/posts\/54800","targetHints":{"allow":["GET"]}}],"collection":[{"href":"https:\/\/lasprimeras.com.do\/index.php\/wp-json\/wp\/v2\/posts"}],"about":[{"href":"https:\/\/lasprimeras.com.do\/index.php\/wp-json\/wp\/v2\/types\/post"}],"author":[{"embeddable":true,"href":"https:\/\/lasprimeras.com.do\/index.php\/wp-json\/wp\/v2\/users\/2"}],"replies":[{"embeddable":true,"href":"https:\/\/lasprimeras.com.do\/index.php\/wp-json\/wp\/v2\/comments?post=54800"}],"version-history":[{"count":1,"href":"https:\/\/lasprimeras.com.do\/index.php\/wp-json\/wp\/v2\/posts\/54800\/revisions"}],"predecessor-version":[{"id":54802,"href":"https:\/\/lasprimeras.com.do\/index.php\/wp-json\/wp\/v2\/posts\/54800\/revisions\/54802"}],"wp:featuredmedia":[{"embeddable":true,"href":"https:\/\/lasprimeras.com.do\/index.php\/wp-json\/wp\/v2\/media\/54801"}],"wp:attachment":[{"href":"https:\/\/lasprimeras.com.do\/index.php\/wp-json\/wp\/v2\/media?parent=54800"}],"wp:term":[{"taxonomy":"category","embeddable":true,"href":"https:\/\/lasprimeras.com.do\/index.php\/wp-json\/wp\/v2\/categories?post=54800"},{"taxonomy":"post_tag","embeddable":true,"href":"https:\/\/lasprimeras.com.do\/index.php\/wp-json\/wp\/v2\/tags?post=54800"}],"curies":[{"name":"wp","href":"https:\/\/api.w.org\/{rel}","templated":true}]}}