{"id":54809,"date":"2023-07-14T08:52:07","date_gmt":"2023-07-14T12:52:07","guid":{"rendered":"https:\/\/lasprimeras.com.do\/?p=54809"},"modified":"2023-07-14T08:52:08","modified_gmt":"2023-07-14T12:52:08","slug":"bombero-canadiense-muere-luchando-contra-incendio-en-columbia-britanica","status":"publish","type":"post","link":"https:\/\/lasprimeras.com.do\/index.php\/2023\/07\/14\/bombero-canadiense-muere-luchando-contra-incendio-en-columbia-britanica\/","title":{"rendered":"Bombero canadiense muere luchando contra incendio en Columbia Brit\u00e1nica"},"content":{"rendered":"\n<p>Un bombero canadiense muri\u00f3 el jueves mientras luchaba contra un incendio masivo en un bosque en Columbia Brit\u00e1nica, dijeron las autoridades, mientras los incendios forestales contin\u00faan arrasando el pa\u00eds.<\/p>\n\n\n\n<p>El Sindicato General de Empleados de BC anunci\u00f3 la muerte del bombero en un comunicado el jueves por la noche. La identific\u00f3 como mujer, pero no proporcion\u00f3 su nombre.<\/p>\n\n\n\n<p>\u201cNuestros corazones y pensamientos est\u00e1n con su familia y comunidad, tanto en casa como en el Servicio de Incendios Forestales de BC\u201d, dijo el sindicato en un comunicado.<\/p>\n\n\n\n<p>La mujer hab\u00eda estado luchando contra un incendio en las afueras de la ciudad de Revelstoke, a unos 500 kil\u00f3metros (310 millas) al noreste de Vancouver, en la costa oeste de Canad\u00e1, dijo el sindicato.<\/p>\n\n\n\n<p>Actualmente hay tres incendios forestales ardiendo dentro de las 30 millas de Revelstoke, y dos se consideran fuera de control, inform\u00f3 CBC.<\/p>\n\n\n\n<p>Unos 2000 bomberos luchan contra m\u00e1s de 350 incendios en la Columbia Brit\u00e1nica.<br>(Reuters)<\/p>\n","protected":false},"excerpt":{"rendered":"<p>Un bombero canadiense muri\u00f3 el jueves mientras luchaba contra un incendio masivo en un bosque en Columbia Brit\u00e1nica, dijeron las autoridades, mientras los incendios forestales contin\u00faan arrasando el pa\u00eds. El&hellip;<\/p>\n","protected":false},"author":2,"featured_media":54810,"comment_status":"open","ping_status":"open","sticky":false,"template":"","format":"standard","meta":{"content-type":"","jetpack_post_was_ever_published":false,"_jetpack_newsletter_access":"","_jetpack_dont_email_post_to_subs":false,"_jetpack_newsletter_tier_id":0,"_jetpack_memberships_contains_paywalled_content":false,"_jetpack_memberships_contains_paid_content":false,"footnotes":""},"categories":[1],"tags":[4731,4735,4734,4732,1399,4733],"class_list":["post-54809","post","type-post","status-publish","format-standard","has-post-thumbnail","hentry","category-sin-categoria","tag-bombero","tag-britanica","tag-canadiense","tag-columbia","tag-incendio","tag-muere-luchando"],"jetpack_featured_media_url":"https:\/\/lasprimeras.com.do\/wp-content\/uploads\/2023\/07\/Bombero-canadiense-muere-luchando-contra-incendio-en-Columbia-Britanica.jpg","jetpack-related-posts":[{"id":54074,"url":"https:\/\/lasprimeras.com.do\/index.php\/2023\/07\/06\/los-incendios-forestales-en-canada-han-batido-records-de-area-quemada-evacuaciones-y-costo-dice-un-funcionario\/","url_meta":{"origin":54809,"position":0},"title":"Los incendios forestales en Canad\u00e1 han batido r\u00e9cords de \u00e1rea quemada, evacuaciones y costo, dice un funcionario","author":"Nelson Feliz","date":"6 de julio de 2023","format":false,"excerpt":"VANCOUVER, Columbia Brit\u00e1nica (AP) \u2014 Los incendios forestales que arrasan Canad\u00e1 ya han batido r\u00e9cords de \u00e1rea total quemada, la cantidad de personas obligadas a evacuar sus hogares y el costo de combatir las llamas, y la temporada de incendios est\u00e1 a mitad de camino, dijeron las autoridades el jueves.\u2026","rel":"","context":"En \u00abSin categor\u00eda\u00bb","block_context":{"text":"Sin categor\u00eda","link":"https:\/\/lasprimeras.com.do\/index.php\/category\/sin-categoria\/"},"img":{"alt_text":"Incendios Forestales","src":"https:\/\/i0.wp.com\/lasprimeras.com.do\/wp-content\/uploads\/2023\/07\/Incendios-Forestales.jpg?resize=350%2C200&ssl=1","width":350,"height":200,"srcset":"https:\/\/i0.wp.com\/lasprimeras.com.do\/wp-content\/uploads\/2023\/07\/Incendios-Forestales.jpg?resize=350%2C200&ssl=1 1x, https:\/\/i0.wp.com\/lasprimeras.com.do\/wp-content\/uploads\/2023\/07\/Incendios-Forestales.jpg?resize=525%2C300&ssl=1 1.5x, https:\/\/i0.wp.com\/lasprimeras.com.do\/wp-content\/uploads\/2023\/07\/Incendios-Forestales.jpg?resize=700%2C400&ssl=1 2x"},"classes":[]},{"id":86462,"url":"https:\/\/lasprimeras.com.do\/index.php\/2024\/07\/25\/un-rayo-y-un-coche-en-llamas-arrojado-a-un-barranco-son-los-responsables-de-los-incendios-forestales-que-asolan-el-oeste\/","url_meta":{"origin":54809,"position":1},"title":"Un rayo y un coche en llamas arrojado a un barranco son los responsables de los incendios forestales que asolan el oeste","author":"Nelson Feliz","date":"25 de julio de 2024","format":false,"excerpt":"POR JOHN ANTCZAK Y HOLLY RAMER Un coche en llamas arrojado a un barranco provoc\u00f3 el mayor incendio forestal del a\u00f1o en California, seg\u00fan informaron las autoridades el jueves, al tiempo que anunciaron el arresto de un sospechoso. Mientras tanto, otros incendios arrasaron el noroeste del Pac\u00edfico. Las llamas del\u2026","rel":"","context":"En \u00abSin categor\u00eda\u00bb","block_context":{"text":"Sin categor\u00eda","link":"https:\/\/lasprimeras.com.do\/index.php\/category\/sin-categoria\/"},"img":{"alt_text":"","src":"https:\/\/i0.wp.com\/lasprimeras.com.do\/wp-content\/uploads\/2024\/07\/incendios-forestales-1.png?resize=350%2C200&ssl=1","width":350,"height":200,"srcset":"https:\/\/i0.wp.com\/lasprimeras.com.do\/wp-content\/uploads\/2024\/07\/incendios-forestales-1.png?resize=350%2C200&ssl=1 1x, https:\/\/i0.wp.com\/lasprimeras.com.do\/wp-content\/uploads\/2024\/07\/incendios-forestales-1.png?resize=525%2C300&ssl=1 1.5x, https:\/\/i0.wp.com\/lasprimeras.com.do\/wp-content\/uploads\/2024\/07\/incendios-forestales-1.png?resize=700%2C400&ssl=1 2x"},"classes":[]},{"id":63998,"url":"https:\/\/lasprimeras.com.do\/index.php\/2023\/10\/17\/bomberos-de-espana-capacitan-a-dominicanos-en-protocolos-para-combatir-incendios-forestales\/","url_meta":{"origin":54809,"position":2},"title":"Bomberos de Espa\u00f1a capacitan a dominicanos en protocolos para combatir incendios forestales","author":"Nelson Feliz","date":"17 de octubre de 2023","format":false,"excerpt":"El Ministerio de Medio Ambiente desarrolla un taller t\u00e9cnico con el apoyo de la Uni\u00f3n Europea y el programa Euroclima. El Ministerio de Medio Ambiente y Recursos Naturales desarrolla esta semana un taller de capacitaci\u00f3n impartido por bomberos de Espa\u00f1a a integrantes de las agencias de emergencias del Estado dominicano\u2026","rel":"","context":"En \u00abNACIONALES\u00bb","block_context":{"text":"NACIONALES","link":"https:\/\/lasprimeras.com.do\/index.php\/category\/nacionales\/"},"img":{"alt_text":"Ministerio de Medio Ambiente y Recursos Naturales","src":"https:\/\/i0.wp.com\/lasprimeras.com.do\/wp-content\/uploads\/2023\/10\/Ministerio-de-Medio-Ambiente-y-Recursos-Naturales-1.jpg?resize=350%2C200&ssl=1","width":350,"height":200,"srcset":"https:\/\/i0.wp.com\/lasprimeras.com.do\/wp-content\/uploads\/2023\/10\/Ministerio-de-Medio-Ambiente-y-Recursos-Naturales-1.jpg?resize=350%2C200&ssl=1 1x, https:\/\/i0.wp.com\/lasprimeras.com.do\/wp-content\/uploads\/2023\/10\/Ministerio-de-Medio-Ambiente-y-Recursos-Naturales-1.jpg?resize=525%2C300&ssl=1 1.5x"},"classes":[]},{"id":92737,"url":"https:\/\/lasprimeras.com.do\/index.php\/2025\/01\/12\/bomberos-bregan-contra-incendios-de-los-angeles-con-temor-por-fuertes-vientos-previstos\/","url_meta":{"origin":54809,"position":3},"title":"Bomberos bregan contra incendios de Los \u00c1ngeles con temor por fuertes vientos previstos","author":"Nelson Feliz","date":"12 de enero de 2025","format":false,"excerpt":"LOS \u00c1NGELES, EFE. \u2013 Las cuadrillas de bomberos que bregan contra los graves incendios de Los \u00c1ngeles contaron este domingo con la ayuda de favorables condiciones meteorol\u00f3gicas para hacer frente a los fuegos, condiciones que est\u00e1 previsto se recrudezcan a partir del lunes, alertaron las autoridades locales. En rueda de\u2026","rel":"","context":"En \u00abINTERNACIONALES\u00bb","block_context":{"text":"INTERNACIONALES","link":"https:\/\/lasprimeras.com.do\/index.php\/category\/sin-categoria\/internacionales\/"},"img":{"alt_text":"","src":"https:\/\/i0.wp.com\/lasprimeras.com.do\/wp-content\/uploads\/2025\/01\/INCENDIOS.jpg?resize=350%2C200&ssl=1","width":350,"height":200,"srcset":"https:\/\/i0.wp.com\/lasprimeras.com.do\/wp-content\/uploads\/2025\/01\/INCENDIOS.jpg?resize=350%2C200&ssl=1 1x, https:\/\/i0.wp.com\/lasprimeras.com.do\/wp-content\/uploads\/2025\/01\/INCENDIOS.jpg?resize=525%2C300&ssl=1 1.5x"},"classes":[]},{"id":96970,"url":"https:\/\/lasprimeras.com.do\/index.php\/2025\/04\/10\/senpa-y-medio-ambiente-sofocan-incendio-forestal-en-valle-nuevo\/","url_meta":{"origin":54809,"position":4},"title":"SENPA y Medio Ambiente sofocan incendio forestal en Valle Nuevo","author":"Nelson Feliz","date":"10 de abril de 2025","format":false,"excerpt":"Miembros del Servicio Nacional de Protecci\u00f3n Ambiental (SENPA), bomberos forestales, en conjunto con el Ministerio de Medio Ambiente, lograron sofocar en un 90% un incendio en el Paraje Los Tramojos, del Parque Nacional Valle Nuevo, en San Jos\u00e9 de Ocoa. Este incendio afectaba \u00e1rboles, malezas y arbustos de diferentes especies\u2026","rel":"","context":"En \u00abNACIONALES\u00bb","block_context":{"text":"NACIONALES","link":"https:\/\/lasprimeras.com.do\/index.php\/category\/nacionales\/"},"img":{"alt_text":"","src":"https:\/\/i0.wp.com\/lasprimeras.com.do\/wp-content\/uploads\/2025\/04\/senpa-1.jpg?resize=350%2C200&ssl=1","width":350,"height":200,"srcset":"https:\/\/i0.wp.com\/lasprimeras.com.do\/wp-content\/uploads\/2025\/04\/senpa-1.jpg?resize=350%2C200&ssl=1 1x, https:\/\/i0.wp.com\/lasprimeras.com.do\/wp-content\/uploads\/2025\/04\/senpa-1.jpg?resize=525%2C300&ssl=1 1.5x"},"classes":[]},{"id":106473,"url":"https:\/\/lasprimeras.com.do\/index.php\/2025\/08\/15\/espana-portugal-y-grecia-luchan-contra-incendios-forestales-en-plena-ola-de-calor\/","url_meta":{"origin":54809,"position":5},"title":"Espa\u00f1a, Portugal y Grecia luchan contra incendios forestales en plena ola de calor","author":"Nelson Feliz","date":"15 de agosto de 2025","format":false,"excerpt":"POR SUMAN NAISHADHAM MADRID (AP) \u2014 Bomberos en Espa\u00f1a, Portugal y Grecia segu\u00edan combatiendo los incendios forestales activos el viernes en una jornada festiva en los tres pa\u00edses, mientras las persistentes condiciones de calor y sequ\u00eda complicaban los esfuerzos para contener las llamas. En Espa\u00f1a, donde se espera que las\u2026","rel":"","context":"En \u00abINTERNACIONALES\u00bb","block_context":{"text":"INTERNACIONALES","link":"https:\/\/lasprimeras.com.do\/index.php\/category\/sin-categoria\/internacionales\/"},"img":{"alt_text":"","src":"https:\/\/i0.wp.com\/lasprimeras.com.do\/wp-content\/uploads\/2025\/08\/incendios-forestales.jpg?resize=350%2C200&ssl=1","width":350,"height":200,"srcset":"https:\/\/i0.wp.com\/lasprimeras.com.do\/wp-content\/uploads\/2025\/08\/incendios-forestales.jpg?resize=350%2C200&ssl=1 1x, https:\/\/i0.wp.com\/lasprimeras.com.do\/wp-content\/uploads\/2025\/08\/incendios-forestales.jpg?resize=525%2C300&ssl=1 1.5x, https:\/\/i0.wp.com\/lasprimeras.com.do\/wp-content\/uploads\/2025\/08\/incendios-forestales.jpg?resize=700%2C400&ssl=1 2x"},"classes":[]}],"jetpack_sharing_enabled":true,"_links":{"self":[{"href":"https:\/\/lasprimeras.com.do\/index.php\/wp-json\/wp\/v2\/posts\/54809","targetHints":{"allow":["GET"]}}],"collection":[{"href":"https:\/\/lasprimeras.com.do\/index.php\/wp-json\/wp\/v2\/posts"}],"about":[{"href":"https:\/\/lasprimeras.com.do\/index.php\/wp-json\/wp\/v2\/types\/post"}],"author":[{"embeddable":true,"href":"https:\/\/lasprimeras.com.do\/index.php\/wp-json\/wp\/v2\/users\/2"}],"replies":[{"embeddable":true,"href":"https:\/\/lasprimeras.com.do\/index.php\/wp-json\/wp\/v2\/comments?post=54809"}],"version-history":[{"count":1,"href":"https:\/\/lasprimeras.com.do\/index.php\/wp-json\/wp\/v2\/posts\/54809\/revisions"}],"predecessor-version":[{"id":54811,"href":"https:\/\/lasprimeras.com.do\/index.php\/wp-json\/wp\/v2\/posts\/54809\/revisions\/54811"}],"wp:featuredmedia":[{"embeddable":true,"href":"https:\/\/lasprimeras.com.do\/index.php\/wp-json\/wp\/v2\/media\/54810"}],"wp:attachment":[{"href":"https:\/\/lasprimeras.com.do\/index.php\/wp-json\/wp\/v2\/media?parent=54809"}],"wp:term":[{"taxonomy":"category","embeddable":true,"href":"https:\/\/lasprimeras.com.do\/index.php\/wp-json\/wp\/v2\/categories?post=54809"},{"taxonomy":"post_tag","embeddable":true,"href":"https:\/\/lasprimeras.com.do\/index.php\/wp-json\/wp\/v2\/tags?post=54809"}],"curies":[{"name":"wp","href":"https:\/\/api.w.org\/{rel}","templated":true}]}}