{"id":54919,"date":"2023-07-16T17:58:09","date_gmt":"2023-07-16T21:58:09","guid":{"rendered":"https:\/\/lasprimeras.com.do\/?p=54919"},"modified":"2023-07-16T17:58:10","modified_gmt":"2023-07-16T21:58:10","slug":"abel-en-nagua-el-prm-gobernando-malo-ha-perdido-la-verguenza-y-en-el-2024-perdera-las-elecciones","status":"publish","type":"post","link":"https:\/\/lasprimeras.com.do\/index.php\/2023\/07\/16\/abel-en-nagua-el-prm-gobernando-malo-ha-perdido-la-verguenza-y-en-el-2024-perdera-las-elecciones\/","title":{"rendered":"Abel en Nagua: \u00abEl PRM, gobernando malo, ha perdido la verg\u00fcenza y en el 2024 perder\u00e1 las elecciones\u00bb"},"content":{"rendered":"\n<p>El candidato presidencial del Partido de la Liberaci\u00f3n Dominicana (PLD), <a href=\"https:\/\/lasprimeras.com.do\/index.php\/2023\/07\/13\/abel-martinez-ineficiencia-del-gobierno-esta-poniendo-en-peligro-vida-de-muchas-personas-en-hospitales\/\" data-type=\"post\" data-id=\"54775\">Abel Mart\u00ednez,<\/a> se solidariz\u00f3 con el pueblo dominicano, por el maltrato y el despojo que les ha hecho el <a href=\"https:\/\/vanguardiadelpueblo.do\/2023\/07\/abel-en-nagua-el-prm-gobernando-malo-ha-perdido-la-verguenza-y-en-el-2024-perdera-las-elecciones\/\">Gobierno <\/a>de los cangrejos.<\/p>\n\n\n\n<p>En Nagua, provincia Mar\u00eda Trinidad S\u00e1nchez, Abel Mart\u00ednez culp\u00f3 al Gobierno de la desgracia que atraviesan los productores del lugar, afectados por la falta de cr\u00e9dito y de limpieza de caminos interparcelarios; tambi\u00e9n la aprobaci\u00f3n innecesaria de permisos de importaci\u00f3n.<\/p>\n\n\n\n<p>\u00abEste Gobierno de la porra tiene sufriendo al pueblo. Los cangrejos del Gobierno le quitaron los tractores a las asociaciones productivas. En 2024 \u00a1E\u2019 pa\u2019 fuera que van!\u00bb, proclam\u00f3 el l\u00edder de la oposici\u00f3n.<\/p>\n\n\n\n<p>Abel Mart\u00ednez habl\u00f3 en Nagua, durante la proclamaci\u00f3n de dos candidatos a alcaldes y seis a directores municipales.<\/p>\n\n\n\n<p>Los proclamados candidatos a las alcald\u00edas fueron Francis Jerez Calca\u00f1o (Nagua) y Juan Jos\u00e9 Paredes (El Factor).<\/p>\n\n\n\n<p>Como candidatos a dirigir distritos municipales, Abel Mart\u00ednez proclam\u00f3 a Jes\u00fas Lorenzo (El Pozo), Yunior Alexis Espinosa \u201cLeito\u201d (San Jos\u00e9 de Matanzas), Julio C\u00e9sar de la Cruz (Las Gordas), Ramona de la Cruz (Arroyo al Medio), Jos\u00e9 Anibal Balbuena (Arroyo el Salado) y Henry Veras (La Entrada, Cabrera).<\/p>\n\n\n\n<p><strong>PLD apoy\u00f3 productores Mar\u00eda Trinidad S\u00e1nchez<\/strong><\/p>\n\n\n\n<p>Durante el periodo 2012-2020, el expresidente Danilo Medina realiz\u00f3 diez Visitas Sorpresa a El Factor, Cabrera, El Pozo, Copeyito, Matanzas, Balat\u00e1, R\u00edo San Juan y La Coyera.<\/p>\n\n\n\n<p>Se invirtieron RD$1,712 millones en 88 proyectos productivos y comunitarios, se recuerda en un despacho de prensa.<\/p>\n\n\n\n<p>En los gobiernos del PLD se apoyaron 13,529 microempresarios, beneficiados con RD$5,988 millones para la producci\u00f3n de arroz y ganader\u00eda. Tambi\u00e9n para salones de belleza, colmados, agroveterinarias, transporte, centros educativos, sastrer\u00edas, laboratorios, panader\u00edas, ferreter\u00edas, suplidoras, bisuter\u00eda, servicios mec\u00e1nicos y centros de u\u00f1as.<\/p>\n","protected":false},"excerpt":{"rendered":"<p>El candidato presidencial del Partido de la Liberaci\u00f3n Dominicana (PLD), Abel Mart\u00ednez, se solidariz\u00f3 con el pueblo dominicano, por el maltrato y el despojo que les ha hecho el Gobierno&hellip;<\/p>\n","protected":false},"author":2,"featured_media":54920,"comment_status":"open","ping_status":"open","sticky":false,"template":"","format":"standard","meta":{"content-type":"","jetpack_post_was_ever_published":false,"_jetpack_newsletter_access":"","_jetpack_dont_email_post_to_subs":false,"_jetpack_newsletter_tier_id":0,"_jetpack_memberships_contains_paywalled_content":false,"_jetpack_memberships_contains_paid_content":false,"footnotes":""},"categories":[25],"tags":[822,182,4785,4784,2026,269,31,4786],"class_list":["post-54919","post","type-post","status-publish","format-standard","has-post-thumbnail","hentry","category-portada","tag-abel-martinez","tag-elecciones","tag-gobernando","tag-malo","tag-nagua","tag-pld","tag-prm","tag-verguenza"],"jetpack_featured_media_url":"https:\/\/lasprimeras.com.do\/wp-content\/uploads\/2023\/07\/Abel-Martinez-2.jpg","jetpack-related-posts":[{"id":53299,"url":"https:\/\/lasprimeras.com.do\/index.php\/2023\/06\/25\/abel-martinez-liberaremos-a-republica-dominicana-de-este-mal-gobierno\/","url_meta":{"origin":54919,"position":0},"title":"Abel Mart\u00ednez: \u00abLiberaremos a Rep\u00fablica Dominicana de este mal gobierno\u00bb","author":"Nelson Feliz","date":"25 de junio de 2023","format":false,"excerpt":"El candidato presidencial por el Partido de la Liberaci\u00f3n Dominicana (PLD), Abel Mart\u00ednez, encabez\u00f3 una marcha en Santo Domingo Este junto al candidato a la alcald\u00eda de este municipio, Luis Alberto Tejeda. Desde los balcones, techos, aceras y calles; los vecinos de SDE vociferaban las penurias que a diario viven\u2026","rel":"","context":"En \u00abPORTADA\u00bb","block_context":{"text":"PORTADA","link":"https:\/\/lasprimeras.com.do\/index.php\/category\/portada\/"},"img":{"alt_text":"Abel Mart\u00ednez","src":"https:\/\/i0.wp.com\/lasprimeras.com.do\/wp-content\/uploads\/2023\/06\/Abel-Martinez.jpeg?resize=350%2C200&ssl=1","width":350,"height":200,"srcset":"https:\/\/i0.wp.com\/lasprimeras.com.do\/wp-content\/uploads\/2023\/06\/Abel-Martinez.jpeg?resize=350%2C200&ssl=1 1x, https:\/\/i0.wp.com\/lasprimeras.com.do\/wp-content\/uploads\/2023\/06\/Abel-Martinez.jpeg?resize=525%2C300&ssl=1 1.5x, https:\/\/i0.wp.com\/lasprimeras.com.do\/wp-content\/uploads\/2023\/06\/Abel-Martinez.jpeg?resize=700%2C400&ssl=1 2x, https:\/\/i0.wp.com\/lasprimeras.com.do\/wp-content\/uploads\/2023\/06\/Abel-Martinez.jpeg?resize=1050%2C600&ssl=1 3x"},"classes":[]},{"id":104644,"url":"https:\/\/lasprimeras.com.do\/index.php\/2025\/07\/25\/abel-martinez-asegura-que-la-mejor-coyuntura-para-el-regreso-del-pld-al-poder-es-ahora\/","url_meta":{"origin":54919,"position":1},"title":"Abel Mart\u00ednez asegura que la mejor coyuntura para el regreso del PLD al poder es ahora","author":"Nelson Feliz","date":"25 de julio de 2025","format":false,"excerpt":"El miembro del Comit\u00e9 Pol\u00edtico del PLD , Abel Mart\u00ednez, considera que, con el reencuentro en 2028 entre el PLD y el pueblo dominicano, se cerrar\u00e1 el paso de las actuales promesas incumplidas, regresando las soluciones reales a los problemas que enfrenta RD.,\u00abLa historia nos da una nueva oportunidad, y\u2026","rel":"","context":"En \u00abPOLITICA\u00bb","block_context":{"text":"POLITICA","link":"https:\/\/lasprimeras.com.do\/index.php\/category\/politica\/"},"img":{"alt_text":"","src":"https:\/\/i0.wp.com\/lasprimeras.com.do\/wp-content\/uploads\/2024\/09\/ABEL-MARTINEZ.jpg?resize=350%2C200&ssl=1","width":350,"height":200,"srcset":"https:\/\/i0.wp.com\/lasprimeras.com.do\/wp-content\/uploads\/2024\/09\/ABEL-MARTINEZ.jpg?resize=350%2C200&ssl=1 1x, https:\/\/i0.wp.com\/lasprimeras.com.do\/wp-content\/uploads\/2024\/09\/ABEL-MARTINEZ.jpg?resize=525%2C300&ssl=1 1.5x, https:\/\/i0.wp.com\/lasprimeras.com.do\/wp-content\/uploads\/2024\/09\/ABEL-MARTINEZ.jpg?resize=700%2C400&ssl=1 2x"},"classes":[]},{"id":78906,"url":"https:\/\/lasprimeras.com.do\/index.php\/2024\/03\/21\/abel-en-mayo-sera-el-pueblo-dominicano-contra-el-gobierno-del-prm\/","url_meta":{"origin":54919,"position":2},"title":"Abel: &#8220;En mayo ser\u00e1 el pueblo dominicano contra el Gobierno del PRM&#8221;","author":"BIMARY DE JES\u00daS Matos","date":"21 de marzo de 2024","format":false,"excerpt":"Santo Domingo.-El candidato presidencial del Partido de la Liberaci\u00f3n Dominicano (PLD), Abel Mart\u00ednez, declar\u00f3 que en las pr\u00f3ximas elecciones presidenciales habr\u00e1 una contienda entre el pueblo y el Gobierno del PRM. Abel Mart\u00ednez se\u00f1al\u00f3 que con la participaci\u00f3n masiva del pueblo dominicano en los comicios presidenciales, el actual Gobierno tendr\u00e1\u2026","rel":"","context":"En \u00abSin categor\u00eda\u00bb","block_context":{"text":"Sin categor\u00eda","link":"https:\/\/lasprimeras.com.do\/index.php\/category\/sin-categoria\/"},"img":{"alt_text":"","src":"https:\/\/i0.wp.com\/lasprimeras.com.do\/wp-content\/uploads\/2024\/03\/WhatsApp-Image-2024-03-21-at-2.24.18-PM-1.jpeg?resize=350%2C200&ssl=1","width":350,"height":200},"classes":[]},{"id":64661,"url":"https:\/\/lasprimeras.com.do\/index.php\/2023\/10\/22\/abel-martinez-sera-el-sepulturero-del-mal-gobierno-del-prm\/","url_meta":{"origin":54919,"position":3},"title":"Abel Mart\u00ednez ser\u00e1 el sepulturero del mal gobierno del PRM","author":"Nelson Feliz","date":"22 de octubre de 2023","format":false,"excerpt":"Mariotti destac\u00f3 la fortaleza del PLD y llam\u00f3 a la acci\u00f3n colectiva en apoyo a la candidatura de Abel Mart\u00ednez para alcanzar el triunfo en el 2024. El Secretario General del Partido de la Liberaci\u00f3n Dominicana, Charles Mariotti, exhort\u00f3 a todos los pelede\u00edstas a \u201cdejar el cuero\u201d por cada una\u2026","rel":"","context":"En \u00abPORTADA\u00bb","block_context":{"text":"PORTADA","link":"https:\/\/lasprimeras.com.do\/index.php\/category\/portada\/"},"img":{"alt_text":"Charles Mariotti","src":"https:\/\/i0.wp.com\/lasprimeras.com.do\/wp-content\/uploads\/2023\/10\/Charles-Mariotti-2.jpg?resize=350%2C200&ssl=1","width":350,"height":200,"srcset":"https:\/\/i0.wp.com\/lasprimeras.com.do\/wp-content\/uploads\/2023\/10\/Charles-Mariotti-2.jpg?resize=350%2C200&ssl=1 1x, https:\/\/i0.wp.com\/lasprimeras.com.do\/wp-content\/uploads\/2023\/10\/Charles-Mariotti-2.jpg?resize=525%2C300&ssl=1 1.5x, https:\/\/i0.wp.com\/lasprimeras.com.do\/wp-content\/uploads\/2023\/10\/Charles-Mariotti-2.jpg?resize=700%2C400&ssl=1 2x"},"classes":[]},{"id":111705,"url":"https:\/\/lasprimeras.com.do\/index.php\/2025\/10\/12\/abel-martinez-este-gobierno-llego-como-el-cambio-y-va-a-salir-como-el-fallo\/","url_meta":{"origin":54919,"position":4},"title":"Abel Mart\u00ednez: \u201cEste gobierno lleg\u00f3 como \u201cel cambio\u201d y va a salir como \u201cel fallo\u201d","author":"Nelson Feliz","date":"12 de octubre de 2025","format":false,"excerpt":"El miembro del Comit\u00e9 Politico del Partido de la Liberaci\u00f3n Dominicana (PLD), Abel Martinez, lament\u00f3 la dif\u00edcil situaci\u00f3n que enfrenta el pueblo dominicano como consecuencia de las malas ejecutorias de un gobierno ineficaz e indolente que, se visti\u00f3 de cambio y ha resultado un gran fallo, llevando al pa\u00eds por\u2026","rel":"","context":"En \u00abPOLITICA\u00bb","block_context":{"text":"POLITICA","link":"https:\/\/lasprimeras.com.do\/index.php\/category\/politica\/"},"img":{"alt_text":"","src":"https:\/\/i0.wp.com\/lasprimeras.com.do\/wp-content\/uploads\/2025\/10\/Abel-Martinez-1-1.jpg?resize=350%2C200&ssl=1","width":350,"height":200,"srcset":"https:\/\/i0.wp.com\/lasprimeras.com.do\/wp-content\/uploads\/2025\/10\/Abel-Martinez-1-1.jpg?resize=350%2C200&ssl=1 1x, https:\/\/i0.wp.com\/lasprimeras.com.do\/wp-content\/uploads\/2025\/10\/Abel-Martinez-1-1.jpg?resize=525%2C300&ssl=1 1.5x, https:\/\/i0.wp.com\/lasprimeras.com.do\/wp-content\/uploads\/2025\/10\/Abel-Martinez-1-1.jpg?resize=700%2C400&ssl=1 2x"},"classes":[]},{"id":71150,"url":"https:\/\/lasprimeras.com.do\/index.php\/2023\/12\/17\/abel-gobierno-ha-convertido-la-navidad-en-navina-seran-las-ultimas-del-prm\/","url_meta":{"origin":54919,"position":5},"title":"Abel: \u00abGobierno ha convertido la Navidad en NaviN\u00e1\u2019; ser\u00e1n las \u00faltimas del PRM\u00bb","author":"Nelson Feliz","date":"17 de diciembre de 2023","format":false,"excerpt":"El candidato presidencial del Partido de la Liberaci\u00f3n Dominicana (PLD), Abel Mart\u00ednez, acus\u00f3 al Gobierno de robarle la Navidad al pueblo y vaticin\u00f3 que ser\u00e1 la \u00faltima del PRM en el poder. Durante una multitudinaria caravana en San Pedro de Macor\u00eds, el l\u00edder de la oposici\u00f3n pidi\u00f3 a los dominicanos\u2026","rel":"","context":"En \u00abPORTADA\u00bb","block_context":{"text":"PORTADA","link":"https:\/\/lasprimeras.com.do\/index.php\/category\/portada\/"},"img":{"alt_text":"Abel Mart\u00ednez","src":"https:\/\/i0.wp.com\/lasprimeras.com.do\/wp-content\/uploads\/2023\/12\/Abel.jpeg?resize=350%2C200&ssl=1","width":350,"height":200,"srcset":"https:\/\/i0.wp.com\/lasprimeras.com.do\/wp-content\/uploads\/2023\/12\/Abel.jpeg?resize=350%2C200&ssl=1 1x, https:\/\/i0.wp.com\/lasprimeras.com.do\/wp-content\/uploads\/2023\/12\/Abel.jpeg?resize=525%2C300&ssl=1 1.5x, https:\/\/i0.wp.com\/lasprimeras.com.do\/wp-content\/uploads\/2023\/12\/Abel.jpeg?resize=700%2C400&ssl=1 2x, https:\/\/i0.wp.com\/lasprimeras.com.do\/wp-content\/uploads\/2023\/12\/Abel.jpeg?resize=1050%2C600&ssl=1 3x, https:\/\/i0.wp.com\/lasprimeras.com.do\/wp-content\/uploads\/2023\/12\/Abel.jpeg?resize=1400%2C800&ssl=1 4x"},"classes":[]}],"jetpack_sharing_enabled":true,"_links":{"self":[{"href":"https:\/\/lasprimeras.com.do\/index.php\/wp-json\/wp\/v2\/posts\/54919","targetHints":{"allow":["GET"]}}],"collection":[{"href":"https:\/\/lasprimeras.com.do\/index.php\/wp-json\/wp\/v2\/posts"}],"about":[{"href":"https:\/\/lasprimeras.com.do\/index.php\/wp-json\/wp\/v2\/types\/post"}],"author":[{"embeddable":true,"href":"https:\/\/lasprimeras.com.do\/index.php\/wp-json\/wp\/v2\/users\/2"}],"replies":[{"embeddable":true,"href":"https:\/\/lasprimeras.com.do\/index.php\/wp-json\/wp\/v2\/comments?post=54919"}],"version-history":[{"count":1,"href":"https:\/\/lasprimeras.com.do\/index.php\/wp-json\/wp\/v2\/posts\/54919\/revisions"}],"predecessor-version":[{"id":54921,"href":"https:\/\/lasprimeras.com.do\/index.php\/wp-json\/wp\/v2\/posts\/54919\/revisions\/54921"}],"wp:featuredmedia":[{"embeddable":true,"href":"https:\/\/lasprimeras.com.do\/index.php\/wp-json\/wp\/v2\/media\/54920"}],"wp:attachment":[{"href":"https:\/\/lasprimeras.com.do\/index.php\/wp-json\/wp\/v2\/media?parent=54919"}],"wp:term":[{"taxonomy":"category","embeddable":true,"href":"https:\/\/lasprimeras.com.do\/index.php\/wp-json\/wp\/v2\/categories?post=54919"},{"taxonomy":"post_tag","embeddable":true,"href":"https:\/\/lasprimeras.com.do\/index.php\/wp-json\/wp\/v2\/tags?post=54919"}],"curies":[{"name":"wp","href":"https:\/\/api.w.org\/{rel}","templated":true}]}}