{"id":54960,"date":"2023-07-16T21:53:49","date_gmt":"2023-07-17T01:53:49","guid":{"rendered":"https:\/\/lasprimeras.com.do\/?p=54960"},"modified":"2023-07-16T21:53:50","modified_gmt":"2023-07-17T01:53:50","slug":"leonel-fernandez-inaugura-laboratorio-de-ideas-nueva-base-de-apoyo","status":"publish","type":"post","link":"https:\/\/lasprimeras.com.do\/index.php\/2023\/07\/16\/leonel-fernandez-inaugura-laboratorio-de-ideas-nueva-base-de-apoyo\/","title":{"rendered":"Leonel Fern\u00e1ndez inaugura laboratorio de ideas Nueva Base de Apoyo"},"content":{"rendered":"\n<p>El expresidente Leonel Fern\u00e1ndez inaugur\u00f3 durante su periplo por esta ciudad, un&nbsp; laboratorio de ideas para las grandes transformaciones que se pondr\u00e0n en ejecuci\u00f3n en Rep\u00fablica Dominicana, en el que operar\u00e0 la Nueva Base de Apoyo(NBA) de la Fuerza del Pueblo (FP) en el Bajo Manhattan.<\/p>\n\n\n\n<p>En la Nueva Base de Apoyo (NBA), ubicada en el Rockfeller Center, se incorporar\u00e1 a prominentes figuras dominicanas de alto relieve para escuchar sus orientaciones en torno a las estrategias de desarrollo que deber\u00e1n ponerse en marcha en un pr\u00f3ximo gobierno de Leonel Fern\u00e1ndez.<\/p>\n\n\n\n<p>El ingeniero Rafael Montes de Oca, miembro de la Direcci\u00f3n Central y coordinador empresarial del partido Fuerza del Pueblo en Nueva York, explic\u00f3 que la inauguraci\u00f3n del Heatquarter de la FP en Estados Unidos es indicativo de que Fern\u00e1ndez \u00abtiene una nueva visi\u00f3n de gobernar\u00bb.<\/p>\n\n\n\n<p>\u00abEso indica que cuando llegue al poder, en 2024, el doctor Fern\u00e1ndez se propone implementar cambios importantes en la Rep\u00fablica Dominicana y, desde ese centro que hemos inaugurado es desde donde muchos dominicanos valiosos aportar\u00e1n ideas para que se produzcan esos cambios que necesita el pais. Por eso hemos nombrado ese centro como \u2018laboratorio de nuevas ideas a traves de dialogos&#8217;\u00bb, expres\u00f3 Montes de Oca, en cuyos hombros recaer\u00e1 la direcci\u00f3n de la nueva sede.<\/p>\n\n\n\n<p>Dijo que \u00abla idea surgi\u00f3 a partir de los di\u00e1logos que se vienen realizando con la di\u00e1spora, porque en todo el territorio de los EE.UU. y de Europa los dominicanos dicen que, como pa\u00eds, debemos cambiar, y nosotros, como coordinador de este laboratorios, se lo hemos expresado al doctor Fern\u00e1ndez para que se comprometa con esos cambios necesarios para el desarrollo del pa\u00eds\u00bb.<\/p>\n\n\n\n<p>\u00abRep\u00fablica Dominicana debe caminar hacia un nuevo norte, por eso se ha dise\u00f1ado esa nueva estrategia que tiene que ver con un laboratorio de ideas, para producir las ideas que generar\u00e1n los cambios que se har\u00e1n desde el poder\u00bb, subray\u00f3 Montes de Oca, quien adem\u00e1s es subsecretario de Finanzas de la FP en Estados Unidos y Canad\u00e1.<\/p>\n\n\n\n<figure class=\"wp-block-image size-full is-resized\"><img decoding=\"async\" src=\"https:\/\/lasprimeras.com.do\/wp-content\/uploads\/2023\/07\/1-1.jpg\" alt=\"\" class=\"wp-image-54962\" width=\"833\" height=\"939\" srcset=\"https:\/\/lasprimeras.com.do\/wp-content\/uploads\/2023\/07\/1-1.jpg 473w, https:\/\/lasprimeras.com.do\/wp-content\/uploads\/2023\/07\/1-1-266x300.jpg 266w\" sizes=\"(max-width: 833px) 100vw, 833px\" \/><\/figure>\n\n\n\n<p><strong>Rafael Montes de Oca y Leonel Fernandez<\/strong><\/p>\n\n\n\n<p>Explic\u00f3 que desde su posici\u00f3n de subsecretario de Finanzas \u00abayudamos en todo y nos mantenemos en comunicaci\u00f3n constante con las seccionales. Ayudamos aportando nuevas ideas. Esa es nuestra misi\u00f3n principal\u00bb.<\/p>\n\n\n\n<p>De otro lado, asegur\u00f3 que todas las actividades financieras que encabez\u00f3 Fern\u00e1ndez durante su periplo por Nueva York fueron super exitosas, \u00abno solamente porque los compa\u00f1eros se volcaron a realizar el trabajo, sino porque la gente esta decidida a colaborar para que Leonel retorne al Palacio, especialmente los empresarios, como se demostr\u00f3 con el gran concierto que hicimos, al que asistieron m\u00e1s de 4,500 personas pagando, lo que ha demostrado que la gente quiere ayudar a Leonel para que sea presidente de la Rep\u00fablica Dominicana\u00bb.<\/p>\n\n\n\n<p>Montes de Oca exhort\u00f3 a \u00abtodos los dominicanos a que se integren a respaldar a Leonel Fern\u00e1ndez, ya que \u00e9l viene con nuevas ideas, transformado y con nuevos hombres y mujeres a dirigir la Rep\u00fablica Dominicana, lo que al final se va a transferir al desarrollo de la Naci\u00f3n.<\/p>\n","protected":false},"excerpt":{"rendered":"<p>El expresidente Leonel Fern\u00e1ndez inaugur\u00f3 durante su periplo por esta ciudad, un&nbsp; laboratorio de ideas para las grandes transformaciones que se pondr\u00e0n en ejecuci\u00f3n en Rep\u00fablica Dominicana, en el que&hellip;<\/p>\n","protected":false},"author":2,"featured_media":54961,"comment_status":"open","ping_status":"open","sticky":false,"template":"","format":"standard","meta":{"content-type":"","jetpack_post_was_ever_published":false,"_jetpack_newsletter_access":"","_jetpack_dont_email_post_to_subs":false,"_jetpack_newsletter_tier_id":0,"_jetpack_memberships_contains_paywalled_content":false,"_jetpack_memberships_contains_paid_content":false,"footnotes":""},"categories":[25],"tags":[2720,4814,4625,4815,51,334,1112,1595],"class_list":["post-54960","post","type-post","status-publish","format-standard","has-post-thumbnail","hentry","category-portada","tag-apoyo","tag-base","tag-ideas","tag-laboratorio","tag-leonel-fernandez","tag-nba","tag-nueva","tag-ny"],"jetpack_featured_media_url":"https:\/\/lasprimeras.com.do\/wp-content\/uploads\/2023\/07\/Leonel-Fernandez-7.jpg","jetpack-related-posts":[{"id":109995,"url":"https:\/\/lasprimeras.com.do\/index.php\/2025\/09\/24\/victor-pavon-pondera-el-exito-y-apoyo-masivo-recibe-leonel-en-nueva-york\/","url_meta":{"origin":54960,"position":0},"title":"V\u00edctor Pav\u00f3n pondera el \u00e9xito y apoyo masivo recibe Leonel en Nueva York","author":"Nelson Feliz","date":"24 de septiembre de 2025","format":false,"excerpt":"Estados Unidos.- El alto dirigente del partido Fuerza del Pueblo (FP), empresario V\u00edctor Pav\u00f3n, ponder\u00f3 hoy el \u00e9xito y el apoyo masivo que la di\u00e1spora dominicana le ha dispensado al ex presidente de la Rep\u00fablica, Leonel Fern\u00e1ndez en su periplo pol\u00edtico y educativo por la ciudad de Nueva York. Pav\u00f3n,\u2026","rel":"","context":"En \u00abPOLITICA\u00bb","block_context":{"text":"POLITICA","link":"https:\/\/lasprimeras.com.do\/index.php\/category\/politica\/"},"img":{"alt_text":"","src":"https:\/\/i0.wp.com\/lasprimeras.com.do\/wp-content\/uploads\/2025\/09\/Victor-Pavon-2.jpg?resize=350%2C200&ssl=1","width":350,"height":200,"srcset":"https:\/\/i0.wp.com\/lasprimeras.com.do\/wp-content\/uploads\/2025\/09\/Victor-Pavon-2.jpg?resize=350%2C200&ssl=1 1x, https:\/\/i0.wp.com\/lasprimeras.com.do\/wp-content\/uploads\/2025\/09\/Victor-Pavon-2.jpg?resize=525%2C300&ssl=1 1.5x, https:\/\/i0.wp.com\/lasprimeras.com.do\/wp-content\/uploads\/2025\/09\/Victor-Pavon-2.jpg?resize=700%2C400&ssl=1 2x"},"classes":[]},{"id":110741,"url":"https:\/\/lasprimeras.com.do\/index.php\/2025\/10\/01\/carlos-marquez-llama-respaldar-propuesta-de-leonel-fernandez\/","url_meta":{"origin":54960,"position":1},"title":"Carlos M\u00e1rquez llama respaldar propuesta de Leonel Fern\u00e1ndez","author":"Nelson Feliz","date":"1 de octubre de 2025","format":false,"excerpt":"Por Ram\u00f3n Mercedes NUEVA YORK.- El escritor y periodista, miembro de la Direcci\u00f3n Central (DC) de la Fuerza del Pueblo (FP), Carlos M\u00e1rquez, llam\u00f3 al pueblo dominicano a respaldar la promesa estrat\u00e9gica anunciada por el doctor Leonel Fern\u00e1ndez, de convertir a la Rep\u00fablica Dominicana en la \u201cCapital del Conocimiento\u201d en\u2026","rel":"","context":"En \u00abPOLITICA\u00bb","block_context":{"text":"POLITICA","link":"https:\/\/lasprimeras.com.do\/index.php\/category\/politica\/"},"img":{"alt_text":"Leonel Fern\u00e1ndez","src":"https:\/\/i0.wp.com\/lasprimeras.com.do\/wp-content\/uploads\/2025\/04\/Leonel-Fernandez.jpg?resize=350%2C200&ssl=1","width":350,"height":200,"srcset":"https:\/\/i0.wp.com\/lasprimeras.com.do\/wp-content\/uploads\/2025\/04\/Leonel-Fernandez.jpg?resize=350%2C200&ssl=1 1x, https:\/\/i0.wp.com\/lasprimeras.com.do\/wp-content\/uploads\/2025\/04\/Leonel-Fernandez.jpg?resize=525%2C300&ssl=1 1.5x"},"classes":[]},{"id":121070,"url":"https:\/\/lasprimeras.com.do\/index.php\/2026\/01\/31\/leonel-fernandez-encabezara-juramentacion-de-nuevos-miembros-de-fp-este-domingo\/","url_meta":{"origin":54960,"position":2},"title":"Leonel Fern\u00e1ndez encabezar\u00e1 juramentaci\u00f3n de nuevos miembros de FP este domingo","author":"Nelson Feliz","date":"31 de enero de 2026","format":false,"excerpt":"El presidente del partido Fuerza del Pueblo (FP), Leonel Fern\u00e1ndez, contin\u00faa este domingo el proceso de juramentaci\u00f3n de nuevos miembros en esa organizaci\u00f3n, como parte del fortalecimiento que impulsa la entidad opositora a nivel nacional. El acto de este domingo tendr\u00e1 lugar a las 10:00 de la ma\u00f1ana en el\u2026","rel":"","context":"En \u00abPOLITICA\u00bb","block_context":{"text":"POLITICA","link":"https:\/\/lasprimeras.com.do\/index.php\/category\/politica\/"},"img":{"alt_text":"","src":"https:\/\/i0.wp.com\/lasprimeras.com.do\/wp-content\/uploads\/2025\/08\/Leonel-Fernandez.jpg?resize=350%2C200&ssl=1","width":350,"height":200,"srcset":"https:\/\/i0.wp.com\/lasprimeras.com.do\/wp-content\/uploads\/2025\/08\/Leonel-Fernandez.jpg?resize=350%2C200&ssl=1 1x, https:\/\/i0.wp.com\/lasprimeras.com.do\/wp-content\/uploads\/2025\/08\/Leonel-Fernandez.jpg?resize=525%2C300&ssl=1 1.5x, https:\/\/i0.wp.com\/lasprimeras.com.do\/wp-content\/uploads\/2025\/08\/Leonel-Fernandez.jpg?resize=700%2C400&ssl=1 2x"},"classes":[]},{"id":62335,"url":"https:\/\/lasprimeras.com.do\/index.php\/2023\/10\/04\/empresario-rafael-montes-de-ocael-pais-necesita-regreso-de-leonel\/","url_meta":{"origin":54960,"position":3},"title":"Empresario Rafael Montes de Oca:El pa\u00eds necesita regreso de Leonel","author":"Nelson Feliz","date":"4 de octubre de 2023","format":false,"excerpt":"El subsecretario de Finanza del partido Fuerza del Pueblo (FP) y presidente del movimiento Nueva Base de Apoyo (NBA), empresario Rafael Montes de Oca, asegur\u00f3 hoy que el pa\u00eds necesita con urgencia al frente del Estado, un pol\u00edtico de la talla de Leonel Fern\u00e1ndez, que cuenta con la experiencia y\u2026","rel":"","context":"En \u00abSin categor\u00eda\u00bb","block_context":{"text":"Sin categor\u00eda","link":"https:\/\/lasprimeras.com.do\/index.php\/category\/sin-categoria\/"},"img":{"alt_text":"","src":"https:\/\/i0.wp.com\/lasprimeras.com.do\/wp-content\/uploads\/2023\/10\/Rafael-Montes-de-Oca.jpg?resize=350%2C200&ssl=1","width":350,"height":200},"classes":[]},{"id":106045,"url":"https:\/\/lasprimeras.com.do\/index.php\/2025\/08\/10\/leonel-el-prm-es-el-gran-fracaso-de-la-politica-dominicana\/","url_meta":{"origin":54960,"position":4},"title":"Leonel: El PRM es el gran fracaso de la pol\u00edtica dominicana","author":"Nelson Feliz","date":"10 de agosto de 2025","format":false,"excerpt":"El expresidente de la Rep\u00fablica, y presidente del partido Fuerza del Pueblo (FP), Leonel Fern\u00e1ndez, afirm\u00f3 que el Partido Revolucionario Moderno (PRM), es el gran fracaso de la pol\u00edtica dominicana, porque prometi\u00f3 un cambio que no ha cumplido. Estas declaraciones fueron ofrecidas dentro del marco de un Encuentro-almuerzo del Consejo\u2026","rel":"","context":"En \u00abPOLITICA\u00bb","block_context":{"text":"POLITICA","link":"https:\/\/lasprimeras.com.do\/index.php\/category\/politica\/"},"img":{"alt_text":"Leonel Fern\u00e1ndez y Carlos Amarante Baret","src":"https:\/\/i0.wp.com\/lasprimeras.com.do\/wp-content\/uploads\/2025\/08\/Leonel-Fernandez-y-Carlos-Amarante-Baret.jpg?resize=350%2C200&ssl=1","width":350,"height":200,"srcset":"https:\/\/i0.wp.com\/lasprimeras.com.do\/wp-content\/uploads\/2025\/08\/Leonel-Fernandez-y-Carlos-Amarante-Baret.jpg?resize=350%2C200&ssl=1 1x, https:\/\/i0.wp.com\/lasprimeras.com.do\/wp-content\/uploads\/2025\/08\/Leonel-Fernandez-y-Carlos-Amarante-Baret.jpg?resize=525%2C300&ssl=1 1.5x, https:\/\/i0.wp.com\/lasprimeras.com.do\/wp-content\/uploads\/2025\/08\/Leonel-Fernandez-y-Carlos-Amarante-Baret.jpg?resize=700%2C400&ssl=1 2x"},"classes":[]},{"id":53754,"url":"https:\/\/lasprimeras.com.do\/index.php\/2023\/06\/30\/leonel-juramentara-nuevos-miembros-de-la-fp-en-la-vega-y-sfm\/","url_meta":{"origin":54960,"position":5},"title":"Leonel juramentar\u00e1 nuevos miembros de la FP en La Vega y SFM","author":"Nelson Feliz","date":"30 de junio de 2023","format":false,"excerpt":"Pastores evang\u00e9licos se integran a la Fuerza del Pueblo este s\u00e1bado. El presidente del\u00a0partido Fuerza del Pueblo, Leonel Fern\u00e1ndez, contin\u00faa este fin de semana su jornada de juramentaciones de nuevos miembros y asambleas de dirigentes en la organizaci\u00f3n pol\u00edtica que preside. Estas actividades son parte del proceso para lograr los\u2026","rel":"","context":"En \u00abPORTADA\u00bb","block_context":{"text":"PORTADA","link":"https:\/\/lasprimeras.com.do\/index.php\/category\/portada\/"},"img":{"alt_text":"Leonel Fern\u00e1ndez","src":"https:\/\/i0.wp.com\/lasprimeras.com.do\/wp-content\/uploads\/2023\/06\/Leonel-Fernandez-1-1.jpg?resize=350%2C200&ssl=1","width":350,"height":200,"srcset":"https:\/\/i0.wp.com\/lasprimeras.com.do\/wp-content\/uploads\/2023\/06\/Leonel-Fernandez-1-1.jpg?resize=350%2C200&ssl=1 1x, https:\/\/i0.wp.com\/lasprimeras.com.do\/wp-content\/uploads\/2023\/06\/Leonel-Fernandez-1-1.jpg?resize=525%2C300&ssl=1 1.5x, https:\/\/i0.wp.com\/lasprimeras.com.do\/wp-content\/uploads\/2023\/06\/Leonel-Fernandez-1-1.jpg?resize=700%2C400&ssl=1 2x"},"classes":[]}],"jetpack_sharing_enabled":true,"_links":{"self":[{"href":"https:\/\/lasprimeras.com.do\/index.php\/wp-json\/wp\/v2\/posts\/54960","targetHints":{"allow":["GET"]}}],"collection":[{"href":"https:\/\/lasprimeras.com.do\/index.php\/wp-json\/wp\/v2\/posts"}],"about":[{"href":"https:\/\/lasprimeras.com.do\/index.php\/wp-json\/wp\/v2\/types\/post"}],"author":[{"embeddable":true,"href":"https:\/\/lasprimeras.com.do\/index.php\/wp-json\/wp\/v2\/users\/2"}],"replies":[{"embeddable":true,"href":"https:\/\/lasprimeras.com.do\/index.php\/wp-json\/wp\/v2\/comments?post=54960"}],"version-history":[{"count":1,"href":"https:\/\/lasprimeras.com.do\/index.php\/wp-json\/wp\/v2\/posts\/54960\/revisions"}],"predecessor-version":[{"id":54963,"href":"https:\/\/lasprimeras.com.do\/index.php\/wp-json\/wp\/v2\/posts\/54960\/revisions\/54963"}],"wp:featuredmedia":[{"embeddable":true,"href":"https:\/\/lasprimeras.com.do\/index.php\/wp-json\/wp\/v2\/media\/54961"}],"wp:attachment":[{"href":"https:\/\/lasprimeras.com.do\/index.php\/wp-json\/wp\/v2\/media?parent=54960"}],"wp:term":[{"taxonomy":"category","embeddable":true,"href":"https:\/\/lasprimeras.com.do\/index.php\/wp-json\/wp\/v2\/categories?post=54960"},{"taxonomy":"post_tag","embeddable":true,"href":"https:\/\/lasprimeras.com.do\/index.php\/wp-json\/wp\/v2\/tags?post=54960"}],"curies":[{"name":"wp","href":"https:\/\/api.w.org\/{rel}","templated":true}]}}