{"id":54982,"date":"2023-07-16T21:18:00","date_gmt":"2023-07-17T01:18:00","guid":{"rendered":"https:\/\/lasprimeras.com.do\/?p=54982"},"modified":"2023-07-16T23:19:37","modified_gmt":"2023-07-17T03:19:37","slug":"mas-de-2-000-vuelos-cancelados-en-el-noreste-de-eeuu-debido-a-las-intensas-lluvias","status":"publish","type":"post","link":"https:\/\/lasprimeras.com.do\/index.php\/2023\/07\/16\/mas-de-2-000-vuelos-cancelados-en-el-noreste-de-eeuu-debido-a-las-intensas-lluvias\/","title":{"rendered":"M\u00e1s de 2.000 vuelos cancelados en el noreste de EEUU debido a las intensas lluvias"},"content":{"rendered":"\n<p>Las intensas lluvias que afectan la zona noreste de Estados Unidos, en medio de una ola de calor extrema, oblig\u00f3 a la cancelaci\u00f3n de m\u00e1s de 2.000 vuelos internos o con destino a este pa\u00eds, de los que m\u00e1s de 300 fueron en el aeropuerto internacional de Newark, en Nueva Jersey.<\/p>\n\n\n\n<p>De acuerdo con el portal FlightAware, adem\u00e1s se han registrado m\u00e1s de 27.000 retrasos debido a las inclemencias del tiempo que han causado inundaciones, entre ellas en el citado aeropuerto.<\/p>\n\n\n\n<p>Los aeropuertos de John F. Kennedy, uno de los m\u00e1s transitados en el pa\u00eds, y el de LaGuardia, ambos en Nueva York, publicaron tuits exhortando al p\u00fablico a comunicarse con su l\u00ednea a\u00e9rea.<\/p>\n\n\n\n<p>&#8220;Debido a las fuertes lluvias y niebla, se recomienda a los clientes que consulten con su aerol\u00ednea antes de llegar al aeropuerto&#8221;, indica el tuit de LaGuardia.<\/p>\n\n\n\n<p>Intensas lluvias acompa\u00f1adas de truenos e inundaciones han afectado el noreste del pa\u00eds durante el fin de semana y se espera que los estados con la mayor precipitaci\u00f3n sean Nueva York, Nueva Jersey, Pensilvania, Delaware y Maryland.<\/p>\n\n\n\n<p>En Pensilvania se han registrado al menos cinco muertos y dos hermanos de nueve meses y una ni\u00f1a de dos a\u00f1os est\u00e1n desaparecidos tras las intensas lluvias del s\u00e1bado.<\/p>\n\n\n\n<p>En Nueva York su gobernadora Kathy Hochul hizo un llamado a no conducir si no es necesario y a estar alertas a posibles inundaciones, en particular los condados del norte del estado, cuyo terreno se ha visto muy afectado por las intensas lluvias que han causado da\u00f1os estimados en m\u00e1s de 50 millones de d\u00f3lares.<\/p>\n\n\n\n<p>Mientras en Connecticut, que estuvo bajo vigilancia de tornado al igual que varios condados de Nueva York, las inundaciones han obligado al cierre de varias carreteras.EFE<\/p>\n","protected":false},"excerpt":{"rendered":"<p>Las intensas lluvias que afectan la zona noreste de Estados Unidos, en medio de una ola de calor extrema, oblig\u00f3 a la cancelaci\u00f3n de m\u00e1s de 2.000 vuelos internos o&hellip;<\/p>\n","protected":false},"author":2,"featured_media":54983,"comment_status":"open","ping_status":"open","sticky":false,"template":"","format":"standard","meta":{"content-type":"","jetpack_post_was_ever_published":false,"_jetpack_newsletter_access":"","_jetpack_dont_email_post_to_subs":false,"_jetpack_newsletter_tier_id":0,"_jetpack_memberships_contains_paywalled_content":false,"_jetpack_memberships_contains_paid_content":false,"footnotes":""},"categories":[1],"tags":[4819],"class_list":["post-54982","post","type-post","status-publish","format-standard","has-post-thumbnail","hentry","category-sin-categoria","tag-vuelos-cancelados"],"jetpack_featured_media_url":"https:\/\/lasprimeras.com.do\/wp-content\/uploads\/2023\/07\/AEROPUERTO-NY.jpeg","jetpack-related-posts":[{"id":76698,"url":"https:\/\/lasprimeras.com.do\/index.php\/2024\/02\/13\/suspenden-un-millar-de-vuelos-en-ee-uu-debido-a-una-tormenta-invernal\/","url_meta":{"origin":54982,"position":0},"title":"Suspenden un millar de vuelos en EE.UU. debido a una tormenta invernal","author":"BIMARY DE JES\u00daS Matos","date":"13 de febrero de 2024","format":false,"excerpt":"WASHINGTON.- Un millar de vuelos comerciales se han suspendido este martes en el noreste de Estados Unidos, donde una tormenta invernal ha llevado a la clausura de las escuelas y la declaraci\u00f3n de emergencias locales por la nieve. El Servicio Meteorol\u00f3gico Nacional (NWS, en ingl\u00e9s) pronostic\u00f3 que la tormenta con\u2026","rel":"","context":"En \u00abSin categor\u00eda\u00bb","block_context":{"text":"Sin categor\u00eda","link":"https:\/\/lasprimeras.com.do\/index.php\/category\/sin-categoria\/"},"img":{"alt_text":"","src":"https:\/\/i0.wp.com\/lasprimeras.com.do\/wp-content\/uploads\/2024\/02\/WhatsApp-Image-2024-02-13-at-1.46.45-PM-2.webp?resize=350%2C200&ssl=1","width":350,"height":200,"srcset":"https:\/\/i0.wp.com\/lasprimeras.com.do\/wp-content\/uploads\/2024\/02\/WhatsApp-Image-2024-02-13-at-1.46.45-PM-2.webp?resize=350%2C200&ssl=1 1x, https:\/\/i0.wp.com\/lasprimeras.com.do\/wp-content\/uploads\/2024\/02\/WhatsApp-Image-2024-02-13-at-1.46.45-PM-2.webp?resize=525%2C300&ssl=1 1.5x, https:\/\/i0.wp.com\/lasprimeras.com.do\/wp-content\/uploads\/2024\/02\/WhatsApp-Image-2024-02-13-at-1.46.45-PM-2.webp?resize=700%2C400&ssl=1 2x, https:\/\/i0.wp.com\/lasprimeras.com.do\/wp-content\/uploads\/2024\/02\/WhatsApp-Image-2024-02-13-at-1.46.45-PM-2.webp?resize=1050%2C600&ssl=1 3x"},"classes":[]},{"id":84692,"url":"https:\/\/lasprimeras.com.do\/index.php\/2024\/06\/13\/cuatro-vuelos-aila-florida-fueron-cancelados-debido-fuertes-lluvias\/","url_meta":{"origin":54982,"position":1},"title":"Cuatro vuelos AILA-Florida fueron cancelados debido fuertes lluvias","author":"Nelson Feliz","date":"13 de junio de 2024","format":false,"excerpt":"Al menos cuatro vuelos desde el Aeropuerto Internacional de Las Am\u00e9ricas (AILA) de Santo Domingo hacia Florida fueron cancelados este mi\u00e9rcoles debido a las torrenciales lluvias que afectan a ese estado. Entre ellos figuran 987 y 1574 de American Airlines, B-62448 de JetBlue y N-K142 de Spirit Airlines. El portal\u2026","rel":"","context":"En \u00abNACIONALES\u00bb","block_context":{"text":"NACIONALES","link":"https:\/\/lasprimeras.com.do\/index.php\/category\/nacionales\/"},"img":{"alt_text":"","src":"https:\/\/i0.wp.com\/lasprimeras.com.do\/wp-content\/uploads\/2024\/06\/Vuelos.jpg?resize=350%2C200&ssl=1","width":350,"height":200,"srcset":"https:\/\/i0.wp.com\/lasprimeras.com.do\/wp-content\/uploads\/2024\/06\/Vuelos.jpg?resize=350%2C200&ssl=1 1x, https:\/\/i0.wp.com\/lasprimeras.com.do\/wp-content\/uploads\/2024\/06\/Vuelos.jpg?resize=525%2C300&ssl=1 1.5x, https:\/\/i0.wp.com\/lasprimeras.com.do\/wp-content\/uploads\/2024\/06\/Vuelos.jpg?resize=700%2C400&ssl=1 2x, https:\/\/i0.wp.com\/lasprimeras.com.do\/wp-content\/uploads\/2024\/06\/Vuelos.jpg?resize=1050%2C600&ssl=1 3x"},"classes":[]},{"id":87631,"url":"https:\/\/lasprimeras.com.do\/index.php\/2024\/08\/14\/cancelan-10-vuelos-en-el-aila-por-amenaza-del-huracan-ernesto\/","url_meta":{"origin":54982,"position":2},"title":"Cancelan 10 vuelos en el AILA por amenaza del hurac\u00e1n Ernesto","author":"Nelson Feliz","date":"14 de agosto de 2024","format":false,"excerpt":"Los vuelos ten\u00edan destino a las Islas Brit\u00e1nicas, islas de Antigua y Guadalupe, San Mart\u00edn y Puerto Rico. RAFAEL CASTRO El paso del hurac\u00e1n Ernesto ha provocado este mi\u00e9rcoles las cancelaciones de al menos diez vuelos comerciales por el Aeropuerto Internacional de Las Am\u00e9ricas, Jos\u00e9 Francisco Pe\u00f1a G\u00f3mez. El departamento\u2026","rel":"","context":"En \u00abNACIONALES\u00bb","block_context":{"text":"NACIONALES","link":"https:\/\/lasprimeras.com.do\/index.php\/category\/nacionales\/"},"img":{"alt_text":"","src":"https:\/\/i0.wp.com\/lasprimeras.com.do\/wp-content\/uploads\/2024\/08\/AILA.jpeg?resize=350%2C200&ssl=1","width":350,"height":200,"srcset":"https:\/\/i0.wp.com\/lasprimeras.com.do\/wp-content\/uploads\/2024\/08\/AILA.jpeg?resize=350%2C200&ssl=1 1x, https:\/\/i0.wp.com\/lasprimeras.com.do\/wp-content\/uploads\/2024\/08\/AILA.jpeg?resize=525%2C300&ssl=1 1.5x, https:\/\/i0.wp.com\/lasprimeras.com.do\/wp-content\/uploads\/2024\/08\/AILA.jpeg?resize=700%2C400&ssl=1 2x"},"classes":[]},{"id":116383,"url":"https:\/\/lasprimeras.com.do\/index.php\/2025\/12\/01\/nieve-y-lluvia-en-ny-y-estados-aledanos-cientos-de-vuelos-cancelados-y-retrasos-en-usa\/","url_meta":{"origin":54982,"position":3},"title":"Nieve y lluvia en NY y estados aleda\u00f1os; cientos de vuelos cancelados y retrasos en USA","author":"Nelson Feliz","date":"1 de diciembre de 2025","format":false,"excerpt":"Por Ram\u00f3n Mercedes NUEVA YORK.- M\u00e1s de 60 millones de estadounidenses, incluido m\u00e1s de un mill\u00f3n de dominicanos, est\u00e1n siendo afectados por la inclemencia del tiempo en este estado y varios otros aleda\u00f1os con la ca\u00edda de nieve, lluvia y fuertes vientos, situaci\u00f3n que permanecer\u00e1 por varios d\u00edas, obligando la\u2026","rel":"","context":"En \u00abCLIMA\u00bb","block_context":{"text":"CLIMA","link":"https:\/\/lasprimeras.com.do\/index.php\/category\/clima\/"},"img":{"alt_text":"","src":"https:\/\/i0.wp.com\/lasprimeras.com.do\/wp-content\/uploads\/2025\/12\/lluvias.jpeg?resize=350%2C200&ssl=1","width":350,"height":200,"srcset":"https:\/\/i0.wp.com\/lasprimeras.com.do\/wp-content\/uploads\/2025\/12\/lluvias.jpeg?resize=350%2C200&ssl=1 1x, https:\/\/i0.wp.com\/lasprimeras.com.do\/wp-content\/uploads\/2025\/12\/lluvias.jpeg?resize=525%2C300&ssl=1 1.5x, https:\/\/i0.wp.com\/lasprimeras.com.do\/wp-content\/uploads\/2025\/12\/lluvias.jpeg?resize=700%2C400&ssl=1 2x"},"classes":[]},{"id":73655,"url":"https:\/\/lasprimeras.com.do\/index.php\/2024\/01\/15\/eeuu-una-ola-de-frio-barre-y-hace-cancelar-vuelos-y-otros-eventos\/","url_meta":{"origin":54982,"position":4},"title":"EEUU: Una ola de fr\u00edo barre y hace cancelar vuelos y otros eventos","author":"BIMARY DE JES\u00daS Matos","date":"15 de enero de 2024","format":false,"excerpt":"Nueva York (EFE).- Una ola de fr\u00edo que afecta a gran parte de Estados Unidos ha obligado a cancelar cientos de vuelos y algunos eventos deportivos, como el partido Buffalo Bills-Pittsburgh Steelers de la ronda de \u2018wild card\u2019 de la NFL, que se iba a disputar este domingo al mediod\u00eda\u2026","rel":"","context":"En \u00abSin categor\u00eda\u00bb","block_context":{"text":"Sin categor\u00eda","link":"https:\/\/lasprimeras.com.do\/index.php\/category\/sin-categoria\/"},"img":{"alt_text":"","src":"https:\/\/i0.wp.com\/lasprimeras.com.do\/wp-content\/uploads\/2024\/01\/WhatsApp-Image-2024-01-14-at-10.45.20-PM.jpeg?resize=350%2C200&ssl=1","width":350,"height":200,"srcset":"https:\/\/i0.wp.com\/lasprimeras.com.do\/wp-content\/uploads\/2024\/01\/WhatsApp-Image-2024-01-14-at-10.45.20-PM.jpeg?resize=350%2C200&ssl=1 1x, https:\/\/i0.wp.com\/lasprimeras.com.do\/wp-content\/uploads\/2024\/01\/WhatsApp-Image-2024-01-14-at-10.45.20-PM.jpeg?resize=525%2C300&ssl=1 1.5x"},"classes":[]},{"id":87656,"url":"https:\/\/lasprimeras.com.do\/index.php\/2024\/08\/15\/una-erupcion-del-etna-en-sicilia-deja-una-lluvia-de-cenizas-y-obliga-a-suspender-vuelos\/","url_meta":{"origin":54982,"position":5},"title":"Una erupci\u00f3n del Etna en Sicilia deja una &#8216;lluvia de cenizas y obliga a suspender vuelos","author":"Nelson Feliz","date":"15 de agosto de 2024","format":false,"excerpt":"Roma, (EFE).- Los vuelos fueron suspendidos temporalmente este jueves en el aeropuerto de Catania, en la isla italiana de Sicilia, despu\u00e9s de que sus pistas quedaran cubiertas de cenizas por una erupci\u00f3n del volc\u00e1n Etna que en su fase m\u00e1s intensa dej\u00f3 una columna de humo de 9,5 kil\u00f3metros de\u2026","rel":"","context":"En \u00abSin categor\u00eda\u00bb","block_context":{"text":"Sin categor\u00eda","link":"https:\/\/lasprimeras.com.do\/index.php\/category\/sin-categoria\/"},"img":{"alt_text":"","src":"https:\/\/i0.wp.com\/lasprimeras.com.do\/wp-content\/uploads\/2024\/08\/CENIZAS.jpg?resize=350%2C200&ssl=1","width":350,"height":200,"srcset":"https:\/\/i0.wp.com\/lasprimeras.com.do\/wp-content\/uploads\/2024\/08\/CENIZAS.jpg?resize=350%2C200&ssl=1 1x, https:\/\/i0.wp.com\/lasprimeras.com.do\/wp-content\/uploads\/2024\/08\/CENIZAS.jpg?resize=525%2C300&ssl=1 1.5x, https:\/\/i0.wp.com\/lasprimeras.com.do\/wp-content\/uploads\/2024\/08\/CENIZAS.jpg?resize=700%2C400&ssl=1 2x"},"classes":[]}],"jetpack_sharing_enabled":true,"_links":{"self":[{"href":"https:\/\/lasprimeras.com.do\/index.php\/wp-json\/wp\/v2\/posts\/54982","targetHints":{"allow":["GET"]}}],"collection":[{"href":"https:\/\/lasprimeras.com.do\/index.php\/wp-json\/wp\/v2\/posts"}],"about":[{"href":"https:\/\/lasprimeras.com.do\/index.php\/wp-json\/wp\/v2\/types\/post"}],"author":[{"embeddable":true,"href":"https:\/\/lasprimeras.com.do\/index.php\/wp-json\/wp\/v2\/users\/2"}],"replies":[{"embeddable":true,"href":"https:\/\/lasprimeras.com.do\/index.php\/wp-json\/wp\/v2\/comments?post=54982"}],"version-history":[{"count":1,"href":"https:\/\/lasprimeras.com.do\/index.php\/wp-json\/wp\/v2\/posts\/54982\/revisions"}],"predecessor-version":[{"id":54984,"href":"https:\/\/lasprimeras.com.do\/index.php\/wp-json\/wp\/v2\/posts\/54982\/revisions\/54984"}],"wp:featuredmedia":[{"embeddable":true,"href":"https:\/\/lasprimeras.com.do\/index.php\/wp-json\/wp\/v2\/media\/54983"}],"wp:attachment":[{"href":"https:\/\/lasprimeras.com.do\/index.php\/wp-json\/wp\/v2\/media?parent=54982"}],"wp:term":[{"taxonomy":"category","embeddable":true,"href":"https:\/\/lasprimeras.com.do\/index.php\/wp-json\/wp\/v2\/categories?post=54982"},{"taxonomy":"post_tag","embeddable":true,"href":"https:\/\/lasprimeras.com.do\/index.php\/wp-json\/wp\/v2\/tags?post=54982"}],"curies":[{"name":"wp","href":"https:\/\/api.w.org\/{rel}","templated":true}]}}