{"id":54985,"date":"2023-07-16T23:23:21","date_gmt":"2023-07-17T03:23:21","guid":{"rendered":"https:\/\/lasprimeras.com.do\/?p=54985"},"modified":"2023-07-16T23:23:23","modified_gmt":"2023-07-17T03:23:23","slug":"leonel-fernandez-recorre-calles-junto-a-precandidatos-de-la-fuerza-del-pueblo","status":"publish","type":"post","link":"https:\/\/lasprimeras.com.do\/index.php\/2023\/07\/16\/leonel-fernandez-recorre-calles-junto-a-precandidatos-de-la-fuerza-del-pueblo\/","title":{"rendered":"Leonel Fern\u00e1ndez recorre calles junto a precandidatos de la Fuerza del Pueblo"},"content":{"rendered":"\n<p><strong>Durante el recorrido, el expresidente saludaba a los mun\u00edcipes, quienes euf\u00f3ricos cantaban y bailaban la canci\u00f3n &#8220;Se Van&#8221;, del artista, dirigente fundador de la Fuerza del Pueblo, Johnny Ventura.<\/strong><\/p>\n\n\n\n<p>El precandidato presidencial de la Fuerza del Pueblo para los comicios del 2024, Leonel Fern\u00e1ndez, recorri\u00f3 las calles de los barrios populosos de San Crist\u00f3bal junto a los precandidatos a puestos electivos de las elecciones.<\/p>\n\n\n\n<p>La marcha caravana encabezada por Fern\u00e1ndez y los aspirantes a las alcald\u00edas de los municipios de esta provincia, regidores, diputados y senadores, recorrieron los populares barrios: Lava Pies, Jeringa, Madre Vieja y, parte del casco urbano del municipio cabecera de la hist\u00f3rica provincia sure\u00f1a.<\/p>\n\n\n\n<p>Durante el recorrido, el expresidente saludaba a los mun\u00edcipes, quienes euf\u00f3ricos cantaban y bailaban la canci\u00f3n &#8220;Se Van&#8221;, del artista, dirigente fundador de la Fuerza del Pueblo, Johnny Ventura.<\/p>\n\n\n\n<p>Fern\u00e1ndez recibi\u00f3 saludos de cientos de personas que se acercaron al veh\u00edculo donde se desplazaba, j\u00f3venes de diferentes edades, se\u00f1oras y se\u00f1ores adultos y personas de edad avanzada mostraron su complacencia con el pol\u00edtico opositor. Recordaron las visitas realizadas por \u00e9l (Fern\u00e1ndez) cuando dirigi\u00f3 los destinos del pa\u00eds.<\/p>\n\n\n\n<p>Al pronunciar breves palabras en las proximidades del Estadio Them\u00edstocles Mets de San Crist\u00f3bal, donde concluy\u00f3 la actividad, Leonel Fern\u00e1ndez asegur\u00f3: \u201cA pesar de los apagones, la falta de empleos y la escasez de circulante en la econom\u00eda, el pueblo dominicano alberga una esperanza y, esa esperanza est\u00e1 en la Fuerza del Pueblo\u201d.<\/p>\n\n\n\n<p>Fern\u00e1ndez estuvo en esta provincia desde muy tempranas horas del d\u00eda, juramentando nuevos integrantes en la Fuerza del Pueblo y realizando encuentros con deportistas, entre ellas visitas a voleibolistas exintegrantes de la selecci\u00f3n dominicana conocida como Reinas del Caribe y, a varios atletas de alta competici\u00f3n.<\/p>\n","protected":false},"excerpt":{"rendered":"<p>Durante el recorrido, el expresidente saludaba a los mun\u00edcipes, quienes euf\u00f3ricos cantaban y bailaban la canci\u00f3n &#8220;Se Van&#8221;, del artista, dirigente fundador de la Fuerza del Pueblo, Johnny Ventura. El&hellip;<\/p>\n","protected":false},"author":2,"featured_media":54986,"comment_status":"open","ping_status":"open","sticky":false,"template":"","format":"standard","meta":{"content-type":"","jetpack_post_was_ever_published":false,"_jetpack_newsletter_access":"","_jetpack_dont_email_post_to_subs":false,"_jetpack_newsletter_tier_id":0,"_jetpack_memberships_contains_paywalled_content":false,"_jetpack_memberships_contains_paid_content":false,"footnotes":""},"categories":[1],"tags":[162,158,51,3855],"class_list":["post-54985","post","type-post","status-publish","format-standard","has-post-thumbnail","hentry","category-sin-categoria","tag-calles","tag-fuerza-del-pueblo","tag-leonel-fernandez","tag-precandidatos"],"jetpack_featured_media_url":"https:\/\/lasprimeras.com.do\/wp-content\/uploads\/2023\/07\/Leonel-Fernandez-sc.jpeg","jetpack-related-posts":[{"id":55571,"url":"https:\/\/lasprimeras.com.do\/index.php\/2023\/07\/22\/lf-moviliza-miles-de-simpatizantes-en-recorrido-junto-a-precandidatos-de-hermanas-mirabal\/","url_meta":{"origin":54985,"position":0},"title":"LF moviliza miles de simpatizantes en recorrido junto a precandidatos de Hermanas Mirabal","author":"Nelson Feliz","date":"22 de julio de 2023","format":false,"excerpt":"Emoci\u00f3n de las mujeres caracteriza recorrido de la Fuerza del Pueblo en Hermanas Mirabal. El l\u00edder de la oposici\u00f3n pol\u00edtica dominicana y precandidato presidencial de la Fuerza del Pueblo, Leonel Fern\u00e1ndez, continu\u00f3 este fin de semana recorriendo las calles del pa\u00eds junto a los precandidatos municipales y congresuales de esa\u2026","rel":"","context":"En \u00abPORTADA\u00bb","block_context":{"text":"PORTADA","link":"https:\/\/lasprimeras.com.do\/index.php\/category\/portada\/"},"img":{"alt_text":"Leonel Fern\u00e1ndez","src":"https:\/\/i0.wp.com\/lasprimeras.com.do\/wp-content\/uploads\/2023\/07\/Leonel-Fernandez-9.jpg?resize=350%2C200&ssl=1","width":350,"height":200,"srcset":"https:\/\/i0.wp.com\/lasprimeras.com.do\/wp-content\/uploads\/2023\/07\/Leonel-Fernandez-9.jpg?resize=350%2C200&ssl=1 1x, https:\/\/i0.wp.com\/lasprimeras.com.do\/wp-content\/uploads\/2023\/07\/Leonel-Fernandez-9.jpg?resize=525%2C300&ssl=1 1.5x, https:\/\/i0.wp.com\/lasprimeras.com.do\/wp-content\/uploads\/2023\/07\/Leonel-Fernandez-9.jpg?resize=700%2C400&ssl=1 2x"},"classes":[]},{"id":55489,"url":"https:\/\/lasprimeras.com.do\/index.php\/2023\/07\/21\/leonel-continua-marchas-caravanas-este-fin-de-semana-ira-a-hermanas-mirabal-boca-chica-y-la-romana\/","url_meta":{"origin":54985,"position":1},"title":"Leonel contin\u00faa marchas caravanas este fin de semana; ir\u00e1 a Hermanas Mirabal, Boca Chica y La Romana","author":"Nelson Feliz","date":"21 de julio de 2023","format":false,"excerpt":"El presidente del partido Fuerza del Pueblo y precandidato a la Presidencia de la Rep\u00fablica, Leonel Fern\u00e1ndez, contin\u00faa esta semana recorriendo las calles junto a los precandidatos municipales y congresuales de esa organizaci\u00f3n pol\u00edtica. Los recorridos del precandidato presidencial de la Fuerza del Pueblo iniciar\u00e1n este s\u00e1bado con una marcha\u2026","rel":"","context":"En \u00abPORTADA\u00bb","block_context":{"text":"PORTADA","link":"https:\/\/lasprimeras.com.do\/index.php\/category\/portada\/"},"img":{"alt_text":"Leonel Fern\u00e1ndez","src":"https:\/\/i0.wp.com\/lasprimeras.com.do\/wp-content\/uploads\/2023\/07\/Leonel-Fernandez-7-1.jpg?resize=350%2C200&ssl=1","width":350,"height":200,"srcset":"https:\/\/i0.wp.com\/lasprimeras.com.do\/wp-content\/uploads\/2023\/07\/Leonel-Fernandez-7-1.jpg?resize=350%2C200&ssl=1 1x, https:\/\/i0.wp.com\/lasprimeras.com.do\/wp-content\/uploads\/2023\/07\/Leonel-Fernandez-7-1.jpg?resize=525%2C300&ssl=1 1.5x, https:\/\/i0.wp.com\/lasprimeras.com.do\/wp-content\/uploads\/2023\/07\/Leonel-Fernandez-7-1.jpg?resize=700%2C400&ssl=1 2x"},"classes":[]},{"id":56791,"url":"https:\/\/lasprimeras.com.do\/index.php\/2023\/08\/04\/leonel-estara-en-santiago-los-alcarrizos-y-monte-plata-este-fin-de-semana\/","url_meta":{"origin":54985,"position":2},"title":"Leonel estar\u00e1 en Santiago, Los Alcarrizos y Monte Plata este fin de semana","author":"Nelson Feliz","date":"4 de agosto de 2023","format":false,"excerpt":"Dirigentes del PRM y el PLD pasar\u00e1n a la Fuerza del Pueblo en actos celebrados este fin de semana. El precandidato presidencial del partido Fuerza del Pueblo, Leonel Fern\u00e1ndez, desarrollar\u00e1 este fin de semana m\u00faltiples actividades, iniciando este viernes, a las 5 de la tarde, con una importante juramentaci\u00f3n de\u2026","rel":"","context":"En \u00abPORTADA\u00bb","block_context":{"text":"PORTADA","link":"https:\/\/lasprimeras.com.do\/index.php\/category\/portada\/"},"img":{"alt_text":"Leonel Fern\u00e1ndez","src":"https:\/\/i0.wp.com\/lasprimeras.com.do\/wp-content\/uploads\/2023\/08\/Leonel-Fernandez-1.jpg?resize=350%2C200&ssl=1","width":350,"height":200,"srcset":"https:\/\/i0.wp.com\/lasprimeras.com.do\/wp-content\/uploads\/2023\/08\/Leonel-Fernandez-1.jpg?resize=350%2C200&ssl=1 1x, https:\/\/i0.wp.com\/lasprimeras.com.do\/wp-content\/uploads\/2023\/08\/Leonel-Fernandez-1.jpg?resize=525%2C300&ssl=1 1.5x, https:\/\/i0.wp.com\/lasprimeras.com.do\/wp-content\/uploads\/2023\/08\/Leonel-Fernandez-1.jpg?resize=700%2C400&ssl=1 2x"},"classes":[]},{"id":56877,"url":"https:\/\/lasprimeras.com.do\/index.php\/2023\/08\/06\/leonel-la-gente-comienza-a-decir-que-con-nosotros-se-vivia-mejor\/","url_meta":{"origin":54985,"position":3},"title":"Leonel: &#8220;La gente comienza a decir que con nosotros se viv\u00eda mejor&#8221;","author":"Nelson Feliz","date":"6 de agosto de 2023","format":false,"excerpt":"Leonel juramenta varios exalcaldes y regidora en municipios de provincia Monte Plata. El precandidato presidencial de la Fuerza del Pueblo, Leonel Fern\u00e1ndez, realiz\u00f3 un recorrido este domingo por esta provincia, donde encabez\u00f3 varias juramentaciones de dirigentes de otros partidos y l\u00edderes sociales; adem\u00e1s acompa\u00f1\u00f3 a los precandidatos congresuales y municipales\u2026","rel":"","context":"En \u00abPORTADA\u00bb","block_context":{"text":"PORTADA","link":"https:\/\/lasprimeras.com.do\/index.php\/category\/portada\/"},"img":{"alt_text":"Leonel Fernadez","src":"https:\/\/i0.wp.com\/lasprimeras.com.do\/wp-content\/uploads\/2023\/08\/Leonel-Fernandez-3.jpg?resize=350%2C200&ssl=1","width":350,"height":200,"srcset":"https:\/\/i0.wp.com\/lasprimeras.com.do\/wp-content\/uploads\/2023\/08\/Leonel-Fernandez-3.jpg?resize=350%2C200&ssl=1 1x, https:\/\/i0.wp.com\/lasprimeras.com.do\/wp-content\/uploads\/2023\/08\/Leonel-Fernandez-3.jpg?resize=525%2C300&ssl=1 1.5x, https:\/\/i0.wp.com\/lasprimeras.com.do\/wp-content\/uploads\/2023\/08\/Leonel-Fernandez-3.jpg?resize=700%2C400&ssl=1 2x"},"classes":[]},{"id":56917,"url":"https:\/\/lasprimeras.com.do\/index.php\/2023\/08\/07\/acto-multitudinario-cierra-recorrido-de-leonel-en-yamasa\/","url_meta":{"origin":54985,"position":4},"title":"Acto multitudinario cierra recorrido de Leonel en Yamas\u00e1","author":"Nelson Feliz","date":"7 de agosto de 2023","format":false,"excerpt":"Juramentaci\u00f3n de Ermes Rosario en Yamas\u00e1 logra respaldo masivo de la poblaci\u00f3n. El presidente de la Fuerza del Pueblo y precandidato presidencial por esta organizaci\u00f3n pol\u00edtica, Leonel Fern\u00e1ndez, jurament\u00f3 hoy al principal cuadro pol\u00edtico del PLD en este municipio monteplate\u00f1o, Hermes Rosario. La juramentaci\u00f3n en la que el exalcalde pas\u00f3\u2026","rel":"","context":"En \u00abPORTADA\u00bb","block_context":{"text":"PORTADA","link":"https:\/\/lasprimeras.com.do\/index.php\/category\/portada\/"},"img":{"alt_text":"Fuerza del Pueblo","src":"https:\/\/i0.wp.com\/lasprimeras.com.do\/wp-content\/uploads\/2023\/08\/Fuerza-del-Pueblo.jpg?resize=350%2C200&ssl=1","width":350,"height":200,"srcset":"https:\/\/i0.wp.com\/lasprimeras.com.do\/wp-content\/uploads\/2023\/08\/Fuerza-del-Pueblo.jpg?resize=350%2C200&ssl=1 1x, https:\/\/i0.wp.com\/lasprimeras.com.do\/wp-content\/uploads\/2023\/08\/Fuerza-del-Pueblo.jpg?resize=525%2C300&ssl=1 1.5x, https:\/\/i0.wp.com\/lasprimeras.com.do\/wp-content\/uploads\/2023\/08\/Fuerza-del-Pueblo.jpg?resize=700%2C400&ssl=1 2x"},"classes":[]},{"id":57375,"url":"https:\/\/lasprimeras.com.do\/index.php\/2023\/08\/11\/leonel-encabezara-este-fin-de-semana-actividades-de-la-fuerza-del-pueblo-en-la-linea-noroeste\/","url_meta":{"origin":54985,"position":5},"title":"Leonel encabezar\u00e1 este fin de semana actividades de la Fuerza del Pueblo en la l\u00ednea noroeste","author":"Nelson Feliz","date":"11 de agosto de 2023","format":false,"excerpt":"En Santo Domingo Este Leonel Fern\u00e1ndez har\u00e1 juramentaci\u00f3n en Club Calero. El precandidato presidencial del partido Fuerza del Pueblo, Leonel Fern\u00e1ndez, continuar\u00e1 este fin de semana con diversas actividades de juramentaci\u00f3n de nuevos miembros en el municipio Santo Domingo Este y en las provincias de Monte Cristi, Dajab\u00f3n y Santiago\u2026","rel":"","context":"En \u00abPORTADA\u00bb","block_context":{"text":"PORTADA","link":"https:\/\/lasprimeras.com.do\/index.php\/category\/portada\/"},"img":{"alt_text":"Leonel Fermandez","src":"https:\/\/i0.wp.com\/lasprimeras.com.do\/wp-content\/uploads\/2023\/08\/Leonel-Fermandez-1.jpg?resize=350%2C200&ssl=1","width":350,"height":200,"srcset":"https:\/\/i0.wp.com\/lasprimeras.com.do\/wp-content\/uploads\/2023\/08\/Leonel-Fermandez-1.jpg?resize=350%2C200&ssl=1 1x, https:\/\/i0.wp.com\/lasprimeras.com.do\/wp-content\/uploads\/2023\/08\/Leonel-Fermandez-1.jpg?resize=525%2C300&ssl=1 1.5x, https:\/\/i0.wp.com\/lasprimeras.com.do\/wp-content\/uploads\/2023\/08\/Leonel-Fermandez-1.jpg?resize=700%2C400&ssl=1 2x"},"classes":[]}],"jetpack_sharing_enabled":true,"_links":{"self":[{"href":"https:\/\/lasprimeras.com.do\/index.php\/wp-json\/wp\/v2\/posts\/54985","targetHints":{"allow":["GET"]}}],"collection":[{"href":"https:\/\/lasprimeras.com.do\/index.php\/wp-json\/wp\/v2\/posts"}],"about":[{"href":"https:\/\/lasprimeras.com.do\/index.php\/wp-json\/wp\/v2\/types\/post"}],"author":[{"embeddable":true,"href":"https:\/\/lasprimeras.com.do\/index.php\/wp-json\/wp\/v2\/users\/2"}],"replies":[{"embeddable":true,"href":"https:\/\/lasprimeras.com.do\/index.php\/wp-json\/wp\/v2\/comments?post=54985"}],"version-history":[{"count":1,"href":"https:\/\/lasprimeras.com.do\/index.php\/wp-json\/wp\/v2\/posts\/54985\/revisions"}],"predecessor-version":[{"id":54987,"href":"https:\/\/lasprimeras.com.do\/index.php\/wp-json\/wp\/v2\/posts\/54985\/revisions\/54987"}],"wp:featuredmedia":[{"embeddable":true,"href":"https:\/\/lasprimeras.com.do\/index.php\/wp-json\/wp\/v2\/media\/54986"}],"wp:attachment":[{"href":"https:\/\/lasprimeras.com.do\/index.php\/wp-json\/wp\/v2\/media?parent=54985"}],"wp:term":[{"taxonomy":"category","embeddable":true,"href":"https:\/\/lasprimeras.com.do\/index.php\/wp-json\/wp\/v2\/categories?post=54985"},{"taxonomy":"post_tag","embeddable":true,"href":"https:\/\/lasprimeras.com.do\/index.php\/wp-json\/wp\/v2\/tags?post=54985"}],"curies":[{"name":"wp","href":"https:\/\/api.w.org\/{rel}","templated":true}]}}