{"id":55068,"date":"2023-07-17T22:09:32","date_gmt":"2023-07-18T02:09:32","guid":{"rendered":"https:\/\/lasprimeras.com.do\/?p=55068"},"modified":"2023-07-17T22:09:34","modified_gmt":"2023-07-18T02:09:34","slug":"inposdom-y-consulado-de-miami-abren-una-ventanilla-especial-para-envios-a-rd","status":"publish","type":"post","link":"https:\/\/lasprimeras.com.do\/index.php\/2023\/07\/17\/inposdom-y-consulado-de-miami-abren-una-ventanilla-especial-para-envios-a-rd\/","title":{"rendered":"INPOSDOM y Consulado de Miami abren una ventanilla especial para env\u00edos a RD"},"content":{"rendered":"\n<p>El Director General del Instituto Postal Dominicano, Erick Guzm\u00e1n y la C\u00f3nsul General de Rep\u00fablica Dominicana en Miami, Geanilda Vasquez, firmaron un acuerdo de colaboraci\u00f3n e inmediatamente inauguraron una ventanilla especial para iniciar con las operaciones que establecieron en el convenio.<\/p>\n\n\n\n<p>Ambas instituciones han acordado motivar el uso de los servicios de correos del Estado Dominicano para la entrega de documentos, estableciendo una ventanilla especial habilitada en la sede consular para tal fin.<\/p>\n\n\n\n<p>Este convenio tiene como objetivo principal brindar una alternativa eficiente y segura para el env\u00edo de documentos importantes y garantizar su entrega oportuna.<\/p>\n\n\n\n<p>Guzm\u00e1n, destac\u00f3 que este convenio permitir\u00e1 aprovechar al m\u00e1ximo los recursos disponibles y optimizar los tiempos de entrega.<\/p>\n\n\n\n<p>Asegur\u00f3 que se implementar\u00e1n medidas adicionales para garantizar la seguridad y confidencialidad de los documentos enviados a trav\u00e9s de este servicio.<\/p>\n\n\n\n<p>De su lado, la C\u00f3nsul General Geanilda Vasquez expres\u00f3 su satisfacci\u00f3n por este acuerdo, destacando que fortalecer\u00e1 las relaciones entre la comunidad dominicana en Miami y su pa\u00eds de origen.<\/p>\n\n\n\n<p>Resalt\u00f3 la importancia de contar con un servicio postal confiable y \u00e1gil que facilite los tr\u00e1mites administrativos y comerciales entre ambas naciones.<\/p>\n\n\n\n<p>Tanto la C\u00f3nsul General Geanilda Vasquez como el Director General Erick Guzm\u00e1n invitaron a la comunidad dominicana en Miami a utilizar esta ventanilla especial para el env\u00edo de sus documentos, destacando que contar con un servicio postal eficiente es fundamental para mantener los lazos familiares, comerciales y culturales entre ambos pa\u00edses.<\/p>\n\n\n\n<p>El acto cont\u00f3 con la presencia de la actriz y humorista Nany Pe\u00f1a, quien aprovech\u00f3 el contexto para expresar y dar testimonio de las mejoras del INPOSDOM, durante la gesti\u00f3n del actual director general, Erick Guzm\u00e1n.<\/p>\n","protected":false},"excerpt":{"rendered":"<p>El Director General del Instituto Postal Dominicano, Erick Guzm\u00e1n y la C\u00f3nsul General de Rep\u00fablica Dominicana en Miami, Geanilda Vasquez, firmaron un acuerdo de colaboraci\u00f3n e inmediatamente inauguraron una ventanilla&hellip;<\/p>\n","protected":false},"author":2,"featured_media":55069,"comment_status":"open","ping_status":"open","sticky":false,"template":"","format":"standard","meta":{"content-type":"","jetpack_post_was_ever_published":false,"_jetpack_newsletter_access":"","_jetpack_dont_email_post_to_subs":false,"_jetpack_newsletter_tier_id":0,"_jetpack_memberships_contains_paywalled_content":false,"_jetpack_memberships_contains_paid_content":false,"footnotes":""},"categories":[35],"tags":[577,2886,1152,127,4872],"class_list":["post-55068","post","type-post","status-publish","format-standard","has-post-thumbnail","hentry","category-nacionales","tag-consulado","tag-inposdom","tag-miami","tag-rd","tag-ventanilla"],"jetpack_featured_media_url":"https:\/\/lasprimeras.com.do\/wp-content\/uploads\/2023\/07\/Geanilda-Vasquez-y-Erick-Guzman.jpg","jetpack-related-posts":[{"id":122857,"url":"https:\/\/lasprimeras.com.do\/index.php\/2026\/02\/23\/leonel-propondre-establecer-ventanilla-unica-simplifique-adopcion-nacionalidad-dominicana-a-los-nacidos-fuera-rd\/","url_meta":{"origin":55068,"position":0},"title":"Leonel: Propondr\u00e9 establecer Ventanilla \u00danica simplifique adopci\u00f3n nacionalidad dominicana a los nacidos fuera RD","author":"Nelson Feliz","date":"23 de febrero de 2026","format":false,"excerpt":"https:\/\/www.youtube.com\/watch?v=--pjJTRtiOg Por Ram\u00f3n Mercedes NUEVA YORK.- El presidente del Partido Fuerza del Pueblo (FP), doctor Leonel Fern\u00e1ndez, proclam\u00f3 en esta ciudad y Nueva Jersey en concurridos encuentros con dominicanos, que propondr\u00e1 al bloque legislativo de la entidad pol\u00edtica que someta un proyecto de ley para establecer una \u201cVentanilla \u00danica\u201d que\u2026","rel":"","context":"En \u00abPOLITICA\u00bb","block_context":{"text":"POLITICA","link":"https:\/\/lasprimeras.com.do\/index.php\/category\/politica\/"},"img":{"alt_text":"","src":"https:\/\/i0.wp.com\/lasprimeras.com.do\/wp-content\/uploads\/2026\/02\/IMG-20260223-WA0059.jpg?resize=350%2C200&ssl=1","width":350,"height":200,"srcset":"https:\/\/i0.wp.com\/lasprimeras.com.do\/wp-content\/uploads\/2026\/02\/IMG-20260223-WA0059.jpg?resize=350%2C200&ssl=1 1x, https:\/\/i0.wp.com\/lasprimeras.com.do\/wp-content\/uploads\/2026\/02\/IMG-20260223-WA0059.jpg?resize=525%2C300&ssl=1 1.5x"},"classes":[]},{"id":72339,"url":"https:\/\/lasprimeras.com.do\/index.php\/2023\/12\/28\/consulado-rd-en-miami-celebra-navidad-con-emotivo-mensaje-a-la-diaspora\/","url_meta":{"origin":55068,"position":1},"title":"Consulado RD en Miami celebra Navidad con emotivo mensaje a la di\u00e1spora","author":"Nelson Feliz","date":"28 de diciembre de 2023","format":false,"excerpt":"La c\u00f3nsul general, doctora Geanilda V\u00e1squez,encabez\u00f3 un extraordinario encuentro donde prim\u00f3 la confraternidad entre los asistentes. Miami, Florida. \u2013 El Consulado General de la Rep\u00fablica Dominicana en Miami, realiz\u00f3 un emotivo encuentro de la Navidad con todo el personal consular, encabezado por la c\u00f3nsul general, doctora Geanilda V\u00e1squez, quien resalt\u00f3\u2026","rel":"","context":"En \u00abENTRETENIMIENTO\u00bb","block_context":{"text":"ENTRETENIMIENTO","link":"https:\/\/lasprimeras.com.do\/index.php\/category\/entretenimiento\/"},"img":{"alt_text":"Geanilda Vasquez","src":"https:\/\/i0.wp.com\/lasprimeras.com.do\/wp-content\/uploads\/2023\/12\/Geanilda-Vasquez.jpg?resize=350%2C200&ssl=1","width":350,"height":200,"srcset":"https:\/\/i0.wp.com\/lasprimeras.com.do\/wp-content\/uploads\/2023\/12\/Geanilda-Vasquez.jpg?resize=350%2C200&ssl=1 1x, https:\/\/i0.wp.com\/lasprimeras.com.do\/wp-content\/uploads\/2023\/12\/Geanilda-Vasquez.jpg?resize=525%2C300&ssl=1 1.5x, https:\/\/i0.wp.com\/lasprimeras.com.do\/wp-content\/uploads\/2023\/12\/Geanilda-Vasquez.jpg?resize=700%2C400&ssl=1 2x"},"classes":[]},{"id":104920,"url":"https:\/\/lasprimeras.com.do\/index.php\/2025\/07\/28\/consulado-general-de-la-rd-en-barcelona-e-isde-business-school-firman-un-acuerdo-de-colaboracion\/","url_meta":{"origin":55068,"position":2},"title":"Consulado General de la RD en Barcelona e ISDE Business School firman un acuerdo de colaboraci\u00f3n","author":"Nelson Feliz","date":"28 de julio de 2025","format":false,"excerpt":"Barcelona, Espa\u00f1a.- El consulado general de la Rep\u00fablica Dominicana en Barcelona celebr\u00f3 la firma de un acuerdo de colaboraci\u00f3n con el ISDE Business School, instituci\u00f3n acad\u00e9mica de prestigio internacional adscrita a la Universidad Complutense de Madrid, con sede en Barcelona y Madrid. El acuerdo fue suscrito por el c\u00f3nsul general,\u2026","rel":"","context":"En \u00abINTERNACIONALES\u00bb","block_context":{"text":"INTERNACIONALES","link":"https:\/\/lasprimeras.com.do\/index.php\/category\/sin-categoria\/internacionales\/"},"img":{"alt_text":"","src":"https:\/\/i0.wp.com\/lasprimeras.com.do\/wp-content\/uploads\/2025\/07\/consulado-2.jpg?resize=350%2C200&ssl=1","width":350,"height":200,"srcset":"https:\/\/i0.wp.com\/lasprimeras.com.do\/wp-content\/uploads\/2025\/07\/consulado-2.jpg?resize=350%2C200&ssl=1 1x, https:\/\/i0.wp.com\/lasprimeras.com.do\/wp-content\/uploads\/2025\/07\/consulado-2.jpg?resize=525%2C300&ssl=1 1.5x, https:\/\/i0.wp.com\/lasprimeras.com.do\/wp-content\/uploads\/2025\/07\/consulado-2.jpg?resize=700%2C400&ssl=1 2x"},"classes":[]},{"id":121825,"url":"https:\/\/lasprimeras.com.do\/index.php\/2026\/02\/10\/emotiva-ceremonia-traspaso-consular-rd-en-miami-deja-claro-continuidad-trabajo-en-favor-diaspora\/","url_meta":{"origin":55068,"position":3},"title":"Emotiva ceremonia traspaso Consular RD en Miami deja claro continuidad trabajo en favor di\u00e1spora","author":"Nelson Feliz","date":"10 de febrero de 2026","format":false,"excerpt":"-La sede de manera transitoria estar\u00e1 a cargo del vicec\u00f3nsul Gilberto Minaya, quien fue designado Encargado Interino del Consulado General de Rep\u00fablica Dominicana. -Geanilda V\u00e1squez, fue despedida en un ambiente donde no faltaron l\u00e1grimas de emociones y se le entregaron varias placas de reconocimiento Miami, Florida. - El Consulado General\u2026","rel":"","context":"En \u00abINTERNACIONALES\u00bb","block_context":{"text":"INTERNACIONALES","link":"https:\/\/lasprimeras.com.do\/index.php\/category\/sin-categoria\/internacionales\/"},"img":{"alt_text":"","src":"https:\/\/i0.wp.com\/lasprimeras.com.do\/wp-content\/uploads\/2026\/02\/gea.jpg?resize=350%2C200&ssl=1","width":350,"height":200,"srcset":"https:\/\/i0.wp.com\/lasprimeras.com.do\/wp-content\/uploads\/2026\/02\/gea.jpg?resize=350%2C200&ssl=1 1x, https:\/\/i0.wp.com\/lasprimeras.com.do\/wp-content\/uploads\/2026\/02\/gea.jpg?resize=525%2C300&ssl=1 1.5x, https:\/\/i0.wp.com\/lasprimeras.com.do\/wp-content\/uploads\/2026\/02\/gea.jpg?resize=700%2C400&ssl=1 2x"},"classes":[]},{"id":50903,"url":"https:\/\/lasprimeras.com.do\/index.php\/2023\/05\/25\/consulado-rd-miami-y-el-index-celebran-dia-de-las-madres-en-la-diaspora\/","url_meta":{"origin":55068,"position":4},"title":"Consulado RD Miami y el INDEX celebran D\u00eda de las Madres en la di\u00e1spora","author":"prenxa100","date":"25 de mayo de 2023","format":false,"excerpt":"La actividad cont\u00f3 con la participaci\u00f3n art\u00edstica de Diomary \u201cLa Mala\u201d y del maestro Alejandro Vargas,\u201cColita\u201d y fue encabezado por la c\u00f3nsul general y las autoridades del INDEX. Miami, Florida. \u2013 El Consulado General de la Rep\u00fablica Dominicana en esta ciudad y el Instituto de los Dominicanos en el Exterior,\u2026","rel":"","context":"En \u00abSin categor\u00eda\u00bb","block_context":{"text":"Sin categor\u00eda","link":"https:\/\/lasprimeras.com.do\/index.php\/category\/sin-categoria\/"},"img":{"alt_text":"","src":"","width":0,"height":0},"classes":[]},{"id":78854,"url":"https:\/\/lasprimeras.com.do\/index.php\/2024\/03\/21\/prodominicana-incorpora-tramites-de-residencia-al-sistema-ventanilla-unica\/","url_meta":{"origin":55068,"position":5},"title":"ProDominicana incorpora tr\u00e1mites de residencia al sistema Ventanilla \u00danica","author":"Nelson Feliz","date":"21 de marzo de 2024","format":false,"excerpt":"La directora ejecutiva del Centro de Exportaci\u00f3n e Inversi\u00f3n de la Rep\u00fablica Dominicana (ProDominicana), Biviana Riveiro Disla, inform\u00f3 sobre la incorporaci\u00f3n de los tr\u00e1mites de residencia por inversi\u00f3n del departamento de Migraci\u00f3n en la Ventanilla \u00danica de Inversi\u00f3n (VUI), en un esfuerzo por agilizar y simplificar los procesos para los\u2026","rel":"","context":"En \u00abECONOM\u00cdA\u00bb","block_context":{"text":"ECONOM\u00cdA","link":"https:\/\/lasprimeras.com.do\/index.php\/category\/economia\/"},"img":{"alt_text":"","src":"https:\/\/i0.wp.com\/lasprimeras.com.do\/wp-content\/uploads\/2024\/03\/Integracion-de-servicios-migratorio-a-la-Ventanilla-Unica.jpg-1.jpg?resize=350%2C200&ssl=1","width":350,"height":200,"srcset":"https:\/\/i0.wp.com\/lasprimeras.com.do\/wp-content\/uploads\/2024\/03\/Integracion-de-servicios-migratorio-a-la-Ventanilla-Unica.jpg-1.jpg?resize=350%2C200&ssl=1 1x, https:\/\/i0.wp.com\/lasprimeras.com.do\/wp-content\/uploads\/2024\/03\/Integracion-de-servicios-migratorio-a-la-Ventanilla-Unica.jpg-1.jpg?resize=525%2C300&ssl=1 1.5x"},"classes":[]}],"jetpack_sharing_enabled":true,"_links":{"self":[{"href":"https:\/\/lasprimeras.com.do\/index.php\/wp-json\/wp\/v2\/posts\/55068","targetHints":{"allow":["GET"]}}],"collection":[{"href":"https:\/\/lasprimeras.com.do\/index.php\/wp-json\/wp\/v2\/posts"}],"about":[{"href":"https:\/\/lasprimeras.com.do\/index.php\/wp-json\/wp\/v2\/types\/post"}],"author":[{"embeddable":true,"href":"https:\/\/lasprimeras.com.do\/index.php\/wp-json\/wp\/v2\/users\/2"}],"replies":[{"embeddable":true,"href":"https:\/\/lasprimeras.com.do\/index.php\/wp-json\/wp\/v2\/comments?post=55068"}],"version-history":[{"count":1,"href":"https:\/\/lasprimeras.com.do\/index.php\/wp-json\/wp\/v2\/posts\/55068\/revisions"}],"predecessor-version":[{"id":55070,"href":"https:\/\/lasprimeras.com.do\/index.php\/wp-json\/wp\/v2\/posts\/55068\/revisions\/55070"}],"wp:featuredmedia":[{"embeddable":true,"href":"https:\/\/lasprimeras.com.do\/index.php\/wp-json\/wp\/v2\/media\/55069"}],"wp:attachment":[{"href":"https:\/\/lasprimeras.com.do\/index.php\/wp-json\/wp\/v2\/media?parent=55068"}],"wp:term":[{"taxonomy":"category","embeddable":true,"href":"https:\/\/lasprimeras.com.do\/index.php\/wp-json\/wp\/v2\/categories?post=55068"},{"taxonomy":"post_tag","embeddable":true,"href":"https:\/\/lasprimeras.com.do\/index.php\/wp-json\/wp\/v2\/tags?post=55068"}],"curies":[{"name":"wp","href":"https:\/\/api.w.org\/{rel}","templated":true}]}}