{"id":55073,"date":"2023-07-17T22:33:53","date_gmt":"2023-07-18T02:33:53","guid":{"rendered":"https:\/\/lasprimeras.com.do\/?p=55073"},"modified":"2023-07-17T22:33:54","modified_gmt":"2023-07-18T02:33:54","slug":"mueren-dos-jovenes-en-un-accidente-de-motos-en-barahona","status":"publish","type":"post","link":"https:\/\/lasprimeras.com.do\/index.php\/2023\/07\/17\/mueren-dos-jovenes-en-un-accidente-de-motos-en-barahona\/","title":{"rendered":"Mueren dos jovenes en un accidente de motos en Barahona"},"content":{"rendered":"\n<p>Por Victor Feliz<\/p>\n\n\n\n<p>Los fallecidos fueron identificados como Abel Ne\u00f3n, de 20 a\u00f1os de edad y un segundo joven muerto identificado solo como Raimon, seg\u00fan se inform\u00f3 ambos residen en la calle III, sector Camboya, de este municipio de Barahona.<\/p>\n\n\n\n<p>Abel Ne\u00f3n, fue llevado a la emergencia del Hospital Regional Docente Universitario Jaime Mota, pero el personal m\u00e9dico que le prest\u00f3 asistencia facultativa orden\u00f3 llevarlo a la morgue, debido a que lleg\u00f3 sin vida a ese centro de salud.<\/p>\n\n\n\n<p>En tanto que que el otro fallecido, identificado solo como Ne\u00f3n, se encuentra en el mismo lugar del accidente, debido a que muri\u00f3 al instante debido a los golpes que recibi\u00f3, principalmente en la cabeza y el pecho.<\/p>\n\n\n\n<p>Conforme a versiones de parientes y relacionados de los j\u00f3venes fallecidos, ambos regresaban desde la playa a Barahona cuando aparentemente perdieron el control de este cayendo uno de ellos en un centro de diversi\u00f3n ubicado en las proximidades del accidente.<\/p>\n\n\n\n<p>Con este dos fallecidos en accidente tr\u00e1nsito que involucra motocicletas se elevan a tres los muertos por esta causa en este municipio, ya que el pasado s\u00e1bado un joven falleci\u00f3 al ser embestida la motocicleta en la que se desplazaba en el malec\u00f3n de Barahona, conforme a un v\u00eddeo que circula en redes sociales.<\/p>\n\n\n\n<p>Asimismo, en el reci\u00e9n pasado fin de semana al menos han perdido la vida 12 personas, con lo que se eleva a 15 el n\u00famero de muertos por accidente de tr\u00e1fico, una epidemia que coloca al pa\u00eds como uno en los que m\u00e1s personas mueren por esta causa.<\/p>\n","protected":false},"excerpt":{"rendered":"<p>Por Victor Feliz Los fallecidos fueron identificados como Abel Ne\u00f3n, de 20 a\u00f1os de edad y un segundo joven muerto identificado solo como Raimon, seg\u00fan se inform\u00f3 ambos residen en&hellip;<\/p>\n","protected":false},"author":2,"featured_media":55074,"comment_status":"open","ping_status":"open","sticky":false,"template":"","format":"standard","meta":{"content-type":"","jetpack_post_was_ever_published":false,"_jetpack_newsletter_access":"","_jetpack_dont_email_post_to_subs":false,"_jetpack_newsletter_tier_id":0,"_jetpack_memberships_contains_paywalled_content":false,"_jetpack_memberships_contains_paid_content":false,"footnotes":""},"categories":[35],"tags":[2211,265,237,4874,238],"class_list":["post-55073","post","type-post","status-publish","format-standard","has-post-thumbnail","hentry","category-nacionales","tag-accidente","tag-barahona","tag-jovenes-2","tag-moto","tag-mueren"],"jetpack_featured_media_url":"https:\/\/lasprimeras.com.do\/wp-content\/uploads\/2023\/07\/moto.jpg","jetpack-related-posts":[{"id":111098,"url":"https:\/\/lasprimeras.com.do\/index.php\/2025\/10\/05\/pareja-muere-en-accidente-en-cruce-de-pescaderia-barahona\/","url_meta":{"origin":55073,"position":0},"title":"Pareja muere en accidente en Cruce de Pescader\u00eda, Barahona","author":"Nelson Feliz","date":"5 de octubre de 2025","format":false,"excerpt":"Los fallecidos fueron identificados como: El\u00edas Milc\u00edades F\u00e9liz Pe\u00f1a, de 52 a\u00f1os de edad, y Yuli Matos Espinosa, de la misma edad. Por Benny Rodr\u00edguez Una pareja de esposos falleci\u00f3 la noche del pasado s\u00e1bado, al colisionar el motor en el cual se desplazaban con un cami\u00f3n estacionado en el\u2026","rel":"","context":"En \u00abNACIONALES\u00bb","block_context":{"text":"NACIONALES","link":"https:\/\/lasprimeras.com.do\/index.php\/category\/nacionales\/"},"img":{"alt_text":"","src":"https:\/\/i0.wp.com\/lasprimeras.com.do\/wp-content\/uploads\/2025\/10\/Muere-pareja-en-accidente-de-transito-en-el-Cruce-de-Pescaderia.jpeg?resize=350%2C200&ssl=1","width":350,"height":200,"srcset":"https:\/\/i0.wp.com\/lasprimeras.com.do\/wp-content\/uploads\/2025\/10\/Muere-pareja-en-accidente-de-transito-en-el-Cruce-de-Pescaderia.jpeg?resize=350%2C200&ssl=1 1x, https:\/\/i0.wp.com\/lasprimeras.com.do\/wp-content\/uploads\/2025\/10\/Muere-pareja-en-accidente-de-transito-en-el-Cruce-de-Pescaderia.jpeg?resize=525%2C300&ssl=1 1.5x, https:\/\/i0.wp.com\/lasprimeras.com.do\/wp-content\/uploads\/2025\/10\/Muere-pareja-en-accidente-de-transito-en-el-Cruce-de-Pescaderia.jpeg?resize=700%2C400&ssl=1 2x"},"classes":[]},{"id":92505,"url":"https:\/\/lasprimeras.com.do\/index.php\/2025\/01\/05\/un-hombre-muere-en-accidente-de-moto-en-dajabon\/","url_meta":{"origin":55073,"position":1},"title":"Un hombre muere en accidente de moto en Dajab\u00f3n","author":"Nelson Feliz","date":"5 de enero de 2025","format":false,"excerpt":"Accidente en Dajab\u00f3n deja un fallecido y heridos; investigan conexi\u00f3n con tr\u00e1fico humano. Un grave accidente ocurri\u00f3 en Dajab\u00f3n, cerca del chequeo militar de Palo Blanco. Arsenio Jim\u00e9nez, del barrio Puerto Rico, falleci\u00f3 al deslizarse la motocicleta que conduc\u00eda. Seg\u00fan informes, transportaba a cuatro personas, incluyendo un ni\u00f1o. Las otras\u2026","rel":"","context":"En \u00abNACIONALES\u00bb","block_context":{"text":"NACIONALES","link":"https:\/\/lasprimeras.com.do\/index.php\/category\/nacionales\/"},"img":{"alt_text":"","src":"https:\/\/i0.wp.com\/lasprimeras.com.do\/wp-content\/uploads\/2025\/01\/un-hombre-muere-en-accidente-de-moto-en-dajabon.jpg?resize=350%2C200&ssl=1","width":350,"height":200},"classes":[]},{"id":85248,"url":"https:\/\/lasprimeras.com.do\/index.php\/2024\/06\/26\/inacif-indentifica-fallecidos-accidente-avenida-enriquillo\/","url_meta":{"origin":55073,"position":2},"title":"Inacif indentifica fallecidos accidente avenida Enriquillo","author":"Nelson Feliz","date":"26 de junio de 2024","format":false,"excerpt":"El Instituto Nacional de Ciencias Forenses (Inacif) comunic\u00f3 que respond\u00edan a los nombres de Jerry Melvin Carrasco, Jos\u00e9 Manuel M\u00e9ndez y Lisandro Archivar Nahir Cuello los tres hombres que fallecieron la noche de este lunes tras la yipeta en la que viajaban perdiera el control y derribara en varios poster\u2026","rel":"","context":"En \u00abNACIONALES\u00bb","block_context":{"text":"NACIONALES","link":"https:\/\/lasprimeras.com.do\/index.php\/category\/nacionales\/"},"img":{"alt_text":"Inacif","src":"https:\/\/i0.wp.com\/lasprimeras.com.do\/wp-content\/uploads\/2024\/06\/Inacif.jpg?resize=350%2C200&ssl=1","width":350,"height":200,"srcset":"https:\/\/i0.wp.com\/lasprimeras.com.do\/wp-content\/uploads\/2024\/06\/Inacif.jpg?resize=350%2C200&ssl=1 1x, https:\/\/i0.wp.com\/lasprimeras.com.do\/wp-content\/uploads\/2024\/06\/Inacif.jpg?resize=525%2C300&ssl=1 1.5x, https:\/\/i0.wp.com\/lasprimeras.com.do\/wp-content\/uploads\/2024\/06\/Inacif.jpg?resize=700%2C400&ssl=1 2x"},"classes":[]},{"id":85179,"url":"https:\/\/lasprimeras.com.do\/index.php\/2024\/06\/25\/accidente-de-transito-deja-tres-muertos-en-barahona\/","url_meta":{"origin":55073,"position":3},"title":"Accidente de tr\u00e1nsito deja tres muertos en Barahona","author":"Nelson Feliz","date":"25 de junio de 2024","format":false,"excerpt":"Al menos tres personas resultaron muertas y otras cuatro resultaron heridas en un aparatoso accidente de tr\u00e1nsito ocurrido la noche de este lunes a la salida de la zona costera de esta provincia Barahona. Los fallecidos fueron identificados como Lisandro Cuello, miembro de la Armda de la Rep\u00fablica Dominicana (ARD),\u2026","rel":"","context":"En \u00abNACIONALES\u00bb","block_context":{"text":"NACIONALES","link":"https:\/\/lasprimeras.com.do\/index.php\/category\/nacionales\/"},"img":{"alt_text":"","src":"https:\/\/i0.wp.com\/lasprimeras.com.do\/wp-content\/uploads\/2024\/06\/accidentetrafico-750x375-1.jpg?resize=350%2C200&ssl=1","width":350,"height":200,"srcset":"https:\/\/i0.wp.com\/lasprimeras.com.do\/wp-content\/uploads\/2024\/06\/accidentetrafico-750x375-1.jpg?resize=350%2C200&ssl=1 1x, https:\/\/i0.wp.com\/lasprimeras.com.do\/wp-content\/uploads\/2024\/06\/accidentetrafico-750x375-1.jpg?resize=525%2C300&ssl=1 1.5x, https:\/\/i0.wp.com\/lasprimeras.com.do\/wp-content\/uploads\/2024\/06\/accidentetrafico-750x375-1.jpg?resize=700%2C400&ssl=1 2x"},"classes":[]},{"id":78980,"url":"https:\/\/lasprimeras.com.do\/index.php\/2024\/03\/22\/mueren-dos-jovenes-en-accidente-de-transito-ocurrido-en-cotui\/","url_meta":{"origin":55073,"position":4},"title":"Mueren dos j\u00f3venes en accidente de tr\u00e1nsito ocurrido en Cotu\u00ed","author":"Nelson Feliz","date":"22 de marzo de 2024","format":false,"excerpt":"Por Luis Ozuna Dos j\u00f3venes residentes en la comunidad de S\u00e1bana del Rey del Distrito Municipal de Zambrana, perdieron la vida en un accidente tras estallarse la motocicleta en la cual andaban contra una patana. El hecho se registr\u00f3 este jueves, pr\u00f3ximo a la salida Cotui-Villa La Mata. Los fallecidos\u2026","rel":"","context":"En \u00abNACIONALES\u00bb","block_context":{"text":"NACIONALES","link":"https:\/\/lasprimeras.com.do\/index.php\/category\/nacionales\/"},"img":{"alt_text":"","src":"https:\/\/i0.wp.com\/lasprimeras.com.do\/wp-content\/uploads\/2024\/03\/WhatsApp-Image-2024-03-21-at-8.13.04-PM.jpeg?resize=350%2C200&ssl=1","width":350,"height":200,"srcset":"https:\/\/i0.wp.com\/lasprimeras.com.do\/wp-content\/uploads\/2024\/03\/WhatsApp-Image-2024-03-21-at-8.13.04-PM.jpeg?resize=350%2C200&ssl=1 1x, https:\/\/i0.wp.com\/lasprimeras.com.do\/wp-content\/uploads\/2024\/03\/WhatsApp-Image-2024-03-21-at-8.13.04-PM.jpeg?resize=525%2C300&ssl=1 1.5x, https:\/\/i0.wp.com\/lasprimeras.com.do\/wp-content\/uploads\/2024\/03\/WhatsApp-Image-2024-03-21-at-8.13.04-PM.jpeg?resize=700%2C400&ssl=1 2x, https:\/\/i0.wp.com\/lasprimeras.com.do\/wp-content\/uploads\/2024\/03\/WhatsApp-Image-2024-03-21-at-8.13.04-PM.jpeg?resize=1050%2C600&ssl=1 3x"},"classes":[]},{"id":68182,"url":"https:\/\/lasprimeras.com.do\/index.php\/2023\/11\/22\/cinco-jovencitos-pierden-la-vida-en-choque-entre-motocicletas-en-barahona\/","url_meta":{"origin":55073,"position":5},"title":"Cinco jovencitos pierden la vida en choque entre motocicletas en Barahona","author":"Nelson Feliz","date":"22 de noviembre de 2023","format":false,"excerpt":"Cinco menores de edad perdieron la vida la madrugada de este martes durante un accidente entre dos motocicletas en Barahona. El accidente se produjo cuando las motocicletas en que circulaban chocaron de frente. Tres de los fallecidos eran ni\u00f1as y dos chicos. Sucedi\u00f3 entre las comunidades El Higuito y El\u2026","rel":"","context":"En \u00abNACIONALES\u00bb","block_context":{"text":"NACIONALES","link":"https:\/\/lasprimeras.com.do\/index.php\/category\/nacionales\/"},"img":{"alt_text":"","src":"https:\/\/i0.wp.com\/lasprimeras.com.do\/wp-content\/uploads\/2023\/11\/accidente-2.jpg?resize=350%2C200&ssl=1","width":350,"height":200,"srcset":"https:\/\/i0.wp.com\/lasprimeras.com.do\/wp-content\/uploads\/2023\/11\/accidente-2.jpg?resize=350%2C200&ssl=1 1x, https:\/\/i0.wp.com\/lasprimeras.com.do\/wp-content\/uploads\/2023\/11\/accidente-2.jpg?resize=525%2C300&ssl=1 1.5x, https:\/\/i0.wp.com\/lasprimeras.com.do\/wp-content\/uploads\/2023\/11\/accidente-2.jpg?resize=700%2C400&ssl=1 2x"},"classes":[]}],"jetpack_sharing_enabled":true,"_links":{"self":[{"href":"https:\/\/lasprimeras.com.do\/index.php\/wp-json\/wp\/v2\/posts\/55073","targetHints":{"allow":["GET"]}}],"collection":[{"href":"https:\/\/lasprimeras.com.do\/index.php\/wp-json\/wp\/v2\/posts"}],"about":[{"href":"https:\/\/lasprimeras.com.do\/index.php\/wp-json\/wp\/v2\/types\/post"}],"author":[{"embeddable":true,"href":"https:\/\/lasprimeras.com.do\/index.php\/wp-json\/wp\/v2\/users\/2"}],"replies":[{"embeddable":true,"href":"https:\/\/lasprimeras.com.do\/index.php\/wp-json\/wp\/v2\/comments?post=55073"}],"version-history":[{"count":1,"href":"https:\/\/lasprimeras.com.do\/index.php\/wp-json\/wp\/v2\/posts\/55073\/revisions"}],"predecessor-version":[{"id":55075,"href":"https:\/\/lasprimeras.com.do\/index.php\/wp-json\/wp\/v2\/posts\/55073\/revisions\/55075"}],"wp:featuredmedia":[{"embeddable":true,"href":"https:\/\/lasprimeras.com.do\/index.php\/wp-json\/wp\/v2\/media\/55074"}],"wp:attachment":[{"href":"https:\/\/lasprimeras.com.do\/index.php\/wp-json\/wp\/v2\/media?parent=55073"}],"wp:term":[{"taxonomy":"category","embeddable":true,"href":"https:\/\/lasprimeras.com.do\/index.php\/wp-json\/wp\/v2\/categories?post=55073"},{"taxonomy":"post_tag","embeddable":true,"href":"https:\/\/lasprimeras.com.do\/index.php\/wp-json\/wp\/v2\/tags?post=55073"}],"curies":[{"name":"wp","href":"https:\/\/api.w.org\/{rel}","templated":true}]}}