{"id":55076,"date":"2023-07-17T22:44:50","date_gmt":"2023-07-18T02:44:50","guid":{"rendered":"https:\/\/lasprimeras.com.do\/?p=55076"},"modified":"2023-07-18T08:55:35","modified_gmt":"2023-07-18T12:55:35","slug":"hombre-intenta-suicidarse-tras-violar-y-matar-hijastra-de-13-anos","status":"publish","type":"post","link":"https:\/\/lasprimeras.com.do\/index.php\/2023\/07\/17\/hombre-intenta-suicidarse-tras-violar-y-matar-hijastra-de-13-anos\/","title":{"rendered":"Hombre intenta suicidarse tras violar y matar hijastra de 13 a\u00f1os"},"content":{"rendered":"\n<p>Un hombre intent\u00f3 lanzarse del puente Jacinto Peynado el cual comunica al Distrito Nacional con Santo Domingo Norte(Villa Mella), tras supuestamente haber violado y ultimado a su hijastra de 13 a\u00f1os.<\/p>\n\n\n\n<p>El hecho ocurri\u00f3 en el sector de Villas Agr\u00edcolas en el Distrito Nacional.<\/p>\n\n\n\n<p>Se trata de Santos Lora Valdez, quien, luego de lanzarse del puente que comunica al Distrito Nacional con Santo Domingo Norte, con intensiones suicidas, no logr\u00f3 su objetivo, debido a que un grupo de ciudadanos lo sac\u00f3 con vida del agua para lincharlo.<\/p>\n\n\n\n<p>Al lugar se presentaron miembros de la Polic\u00eda Nacional, quienes lo rescataron y lo apresaron.<\/p>\n","protected":false},"excerpt":{"rendered":"<p>Un hombre intent\u00f3 lanzarse del puente Jacinto Peynado el cual comunica al Distrito Nacional con Santo Domingo Norte(Villa Mella), tras supuestamente haber violado y ultimado a su hijastra de 13&hellip;<\/p>\n","protected":false},"author":2,"featured_media":55077,"comment_status":"open","ping_status":"open","sticky":false,"template":"","format":"standard","meta":{"content-type":"","jetpack_post_was_ever_published":false,"_jetpack_newsletter_access":"","_jetpack_dont_email_post_to_subs":false,"_jetpack_newsletter_tier_id":0,"_jetpack_memberships_contains_paywalled_content":false,"_jetpack_memberships_contains_paid_content":false,"footnotes":""},"categories":[35],"tags":[4877,46,321,4875,4876,2295],"class_list":["post-55076","post","type-post","status-publish","format-standard","has-post-thumbnail","hentry","category-nacionales","tag-hijastra","tag-hombre","tag-matar","tag-santos-lora-valdez","tag-suicidarse","tag-violar"],"jetpack_featured_media_url":"https:\/\/lasprimeras.com.do\/wp-content\/uploads\/2023\/07\/Captura-de-pantalla-2023-07-17-075214-645x375-1.png","jetpack-related-posts":[{"id":71728,"url":"https:\/\/lasprimeras.com.do\/index.php\/2023\/12\/22\/tragedia-hombre-mata-a-machetazos-a-su-hijastro-de-cuatro-meses-en-los-mina\/","url_meta":{"origin":55076,"position":0},"title":"Tragedia: hombre mata a machetazos a su hijastro de cuatro meses en Los Mina","author":"Nelson Feliz","date":"22 de diciembre de 2023","format":false,"excerpt":"Los vecinos golpearon al agresor, que fue apresado y trasladado al destacamento policial. \"Mat\u00f3 mi beb\u00e9, no llora, no llora\u201d, gritaba de forma desesperada una madre tras presenciar el momento en que su pareja golpe\u00f3 y propin\u00f3 machetazos a su hijo de apenas cuatro meses, despu\u00e9s de una discusi\u00f3n en\u2026","rel":"","context":"En \u00abNACIONALES\u00bb","block_context":{"text":"NACIONALES","link":"https:\/\/lasprimeras.com.do\/index.php\/category\/nacionales\/"},"img":{"alt_text":"Las manchas de sangre permanecen en el colch\u00f3n donde fue herido a machetazos un menor de cuatro meses, que muri\u00f3 en el acto. La tragedia ha consternado a los residentes en la zona.","src":"https:\/\/i0.wp.com\/lasprimeras.com.do\/wp-content\/uploads\/2023\/12\/Las-manchas-de-sangre-permanecen-en-el-colchon.jpg?resize=350%2C200&ssl=1","width":350,"height":200,"srcset":"https:\/\/i0.wp.com\/lasprimeras.com.do\/wp-content\/uploads\/2023\/12\/Las-manchas-de-sangre-permanecen-en-el-colchon.jpg?resize=350%2C200&ssl=1 1x, https:\/\/i0.wp.com\/lasprimeras.com.do\/wp-content\/uploads\/2023\/12\/Las-manchas-de-sangre-permanecen-en-el-colchon.jpg?resize=525%2C300&ssl=1 1.5x, https:\/\/i0.wp.com\/lasprimeras.com.do\/wp-content\/uploads\/2023\/12\/Las-manchas-de-sangre-permanecen-en-el-colchon.jpg?resize=700%2C400&ssl=1 2x"},"classes":[]},{"id":58118,"url":"https:\/\/lasprimeras.com.do\/index.php\/2023\/08\/20\/apresan-hombre-por-presunta-violacion-sexual-de-su-hijastra-de-14-anos-en-boca-chica\/","url_meta":{"origin":55076,"position":1},"title":"Apresan hombre por presunta violaci\u00f3n sexual de su hijastra de 14 a\u00f1os en Boca Chica","author":"Nelson Feliz","date":"20 de agosto de 2023","format":false,"excerpt":"Agentes policiales, adscritos a la Divisi\u00f3n de Delitos Sexuales y Violencia Intrafamiliar, de la Direcci\u00f3n Central de Investigaci\u00f3n (DICRIM), y miembros preventivos, ejecutaron una orden de arresto y conducencia contra un hombre se\u00f1alado como el responsable de haber violado sexualmente a su hijastra de 14 a\u00f1os. El hecho ocurri\u00f3 en\u2026","rel":"","context":"En \u00abMILITARES\u00bb","block_context":{"text":"MILITARES","link":"https:\/\/lasprimeras.com.do\/index.php\/category\/militares\/"},"img":{"alt_text":"","src":"https:\/\/i0.wp.com\/lasprimeras.com.do\/wp-content\/uploads\/2023\/08\/Esposas.jpg?resize=350%2C200&ssl=1","width":350,"height":200,"srcset":"https:\/\/i0.wp.com\/lasprimeras.com.do\/wp-content\/uploads\/2023\/08\/Esposas.jpg?resize=350%2C200&ssl=1 1x, https:\/\/i0.wp.com\/lasprimeras.com.do\/wp-content\/uploads\/2023\/08\/Esposas.jpg?resize=525%2C300&ssl=1 1.5x"},"classes":[]},{"id":84531,"url":"https:\/\/lasprimeras.com.do\/index.php\/2024\/06\/09\/apresan-hombre-que-intento-suicidarse-luego-de-ultimar-a-su-pareja-en-villas-agricolas\/","url_meta":{"origin":55076,"position":2},"title":"Apresan hombre que intent\u00f3 suicidarse luego de ultimar a su pareja en Villas Agr\u00edcolas","author":"Nelson Feliz","date":"9 de junio de 2024","format":false,"excerpt":"-La v\u00edctima es sargento del Ej\u00e9rcito Dominicano. La Polic\u00eda Nacional inform\u00f3 que se encuentra recluido en un centro de salud y bajo custodia institucional un hombre que intent\u00f3 suicidarse ingiriendo veneno, tras quitarle la vida a su pareja sentimental una sargento del Ej\u00e9rcito de Rep\u00fablica Dominicana (ERD). \u00a0El hecho ocurri\u00f3\u2026","rel":"","context":"En \u00abMILITARES\u00bb","block_context":{"text":"MILITARES","link":"https:\/\/lasprimeras.com.do\/index.php\/category\/militares\/"},"img":{"alt_text":"PN","src":"https:\/\/i0.wp.com\/lasprimeras.com.do\/wp-content\/uploads\/2024\/02\/PN.jpg?resize=350%2C200&ssl=1","width":350,"height":200,"srcset":"https:\/\/i0.wp.com\/lasprimeras.com.do\/wp-content\/uploads\/2024\/02\/PN.jpg?resize=350%2C200&ssl=1 1x, https:\/\/i0.wp.com\/lasprimeras.com.do\/wp-content\/uploads\/2024\/02\/PN.jpg?resize=525%2C300&ssl=1 1.5x, https:\/\/i0.wp.com\/lasprimeras.com.do\/wp-content\/uploads\/2024\/02\/PN.jpg?resize=700%2C400&ssl=1 2x"},"classes":[]},{"id":109435,"url":"https:\/\/lasprimeras.com.do\/index.php\/2025\/09\/18\/otra-violacion-sexual-en-grupo-un-crimen-que-rebrota-en-la-sociedad\/","url_meta":{"origin":55076,"position":3},"title":"Otra violaci\u00f3n sexual en grupo, un crimen que rebrota en la sociedad","author":"Nelson Feliz","date":"18 de septiembre de 2025","format":false,"excerpt":"La mayor\u00eda de las v\u00edctimas son ni\u00f1as, adolescentes y j\u00f3venes residentes en sectores populares. Pedro Mart\u00edn S\u00e1nchez Cuando todav\u00eda la sociedad no olvidaba el escandaloso caso de la violaci\u00f3n de una joven a manos de seis hombres en Villa Gonz\u00e1lez, Santiago, otro incidente parecido acapara los titulares y hace renacer\u2026","rel":"","context":"En \u00abNACIONALES\u00bb","block_context":{"text":"NACIONALES","link":"https:\/\/lasprimeras.com.do\/index.php\/category\/nacionales\/"},"img":{"alt_text":"","src":"https:\/\/i0.wp.com\/lasprimeras.com.do\/wp-content\/uploads\/2025\/09\/violacion-sexual-en-grupo.jpg?resize=350%2C200&ssl=1","width":350,"height":200,"srcset":"https:\/\/i0.wp.com\/lasprimeras.com.do\/wp-content\/uploads\/2025\/09\/violacion-sexual-en-grupo.jpg?resize=350%2C200&ssl=1 1x, https:\/\/i0.wp.com\/lasprimeras.com.do\/wp-content\/uploads\/2025\/09\/violacion-sexual-en-grupo.jpg?resize=525%2C300&ssl=1 1.5x, https:\/\/i0.wp.com\/lasprimeras.com.do\/wp-content\/uploads\/2025\/09\/violacion-sexual-en-grupo.jpg?resize=700%2C400&ssl=1 2x"},"classes":[]},{"id":55390,"url":"https:\/\/lasprimeras.com.do\/index.php\/2023\/07\/20\/someten-mujer-filmada-mientras-agrede-hijastro-de-dos-anos-en-santiago\/","url_meta":{"origin":55076,"position":4},"title":"Someten mujer filmada mientras agrede hijastro de dos a\u00f1os en Santiago","author":"Nelson Feliz","date":"20 de julio de 2023","format":false,"excerpt":"Una mujer qued\u00f3 captada en video mientras agrede f\u00edsica y verbalmente a su hijastro, de dos a\u00f1os de edad, un hecho ocurrido en la comunidad de Gurabo, al norte de Santiago. En el audiovisual, que circula en las redes sociales, se observa a la f\u00e9mina golpear al menor de edad.\u2026","rel":"","context":"En \u00abNACIONALES\u00bb","block_context":{"text":"NACIONALES","link":"https:\/\/lasprimeras.com.do\/index.php\/category\/nacionales\/"},"img":{"alt_text":"","src":"https:\/\/i0.wp.com\/lasprimeras.com.do\/wp-content\/uploads\/2023\/07\/11.jpg?resize=350%2C200&ssl=1","width":350,"height":200,"srcset":"https:\/\/i0.wp.com\/lasprimeras.com.do\/wp-content\/uploads\/2023\/07\/11.jpg?resize=350%2C200&ssl=1 1x, https:\/\/i0.wp.com\/lasprimeras.com.do\/wp-content\/uploads\/2023\/07\/11.jpg?resize=525%2C300&ssl=1 1.5x"},"classes":[]},{"id":95739,"url":"https:\/\/lasprimeras.com.do\/index.php\/2025\/03\/18\/condenan-a-20-anos-de-prision-tres-hombres-en-diferentes-casos-de-incesto-en-la-vega\/","url_meta":{"origin":55076,"position":5},"title":"Condenan a 20 a\u00f1os de prisi\u00f3n tres hombres en diferentes casos de incesto en La Vega","author":"Nelson Feliz","date":"18 de marzo de 2025","format":false,"excerpt":"El Ministerio P\u00fablico de esta jurisdicci\u00f3n logr\u00f3 que fueran sentenciados a 20 a\u00f1os de prisi\u00f3n tres hombres hallados culpables de cometer incesto en diferentes casos ocurridos en La Vega. Uno de los hombres fue condenado a 20 a\u00f1os de prisi\u00f3n tras ser hallado culpable de violar sexualmente a una sobrina\u2026","rel":"","context":"En \u00abJUSTICIA\u00bb","block_context":{"text":"JUSTICIA","link":"https:\/\/lasprimeras.com.do\/index.php\/category\/justicia\/"},"img":{"alt_text":"","src":"https:\/\/i0.wp.com\/lasprimeras.com.do\/wp-content\/uploads\/2025\/03\/PFLaVega-Header.jpg?resize=350%2C200&ssl=1","width":350,"height":200,"srcset":"https:\/\/i0.wp.com\/lasprimeras.com.do\/wp-content\/uploads\/2025\/03\/PFLaVega-Header.jpg?resize=350%2C200&ssl=1 1x, https:\/\/i0.wp.com\/lasprimeras.com.do\/wp-content\/uploads\/2025\/03\/PFLaVega-Header.jpg?resize=525%2C300&ssl=1 1.5x, https:\/\/i0.wp.com\/lasprimeras.com.do\/wp-content\/uploads\/2025\/03\/PFLaVega-Header.jpg?resize=700%2C400&ssl=1 2x, https:\/\/i0.wp.com\/lasprimeras.com.do\/wp-content\/uploads\/2025\/03\/PFLaVega-Header.jpg?resize=1050%2C600&ssl=1 3x, https:\/\/i0.wp.com\/lasprimeras.com.do\/wp-content\/uploads\/2025\/03\/PFLaVega-Header.jpg?resize=1400%2C800&ssl=1 4x"},"classes":[]}],"jetpack_sharing_enabled":true,"_links":{"self":[{"href":"https:\/\/lasprimeras.com.do\/index.php\/wp-json\/wp\/v2\/posts\/55076","targetHints":{"allow":["GET"]}}],"collection":[{"href":"https:\/\/lasprimeras.com.do\/index.php\/wp-json\/wp\/v2\/posts"}],"about":[{"href":"https:\/\/lasprimeras.com.do\/index.php\/wp-json\/wp\/v2\/types\/post"}],"author":[{"embeddable":true,"href":"https:\/\/lasprimeras.com.do\/index.php\/wp-json\/wp\/v2\/users\/2"}],"replies":[{"embeddable":true,"href":"https:\/\/lasprimeras.com.do\/index.php\/wp-json\/wp\/v2\/comments?post=55076"}],"version-history":[{"count":2,"href":"https:\/\/lasprimeras.com.do\/index.php\/wp-json\/wp\/v2\/posts\/55076\/revisions"}],"predecessor-version":[{"id":55116,"href":"https:\/\/lasprimeras.com.do\/index.php\/wp-json\/wp\/v2\/posts\/55076\/revisions\/55116"}],"wp:featuredmedia":[{"embeddable":true,"href":"https:\/\/lasprimeras.com.do\/index.php\/wp-json\/wp\/v2\/media\/55077"}],"wp:attachment":[{"href":"https:\/\/lasprimeras.com.do\/index.php\/wp-json\/wp\/v2\/media?parent=55076"}],"wp:term":[{"taxonomy":"category","embeddable":true,"href":"https:\/\/lasprimeras.com.do\/index.php\/wp-json\/wp\/v2\/categories?post=55076"},{"taxonomy":"post_tag","embeddable":true,"href":"https:\/\/lasprimeras.com.do\/index.php\/wp-json\/wp\/v2\/tags?post=55076"}],"curies":[{"name":"wp","href":"https:\/\/api.w.org\/{rel}","templated":true}]}}