{"id":55091,"date":"2023-07-18T06:26:32","date_gmt":"2023-07-18T10:26:32","guid":{"rendered":"https:\/\/lasprimeras.com.do\/?p=55091"},"modified":"2023-07-18T06:26:34","modified_gmt":"2023-07-18T10:26:34","slug":"fallecen-dos-personas-tras-una-explosion-en-el-puente-de-crimea","status":"publish","type":"post","link":"https:\/\/lasprimeras.com.do\/index.php\/2023\/07\/18\/fallecen-dos-personas-tras-una-explosion-en-el-puente-de-crimea\/","title":{"rendered":"Fallecen dos personas tras una explosi\u00f3n en el puente de Crimea"},"content":{"rendered":"\n<p><strong>Medios ucranianos apuntan a una explosi\u00f3n en el puente y las autoridades de Crimea acusan al &#8220;r\u00e9gimen terrorista de Kiev&#8221; de &#8220;un nuevo crimen&#8221;<\/strong><\/p>\n\n\n\n<p>Israel Caballero D\u00edaz<\/p>\n\n\n\n<p>Al menos dos personas han muerto y una tercera ha resultado herida en un incidente en el puente de Kerch, infraestructura que conecta la pen\u00ednsula de Crimea con la Rusia continental, sobre el que las autoridades locales no han proporcionado m\u00e1s detalles pese a que medios ucranianos apuntan a que se trata de una explosi\u00f3n.<\/p>\n\n\n\n<p>El gobernador de la regi\u00f3n rusa de Belgorod, Viacheslav Gladkov, ha confirmado que las v\u00edctimas se encontraban en un &#8220;autom\u00f3vil accidentado&#8221; con matr\u00edcula de la regi\u00f3n.<\/p>\n\n\n\n<p>En el veh\u00edculo se encontraba una familia, los padres han fallecido, y la hija, menor de edad, ha resultado herida y est\u00e1 siendo trasladada a un hospital.<\/p>\n\n\n\n<p>Por su parte, el gobernador de Crimea, Sergei Aksenov, ha anunciado la suspensi\u00f3n del tr\u00e1fico en el puente de Kerch, sin proporcionar informaci\u00f3n sobre el tipo de incidente.<br>Los veh\u00edculos que se encontraban esperando para cruzar el puente &#8211;alrededor de un millar de coches&#8211; han comenzado a dar la vuelta, seg\u00fan ha informado la agencia de noticias rusa Interfax.<\/p>\n\n\n\n<p>&#8220;Dada la situaci\u00f3n actual, pido a los residentes y turistas de la pen\u00ednsula que se abstengan de viajar por el puente de Crimea y, por razones de seguridad, elijan una ruta terrestre alternativa a trav\u00e9s de las nuevas regiones&#8221;, ha indicado el asesor de las autoridades de la pen\u00ednsula de Crimea, Oleg Kryuchkov, en referencia a los territorios ucranianos anexionados.<\/p>\n\n\n\n<p>Las autoridades han remarcado que Crimea cuenta con productos b\u00e1sicos como comida y combustible. Asimismo, han indicado que han abierto una l\u00ednea directa con la sede de coordinaci\u00f3n para los afectados de la &#8220;emergencia&#8221;.<\/p>\n\n\n\n<p>Horas despu\u00e9s se ha retomado el tr\u00e1fico ferroviario en el lugar, seg\u00fan ha se\u00f1alado la Oficina Operativa de Crimea a trav\u00e9s de su cuenta en Telegram.<\/p>\n\n\n\n<p>&#8220;El tr\u00e1fico de ferrocarril se ha reiniciado. El tren de Simferopol a Mosc\u00fa ha salido hacia el territorio de Krasnodar&#8221;, ha apuntado, tras m\u00e1s de cinco horas parado en las v\u00edas. El incidente ha provocado adem\u00e1s retrasos en otros trenes dirigidos a Mosc\u00fa y Rostov.<\/p>\n\n\n\n<p>Tras el suceso, el presidente del Consejo Estatal de Crimea, Vladimir Konstantinov, ha acusado al &#8220;r\u00e9gimen terrorista de Kiev&#8221; de &#8220;cometer un nuevo crimen&#8221;.<\/p>\n\n\n\n<p>&#8220;Han atacado el puente de Crimea. En Kiev tienen que saber que la parte autom\u00f3vil del cruce es un objeto exclusivamente civil, pero eso no ha detenido a los terroristas. Tampoco les detendr\u00e1 en el futuro&#8221;, ha criticado.<\/p>\n\n\n\n<p>&#8220;S\u00f3lo pueden ser detenidos si se les priva la posibilidad f\u00edsica de dar estos golpes&#8221;, ha manifestado, antes de incidir en que &#8220;para ello es necesario poner bajo control toda la costa del mar Negro, librar Jers\u00f3n, Mikolaiv y Odesa&#8221;.<\/p>\n\n\n\n<p>&#8220;Sin acuerdos con ellos. Usar\u00e1n cualquier acuerdo para golpearnos. No tienen \u00e9xito en el campo de batalla, as\u00ed que recurren a actividades terroristas&#8221;, ha argumentado.<\/p>\n\n\n\n<p>Por \u00faltimo, Konstantinov ha hecho un llamamiento a la calma y ha rese\u00f1ado que &#8220;la l\u00ednea de ferrocarril no se ha visto da\u00f1ada por el ataque&#8221;.<\/p>\n\n\n\n<p>&#8220;Crimea est\u00e1 conectada a la Rusia continental por un corredor territorial en el norte y tenemos experiencia en el tr\u00e1fico de ferries. No estamos aislados. Garantizo que las consecuencias del ataque terrorista ser\u00e1n r\u00e1pidamente eliminadas y que los terroristas responder\u00e1n por sus actos&#8221;, ha zanjado.<\/p>\n\n\n\n<p>Fuentes del Servicio de Seguridad de Ucrania (SBU) han indicado en declaraciones a la agencia ucraniana de noticias Ukrinform que el suceso ha sido parte de una operaci\u00f3n especial de las fuerzas ucranianas.<\/p>\n\n\n\n<p>&#8220;Fue dif\u00edcil llegar al puente, pero al final hemos logrado hacerlo&#8221;, han resaltado, antes de recordar que el jefe del SBU, Vasil Maliuk, dijo en el pasado que el puente es un objetivo legal.<\/p>\n\n\n\n<p>Por contra, la portavoz de las Fuerzas de Defensa y Seguridad en el Sur, Natalia Gumeniuk, ha recalcado que el incidente podr\u00eda ser &#8220;una provocaci\u00f3n&#8221; por parte de Rusia ante la expiraci\u00f3n del acuerdo sobre la exportaci\u00f3n de grano desde puertos ucranianos, firmado en junio de 2022 con la mediaci\u00f3n de Naciones Unidas y Turqu\u00eda, tal y como ha recogido el diario ucraniano &#8216;Suspilne&#8217;.<\/p>\n\n\n\n<p>&#8220;Es caracter\u00edstico que, con una concentraci\u00f3n tal del grupo naval en esta zona y las tensiones generales en el contexto de las dudas sobre la pr\u00f3rroga del acuerdo de grano se creen provocaciones similares, que las autoridades ocupantes de Crimea comunican inmediatamente y en voz muy alta. Es una forma t\u00edpica de resolver estos problemas por parte de la potencia ocupante en Crimea y el pa\u00eds agresor en general&#8221;, ha valorado Gumeniuk.<\/p>\n\n\n\n<p>Este puente fue escenario a principios de octubre de una fuerte explosi\u00f3n en el marco de la guerra con Ucrania que dej\u00f3 fuera de servicio la infraestructura durante varios meses alegando &#8220;trabajos de reparaci\u00f3n y restauraci\u00f3n&#8221;.<\/p>\n\n\n\n<p>Aquella destrucci\u00f3n parcial del puente de Kerch supuso uno de los golpes m\u00e1s simb\u00f3licos contra Rusia desde el inicio de su ofensiva militar en febrero.<\/p>\n\n\n\n<p>Las autoridades rusas, culparon desde un primer momento a la Inteligencia ucraniana de estar detr\u00e1s del ataque, y confirmaron varios arrestos en el marco de una investigaci\u00f3n por supuesto terrorismo.<\/p>\n\n\n\n<p>Inaugurado por Putin en 2018, se trata de una de las obras de infraestructura m\u00e1s importantes de la pen\u00ednsula desde su anexi\u00f3n en 2014 y un ejemplo simb\u00f3lico y pr\u00e1ctico de la conexi\u00f3n de este territorio a Rusia.<\/p>\n\n\n\n<p>La estructura, de 19 kil\u00f3metros de longitud, comprende una v\u00eda de transporte ferroviario y una autov\u00eda<\/p>\n\n\n\n<p>Fuente www.catalunyapress.es<\/p>\n","protected":false},"excerpt":{"rendered":"<p>Medios ucranianos apuntan a una explosi\u00f3n en el puente y las autoridades de Crimea acusan al &#8220;r\u00e9gimen terrorista de Kiev&#8221; de &#8220;un nuevo crimen&#8221; Israel Caballero D\u00edaz Al menos dos&hellip;<\/p>\n","protected":false},"author":2,"featured_media":55092,"comment_status":"open","ping_status":"open","sticky":false,"template":"","format":"standard","meta":{"content-type":"","jetpack_post_was_ever_published":false,"_jetpack_newsletter_access":"","_jetpack_dont_email_post_to_subs":false,"_jetpack_newsletter_tier_id":0,"_jetpack_memberships_contains_paywalled_content":false,"_jetpack_memberships_contains_paid_content":false,"footnotes":""},"categories":[1],"tags":[4881,3094,1109,4880,4879],"class_list":["post-55091","post","type-post","status-publish","format-standard","has-post-thumbnail","hentry","category-sin-categoria","tag-crimea","tag-dos-personas","tag-explosion","tag-fallecen","tag-puente"],"jetpack_featured_media_url":"https:\/\/lasprimeras.com.do\/wp-content\/uploads\/2023\/07\/puente-de-Kerch.jpg","jetpack-related-posts":[{"id":72191,"url":"https:\/\/lasprimeras.com.do\/index.php\/2023\/12\/27\/kiev-afirma-que-destruyo-buque-ruso-novocherkassk-en-crimea\/","url_meta":{"origin":55091,"position":0},"title":"Kiev afirma que destruy\u00f3 buque ruso \u2018Novocherkassk\u2019 en Crimea","author":"BIMARY DE JES\u00daS Matos","date":"27 de diciembre de 2023","format":false,"excerpt":"KIEV.- Un sorpresivo ataque de Ucrania alert\u00f3 a los residentes de Feodosia, una ciudad portuaria de la pen\u00ednsula de Crimea, territorio anexado por Rusia. Misiles guiados lanzados desde aviones causaron la destrucci\u00f3n del gran buque de desembarco ruso \u2018Novocherkassk\u2019, aseguraron las tropas del pa\u00eds invadido. Al menos una persona muri\u00f3\u2026","rel":"","context":"En \u00abSin categor\u00eda\u00bb","block_context":{"text":"Sin categor\u00eda","link":"https:\/\/lasprimeras.com.do\/index.php\/category\/sin-categoria\/"},"img":{"alt_text":"","src":"https:\/\/i0.wp.com\/lasprimeras.com.do\/wp-content\/uploads\/2023\/12\/Noticias-de-energia-58-7.jpg?resize=350%2C200&ssl=1","width":350,"height":200,"srcset":"https:\/\/i0.wp.com\/lasprimeras.com.do\/wp-content\/uploads\/2023\/12\/Noticias-de-energia-58-7.jpg?resize=350%2C200&ssl=1 1x, https:\/\/i0.wp.com\/lasprimeras.com.do\/wp-content\/uploads\/2023\/12\/Noticias-de-energia-58-7.jpg?resize=525%2C300&ssl=1 1.5x"},"classes":[]},{"id":92172,"url":"https:\/\/lasprimeras.com.do\/index.php\/2024\/12\/31\/un-ataque-ruso-con-misiles-y-drones-golpea-varias-poblaciones-en-ucrania-incluida-kiev\/","url_meta":{"origin":55091,"position":1},"title":"Un ataque ruso con misiles y drones golpea varias poblaciones en Ucrania, incluida Kiev","author":"Nelson Feliz","date":"31 de diciembre de 2024","format":false,"excerpt":"By ILLIA NOVIKOV KIEV, Ucrania (AP) \u2014 Rusia lanz\u00f3 el martes un ataque a\u00e9reo contra Ucrania que golpe\u00f3 la capital y otras regiones con m\u00faltiples misiles y drones. La fuerza a\u00e9rea de Ucrania inform\u00f3 de una amenaza de misil bal\u00edstico a las 3:00 de la madrugada, y se escucharon al\u2026","rel":"","context":"En \u00abINTERNACIONALES\u00bb","block_context":{"text":"INTERNACIONALES","link":"https:\/\/lasprimeras.com.do\/index.php\/category\/sin-categoria\/internacionales\/"},"img":{"alt_text":"","src":"https:\/\/i0.wp.com\/lasprimeras.com.do\/wp-content\/uploads\/2024\/12\/ataque.jpg?resize=350%2C200&ssl=1","width":350,"height":200,"srcset":"https:\/\/i0.wp.com\/lasprimeras.com.do\/wp-content\/uploads\/2024\/12\/ataque.jpg?resize=350%2C200&ssl=1 1x, https:\/\/i0.wp.com\/lasprimeras.com.do\/wp-content\/uploads\/2024\/12\/ataque.jpg?resize=525%2C300&ssl=1 1.5x, https:\/\/i0.wp.com\/lasprimeras.com.do\/wp-content\/uploads\/2024\/12\/ataque.jpg?resize=700%2C400&ssl=1 2x"},"classes":[]},{"id":97594,"url":"https:\/\/lasprimeras.com.do\/index.php\/2025\/04\/24\/zelensky-acorta-su-viaje-a-sudafrica-tras-un-ataque-masivo-ruso-sobre-kiev-que-deja-9-muertos\/","url_meta":{"origin":55091,"position":2},"title":"Zelensky acorta su viaje a Sud\u00e1frica tras un ataque masivo ruso sobre Kiev que deja 9 muertos","author":"Nelson Feliz","date":"24 de abril de 2025","format":false,"excerpt":"POR VASILISA STEPANENKO and SAMYA KULLAB KIEV, Ucrania (AP) \u2014 El presidente de Ucrania, Volodymyr Zelenskyy, dijo el jueves que acortar\u00e1 su viaje oficial a Sud\u00e1frica y regresar\u00e1 al pa\u00eds despu\u00e9s de un ataque ruso sobre Kiev que mat\u00f3 al menos a nueve personas e hiri\u00f3 a m\u00e1s de 70.\u2026","rel":"","context":"En \u00abINTERNACIONALES\u00bb","block_context":{"text":"INTERNACIONALES","link":"https:\/\/lasprimeras.com.do\/index.php\/category\/sin-categoria\/internacionales\/"},"img":{"alt_text":"","src":"https:\/\/i0.wp.com\/lasprimeras.com.do\/wp-content\/uploads\/2025\/04\/kiev.jpg?resize=350%2C200&ssl=1","width":350,"height":200,"srcset":"https:\/\/i0.wp.com\/lasprimeras.com.do\/wp-content\/uploads\/2025\/04\/kiev.jpg?resize=350%2C200&ssl=1 1x, https:\/\/i0.wp.com\/lasprimeras.com.do\/wp-content\/uploads\/2025\/04\/kiev.jpg?resize=525%2C300&ssl=1 1.5x, https:\/\/i0.wp.com\/lasprimeras.com.do\/wp-content\/uploads\/2025\/04\/kiev.jpg?resize=700%2C400&ssl=1 2x"},"classes":[]},{"id":111214,"url":"https:\/\/lasprimeras.com.do\/index.php\/2025\/10\/06\/ucrania-afirma-que-ataco-planta-de-municiones-terminal-petrolera-y-arsenal-en-rusia\/","url_meta":{"origin":55091,"position":3},"title":"Ucrania afirma que atac\u00f3 planta de municiones, terminal petrolera y arsenal en Rusia","author":"Nelson Feliz","date":"6 de octubre de 2025","format":false,"excerpt":"POR ILLIA NOVIKOV KIEV, Ucrania (AP) \u2014 El presidente y el ej\u00e9rcito de Ucrania afirmaron que drones y misiles ucranianos de largo alcance impactaron una importante planta de municiones rusa, un terminal de petr\u00f3leo clave y un importante arsenal detr\u00e1s de la l\u00ednea del frente, aumentando la presi\u00f3n sobre la\u2026","rel":"","context":"En \u00abINTERNACIONALES\u00bb","block_context":{"text":"INTERNACIONALES","link":"https:\/\/lasprimeras.com.do\/index.php\/category\/sin-categoria\/internacionales\/"},"img":{"alt_text":"","src":"https:\/\/i0.wp.com\/lasprimeras.com.do\/wp-content\/uploads\/2025\/10\/GUARDIA.jpg?resize=350%2C200&ssl=1","width":350,"height":200,"srcset":"https:\/\/i0.wp.com\/lasprimeras.com.do\/wp-content\/uploads\/2025\/10\/GUARDIA.jpg?resize=350%2C200&ssl=1 1x, https:\/\/i0.wp.com\/lasprimeras.com.do\/wp-content\/uploads\/2025\/10\/GUARDIA.jpg?resize=525%2C300&ssl=1 1.5x, https:\/\/i0.wp.com\/lasprimeras.com.do\/wp-content\/uploads\/2025\/10\/GUARDIA.jpg?resize=700%2C400&ssl=1 2x"},"classes":[]},{"id":109856,"url":"https:\/\/lasprimeras.com.do\/index.php\/2025\/09\/22\/suben-a-29-los-muertos-por-explosion-de-camion-cisterna-hace-dos-semanas-en-ciudad-de-mexico\/","url_meta":{"origin":55091,"position":4},"title":"Suben a 29 los muertos por explosi\u00f3n de cami\u00f3n cisterna hace dos semanas en Ciudad de M\u00e9xico","author":"Nelson Feliz","date":"22 de septiembre de 2025","format":false,"excerpt":"CIUDAD DE M\u00c9XICO (AP) \u2014 Autoridades sanitarias de Ciudad de M\u00e9xico elevaron a 29 los fallecidos por la explosi\u00f3n de un cami\u00f3n que transportaba gas al este de la capital el 10 septiembre e indicaron en sus redes sociales que todav\u00eda 16 personas, de casi el centenar que resultaron heridas,\u2026","rel":"","context":"En \u00abINTERNACIONALES\u00bb","block_context":{"text":"INTERNACIONALES","link":"https:\/\/lasprimeras.com.do\/index.php\/category\/sin-categoria\/internacionales\/"},"img":{"alt_text":"","src":"https:\/\/i0.wp.com\/lasprimeras.com.do\/wp-content\/uploads\/2025\/09\/EXPLO-3.jpg?resize=350%2C200&ssl=1","width":350,"height":200,"srcset":"https:\/\/i0.wp.com\/lasprimeras.com.do\/wp-content\/uploads\/2025\/09\/EXPLO-3.jpg?resize=350%2C200&ssl=1 1x, https:\/\/i0.wp.com\/lasprimeras.com.do\/wp-content\/uploads\/2025\/09\/EXPLO-3.jpg?resize=525%2C300&ssl=1 1.5x, https:\/\/i0.wp.com\/lasprimeras.com.do\/wp-content\/uploads\/2025\/09\/EXPLO-3.jpg?resize=700%2C400&ssl=1 2x"},"classes":[]},{"id":104698,"url":"https:\/\/lasprimeras.com.do\/index.php\/2025\/07\/26\/mueren-4-personas-y-varias-mas-resultan-heridas-en-rusia-y-ucrania-en-intercambio-de-ataques-aereos\/","url_meta":{"origin":55091,"position":5},"title":"Mueren 4 personas y varias m\u00e1s resultan heridas en Rusia y Ucrania en intercambio de ataques a\u00e9reos","author":"Nelson Feliz","date":"26 de julio de 2025","format":false,"excerpt":"Rusia y Ucrania intercambiaron ataques a\u00e9reos durante la noche que dejaron dos fallecidos en cada pa\u00eds y muchas personas heridas en ambos lados, informaron las autoridades. En el campo de batalla, el ej\u00e9rcito ruso dijo el s\u00e1bado que tom\u00f3 el control de la aldea de Zelenyi Hai en la regi\u00f3n\u2026","rel":"","context":"En \u00abINTERNACIONALES\u00bb","block_context":{"text":"INTERNACIONALES","link":"https:\/\/lasprimeras.com.do\/index.php\/category\/sin-categoria\/internacionales\/"},"img":{"alt_text":"","src":"https:\/\/i0.wp.com\/lasprimeras.com.do\/wp-content\/uploads\/2025\/07\/guardia-2.jpg?resize=350%2C200&ssl=1","width":350,"height":200,"srcset":"https:\/\/i0.wp.com\/lasprimeras.com.do\/wp-content\/uploads\/2025\/07\/guardia-2.jpg?resize=350%2C200&ssl=1 1x, https:\/\/i0.wp.com\/lasprimeras.com.do\/wp-content\/uploads\/2025\/07\/guardia-2.jpg?resize=525%2C300&ssl=1 1.5x, https:\/\/i0.wp.com\/lasprimeras.com.do\/wp-content\/uploads\/2025\/07\/guardia-2.jpg?resize=700%2C400&ssl=1 2x"},"classes":[]}],"jetpack_sharing_enabled":true,"_links":{"self":[{"href":"https:\/\/lasprimeras.com.do\/index.php\/wp-json\/wp\/v2\/posts\/55091","targetHints":{"allow":["GET"]}}],"collection":[{"href":"https:\/\/lasprimeras.com.do\/index.php\/wp-json\/wp\/v2\/posts"}],"about":[{"href":"https:\/\/lasprimeras.com.do\/index.php\/wp-json\/wp\/v2\/types\/post"}],"author":[{"embeddable":true,"href":"https:\/\/lasprimeras.com.do\/index.php\/wp-json\/wp\/v2\/users\/2"}],"replies":[{"embeddable":true,"href":"https:\/\/lasprimeras.com.do\/index.php\/wp-json\/wp\/v2\/comments?post=55091"}],"version-history":[{"count":1,"href":"https:\/\/lasprimeras.com.do\/index.php\/wp-json\/wp\/v2\/posts\/55091\/revisions"}],"predecessor-version":[{"id":55093,"href":"https:\/\/lasprimeras.com.do\/index.php\/wp-json\/wp\/v2\/posts\/55091\/revisions\/55093"}],"wp:featuredmedia":[{"embeddable":true,"href":"https:\/\/lasprimeras.com.do\/index.php\/wp-json\/wp\/v2\/media\/55092"}],"wp:attachment":[{"href":"https:\/\/lasprimeras.com.do\/index.php\/wp-json\/wp\/v2\/media?parent=55091"}],"wp:term":[{"taxonomy":"category","embeddable":true,"href":"https:\/\/lasprimeras.com.do\/index.php\/wp-json\/wp\/v2\/categories?post=55091"},{"taxonomy":"post_tag","embeddable":true,"href":"https:\/\/lasprimeras.com.do\/index.php\/wp-json\/wp\/v2\/tags?post=55091"}],"curies":[{"name":"wp","href":"https:\/\/api.w.org\/{rel}","templated":true}]}}