{"id":55103,"date":"2023-07-18T07:17:12","date_gmt":"2023-07-18T11:17:12","guid":{"rendered":"https:\/\/lasprimeras.com.do\/?p=55103"},"modified":"2023-07-18T07:17:15","modified_gmt":"2023-07-18T11:17:15","slug":"onda-tropical-continua-generando-aguaceros-y-tronadas-sobre-el-pais","status":"publish","type":"post","link":"https:\/\/lasprimeras.com.do\/index.php\/2023\/07\/18\/onda-tropical-continua-generando-aguaceros-y-tronadas-sobre-el-pais\/","title":{"rendered":"Onda Tropical contin\u00faa generando aguaceros y tronadas sobre el pa\u00eds"},"content":{"rendered":"\n<p>La Oficina Nacional de Meteorolog\u00eda inform\u00f3 que el d\u00eda de hoy amanece nublado en las provincias La Altagracia, El Seibo, Hato Mayor, Saman\u00e1, Mar\u00eda Trinidad S\u00e1nchez, Peravia, San Crist\u00f3bal, San Jos\u00e9 de Ocoa, Azua y Barahona.<\/p>\n\n\n\n<p>All\u00ed se observan aguaceros y tronadas que continuar\u00e1n en las horas diurnas, asociados a la humedad dejada por la onda tropical que actualmente se localiza sobre Hait\u00ed, interactuando con una vaguada en altura al oeste del pa\u00eds.<\/p>\n\n\n\n<p>Despu\u00e9s del mediod\u00eda esperamos que estas precipitaciones se trasladen hacia otros poblados en las regiones noreste, sureste, suroeste, cordillera Central y el Valle del Cibao.<\/p>\n\n\n\n<p>La ONAMET, informa que en estas provincias estar\u00e1n ocurriendo aguaceros dispersos y tronadas aisladas hasta primeras horas de la noche hacia provincias como: Hato Mayor, Monte Plata, S\u00e1nchez Ram\u00edrez, San Crist\u00f3bal, San Jos\u00e9 de Ocoa, Azua, Barahona, San Juan, El\u00edas Pina, Dajabon, Santiago Rodr\u00edguez, La Vega, Monse\u00f1or Nouel, entre otras<\/p>\n\n\n\n<p>Para el mi\u00e9rcoles y jueves, tanto la onda tropical como la vaguada se habr\u00e1n alejado de nuestro territorio, por tanto, prevalecer\u00e1 una masa de aire relativamente m\u00e1s seca y bajo concentraciones considerables de polvo proveniente del desierto del Sahara, que mantendr\u00e1n un ambiente bastante caluroso, el cielo con aspecto brumoso y precipitaciones ausentes en la mayor\u00eda de las provincias del territorio nacional.<\/p>\n\n\n\n<p>Solo se esperan aguaceros aislados y posibles tronadas hacia provincias como: Monte Plata, Hato Mayor, San Pedro de Macor\u00eds, La Vega, Monse\u00f1or Nouel, San Juan y El\u00edas Pi\u00f1a.<\/p>\n\n\n\n<p>La ONAMET informa que la tormenta tropical Don se localiza a unos 1,130 kil\u00f3metros al oeste de las Azores con vientos de 65 km\/h, movi\u00e9ndose al sureste a unos 19 km\/h. Por su posici\u00f3n y desplazamiento, este cicl\u00f3n no ofrece peligro para Rep\u00fablica Dominicana.<\/p>\n\n\n\n<p>La Oficina Nacional de Meteorolog\u00eda mantiene el nivel de ALERTA meteorol\u00f3gica debido a las lluvias que han ocurrido y las que se esperan en las pr\u00f3ximas 24 horas por la interacci\u00f3n de una vaguada y una onda tropical, ante posibles inundaciones, en especial urbana.<\/p>\n","protected":false},"excerpt":{"rendered":"<p>La Oficina Nacional de Meteorolog\u00eda inform\u00f3 que el d\u00eda de hoy amanece nublado en las provincias La Altagracia, El Seibo, Hato Mayor, Saman\u00e1, Mar\u00eda Trinidad S\u00e1nchez, Peravia, San Crist\u00f3bal, San&hellip;<\/p>\n","protected":false},"author":2,"featured_media":55104,"comment_status":"open","ping_status":"open","sticky":false,"template":"","format":"standard","meta":{"content-type":"","jetpack_post_was_ever_published":false,"_jetpack_newsletter_access":"","_jetpack_dont_email_post_to_subs":false,"_jetpack_newsletter_tier_id":0,"_jetpack_memberships_contains_paywalled_content":false,"_jetpack_memberships_contains_paid_content":false,"footnotes":""},"categories":[35,25],"tags":[2375,4893,4892,4891],"class_list":["post-55103","post","type-post","status-publish","format-standard","has-post-thumbnail","hentry","category-nacionales","category-portada","tag-aguaceros","tag-generando","tag-onda-tropical","tag-tronadas"],"jetpack_featured_media_url":"https:\/\/lasprimeras.com.do\/wp-content\/uploads\/2023\/07\/lluvias-1.jpg","jetpack-related-posts":[{"id":59428,"url":"https:\/\/lasprimeras.com.do\/index.php\/2023\/09\/04\/onamet-aguaceros-con-tronadas-por-la-incidencia-de-vaguada-y-la-humedad-dejada-por-una-onda-tropical\/","url_meta":{"origin":55103,"position":0},"title":"Onamet: Aguaceros con tronadas por la incidencia de vaguada y la humedad dejada por una onda tropical","author":"Nelson Feliz","date":"4 de septiembre de 2023","format":false,"excerpt":"La Oficina Nacional de Meteorologia (ONAMET), report\u00f3 este lunes que nuestra \u00e1rea de pron\u00f3sticos permanece h\u00fameda e inestable, producto del paso de una onda tropical y los efectos de una vaguada que se localiza en varios niveles de la troposfera, y mantiene las condiciones propicias para que se presenten aguaceros\u2026","rel":"","context":"En \u00abNACIONALES\u00bb","block_context":{"text":"NACIONALES","link":"https:\/\/lasprimeras.com.do\/index.php\/category\/nacionales\/"},"img":{"alt_text":"","src":"https:\/\/i0.wp.com\/lasprimeras.com.do\/wp-content\/uploads\/2023\/07\/lluvias-1.jpg?resize=350%2C200&ssl=1","width":350,"height":200,"srcset":"https:\/\/i0.wp.com\/lasprimeras.com.do\/wp-content\/uploads\/2023\/07\/lluvias-1.jpg?resize=350%2C200&ssl=1 1x, https:\/\/i0.wp.com\/lasprimeras.com.do\/wp-content\/uploads\/2023\/07\/lluvias-1.jpg?resize=525%2C300&ssl=1 1.5x"},"classes":[]},{"id":55932,"url":"https:\/\/lasprimeras.com.do\/index.php\/2023\/07\/26\/onamet-anuncia-aguaceros-tronadas-y-rafagas-de-viento-por-onda-tropical\/","url_meta":{"origin":55103,"position":1},"title":"ONAMET anuncia aguaceros, tronadas y r\u00e1fagas de viento por Onda Tropical\u00a0","author":"Nelson Feliz","date":"26 de julio de 2023","format":false,"excerpt":"Alertas meteorol\u00f3gicas y recomendaciones marinas vigentes. La Oficina Nacional de Meteorolog\u00eda (ONAMET), informo sobre el paso de una activa onda tropical estar\u00e1 generando en el transcurso de la tarde y la noche, nublados acompa\u00f1ados de aguaceros moderados a fuertes localmente, tormentas el\u00e9ctricas, r\u00e1fagas de viento e incrementos del oleaje en\u2026","rel":"","context":"En \u00abNACIONALES\u00bb","block_context":{"text":"NACIONALES","link":"https:\/\/lasprimeras.com.do\/index.php\/category\/nacionales\/"},"img":{"alt_text":"","src":"https:\/\/i0.wp.com\/lasprimeras.com.do\/wp-content\/uploads\/2023\/07\/lluvias-1.jpg?resize=350%2C200&ssl=1","width":350,"height":200,"srcset":"https:\/\/i0.wp.com\/lasprimeras.com.do\/wp-content\/uploads\/2023\/07\/lluvias-1.jpg?resize=350%2C200&ssl=1 1x, https:\/\/i0.wp.com\/lasprimeras.com.do\/wp-content\/uploads\/2023\/07\/lluvias-1.jpg?resize=525%2C300&ssl=1 1.5x"},"classes":[]},{"id":110140,"url":"https:\/\/lasprimeras.com.do\/index.php\/2025\/09\/26\/activa-onda-tropical-y-vaguada-provocara-aguaceros-y-tronadas-durante-el-fin-de-semana\/","url_meta":{"origin":55103,"position":2},"title":"Activa onda tropical y vaguada provocar\u00e1 aguaceros y tronadas durante el fin de semana","author":"Nelson Feliz","date":"26 de septiembre de 2025","format":false,"excerpt":"La Instituto Dominicano de Meteorolog\u00eda, informa sobre la activa onda tropical con alto potencial cicl\u00f3nico se ha movido al oeste, ubic\u00e1ndose sobre Hait\u00ed, aun as\u00ed la masa de aire que nos cubre se mantiene con bastante humedad e inestabilidad por la incidencia de la vaguada. Por consiguiente, seguir\u00e1n ocurriendo aumentos\u2026","rel":"","context":"En \u00abCLIMA\u00bb","block_context":{"text":"CLIMA","link":"https:\/\/lasprimeras.com.do\/index.php\/category\/clima\/"},"img":{"alt_text":"","src":"https:\/\/i0.wp.com\/lasprimeras.com.do\/wp-content\/uploads\/2025\/06\/Lluvias.jpg?resize=350%2C200&ssl=1","width":350,"height":200},"classes":[]},{"id":111721,"url":"https:\/\/lasprimeras.com.do\/index.php\/2025\/10\/13\/los-chubascos-o-aguaceros-continuaran-en-algunas-provincias-del-pais\/","url_meta":{"origin":55103,"position":3},"title":"Los chubascos o aguaceros continuaran en algunas provincias del pa\u00eds","author":"Nelson Feliz","date":"13 de octubre de 2025","format":false,"excerpt":"Se forma la tormenta tropical Lorenzo en el centro del Atl\u00e1ntico. El Instituto Dominicano de Meteorol\u00f3gica informo que se mantiene las condiciones meteorol\u00f3gicas durante la ma\u00f1ana de hoy ocurran aumentos nubosos, chubascos o aguaceros dispersos y posibles tronadas en poblados de: La Altagracia, Hato Mayor, San Pedro de Macor\u00eds, Peravia,\u2026","rel":"","context":"En \u00abCLIMA\u00bb","block_context":{"text":"CLIMA","link":"https:\/\/lasprimeras.com.do\/index.php\/category\/clima\/"},"img":{"alt_text":"","src":"https:\/\/i0.wp.com\/lasprimeras.com.do\/wp-content\/uploads\/2025\/10\/lluvias-1.jpg?resize=350%2C200&ssl=1","width":350,"height":200,"srcset":"https:\/\/i0.wp.com\/lasprimeras.com.do\/wp-content\/uploads\/2025\/10\/lluvias-1.jpg?resize=350%2C200&ssl=1 1x, https:\/\/i0.wp.com\/lasprimeras.com.do\/wp-content\/uploads\/2025\/10\/lluvias-1.jpg?resize=525%2C300&ssl=1 1.5x, https:\/\/i0.wp.com\/lasprimeras.com.do\/wp-content\/uploads\/2025\/10\/lluvias-1.jpg?resize=700%2C400&ssl=1 2x"},"classes":[]},{"id":57362,"url":"https:\/\/lasprimeras.com.do\/index.php\/2023\/08\/11\/sensacion-termica-en-el-pais-oscila-entre-32-y-38-grados\/","url_meta":{"origin":55103,"position":4},"title":"Sensaci\u00f3n t\u00e9rmica en el pa\u00eds oscila entre 32 y 38 grados","author":"Nelson Feliz","date":"11 de agosto de 2023","format":false,"excerpt":"Onda tropical ubicada en Hait\u00ed se aleja de nuestro territorio. La Oficina Nacional de Meteorolog\u00eda (Onamet) informa este viernes que la humedad asociada a una onda tropical ubicada sobre Hait\u00ed que empieza a alejarse de nuestro territorio continuar\u00e1 aportando condiciones favorables para que se presenten algunos nublados acompa\u00f1ados de aguaceros,\u2026","rel":"","context":"En \u00abNACIONALES\u00bb","block_context":{"text":"NACIONALES","link":"https:\/\/lasprimeras.com.do\/index.php\/category\/nacionales\/"},"img":{"alt_text":"","src":"https:\/\/i0.wp.com\/lasprimeras.com.do\/wp-content\/uploads\/2023\/06\/calor.png?resize=350%2C200&ssl=1","width":350,"height":200,"srcset":"https:\/\/i0.wp.com\/lasprimeras.com.do\/wp-content\/uploads\/2023\/06\/calor.png?resize=350%2C200&ssl=1 1x, https:\/\/i0.wp.com\/lasprimeras.com.do\/wp-content\/uploads\/2023\/06\/calor.png?resize=525%2C300&ssl=1 1.5x, https:\/\/i0.wp.com\/lasprimeras.com.do\/wp-content\/uploads\/2023\/06\/calor.png?resize=700%2C400&ssl=1 2x"},"classes":[]},{"id":59451,"url":"https:\/\/lasprimeras.com.do\/index.php\/2023\/09\/04\/coe-emite-alerta-verde-para-5-provincias-por-incidencia-de-onda-tropical\/","url_meta":{"origin":55103,"position":5},"title":"COE emite alerta verde para 5 provincias por incidencia de onda tropical","author":"Nelson Feliz","date":"4 de septiembre de 2023","format":false,"excerpt":"El Centro de Operaciones de Energ\u00eda (COE) coloca en alerta verde a cinco provincias por posibles crecidas de r\u00edos, arroyos y ca\u00f1adas debido a la incidencia de aguaceros generados por una vaguada y onda tropical sobre el territorio nacional. Las provincias bajo alerta son el Distrito Nacional, Santo Domingo, La\u2026","rel":"","context":"En \u00abNACIONALES\u00bb","block_context":{"text":"NACIONALES","link":"https:\/\/lasprimeras.com.do\/index.php\/category\/nacionales\/"},"img":{"alt_text":"coe","src":"https:\/\/i0.wp.com\/lasprimeras.com.do\/wp-content\/uploads\/2023\/08\/coe.jpg?resize=350%2C200&ssl=1","width":350,"height":200,"srcset":"https:\/\/i0.wp.com\/lasprimeras.com.do\/wp-content\/uploads\/2023\/08\/coe.jpg?resize=350%2C200&ssl=1 1x, https:\/\/i0.wp.com\/lasprimeras.com.do\/wp-content\/uploads\/2023\/08\/coe.jpg?resize=525%2C300&ssl=1 1.5x, https:\/\/i0.wp.com\/lasprimeras.com.do\/wp-content\/uploads\/2023\/08\/coe.jpg?resize=700%2C400&ssl=1 2x"},"classes":[]}],"jetpack_sharing_enabled":true,"_links":{"self":[{"href":"https:\/\/lasprimeras.com.do\/index.php\/wp-json\/wp\/v2\/posts\/55103","targetHints":{"allow":["GET"]}}],"collection":[{"href":"https:\/\/lasprimeras.com.do\/index.php\/wp-json\/wp\/v2\/posts"}],"about":[{"href":"https:\/\/lasprimeras.com.do\/index.php\/wp-json\/wp\/v2\/types\/post"}],"author":[{"embeddable":true,"href":"https:\/\/lasprimeras.com.do\/index.php\/wp-json\/wp\/v2\/users\/2"}],"replies":[{"embeddable":true,"href":"https:\/\/lasprimeras.com.do\/index.php\/wp-json\/wp\/v2\/comments?post=55103"}],"version-history":[{"count":1,"href":"https:\/\/lasprimeras.com.do\/index.php\/wp-json\/wp\/v2\/posts\/55103\/revisions"}],"predecessor-version":[{"id":55105,"href":"https:\/\/lasprimeras.com.do\/index.php\/wp-json\/wp\/v2\/posts\/55103\/revisions\/55105"}],"wp:featuredmedia":[{"embeddable":true,"href":"https:\/\/lasprimeras.com.do\/index.php\/wp-json\/wp\/v2\/media\/55104"}],"wp:attachment":[{"href":"https:\/\/lasprimeras.com.do\/index.php\/wp-json\/wp\/v2\/media?parent=55103"}],"wp:term":[{"taxonomy":"category","embeddable":true,"href":"https:\/\/lasprimeras.com.do\/index.php\/wp-json\/wp\/v2\/categories?post=55103"},{"taxonomy":"post_tag","embeddable":true,"href":"https:\/\/lasprimeras.com.do\/index.php\/wp-json\/wp\/v2\/tags?post=55103"}],"curies":[{"name":"wp","href":"https:\/\/api.w.org\/{rel}","templated":true}]}}