{"id":55112,"date":"2023-07-18T08:07:01","date_gmt":"2023-07-18T12:07:01","guid":{"rendered":"https:\/\/lasprimeras.com.do\/?p=55112"},"modified":"2023-07-18T08:07:02","modified_gmt":"2023-07-18T12:07:02","slug":"hallan-ahorcado-a-un-joven-dentro-de-su-habitacion-en-sfm","status":"publish","type":"post","link":"https:\/\/lasprimeras.com.do\/index.php\/2023\/07\/18\/hallan-ahorcado-a-un-joven-dentro-de-su-habitacion-en-sfm\/","title":{"rendered":"Hallan ahorcado a un joven dentro de su habitaci\u00f3n en SFM"},"content":{"rendered":"\n<p>Por Kirsibel Garcia<\/p>\n\n\n\n<p>Un joven de unos 21 a\u00f1os de edad, fue encontrado ahorcado dentro de su habitaci\u00f3n este lunes en San Francisco de Macor\u00eds.<\/p>\n\n\n\n<p>El fallecido joven fue identificado como Yonatan Espinal, quien utiliz\u00f3 una tela de color negro, la sostuvo con uno de los protectores de la ventana de su habitaci\u00f3n y la at\u00f3 al cuello.<\/p>\n\n\n\n<p>Por el momento se desconocen los motivos que llevaron a este joven a tomar la nefasta decisi\u00f3n.<\/p>\n\n\n\n<p>Seg\u00fan comunitarios del sector Jobo Bonito, donde resid\u00eda Espinal, \u00e9ste se hab\u00eda mudado recientemente al lugar.<\/p>\n\n\n\n<p>Las autoridades correspondientes procedieron a levantar el cad\u00e1ver, para trasladarlo a la morgue del hospital de aqu\u00ed.<\/p>\n","protected":false},"excerpt":{"rendered":"<p>Por Kirsibel Garcia Un joven de unos 21 a\u00f1os de edad, fue encontrado ahorcado dentro de su habitaci\u00f3n este lunes en San Francisco de Macor\u00eds. El fallecido joven fue identificado&hellip;<\/p>\n","protected":false},"author":2,"featured_media":55113,"comment_status":"open","ping_status":"open","sticky":false,"template":"","format":"standard","meta":{"content-type":"","jetpack_post_was_ever_published":false,"_jetpack_newsletter_access":"","_jetpack_dont_email_post_to_subs":false,"_jetpack_newsletter_tier_id":0,"_jetpack_memberships_contains_paywalled_content":false,"_jetpack_memberships_contains_paid_content":false,"footnotes":""},"categories":[35],"tags":[3529,4201,138,242,1127,3530,4899],"class_list":["post-55112","post","type-post","status-publish","format-standard","has-post-thumbnail","hentry","category-nacionales","tag-ahorcado","tag-atento","tag-habitacion","tag-hallan","tag-joven","tag-san-francisco-de-macoris","tag-yonatan-espinal"],"jetpack_featured_media_url":"https:\/\/lasprimeras.com.do\/wp-content\/uploads\/2023\/07\/Yonatan-Espinal.jpg","jetpack-related-posts":[{"id":52615,"url":"https:\/\/lasprimeras.com.do\/index.php\/2023\/06\/12\/encuentran-ahorcado-joven-de-14-anos-en-san-francisco-de-macoris\/","url_meta":{"origin":55112,"position":0},"title":"Encuentran ahorcado joven de 14 a\u00f1os en San Francisco de Macor\u00eds","author":"prenxa100","date":"12 de junio de 2023","format":false,"excerpt":"Un adolescente de 17 a\u00f1os fue encontrado ahorcado en la parte trasera de su vivienda la en el sector Los Rieles de esta ciudad de San Francisco de Marcoris el pasado s\u00e1bado. El fallecido joven fue identificado como Fraylin Garc\u00eda Cabrera, quien habr\u00eda utilizado una soga, atandola al cuello, amarrada\u2026","rel":"","context":"En \u00abNACIONALES\u00bb","block_context":{"text":"NACIONALES","link":"https:\/\/lasprimeras.com.do\/index.php\/category\/nacionales\/"},"img":{"alt_text":"","src":"https:\/\/i0.wp.com\/lasprimeras.com.do\/wp-content\/uploads\/2023\/06\/encuentran-ahorcado-joven-de-14-anos-en-san-francisco-de-macoris.jpg?resize=350%2C200&ssl=1","width":350,"height":200,"srcset":"https:\/\/i0.wp.com\/lasprimeras.com.do\/wp-content\/uploads\/2023\/06\/encuentran-ahorcado-joven-de-14-anos-en-san-francisco-de-macoris.jpg?resize=350%2C200&ssl=1 1x, https:\/\/i0.wp.com\/lasprimeras.com.do\/wp-content\/uploads\/2023\/06\/encuentran-ahorcado-joven-de-14-anos-en-san-francisco-de-macoris.jpg?resize=525%2C300&ssl=1 1.5x"},"classes":[]},{"id":95683,"url":"https:\/\/lasprimeras.com.do\/index.php\/2025\/03\/17\/joven-italiano-de-14-anos-se-ahorca-en-moca\/","url_meta":{"origin":55112,"position":1},"title":"Joven italiano de 14 a\u00f1os se ahorca en Moca","author":"Nelson Feliz","date":"17 de marzo de 2025","format":false,"excerpt":"Un menor identificado como Alessandro Salvatore Ravana Pimentel de 14 a\u00f1os, fue hallado muerto colgado dentro de su residencia en el municipio de Moca, provincia Espaillat. Su padre Calogeno Ravana de 50 a\u00f1os, quien es de origen italiano, a\u00fan no se ha referido al hecho ante la prensa. El m\u00e9dico\u2026","rel":"","context":"En \u00abNACIONALES\u00bb","block_context":{"text":"NACIONALES","link":"https:\/\/lasprimeras.com.do\/index.php\/category\/nacionales\/"},"img":{"alt_text":"","src":"https:\/\/i0.wp.com\/lasprimeras.com.do\/wp-content\/uploads\/2025\/03\/cadaver.png?resize=350%2C200&ssl=1","width":350,"height":200,"srcset":"https:\/\/i0.wp.com\/lasprimeras.com.do\/wp-content\/uploads\/2025\/03\/cadaver.png?resize=350%2C200&ssl=1 1x, https:\/\/i0.wp.com\/lasprimeras.com.do\/wp-content\/uploads\/2025\/03\/cadaver.png?resize=525%2C300&ssl=1 1.5x"},"classes":[]},{"id":58904,"url":"https:\/\/lasprimeras.com.do\/index.php\/2023\/08\/29\/hombre-acusado-de-matar-a-su-expareja-en-yamasa-es-encontrado-ahorcado-en-guerra\/","url_meta":{"origin":55112,"position":2},"title":"Hombre acusado de matar a su expareja en Yamas\u00e1 es encontrado ahorcado en Guerra","author":"Nelson Feliz","date":"29 de agosto de 2023","format":false,"excerpt":"-El hombre es acusado de perseguir y matar a su esposa de varias estocadas. -La pareja procre\u00f3 dos hijos durante su relaci\u00f3n. Autoridades localizaron el cad\u00e1ver del joven Luis Joel de la Rosa (Luiyi) de 33 a\u00f1os de edad, se\u00f1alado como el responsable de matar a su expareja Rosmelisa de\u2026","rel":"","context":"En \u00abNACIONALES\u00bb","block_context":{"text":"NACIONALES","link":"https:\/\/lasprimeras.com.do\/index.php\/category\/nacionales\/"},"img":{"alt_text":"Luis Joel De la Rosa (a) Luiyi de 33 anos de edad","src":"https:\/\/i0.wp.com\/lasprimeras.com.do\/wp-content\/uploads\/2023\/08\/Luis-Joel-De-la-Rosa-a-Luiyi-de-33-anos-de-edad.jpeg?resize=350%2C200&ssl=1","width":350,"height":200,"srcset":"https:\/\/i0.wp.com\/lasprimeras.com.do\/wp-content\/uploads\/2023\/08\/Luis-Joel-De-la-Rosa-a-Luiyi-de-33-anos-de-edad.jpeg?resize=350%2C200&ssl=1 1x, https:\/\/i0.wp.com\/lasprimeras.com.do\/wp-content\/uploads\/2023\/08\/Luis-Joel-De-la-Rosa-a-Luiyi-de-33-anos-de-edad.jpeg?resize=525%2C300&ssl=1 1.5x, https:\/\/i0.wp.com\/lasprimeras.com.do\/wp-content\/uploads\/2023\/08\/Luis-Joel-De-la-Rosa-a-Luiyi-de-33-anos-de-edad.jpeg?resize=700%2C400&ssl=1 2x"},"classes":[]},{"id":56227,"url":"https:\/\/lasprimeras.com.do\/index.php\/2023\/07\/29\/hombre-es-encontrado-ahorcado-en-spm\/","url_meta":{"origin":55112,"position":3},"title":"Hombre es encontrado ahorcado en SPM","author":"Nelson Feliz","date":"29 de julio de 2023","format":false,"excerpt":"Encuentran un hombre ahorcado en el barrio Villa Progreso II (detr\u00e1s del cementerio Santa Fe) en San Pedro de Macor\u00eds. El mismo fue hallado en el interior de su vivienda. Seg\u00fan informaciones se trata de Miguel Antonio Guerrero 33 a\u00f1os de edad, quien seg\u00fan versiones habr\u00eda tomado la fatal decisi\u00f3n\u2026","rel":"","context":"En \u00abNACIONALES\u00bb","block_context":{"text":"NACIONALES","link":"https:\/\/lasprimeras.com.do\/index.php\/category\/nacionales\/"},"img":{"alt_text":"Ahorcado","src":"https:\/\/i0.wp.com\/lasprimeras.com.do\/wp-content\/uploads\/2023\/07\/Ahorcado.jpg?resize=350%2C200&ssl=1","width":350,"height":200,"srcset":"https:\/\/i0.wp.com\/lasprimeras.com.do\/wp-content\/uploads\/2023\/07\/Ahorcado.jpg?resize=350%2C200&ssl=1 1x, https:\/\/i0.wp.com\/lasprimeras.com.do\/wp-content\/uploads\/2023\/07\/Ahorcado.jpg?resize=525%2C300&ssl=1 1.5x, https:\/\/i0.wp.com\/lasprimeras.com.do\/wp-content\/uploads\/2023\/07\/Ahorcado.jpg?resize=700%2C400&ssl=1 2x"},"classes":[]},{"id":96151,"url":"https:\/\/lasprimeras.com.do\/index.php\/2025\/03\/26\/muere-ahorcado-hombre-que-le-quito-la-vida-a-expareja-tras-atropellarla-en-hato-mayor\/","url_meta":{"origin":55112,"position":4},"title":"Muere ahorcado hombre que le quit\u00f3 la vida a expareja tras atropellarla en Hato Mayor","author":"Nelson Feliz","date":"26 de marzo de 2025","format":false,"excerpt":"El victimario, de 28 a\u00f1os, fue hallado en una propiedad ubicada en la comunidad conocida como Las Dos Bocas, en la provincia El Seibo. Florentino Dur\u00e1n El cuerpo sin vida de Miguel Mercedes Apolinar, el hombre que el pasado fin de semana dio muerte a su expareja en un barrio\u2026","rel":"","context":"En \u00abNACIONALES\u00bb","block_context":{"text":"NACIONALES","link":"https:\/\/lasprimeras.com.do\/index.php\/category\/nacionales\/"},"img":{"alt_text":"Miguel Mercedes Apolinar","src":"https:\/\/i0.wp.com\/lasprimeras.com.do\/wp-content\/uploads\/2025\/03\/Miguel-Mercedes-Apolinar.jpeg?resize=350%2C200&ssl=1","width":350,"height":200,"srcset":"https:\/\/i0.wp.com\/lasprimeras.com.do\/wp-content\/uploads\/2025\/03\/Miguel-Mercedes-Apolinar.jpeg?resize=350%2C200&ssl=1 1x, https:\/\/i0.wp.com\/lasprimeras.com.do\/wp-content\/uploads\/2025\/03\/Miguel-Mercedes-Apolinar.jpeg?resize=525%2C300&ssl=1 1.5x, https:\/\/i0.wp.com\/lasprimeras.com.do\/wp-content\/uploads\/2025\/03\/Miguel-Mercedes-Apolinar.jpeg?resize=700%2C400&ssl=1 2x"},"classes":[]},{"id":116909,"url":"https:\/\/lasprimeras.com.do\/index.php\/2025\/12\/05\/joven-de-18-anos-sobrevive-a-un-intento-de-asesinato-en-los-alcarrizos\/","url_meta":{"origin":55112,"position":5},"title":"Joven de 18 a\u00f1os sobrevive a un intento de asesinato en Los Alcarrizos","author":"Nelson Feliz","date":"5 de diciembre de 2025","format":false,"excerpt":"La familia de la joven se\u00f1ala a Nando Ram\u00edrez, su expareja, de haber intentado matarla. Eran alrededor de las 11:00 de la ma\u00f1ana del 27 de noviembre de este a\u00f1o cuando Maytel P., de 18 a\u00f1os, dorm\u00eda en la habitaci\u00f3n de su vivienda en el sector Nuevo Amanecer, en el\u2026","rel":"","context":"En \u00abNACIONALES\u00bb","block_context":{"text":"NACIONALES","link":"https:\/\/lasprimeras.com.do\/index.php\/category\/nacionales\/"},"img":{"alt_text":"joven se encontraba en su vivienda","src":"https:\/\/i0.wp.com\/lasprimeras.com.do\/wp-content\/uploads\/2025\/12\/joven-se-encontraba-en-su-vivienda.jpg?resize=350%2C200&ssl=1","width":350,"height":200,"srcset":"https:\/\/i0.wp.com\/lasprimeras.com.do\/wp-content\/uploads\/2025\/12\/joven-se-encontraba-en-su-vivienda.jpg?resize=350%2C200&ssl=1 1x, https:\/\/i0.wp.com\/lasprimeras.com.do\/wp-content\/uploads\/2025\/12\/joven-se-encontraba-en-su-vivienda.jpg?resize=525%2C300&ssl=1 1.5x, https:\/\/i0.wp.com\/lasprimeras.com.do\/wp-content\/uploads\/2025\/12\/joven-se-encontraba-en-su-vivienda.jpg?resize=700%2C400&ssl=1 2x"},"classes":[]}],"jetpack_sharing_enabled":true,"_links":{"self":[{"href":"https:\/\/lasprimeras.com.do\/index.php\/wp-json\/wp\/v2\/posts\/55112","targetHints":{"allow":["GET"]}}],"collection":[{"href":"https:\/\/lasprimeras.com.do\/index.php\/wp-json\/wp\/v2\/posts"}],"about":[{"href":"https:\/\/lasprimeras.com.do\/index.php\/wp-json\/wp\/v2\/types\/post"}],"author":[{"embeddable":true,"href":"https:\/\/lasprimeras.com.do\/index.php\/wp-json\/wp\/v2\/users\/2"}],"replies":[{"embeddable":true,"href":"https:\/\/lasprimeras.com.do\/index.php\/wp-json\/wp\/v2\/comments?post=55112"}],"version-history":[{"count":1,"href":"https:\/\/lasprimeras.com.do\/index.php\/wp-json\/wp\/v2\/posts\/55112\/revisions"}],"predecessor-version":[{"id":55114,"href":"https:\/\/lasprimeras.com.do\/index.php\/wp-json\/wp\/v2\/posts\/55112\/revisions\/55114"}],"wp:featuredmedia":[{"embeddable":true,"href":"https:\/\/lasprimeras.com.do\/index.php\/wp-json\/wp\/v2\/media\/55113"}],"wp:attachment":[{"href":"https:\/\/lasprimeras.com.do\/index.php\/wp-json\/wp\/v2\/media?parent=55112"}],"wp:term":[{"taxonomy":"category","embeddable":true,"href":"https:\/\/lasprimeras.com.do\/index.php\/wp-json\/wp\/v2\/categories?post=55112"},{"taxonomy":"post_tag","embeddable":true,"href":"https:\/\/lasprimeras.com.do\/index.php\/wp-json\/wp\/v2\/tags?post=55112"}],"curies":[{"name":"wp","href":"https:\/\/api.w.org\/{rel}","templated":true}]}}