{"id":55127,"date":"2023-07-18T10:20:08","date_gmt":"2023-07-18T14:20:08","guid":{"rendered":"https:\/\/lasprimeras.com.do\/?p=55127"},"modified":"2023-07-18T10:20:11","modified_gmt":"2023-07-18T14:20:11","slug":"caasd-conforma-comite-de-veeduria-para-la-entrega-de-apartamentos-en-guajimia","status":"publish","type":"post","link":"https:\/\/lasprimeras.com.do\/index.php\/2023\/07\/18\/caasd-conforma-comite-de-veeduria-para-la-entrega-de-apartamentos-en-guajimia\/","title":{"rendered":"CAASD conforma &#8220;Comit\u00e9 de Veedur\u00eda&#8221; para la entrega de apartamentos en Guajim\u00eda"},"content":{"rendered":"\n<p>El director general de la Corporaci\u00f3n del Acueducto y Alcantarillado de Santo Domingo, (CAASD), Felipe Suberv\u00ed (Fellito), dej\u00f3 establecido el Comit\u00e9 de Veedores para la entrega de los apartamentos construidos para la reubicaci\u00f3n de las familias impactadas con el saneamiento pluvial y sanitario de 5.4 kil\u00f3metros de la ca\u00f1ada Guajim\u00eda.<\/p>\n\n\n\n<p>La decisi\u00f3n fue tomada atendiendo a una promesa hecha por el Ing. Suberv\u00ed, al momento de la defensa del proyecto en el Congreso Nacional en el a\u00f1o 2021 y con el inter\u00e9s de continuar desarrollando una gesti\u00f3n enfocada en la transparencia y la equidad.<\/p>\n\n\n\n<p>El Comit\u00e9 de Veedores lo encabeza monse\u00f1or Faustino Cruz y lo conforman el senador por la provincia, Antonio Taveras; la gobernadora de la provincia, Julia Drullard; el alcalde de Santo Domingo Oeste, Jos\u00e9 And\u00fajar y la diputada Leyvi Bautista, del Partido Revolucionario Moderno.<\/p>\n\n\n\n<p>Tambi\u00e9n, los diputados Ana Mar\u00eda Pe\u00f1a, por el PLD; Ignacio Aracena, PRM; Miguel Bogaert, PRM; Luis S\u00e1nchez, PRM y Aquilino Serrata, de la Fuerza del Pueblo. Igualmente, el religioso Jairo Acosta, y Francisco Marte, representante del Sindicato de Trabajadores de la Prensa Filial SDO, as\u00ed como l\u00edderes comunitarios circundantes al proyecto.<\/p>\n\n\n\n<p>La CAASD entregar\u00e1, pr\u00f3ximamente, 200 viviendas, de 384, a igual n\u00famero de familias que viv\u00edan en los alrededores de la ca\u00f1ada, un proyecto a cargo de las empresas Canadian Commercial Corporation (CCC), responsable del financiamiento y de Helios Group, encargados de la obra.<\/p>\n\n\n\n<p>Las familias que ser\u00e1n reubicadas residen en los alrededores de los afluentes El Indio, Buenos Aires y La Ure\u00f1a.<\/p>\n\n\n\n<p>\u201cCon esta comisi\u00f3n, tengo fe de que vamos a cambiar las condiciones de vida de los lugare\u00f1os, entregando una vivienda digna y segura\u201d, dijo el director de la CAASD.<\/p>\n\n\n\n<p>En otro orden, el encargado del \u00e1rea social del proyecto, Richard Alc\u00e1ntara, ofreci\u00f3 una charla sobre los alcances de la obra que realiza la instituci\u00f3n por instrucci\u00f3n del gobierno que encabeza el presidente Luis Abinader.<\/p>\n\n\n\n<p>El proyecto forma parte de una serie de obras que ejecuta la actual gesti\u00f3n de Suberv\u00ed que trabaja el saneamiento de m\u00e1s de 42 kil\u00f3metros de ca\u00f1adas del Gran Santo Domingo, para beneficio de m\u00e1s de 1.2 millones de habitantes.<\/p>\n","protected":false},"excerpt":{"rendered":"<p>El director general de la Corporaci\u00f3n del Acueducto y Alcantarillado de Santo Domingo, (CAASD), Felipe Suberv\u00ed (Fellito), dej\u00f3 establecido el Comit\u00e9 de Veedores para la entrega de los apartamentos construidos&hellip;<\/p>\n","protected":false},"author":2,"featured_media":55128,"comment_status":"open","ping_status":"open","sticky":false,"template":"","format":"standard","meta":{"content-type":"","jetpack_post_was_ever_published":false,"_jetpack_newsletter_access":"","_jetpack_dont_email_post_to_subs":false,"_jetpack_newsletter_tier_id":0,"_jetpack_memberships_contains_paywalled_content":false,"_jetpack_memberships_contains_paid_content":false,"footnotes":""},"categories":[35,25],"tags":[3879,697,1840,4905],"class_list":["post-55127","post","type-post","status-publish","format-standard","has-post-thumbnail","hentry","category-nacionales","category-portada","tag-apartamentos","tag-caasd","tag-comite","tag-veeduria"],"jetpack_featured_media_url":"https:\/\/lasprimeras.com.do\/wp-content\/uploads\/2023\/07\/Monsenor-Faustino-Cruz-Ing.-Felipe-Subervi-Fellito-Dir.-CAASD-y-Jose-Andujar-alcalde-SDO.jpg","jetpack-related-posts":[{"id":55623,"url":"https:\/\/lasprimeras.com.do\/index.php\/2023\/07\/23\/abinader-entrega-junto-a-la-caasd-200-apartamentos-en-guajimia\/","url_meta":{"origin":55127,"position":0},"title":"Abinader entrega junto a la CAASD 200 apartamentos en Guajim\u00eda","author":"Nelson Feliz","date":"23 de julio de 2023","format":false,"excerpt":"Las viviendas ser\u00e1n entregadas a familias que ser\u00e1n reubicadas durante el proceso de saneamiento pluvial y sanitario de 5.4 kil\u00f3metros de la ca\u00f1ada Guajim\u00eda. El presidente de la Rep\u00fablica, Luis Abinader, junto al director de la Corporaci\u00f3n del Acueducto y Alcantarillado de Santo Domingo (CAASD), Felipe Suberv\u00ed -Fellito- encabez\u00f3 el\u2026","rel":"","context":"En \u00abNACIONALES\u00bb","block_context":{"text":"NACIONALES","link":"https:\/\/lasprimeras.com.do\/index.php\/category\/nacionales\/"},"img":{"alt_text":"CAASD","src":"https:\/\/i0.wp.com\/lasprimeras.com.do\/wp-content\/uploads\/2023\/07\/CAASD.jpg?resize=350%2C200&ssl=1","width":350,"height":200,"srcset":"https:\/\/i0.wp.com\/lasprimeras.com.do\/wp-content\/uploads\/2023\/07\/CAASD.jpg?resize=350%2C200&ssl=1 1x, https:\/\/i0.wp.com\/lasprimeras.com.do\/wp-content\/uploads\/2023\/07\/CAASD.jpg?resize=525%2C300&ssl=1 1.5x, https:\/\/i0.wp.com\/lasprimeras.com.do\/wp-content\/uploads\/2023\/07\/CAASD.jpg?resize=700%2C400&ssl=1 2x"},"classes":[]},{"id":80908,"url":"https:\/\/lasprimeras.com.do\/index.php\/2024\/04\/14\/fellito-subervi-supervisa-trabajos-de-transformacion-canada-guajimia-en-sdo\/","url_meta":{"origin":55127,"position":1},"title":"Fellito Suberv\u00ed supervisa trabajos de transformaci\u00f3n ca\u00f1ada Guajim\u00eda en SDO","author":"Nelson Feliz","date":"14 de abril de 2024","format":false,"excerpt":"El director general de la CAASD destac\u00f3 la entrega de viviendas y espacios p\u00fablicos para las familias de los entornos de la infraestructura. El director general de la Corporaci\u00f3n del Acueducto y Alcantarillado de Santo Domingo (CAASD), Felipe Suberv\u00ed (Fellito), destac\u00f3 el avance en los trabajos de remozamiento de la\u2026","rel":"","context":"En \u00abNACIONALES\u00bb","block_context":{"text":"NACIONALES","link":"https:\/\/lasprimeras.com.do\/index.php\/category\/nacionales\/"},"img":{"alt_text":"Fellito Suberv\u00ed","src":"https:\/\/i0.wp.com\/lasprimeras.com.do\/wp-content\/uploads\/2024\/04\/Fellito-Subervi-1.jpg?resize=350%2C200&ssl=1","width":350,"height":200,"srcset":"https:\/\/i0.wp.com\/lasprimeras.com.do\/wp-content\/uploads\/2024\/04\/Fellito-Subervi-1.jpg?resize=350%2C200&ssl=1 1x, https:\/\/i0.wp.com\/lasprimeras.com.do\/wp-content\/uploads\/2024\/04\/Fellito-Subervi-1.jpg?resize=525%2C300&ssl=1 1.5x"},"classes":[]},{"id":76091,"url":"https:\/\/lasprimeras.com.do\/index.php\/2024\/02\/07\/felipe-subervi-lamenta-situacion-de-familias-afectadas-por-derrumbe-en-guajimia\/","url_meta":{"origin":55127,"position":2},"title":"Felipe Suberv\u00ed lamenta situaci\u00f3n de familias afectadas por derrumbe en Guajim\u00eda","author":"Nelson Feliz","date":"7 de febrero de 2024","format":false,"excerpt":"El director de la Corporaci\u00f3n del Acueducto y Alcantarillado de Santo Domingo (CAASD), Felipe Suberv\u00ed, lament\u00f3 la situaci\u00f3n por la que pasan varias familias cercanas a la ca\u00f1ada Guajim\u00eda luego del derrumbe parcial de una vivienda y agrietamientos en otras. Inform\u00f3 que el equipo t\u00e9cnico de la entidad hizo un\u2026","rel":"","context":"En \u00abNACIONALES\u00bb","block_context":{"text":"NACIONALES","link":"https:\/\/lasprimeras.com.do\/index.php\/category\/nacionales\/"},"img":{"alt_text":"Derrumbe","src":"https:\/\/i0.wp.com\/lasprimeras.com.do\/wp-content\/uploads\/2024\/02\/Derrumbe-1.jpg?resize=350%2C200&ssl=1","width":350,"height":200,"srcset":"https:\/\/i0.wp.com\/lasprimeras.com.do\/wp-content\/uploads\/2024\/02\/Derrumbe-1.jpg?resize=350%2C200&ssl=1 1x, https:\/\/i0.wp.com\/lasprimeras.com.do\/wp-content\/uploads\/2024\/02\/Derrumbe-1.jpg?resize=525%2C300&ssl=1 1.5x, https:\/\/i0.wp.com\/lasprimeras.com.do\/wp-content\/uploads\/2024\/02\/Derrumbe-1.jpg?resize=700%2C400&ssl=1 2x"},"classes":[]},{"id":114677,"url":"https:\/\/lasprimeras.com.do\/index.php\/2025\/11\/16\/fellito-subervi-supervisa-avances-en-trabajos-canada-guajimia\/","url_meta":{"origin":55127,"position":3},"title":"Fellito Suberv\u00ed supervisa avances en trabajos ca\u00f1ada Guajim\u00eda","author":"Nelson Feliz","date":"16 de noviembre de 2025","format":false,"excerpt":"Asegura que, para mediados de 2026, la importante ca\u00f1ada ser\u00e1 entregada, beneficiando a m\u00e1s de 350 mil personas El director general de la Corporaci\u00f3n del Acueducto y Alcantarillado de Santo Domingo (CAASD), ingeniero Fellito Suberv\u00ed, realiz\u00f3 un recorrido de supervisi\u00f3n de los trabajos de saneamiento de la ca\u00f1ada Guajim\u00eda, que\u2026","rel":"","context":"En \u00abNACIONALES\u00bb","block_context":{"text":"NACIONALES","link":"https:\/\/lasprimeras.com.do\/index.php\/category\/nacionales\/"},"img":{"alt_text":"","src":"https:\/\/i0.wp.com\/lasprimeras.com.do\/wp-content\/uploads\/2025\/11\/El-director-de-la-CAASD-en-Guajimia-2.jpg?resize=350%2C200&ssl=1","width":350,"height":200,"srcset":"https:\/\/i0.wp.com\/lasprimeras.com.do\/wp-content\/uploads\/2025\/11\/El-director-de-la-CAASD-en-Guajimia-2.jpg?resize=350%2C200&ssl=1 1x, https:\/\/i0.wp.com\/lasprimeras.com.do\/wp-content\/uploads\/2025\/11\/El-director-de-la-CAASD-en-Guajimia-2.jpg?resize=525%2C300&ssl=1 1.5x, https:\/\/i0.wp.com\/lasprimeras.com.do\/wp-content\/uploads\/2025\/11\/El-director-de-la-CAASD-en-Guajimia-2.jpg?resize=700%2C400&ssl=1 2x"},"classes":[]},{"id":97549,"url":"https:\/\/lasprimeras.com.do\/index.php\/2025\/04\/22\/caasd-avanza-construccion-de-aceras-y-contenes-para-la-transformacion-total-de-guajimia\/","url_meta":{"origin":55127,"position":4},"title":"CAASD avanza construcci\u00f3n de aceras y contenes para la transformaci\u00f3n total de Guajim\u00eda","author":"Nelson Feliz","date":"22 de abril de 2025","format":false,"excerpt":"\u201cLo que antes fue una ca\u00f1ada olvidada hoy se transforma en s\u00edmbolo de esperanza urbana\u201d La Corporaci\u00f3n del Acueducto y Alcantarillado de Santo Domingo (CAASD) inform\u00f3 que contin\u00faa avanzando con paso firme en la construcci\u00f3n de aceras y contenes en el tramo A de la ca\u00f1ada Guajim\u00eda, espec\u00edficamente en el\u2026","rel":"","context":"En \u00abNACIONALES\u00bb","block_context":{"text":"NACIONALES","link":"https:\/\/lasprimeras.com.do\/index.php\/category\/nacionales\/"},"img":{"alt_text":"","src":"https:\/\/i0.wp.com\/lasprimeras.com.do\/wp-content\/uploads\/2025\/04\/caasd-1.jpg?resize=350%2C200&ssl=1","width":350,"height":200,"srcset":"https:\/\/i0.wp.com\/lasprimeras.com.do\/wp-content\/uploads\/2025\/04\/caasd-1.jpg?resize=350%2C200&ssl=1 1x, https:\/\/i0.wp.com\/lasprimeras.com.do\/wp-content\/uploads\/2025\/04\/caasd-1.jpg?resize=525%2C300&ssl=1 1.5x, https:\/\/i0.wp.com\/lasprimeras.com.do\/wp-content\/uploads\/2025\/04\/caasd-1.jpg?resize=700%2C400&ssl=1 2x"},"classes":[]},{"id":127082,"url":"https:\/\/lasprimeras.com.do\/index.php\/2026\/04\/08\/caasd-activa-comite-de-emergencia-y-se-declara-en-sesion-permanente\/","url_meta":{"origin":55127,"position":5},"title":"CAASD activa Comit\u00e9 de Emergencia y se declara en sesi\u00f3n permanente","author":"Nelson Feliz","date":"8 de abril de 2026","format":false,"excerpt":"Al activar el Comit\u00e9 de Emergencia de la Corporaci\u00f3n del Acueducto y Alcantarillado de Santo Domingo (CAASD), el director de la entidad, ingeniero Felipe - Fellito - Suberv\u00ed, instruy\u00f3 a todos los responsables de los sistemas de acueductos y de los campos de pozos a establecer campamento de vigilancia en\u2026","rel":"","context":"En \u00abNACIONALES\u00bb","block_context":{"text":"NACIONALES","link":"https:\/\/lasprimeras.com.do\/index.php\/category\/nacionales\/"},"img":{"alt_text":"","src":"https:\/\/i0.wp.com\/lasprimeras.com.do\/wp-content\/uploads\/2026\/04\/IMG-20260408-WA03681.jpg?resize=350%2C200&ssl=1","width":350,"height":200,"srcset":"https:\/\/i0.wp.com\/lasprimeras.com.do\/wp-content\/uploads\/2026\/04\/IMG-20260408-WA03681.jpg?resize=350%2C200&ssl=1 1x, https:\/\/i0.wp.com\/lasprimeras.com.do\/wp-content\/uploads\/2026\/04\/IMG-20260408-WA03681.jpg?resize=525%2C300&ssl=1 1.5x, https:\/\/i0.wp.com\/lasprimeras.com.do\/wp-content\/uploads\/2026\/04\/IMG-20260408-WA03681.jpg?resize=700%2C400&ssl=1 2x"},"classes":[]}],"jetpack_sharing_enabled":true,"_links":{"self":[{"href":"https:\/\/lasprimeras.com.do\/index.php\/wp-json\/wp\/v2\/posts\/55127","targetHints":{"allow":["GET"]}}],"collection":[{"href":"https:\/\/lasprimeras.com.do\/index.php\/wp-json\/wp\/v2\/posts"}],"about":[{"href":"https:\/\/lasprimeras.com.do\/index.php\/wp-json\/wp\/v2\/types\/post"}],"author":[{"embeddable":true,"href":"https:\/\/lasprimeras.com.do\/index.php\/wp-json\/wp\/v2\/users\/2"}],"replies":[{"embeddable":true,"href":"https:\/\/lasprimeras.com.do\/index.php\/wp-json\/wp\/v2\/comments?post=55127"}],"version-history":[{"count":1,"href":"https:\/\/lasprimeras.com.do\/index.php\/wp-json\/wp\/v2\/posts\/55127\/revisions"}],"predecessor-version":[{"id":55129,"href":"https:\/\/lasprimeras.com.do\/index.php\/wp-json\/wp\/v2\/posts\/55127\/revisions\/55129"}],"wp:featuredmedia":[{"embeddable":true,"href":"https:\/\/lasprimeras.com.do\/index.php\/wp-json\/wp\/v2\/media\/55128"}],"wp:attachment":[{"href":"https:\/\/lasprimeras.com.do\/index.php\/wp-json\/wp\/v2\/media?parent=55127"}],"wp:term":[{"taxonomy":"category","embeddable":true,"href":"https:\/\/lasprimeras.com.do\/index.php\/wp-json\/wp\/v2\/categories?post=55127"},{"taxonomy":"post_tag","embeddable":true,"href":"https:\/\/lasprimeras.com.do\/index.php\/wp-json\/wp\/v2\/tags?post=55127"}],"curies":[{"name":"wp","href":"https:\/\/api.w.org\/{rel}","templated":true}]}}