{"id":55215,"date":"2023-07-19T08:00:30","date_gmt":"2023-07-19T12:00:30","guid":{"rendered":"https:\/\/lasprimeras.com.do\/?p=55215"},"modified":"2023-07-19T08:00:31","modified_gmt":"2023-07-19T12:00:31","slug":"defensa-de-donald-guerrero-confirma-contratacion-de-dci-group-pero-niega-sea-para-desacreditar-autoridades-rd","status":"publish","type":"post","link":"https:\/\/lasprimeras.com.do\/index.php\/2023\/07\/19\/defensa-de-donald-guerrero-confirma-contratacion-de-dci-group-pero-niega-sea-para-desacreditar-autoridades-rd\/","title":{"rendered":"Defensa de Donald Guerrero confirma contrataci\u00f3n de DCI Group pero niega sea para desacreditar autoridades RD"},"content":{"rendered":"\n<p>El equipo de defensa t\u00e9cnica del exministro de Hacienda, Donald Guerrero, inform\u00f3 ayer martes que \u00e9l y su familia contrataron a la firma DCI Group, en calidad de consultor\u00eda.<\/p>\n\n\n\n<p>A trav\u00e9s de un comunicado, el equipo del tambi\u00e9n imputado en el caso Calamar neg\u00f3 que los servicios contratados incluyan desacreditar autoridades dominicanas, como han denunciado personas a trav\u00e9s de redes sociales.<\/p>\n\n\n\n<p>Asimismo, los representantes del exfuncionario afirmaron que la contrataci\u00f3n de DCI Group se hizo porque Guerrero es un residente norteamericano con una \u201clarga trayectoria empresarial\u201d en Estados Unidos.<\/p>\n","protected":false},"excerpt":{"rendered":"<p>El equipo de defensa t\u00e9cnica del exministro de Hacienda, Donald Guerrero, inform\u00f3 ayer martes que \u00e9l y su familia contrataron a la firma DCI Group, en calidad de consultor\u00eda. A&hellip;<\/p>\n","protected":false},"author":2,"featured_media":55216,"comment_status":"open","ping_status":"open","sticky":false,"template":"","format":"standard","meta":{"content-type":"","jetpack_post_was_ever_published":false,"_jetpack_newsletter_access":"","_jetpack_dont_email_post_to_subs":false,"_jetpack_newsletter_tier_id":0,"_jetpack_memberships_contains_paywalled_content":false,"_jetpack_memberships_contains_paid_content":false,"footnotes":""},"categories":[289],"tags":[949,4945,4946,353,4944,1700,127],"class_list":["post-55215","post","type-post","status-publish","format-standard","has-post-thumbnail","hentry","category-justicia","tag-autoridades","tag-contratacion","tag-dci-group","tag-defensa","tag-desacreditar","tag-donald-guerrero","tag-rd"],"jetpack_featured_media_url":"https:\/\/lasprimeras.com.do\/wp-content\/uploads\/2023\/07\/Donald-Guerrero.jpeg","jetpack-related-posts":[{"id":60231,"url":"https:\/\/lasprimeras.com.do\/index.php\/2023\/09\/11\/ratifican-prision-preventiva-al-exministro-donald-guerrero\/","url_meta":{"origin":55215,"position":0},"title":"Ratifican prisi\u00f3n preventiva al exministro Donald Guerrero","author":"Nelson Feliz","date":"11 de septiembre de 2023","format":false,"excerpt":"El Segundo Juzgado de la Instrucci\u00f3n del Distrito Nacional ratific\u00f3 la medida de prisi\u00f3n preventiva contra el exministro de Hacienda, Donald Guerrero. El procurador adjunto a cargo de la Procuradur\u00eda Especializada de Persecuci\u00f3n de la Corrupci\u00f3n Administrativa (Pepca), Wilson Camacho, dijo que en la audiencia de este lunes el Ministerio\u2026","rel":"","context":"En \u00abJUSTICIA\u00bb","block_context":{"text":"JUSTICIA","link":"https:\/\/lasprimeras.com.do\/index.php\/category\/justicia\/"},"img":{"alt_text":"Donald Guerrero","src":"https:\/\/i0.wp.com\/lasprimeras.com.do\/wp-content\/uploads\/2023\/09\/Donald-Guerrero.jpg?resize=350%2C200&ssl=1","width":350,"height":200,"srcset":"https:\/\/i0.wp.com\/lasprimeras.com.do\/wp-content\/uploads\/2023\/09\/Donald-Guerrero.jpg?resize=350%2C200&ssl=1 1x, https:\/\/i0.wp.com\/lasprimeras.com.do\/wp-content\/uploads\/2023\/09\/Donald-Guerrero.jpg?resize=525%2C300&ssl=1 1.5x, https:\/\/i0.wp.com\/lasprimeras.com.do\/wp-content\/uploads\/2023\/09\/Donald-Guerrero.jpg?resize=700%2C400&ssl=1 2x, https:\/\/i0.wp.com\/lasprimeras.com.do\/wp-content\/uploads\/2023\/09\/Donald-Guerrero.jpg?resize=1050%2C600&ssl=1 3x"},"classes":[]},{"id":50082,"url":"https:\/\/lasprimeras.com.do\/index.php\/2023\/05\/17\/donald-guerrero-y-jose-ramon-peralta-van-hoy-a-corte-en-un-intento-por-lograr-su-libertad\/","url_meta":{"origin":55215,"position":1},"title":"Donald Guerrero y Jos\u00e9 Ram\u00f3n Peralta van hoy a corte en un intento por lograr su libertad","author":"prenxa100","date":"17 de mayo de 2023","format":false,"excerpt":"Santo Domingo, RD.-.El pasado ministro de Hacienda Donald Guerrero y Jos\u00e9 Ram\u00f3n Peralta, exministro Administrativo de la Presidencia, principales implicados en el caso Calamar, buscan hoy obtener su libertad. Los imputados acudir\u00e1n ante la Segunda Sala Penal de la Corte de Apelaci\u00f3n del Distrito Nacional, a las 9:00 de la\u2026","rel":"","context":"En \u00abJUSTICIA\u00bb","block_context":{"text":"JUSTICIA","link":"https:\/\/lasprimeras.com.do\/index.php\/category\/justicia\/"},"img":{"alt_text":"","src":"","width":0,"height":0},"classes":[]},{"id":64387,"url":"https:\/\/lasprimeras.com.do\/index.php\/2023\/10\/19\/corte-de-apelacion-varia-medida-de-coercion-a-donald-guerrero\/","url_meta":{"origin":55215,"position":2},"title":"Corte de Apelaci\u00f3n var\u00eda medida de coerci\u00f3n a Donald Guerrero","author":"Nelson Feliz","date":"19 de octubre de 2023","format":false,"excerpt":"La Primera Sala de la C\u00e1mara Penal de la Corte de Apelaci\u00f3n del Distrito Nacional vari\u00f3 de prisi\u00f3n preventiva a presentaci\u00f3n peri\u00f3dica, la medida de coerci\u00f3n contra el ex ministro Donald Guerrero, recluido en el Centro de Correcci\u00f3n y Rehabilitaci\u00f3n (CCR) Najayo Hombres por su presunta implicaci\u00f3n en el caso\u2026","rel":"","context":"En \u00abJUSTICIA\u00bb","block_context":{"text":"JUSTICIA","link":"https:\/\/lasprimeras.com.do\/index.php\/category\/justicia\/"},"img":{"alt_text":"","src":"https:\/\/i0.wp.com\/lasprimeras.com.do\/wp-content\/uploads\/2023\/10\/foto-Donald-Guerrero-2.jpg?resize=350%2C200&ssl=1","width":350,"height":200},"classes":[]},{"id":55899,"url":"https:\/\/lasprimeras.com.do\/index.php\/2023\/07\/26\/camara-de-cuentas-viola-plazos-y-normas-al-publicar-informe-de-auditoria-de-la-gestion-de-donald-guerrero\/","url_meta":{"origin":55215,"position":3},"title":"C\u00e1mara de Cuentas viola plazos y normas al publicar informe de auditor\u00eda de la gesti\u00f3n de Donald Guerrero","author":"Nelson Feliz","date":"26 de julio de 2023","format":false,"excerpt":"Abogados afirman que con los resultados de estos informes se podr\u00e1n desmentir las imputaciones infundadas que ha presentado el MP en su contra. La defensa del exministro Donald Guerrero denunci\u00f3 el retraso injustificado de la C\u00e1mara de Cuentas para publicar la auditor\u00eda realizada a los \u00faltimos dos a\u00f1os de la\u2026","rel":"","context":"En \u00abECONOM\u00cdA\u00bb","block_context":{"text":"ECONOM\u00cdA","link":"https:\/\/lasprimeras.com.do\/index.php\/category\/economia\/"},"img":{"alt_text":"Camara de Cuentas","src":"https:\/\/i0.wp.com\/lasprimeras.com.do\/wp-content\/uploads\/2023\/07\/Camara-de-Cuentas.jpg?resize=350%2C200&ssl=1","width":350,"height":200,"srcset":"https:\/\/i0.wp.com\/lasprimeras.com.do\/wp-content\/uploads\/2023\/07\/Camara-de-Cuentas.jpg?resize=350%2C200&ssl=1 1x, https:\/\/i0.wp.com\/lasprimeras.com.do\/wp-content\/uploads\/2023\/07\/Camara-de-Cuentas.jpg?resize=525%2C300&ssl=1 1.5x, https:\/\/i0.wp.com\/lasprimeras.com.do\/wp-content\/uploads\/2023\/07\/Camara-de-Cuentas.jpg?resize=700%2C400&ssl=1 2x"},"classes":[]},{"id":126885,"url":"https:\/\/lasprimeras.com.do\/index.php\/2026\/04\/06\/asdo-adjudica-compra-de-camiones-recolectores-a-espaillat-motors-y-mte-group\/","url_meta":{"origin":55215,"position":4},"title":"ASDO adjudica compra de camiones recolectores a Espaillat Motors y MTE Group","author":"Nelson Feliz","date":"6 de abril de 2026","format":false,"excerpt":"La adquisici\u00f3n busca fortalecer la capacidad operativa del municipio y mejorar la eficiencia en la recogida de residuos s\u00f3lidos. El Ayuntamiento de Santo Domingo Oeste adjudic\u00f3 el pasado 26 de marzo de 2026 la adquisici\u00f3n de camiones para la recolecci\u00f3n de residuos s\u00f3lidos a las empresas Espaillat Motors y MTE\u2026","rel":"","context":"En \u00abECONOM\u00cdA\u00bb","block_context":{"text":"ECONOM\u00cdA","link":"https:\/\/lasprimeras.com.do\/index.php\/category\/economia\/"},"img":{"alt_text":"Ayuntamiento de Santo Domingo Oeste","src":"https:\/\/i0.wp.com\/lasprimeras.com.do\/wp-content\/uploads\/2026\/04\/Ayuntamiento-de-Santo-Domingo-Oeste.jpeg?resize=350%2C200&ssl=1","width":350,"height":200,"srcset":"https:\/\/i0.wp.com\/lasprimeras.com.do\/wp-content\/uploads\/2026\/04\/Ayuntamiento-de-Santo-Domingo-Oeste.jpeg?resize=350%2C200&ssl=1 1x, https:\/\/i0.wp.com\/lasprimeras.com.do\/wp-content\/uploads\/2026\/04\/Ayuntamiento-de-Santo-Domingo-Oeste.jpeg?resize=525%2C300&ssl=1 1.5x, https:\/\/i0.wp.com\/lasprimeras.com.do\/wp-content\/uploads\/2026\/04\/Ayuntamiento-de-Santo-Domingo-Oeste.jpeg?resize=700%2C400&ssl=1 2x"},"classes":[]},{"id":62247,"url":"https:\/\/lasprimeras.com.do\/index.php\/2023\/10\/04\/donald-guerrero-reclama-entrega-informe-pesquisa\/","url_meta":{"origin":55215,"position":5},"title":"Donald Guerrero reclama entrega informe pesquisa","author":"BIMARY DE JES\u00daS Matos","date":"4 de octubre de 2023","format":false,"excerpt":"SANTO DOMINGO.-El imputado en el entramado de corrupci\u00f3n del caso Calamar, Donald Guerrero, solicit\u00f3 a la jueza del Segundo Juzgado de la Instrucci\u00f3n del Distrito Nacional, Patricia Padilla, ordene al Ministerio P\u00fablico entregar los informes de la investigaci\u00f3n realizada en su contra. Tambi\u00e9n solicit\u00f3 a la jueza ordenar a la\u2026","rel":"","context":"En \u00abPORTADA\u00bb","block_context":{"text":"PORTADA","link":"https:\/\/lasprimeras.com.do\/index.php\/category\/portada\/"},"img":{"alt_text":"","src":"https:\/\/i0.wp.com\/lasprimeras.com.do\/wp-content\/uploads\/2023\/10\/WhatsApp-Image-2023-10-03-at-10.20.05-AM-1.webp?resize=350%2C200&ssl=1","width":350,"height":200},"classes":[]}],"jetpack_sharing_enabled":true,"_links":{"self":[{"href":"https:\/\/lasprimeras.com.do\/index.php\/wp-json\/wp\/v2\/posts\/55215","targetHints":{"allow":["GET"]}}],"collection":[{"href":"https:\/\/lasprimeras.com.do\/index.php\/wp-json\/wp\/v2\/posts"}],"about":[{"href":"https:\/\/lasprimeras.com.do\/index.php\/wp-json\/wp\/v2\/types\/post"}],"author":[{"embeddable":true,"href":"https:\/\/lasprimeras.com.do\/index.php\/wp-json\/wp\/v2\/users\/2"}],"replies":[{"embeddable":true,"href":"https:\/\/lasprimeras.com.do\/index.php\/wp-json\/wp\/v2\/comments?post=55215"}],"version-history":[{"count":1,"href":"https:\/\/lasprimeras.com.do\/index.php\/wp-json\/wp\/v2\/posts\/55215\/revisions"}],"predecessor-version":[{"id":55217,"href":"https:\/\/lasprimeras.com.do\/index.php\/wp-json\/wp\/v2\/posts\/55215\/revisions\/55217"}],"wp:featuredmedia":[{"embeddable":true,"href":"https:\/\/lasprimeras.com.do\/index.php\/wp-json\/wp\/v2\/media\/55216"}],"wp:attachment":[{"href":"https:\/\/lasprimeras.com.do\/index.php\/wp-json\/wp\/v2\/media?parent=55215"}],"wp:term":[{"taxonomy":"category","embeddable":true,"href":"https:\/\/lasprimeras.com.do\/index.php\/wp-json\/wp\/v2\/categories?post=55215"},{"taxonomy":"post_tag","embeddable":true,"href":"https:\/\/lasprimeras.com.do\/index.php\/wp-json\/wp\/v2\/tags?post=55215"}],"curies":[{"name":"wp","href":"https:\/\/api.w.org\/{rel}","templated":true}]}}